{"id":133396,"date":"2023-11-23T06:00:14","date_gmt":"2023-11-23T05:00:14","guid":{"rendered":"https:\/\/semmelweis.hu\/hirek\/?p=133396"},"modified":"2023-11-28T08:34:10","modified_gmt":"2023-11-28T07:34:10","slug":"mitol-javulhat-az-oroklodo-retinabetegseggel-elok-elete","status":"publish","type":"post","link":"https:\/\/semmelweis.hu\/hirek\/2023\/11\/23\/mitol-javulhat-az-oroklodo-retinabetegseggel-elok-elete\/","title":{"rendered":"Mit\u0151l javulhat az \u00f6r\u00f6kl\u0151d\u0151 retinabetegs\u00e9ggel \u00e9l\u0151k \u00e9lete?"},"content":{"rendered":"<div class=\"lead\">Az \u00f6r\u00f6kl\u0151d\u0151 retinabetegs\u00e9gek leg\u00fajabb, alkalmazott \u00e9s \u00edg\u00e9retes, t\u00f6bbek k\u00f6z\u00f6tt g\u00e9nter\u00e1pi\u00e1s kezel\u00e9si lehet\u0151s\u00e9geir\u0151l tan\u00e1cskoztak szakemberek \u00e9s \u00e9rintett betegek a Semmelweis Egyetem Szem\u00e9szeti Klinik\u00e1ja \u00e9s a Siketvakok Orsz\u00e1gos Egyes\u00fclete \u00e1ltal hagyom\u00e1nyteremt\u0151 c\u00e9llal megrendezett konferenci\u00e1n.<\/div>\n<p><a href=\"https:\/\/semmelweis.hu\/hirek\/files\/2023\/11\/RS183638_433A0314-scr.jpg\"><img loading=\"lazy\" decoding=\"async\" class=\"alignleft size-medium wp-image-133398\" src=\"https:\/\/semmelweis.hu\/hirek\/files\/2023\/11\/RS183638_433A0314-scr-400x267.jpg\" alt=\"\" width=\"400\" height=\"267\" srcset=\"https:\/\/semmelweis.hu\/hirek\/files\/2023\/11\/RS183638_433A0314-scr-400x267.jpg 400w, https:\/\/semmelweis.hu\/hirek\/files\/2023\/11\/RS183638_433A0314-scr-900x600.jpg 900w, https:\/\/semmelweis.hu\/hirek\/files\/2023\/11\/RS183638_433A0314-scr-768x512.jpg 768w, https:\/\/semmelweis.hu\/hirek\/files\/2023\/11\/RS183638_433A0314-scr-753x502.jpg 753w, https:\/\/semmelweis.hu\/hirek\/files\/2023\/11\/RS183638_433A0314-scr-203x135.jpg 203w, https:\/\/semmelweis.hu\/hirek\/files\/2023\/11\/RS183638_433A0314-scr.jpg 1200w\" sizes=\"auto, (max-width: 400px) 100vw, 400px\" \/><\/a>Magyarorsz\u00e1gon t\u00f6bb mint f\u00e9lmilli\u00f3an \u00e9lnek valamilyen fogyat\u00e9koss\u00e1ggal, \u00f6t\u00f6d\u00fck halmozottan s\u00e9r\u00fcltnek sz\u00e1m\u00edt, vagyis t\u00f6bb s\u00e9r\u00fcl\u00e9sb\u0151l ered\u0151 neh\u00e9zs\u00e9ggel k\u00fczd a h\u00e9tk\u00f6znapokban. Sz\u0171ken \u00e9rtelmezve 3 ezer siketvak van az orsz\u00e1gban, \u00e9s vel\u00fck egy\u00fctt hozz\u00e1vet\u0151leg 15 ezren vannak, akik valamilyen l\u00e1t\u00e1s vagy hall\u00e1ss\u00e9r\u00fcl\u00e9ssel \u00e9lnek. Az \u00faj, mindannyiunk k\u00f6z\u00f6s felel\u0151ss\u00e9g\u00e9re \u00e9p\u00fcl\u0151 gondoskod\u00e1spolitika c\u00e9lja, hogy a kor\u00e1bbi \u00e9vtizedek gyakorlat\u00e1t\u00f3l elt\u00e9r\u0151en ne csak kiz\u00e1r\u00f3lag az alapvet\u0151 sz\u00fcks\u00e9gleteket biztos\u00edtsa, hanem a csal\u00e1d, a helyi telep\u00fcl\u00e9si \u00e9s egyh\u00e1zi k\u00f6z\u00f6ss\u00e9gek, valamint a korm\u00e1ny \u00e9s az eg\u00e9szs\u00e9g\u00fcgyi ell\u00e1t\u00f3rendszer \u00f6sszefog\u00e1s\u00e1val minden \u00e9rintettnek egyenl\u0151 es\u00e9lyeket ny\u00fajtson \u00e9s megk\u00f6nny\u00edtse a t\u00e1rsadalmi beilleszked\u00e9st \u2013 mondta Csizi P\u00e9ter, a Bel\u00fcgyminiszt\u00e9rium szoci\u00e1lis \u00fcgyek\u00e9rt felel\u0151s helyettes \u00e1llamtitk\u00e1ra a Semmelweis Egyetem Szem\u00e9szeti Klinik\u00e1ja \u00e9s a Siketvakok Orsz\u00e1gos Egyes\u00fclete \u00e1ltal szervezett \u00d6r\u00f6kl\u0151d\u0151 retinabetegs\u00e9gek: Diagnosztika, Ter\u00e1pia, Rehabilit\u00e1ci\u00f3, \u00c9rdekk\u00e9pviselet elnevez\u00e9s\u0171 konferenci\u00e1j\u00e1n.<\/p>\n<p><a href=\"https:\/\/semmelweis.hu\/hirek\/files\/2023\/11\/RS183656_433A0360-scr.jpg\"><img loading=\"lazy\" decoding=\"async\" class=\"alignright size-medium wp-image-133399\" src=\"https:\/\/semmelweis.hu\/hirek\/files\/2023\/11\/RS183656_433A0360-scr-400x267.jpg\" alt=\"\" width=\"400\" height=\"267\" srcset=\"https:\/\/semmelweis.hu\/hirek\/files\/2023\/11\/RS183656_433A0360-scr-400x267.jpg 400w, https:\/\/semmelweis.hu\/hirek\/files\/2023\/11\/RS183656_433A0360-scr-900x600.jpg 900w, https:\/\/semmelweis.hu\/hirek\/files\/2023\/11\/RS183656_433A0360-scr-768x512.jpg 768w, https:\/\/semmelweis.hu\/hirek\/files\/2023\/11\/RS183656_433A0360-scr-753x502.jpg 753w, https:\/\/semmelweis.hu\/hirek\/files\/2023\/11\/RS183656_433A0360-scr-203x135.jpg 203w, https:\/\/semmelweis.hu\/hirek\/files\/2023\/11\/RS183656_433A0360-scr.jpg 1200w\" sizes=\"auto, (max-width: 400px) 100vw, 400px\" \/><\/a>Napjainkban az inform\u00e1ci\u00f3szerz\u00e9s felgyorsult, \u00e9s 90-95 sz\u00e1zal\u00e9kban a l\u00e1t\u00e1sra t\u00e1maszkodva t\u00f6rt\u00e9nik, a l\u00e1t\u00e1ss\u00e9r\u00fcltek nagy r\u00e9sze k\u00fcls\u0151 seg\u00edts\u00e9gre szorul emiatt &#8211; mondta k\u00f6sz\u00f6nt\u0151j\u00e9ben dr. Nagy Zolt\u00e1n Zsolt, a Semmelweis Egyetem Szem\u00e9szeti Klinika igazgat\u00f3ja. Besz\u00e9lt arr\u00f3l is, hogy a szem\u00e9szeti ell\u00e1t\u00e1sok fejl\u0151d\u00e9se, \u00e9s els\u0151sorban a g\u00e9nseb\u00e9szeti ter\u00e1pia miatt az orvostudom\u00e1ny a kor\u00e1bbiakn\u00e1l t\u00f6bb betegn\u00e9l \u00e9r el az \u00e9letmin\u0151s\u00e9get jav\u00edt\u00f3 v\u00e1ltoz\u00e1st.. Kiemelte azt is, hogy a Szem\u00e9szeti Klinika az Anat\u00f3miai Int\u00e9zettel k\u00f6z\u00f6sen egy\u00fcttm\u0171k\u00f6dik dr. Roska Botond kutat\u00f3csoportj\u00e1val is, amely rem\u00e9lhet\u0151leg jelent\u0151s v\u00e1ltoz\u00e1sokat hoz majd a betegek \u00e9let\u00e9ben. Besz\u00e1molt arr\u00f3l is, hogy a Szem\u00e9szeti Klinika m\u00e1r 10 sikeres g\u00e9nseb\u00e9szeti beavatkoz\u00e1son van t\u00fal, igen kedvez\u0151 tapasztalatokkal. Rem\u00e9lem siker\u00fcl hagyom\u00e1nyt teremteni ezzel a konferenci\u00e1val, amelyen a kezel\u0151k \u00e9s a kezeltek, valamint a betegk\u00e9pviseleti szervek tal\u00e1lkozhatnak \u00e9s inform\u00e1ci\u00f3t cser\u00e9lhetnek \u2013 tette hozz\u00e1 dr. Nagy Zolt\u00e1n Zsolt.<\/p>\n<p>A konferenci\u00e1n levet\u00edtett\u00e9k a dr. Roska Botond munk\u00e1ss\u00e1g\u00e1r\u00f3l k\u00e9sz\u00edtett 30 perces dokumentumfilm el\u0151zetes\u00e9t, amely betekint\u00e9st ad abba, hogyan jutott el a Sv\u00e1jcban \u00e9l\u0151 professzor 20 \u00e9vnyi kutat\u00e1ssal a l\u00e1t\u00e1s visszaad\u00e1s\u00e1t c\u00e9lz\u00f3 optogenetikai kutat\u00e1sokhoz \u00e9s \u00e9rt el \u00e1tt\u00f6r\u00e9st ennek eredm\u00e9nyek\u00e9pp. Jelenleg azon dolgozik, hogyan fejleszthetn\u00e9k a gy\u00f3gyszerc\u00e9gek sz\u00e1m\u00e1ra megt\u00e9r\u00fcl\u0151 ter\u00e1pi\u00e1v\u00e1 az \u00e1ltaluk felfedezett l\u00e1t\u00e1sjav\u00edt\u00f3 elj\u00e1r\u00e1st. A dokumentumfilm k\u00e9sz\u00edt\u00e9s\u00e9nek kulisszatitkair\u00f3l T\u00e9gl\u00e1sy Ferenc filmrendez\u0151 mes\u00e9lt a hallgat\u00f3s\u00e1gnak.<\/p>\n<p>A szakmai programot dr. Kn\u00e9zy Krisztina klinikai f\u0151orvos nyitotta meg az \u00f6r\u00f6kletes szembetegs\u00e9gek t\u00edpusainak, t\u00fcneteinek, valamint a hazai kora gyermekkori \u00e9letkorhoz k\u00f6t\u00f6tt sz\u0171r\u0151vizsg\u00e1latok jelent\u0151s\u00e9g\u00e9nek ismertet\u00e9s\u00e9vel. Mint mondta, a csecsem\u0151k vizsg\u00e1lat\u00e1n\u00e1l n\u00e9lk\u00fcl\u00f6zhetetlenek a v\u00e9d\u0151n\u0151k, \u00e9s megeml\u00edtette azt is, hogy sz\u00e1mukra a retinadisztr\u00f3fi\u00e1k korai felismer\u00e9s\u00e9vel kapcsolatos leg\u00fajabb kutat\u00e1si eredm\u00e9nyekr\u0151l a klinika adjunktusa, dr. Barcsay-Veress Amarilla szervez tov\u00e1bbk\u00e9pz\u00e9seket. Dr. Szab\u00f3 Vikt\u00f3ria, a klinika adjunktusa a genetikai sz\u0171r\u00e9s magyarorsz\u00e1gi helyzet\u00e9r\u0151l adott \u00e1ttekint\u00e9st, megeml\u00edtve, hogy 2019 \u00f3ta m\u0171k\u00f6dik szem\u00e9szeti genetikai szakrendel\u00e9s a Semmelweis Egyetemen, \u00e9s 2021 \u00f3ta van az int\u00e9zm\u00e9nynek egy\u00fcttm\u0171k\u00f6d\u00e9si meg\u00e1llapod\u00e1sa Roska professzor b\u00e1zeli kutat\u00f3csoportj\u00e1val.<\/p>\n<p><a href=\"https:\/\/semmelweis.hu\/hirek\/files\/2023\/11\/RS183681_433A0474-scr.jpg\"><img loading=\"lazy\" decoding=\"async\" class=\"aligncenter size-full wp-image-133400\" src=\"https:\/\/semmelweis.hu\/hirek\/files\/2023\/11\/RS183681_433A0474-scr.jpg\" alt=\"\" width=\"1200\" height=\"800\" srcset=\"https:\/\/semmelweis.hu\/hirek\/files\/2023\/11\/RS183681_433A0474-scr.jpg 1200w, https:\/\/semmelweis.hu\/hirek\/files\/2023\/11\/RS183681_433A0474-scr-400x267.jpg 400w, https:\/\/semmelweis.hu\/hirek\/files\/2023\/11\/RS183681_433A0474-scr-900x600.jpg 900w, https:\/\/semmelweis.hu\/hirek\/files\/2023\/11\/RS183681_433A0474-scr-768x512.jpg 768w, https:\/\/semmelweis.hu\/hirek\/files\/2023\/11\/RS183681_433A0474-scr-753x502.jpg 753w, https:\/\/semmelweis.hu\/hirek\/files\/2023\/11\/RS183681_433A0474-scr-203x135.jpg 203w\" sizes=\"auto, (max-width: 1200px) 100vw, 1200px\" \/><\/a>Dr. Zobor Annam\u00e1ria Ditta docens arr\u00f3l besz\u00e9lt, hogy t\u00f6bb mint 300 olyan g\u00e9nt ismer a tudom\u00e1ny, amely retinabetegs\u00e9get okozhat, r\u00e1ad\u00e1sul egy-egy g\u00e9n m\u0171k\u00f6d\u00e9se ak\u00e1r t\u00f6bbf\u00e9le betegs\u00e9get is kiv\u00e1lthat. R\u00e9szben ett\u0151l, r\u00e9szben pedig att\u00f3l f\u00fcgg a kezel\u00e9si strat\u00e9gia megv\u00e1laszt\u00e1sa, hogy egyes betegs\u00e9gek mely f\u00e1zis\u00e1ban tal\u00e1lkoznak a szem\u00e9szek a beteggel. Sokszor korl\u00e1tozottak a ter\u00e1pi\u00e1s lehet\u0151s\u00e9gek is, \u00e9s megesik, hogy a tov\u00e1bbi \u00e1llapotroml\u00e1s megakad\u00e1lyoz\u00e1sa is sikernek sz\u00e1m\u00edt. El\u0151ad\u00e1s\u00e1ban \u00e1ttekint\u00e9st adott a jelenleg el\u00e9rhet\u0151, \u00e9s a k\u00eds\u00e9rleti f\u00e1zisban l\u00e9v\u0151 ter\u00e1pi\u00e1s lehet\u0151s\u00e9gekr\u0151l, \u00e9s az ezekkel el\u00e9rhet\u0151 eredm\u00e9nyekr\u0151l: a gy\u00f3gyszeres lehet\u0151s\u00e9gekt\u0151l a g\u00e9nseb\u00e9szeten \u00e1t az \u0151ssejter\u00e1pia, az optogenetika, valamint a szubretin\u00e1lis implant\u00e1tumokig (eddig k\u00e9t betegnek \u00fcltettek be ilyen l\u00e1t\u00e1st seg\u00edt\u0151 mikrocsipet Magyarorsz\u00e1gon) bez\u00e1r\u00f3lag.<\/p>\n<p>A hall\u00e1s- \u00e9s l\u00e1t\u00e1ss\u00e9r\u00fcl\u00e9ssel j\u00e1r\u00f3 genetikai szindr\u00f3m\u00e1k f\u00fcl- orr-g\u00e9g\u00e9szeti ell\u00e1t\u00e1sa ter\u00e9n napjainkban el\u00e9rhet\u0151 lehet\u0151s\u00e9gekr\u0151l dr. G\u00e1borj\u00e1n Anita adjunktus, a Semmelweis Egyetem F\u00fcl-Orr-G\u00e9g\u00e9szeti \u00e9s Fej-Nyakseb\u00e9szeti Klinika Audiol\u00f3giai szakambulanci\u00e1j\u00e1nak vezet\u0151je besz\u00e9lt. A konferencia r\u00e9sztvev\u0151i el\u0151ad\u00e1st hallhattak a Magyar Vakok \u00e9s Gyeng\u00e9nl\u00e1t\u00f3k Orsz\u00e1gos Sz\u00f6vets\u00e9ge, illetve a Siketvakok Orsz\u00e1gos Egyes\u00fclete szakmai \u00e9rdekk\u00e9pviseleti tev\u00e9kenys\u00e9g\u00e9r\u0151l, valamint Szilaj Zsolt, a Slachta Margit Nemzeti Szoci\u00e1lpolitikai Int\u00e9zet L\u00e1t\u00e1ss\u00e9r\u00fcltek Elemi Rehabilit\u00e1ci\u00f3s M\u00f3dszertani K\u00f6zpont vezet\u0151je tolm\u00e1csol\u00e1s\u00e1ban arr\u00f3l is, hogy milyen elemi rehabilit\u00e1ci\u00f3s szolg\u00e1ltat\u00e1sok \u00e9rhet\u0151ek el ma Magyarorsz\u00e1gon. Bemutatt\u00e1k a Siketvakok Orsz\u00e1gos Egyes\u00fclete Elemi Rehabilit\u00e1ci\u00f3s K\u00f6zpontj\u00e1ban el\u00e9rhet\u0151 szolg\u00e1ltat\u00e1sokat is.<\/p>\n\r\n        [slb_exclude]\r\n        <div class=\"row galeria-wrapper mx-0 h-auto\">\r\n            <div class=\"col-9 pl-0 pr-2\">\r\n            <span class=\"gallery-item frame\">\r\n\t\t\t\t<div class=\"galeria-left-img\"><a href=\"https:\/\/semmelweis.hu\/hirek\/files\/2023\/11\/RS183653_433A0351-scr.jpg\"><img src=https:\/\/semmelweis.hu\/hirek\/files\/2023\/11\/RS183653_433A0351-scr.jpg  \r\n                            alt=\"\" \r\n                            class=\"attachment-sote-gallery-big size-sote-gallery-big\" \r\n                            srcset=\"https:\/\/semmelweis.hu\/hirek\/files\/2023\/11\/RS183653_433A0351-scr-400x267.jpg 400w, https:\/\/semmelweis.hu\/hirek\/files\/2023\/11\/RS183653_433A0351-scr-900x600.jpg 900w, https:\/\/semmelweis.hu\/hirek\/files\/2023\/11\/RS183653_433A0351-scr-768x512.jpg 768w, https:\/\/semmelweis.hu\/hirek\/files\/2023\/11\/RS183653_433A0351-scr-753x502.jpg 753w, https:\/\/semmelweis.hu\/hirek\/files\/2023\/11\/RS183653_433A0351-scr-203x135.jpg 203w, https:\/\/semmelweis.hu\/hirek\/files\/2023\/11\/RS183653_433A0351-scr.jpg 1200w\" ><\/a><\/div>\r\n            <\/span>\r\n\r\n            <\/div>\r\n\r\n\t\t\t<div class=\"col-3 pl-0 pr-0\">\r\n\t\t\t\t<div class=\"galeria-right-img d-flex justify-content-between flex-column h-100 w-100 px-0 mx-0 \">\r\n                <div class=\"galeria-box\">\r\n\t\t\t\t\t<h3 class=\"galeria-title\">Gal\u00e9ria<\/h3>\r\n\t\t\t\t\t<div class=\"galeria-subtitle\">\r\n\r\n\t\t\t\t\t\t<div class=\"galeria-page-counter\"><span>14<\/span>k\u00e9p<\/div>\r\n                    <\/div> <\/div>\r\n                    <span class=\"gallery-item frame d-none d-md-flex\">\r\n\t\t\t\t\t<div class=\"galeria-small-img mt-0\"><a href=\"https:\/\/semmelweis.hu\/hirek\/files\/2023\/11\/RS183638_433A0314-scr.jpg\"><img src=https:\/\/semmelweis.hu\/hirek\/files\/2023\/11\/RS183638_433A0314-scr.jpg \r\n                                alt=\"Csizi P\u00e9ter helyettes \u00e1llamtitk\u00e1r\"  \r\n                                class=\"attachment-sote-gallery-small size-sote-gallery-small\" \r\n                                srcset=\"https:\/\/semmelweis.hu\/hirek\/files\/2023\/11\/RS183638_433A0314-scr-400x267.jpg 400w, https:\/\/semmelweis.hu\/hirek\/files\/2023\/11\/RS183638_433A0314-scr-900x600.jpg 900w, https:\/\/semmelweis.hu\/hirek\/files\/2023\/11\/RS183638_433A0314-scr-768x512.jpg 768w, https:\/\/semmelweis.hu\/hirek\/files\/2023\/11\/RS183638_433A0314-scr-753x502.jpg 753w, https:\/\/semmelweis.hu\/hirek\/files\/2023\/11\/RS183638_433A0314-scr-203x135.jpg 203w, https:\/\/semmelweis.hu\/hirek\/files\/2023\/11\/RS183638_433A0314-scr.jpg 1200w\" ><\/a><\/div>\r\n                    <\/span>\r\n                    <span class=\"gallery-item frame d-none d-md-flex\">\r\n\t\t\t\t\t<div class=\"galeria-small-img mt-0\"><a href=\"https:\/\/semmelweis.hu\/hirek\/files\/2023\/11\/RS183656_433A0360-scr.jpg\"><img src=https:\/\/semmelweis.hu\/hirek\/files\/2023\/11\/RS183656_433A0360-scr.jpg \r\n                                alt=\"Dr. Nagy Zolt\u00e1n\" \r\n                                class=\"attachment-sote-gallery-small size-sote-gallery-small\" \r\n                                srcset=\"https:\/\/semmelweis.hu\/hirek\/files\/2023\/11\/RS183656_433A0360-scr-400x267.jpg 400w, https:\/\/semmelweis.hu\/hirek\/files\/2023\/11\/RS183656_433A0360-scr-900x600.jpg 900w, https:\/\/semmelweis.hu\/hirek\/files\/2023\/11\/RS183656_433A0360-scr-768x512.jpg 768w, https:\/\/semmelweis.hu\/hirek\/files\/2023\/11\/RS183656_433A0360-scr-753x502.jpg 753w, https:\/\/semmelweis.hu\/hirek\/files\/2023\/11\/RS183656_433A0360-scr-203x135.jpg 203w, https:\/\/semmelweis.hu\/hirek\/files\/2023\/11\/RS183656_433A0360-scr.jpg 1200w\" ><\/a><\/div>\r\n                    <\/span>\r\n\r\n                <\/div>\r\n\r\n            <\/div>\r\n\r\n            <span class=\"gallery-item\"><div class=\"hidden\"><a href=\"https:\/\/semmelweis.hu\/hirek\/files\/2023\/11\/RS183661_433A0383-scr.jpg\">\r\n        <img src=https:\/\/semmelweis.hu\/hirek\/files\/2023\/11\/RS183661_433A0383-scr.jpg alt=\"T\u00e9gl\u00e1sy Ferenc\" class=\"attachment-sote-gallery-big size-sote-gallery-big\" srcset=\"https:\/\/semmelweis.hu\/hirek\/files\/2023\/11\/RS183661_433A0383-scr-400x267.jpg 400w, https:\/\/semmelweis.hu\/hirek\/files\/2023\/11\/RS183661_433A0383-scr-900x600.jpg 900w, https:\/\/semmelweis.hu\/hirek\/files\/2023\/11\/RS183661_433A0383-scr-768x512.jpg 768w, https:\/\/semmelweis.hu\/hirek\/files\/2023\/11\/RS183661_433A0383-scr-753x502.jpg 753w, https:\/\/semmelweis.hu\/hirek\/files\/2023\/11\/RS183661_433A0383-scr-203x135.jpg 203w, https:\/\/semmelweis.hu\/hirek\/files\/2023\/11\/RS183661_433A0383-scr.jpg 1200w\" >\r\n        <\/a><\/div><\/span><span class=\"gallery-item\"><div class=\"hidden\"><a href=\"https:\/\/semmelweis.hu\/hirek\/files\/2023\/11\/RS183644_433A0331-scr.jpg\">\r\n        <img src=https:\/\/semmelweis.hu\/hirek\/files\/2023\/11\/RS183644_433A0331-scr.jpg alt=\"\" class=\"attachment-sote-gallery-big size-sote-gallery-big\" srcset=\"https:\/\/semmelweis.hu\/hirek\/files\/2023\/11\/RS183644_433A0331-scr-400x267.jpg 400w, https:\/\/semmelweis.hu\/hirek\/files\/2023\/11\/RS183644_433A0331-scr-900x600.jpg 900w, https:\/\/semmelweis.hu\/hirek\/files\/2023\/11\/RS183644_433A0331-scr-768x512.jpg 768w, https:\/\/semmelweis.hu\/hirek\/files\/2023\/11\/RS183644_433A0331-scr-753x502.jpg 753w, https:\/\/semmelweis.hu\/hirek\/files\/2023\/11\/RS183644_433A0331-scr-203x135.jpg 203w, https:\/\/semmelweis.hu\/hirek\/files\/2023\/11\/RS183644_433A0331-scr.jpg 1200w\" >\r\n        <\/a><\/div><\/span><span class=\"gallery-item\"><div class=\"hidden\"><a href=\"https:\/\/semmelweis.hu\/hirek\/files\/2023\/11\/RS183665_433A0410-scr.jpg\">\r\n        <img src=https:\/\/semmelweis.hu\/hirek\/files\/2023\/11\/RS183665_433A0410-scr.jpg alt=\"dr. Kn\u00e9zy Krisztina klinikai f\u0151orvos \" class=\"attachment-sote-gallery-big size-sote-gallery-big\" srcset=\"https:\/\/semmelweis.hu\/hirek\/files\/2023\/11\/RS183665_433A0410-scr-400x267.jpg 400w, https:\/\/semmelweis.hu\/hirek\/files\/2023\/11\/RS183665_433A0410-scr-900x600.jpg 900w, https:\/\/semmelweis.hu\/hirek\/files\/2023\/11\/RS183665_433A0410-scr-768x512.jpg 768w, https:\/\/semmelweis.hu\/hirek\/files\/2023\/11\/RS183665_433A0410-scr-753x502.jpg 753w, https:\/\/semmelweis.hu\/hirek\/files\/2023\/11\/RS183665_433A0410-scr-203x135.jpg 203w, https:\/\/semmelweis.hu\/hirek\/files\/2023\/11\/RS183665_433A0410-scr.jpg 1200w\" >\r\n        <\/a><\/div><\/span><span class=\"gallery-item\"><div class=\"hidden\"><a href=\"https:\/\/semmelweis.hu\/hirek\/files\/2023\/11\/RS183670_433A0432-scr.jpg\">\r\n        <img src=https:\/\/semmelweis.hu\/hirek\/files\/2023\/11\/RS183670_433A0432-scr.jpg alt=\"Dr. Szab\u00f3 Vikt\u00f3ria  adjunktus \" class=\"attachment-sote-gallery-big size-sote-gallery-big\" srcset=\"https:\/\/semmelweis.hu\/hirek\/files\/2023\/11\/RS183670_433A0432-scr-400x267.jpg 400w, https:\/\/semmelweis.hu\/hirek\/files\/2023\/11\/RS183670_433A0432-scr-900x600.jpg 900w, https:\/\/semmelweis.hu\/hirek\/files\/2023\/11\/RS183670_433A0432-scr-768x512.jpg 768w, https:\/\/semmelweis.hu\/hirek\/files\/2023\/11\/RS183670_433A0432-scr-753x502.jpg 753w, https:\/\/semmelweis.hu\/hirek\/files\/2023\/11\/RS183670_433A0432-scr-203x135.jpg 203w, https:\/\/semmelweis.hu\/hirek\/files\/2023\/11\/RS183670_433A0432-scr.jpg 1200w\" >\r\n        <\/a><\/div><\/span><span class=\"gallery-item\"><div class=\"hidden\"><a href=\"https:\/\/semmelweis.hu\/hirek\/files\/2023\/11\/RS183681_433A0474-scr.jpg\">\r\n        <img src=https:\/\/semmelweis.hu\/hirek\/files\/2023\/11\/RS183681_433A0474-scr.jpg alt=\"\" class=\"attachment-sote-gallery-big size-sote-gallery-big\" srcset=\"https:\/\/semmelweis.hu\/hirek\/files\/2023\/11\/RS183681_433A0474-scr-400x267.jpg 400w, https:\/\/semmelweis.hu\/hirek\/files\/2023\/11\/RS183681_433A0474-scr-900x600.jpg 900w, https:\/\/semmelweis.hu\/hirek\/files\/2023\/11\/RS183681_433A0474-scr-768x512.jpg 768w, https:\/\/semmelweis.hu\/hirek\/files\/2023\/11\/RS183681_433A0474-scr-753x502.jpg 753w, https:\/\/semmelweis.hu\/hirek\/files\/2023\/11\/RS183681_433A0474-scr-203x135.jpg 203w, https:\/\/semmelweis.hu\/hirek\/files\/2023\/11\/RS183681_433A0474-scr.jpg 1200w\" >\r\n        <\/a><\/div><\/span><span class=\"gallery-item\"><div class=\"hidden\"><a href=\"https:\/\/semmelweis.hu\/hirek\/files\/2023\/11\/RS183647_433A0337-scr.jpg\">\r\n        <img src=https:\/\/semmelweis.hu\/hirek\/files\/2023\/11\/RS183647_433A0337-scr.jpg alt=\"\" class=\"attachment-sote-gallery-big size-sote-gallery-big\" srcset=\"https:\/\/semmelweis.hu\/hirek\/files\/2023\/11\/RS183647_433A0337-scr-400x267.jpg 400w, https:\/\/semmelweis.hu\/hirek\/files\/2023\/11\/RS183647_433A0337-scr-900x600.jpg 900w, https:\/\/semmelweis.hu\/hirek\/files\/2023\/11\/RS183647_433A0337-scr-768x512.jpg 768w, https:\/\/semmelweis.hu\/hirek\/files\/2023\/11\/RS183647_433A0337-scr-753x502.jpg 753w, https:\/\/semmelweis.hu\/hirek\/files\/2023\/11\/RS183647_433A0337-scr-203x135.jpg 203w, https:\/\/semmelweis.hu\/hirek\/files\/2023\/11\/RS183647_433A0337-scr.jpg 1200w\" >\r\n        <\/a><\/div><\/span><span class=\"gallery-item\"><div class=\"hidden\"><a href=\"https:\/\/semmelweis.hu\/hirek\/files\/2023\/11\/RS183674_433A0458-scr.jpg\">\r\n        <img src=https:\/\/semmelweis.hu\/hirek\/files\/2023\/11\/RS183674_433A0458-scr.jpg alt=\"Dr. Zobor Annam\u00e1ria Ditta docens \" class=\"attachment-sote-gallery-big size-sote-gallery-big\" srcset=\"https:\/\/semmelweis.hu\/hirek\/files\/2023\/11\/RS183674_433A0458-scr-400x267.jpg 400w, https:\/\/semmelweis.hu\/hirek\/files\/2023\/11\/RS183674_433A0458-scr-900x600.jpg 900w, https:\/\/semmelweis.hu\/hirek\/files\/2023\/11\/RS183674_433A0458-scr-768x512.jpg 768w, https:\/\/semmelweis.hu\/hirek\/files\/2023\/11\/RS183674_433A0458-scr-753x502.jpg 753w, https:\/\/semmelweis.hu\/hirek\/files\/2023\/11\/RS183674_433A0458-scr-203x135.jpg 203w, https:\/\/semmelweis.hu\/hirek\/files\/2023\/11\/RS183674_433A0458-scr.jpg 1200w\" >\r\n        <\/a><\/div><\/span><span class=\"gallery-item\"><div class=\"hidden\"><a href=\"https:\/\/semmelweis.hu\/hirek\/files\/2023\/11\/RS183675_433A0461-scr.jpg\">\r\n        <img src=https:\/\/semmelweis.hu\/hirek\/files\/2023\/11\/RS183675_433A0461-scr.jpg alt=\"\" class=\"attachment-sote-gallery-big size-sote-gallery-big\" srcset=\"https:\/\/semmelweis.hu\/hirek\/files\/2023\/11\/RS183675_433A0461-scr-400x267.jpg 400w, https:\/\/semmelweis.hu\/hirek\/files\/2023\/11\/RS183675_433A0461-scr-900x600.jpg 900w, https:\/\/semmelweis.hu\/hirek\/files\/2023\/11\/RS183675_433A0461-scr-768x512.jpg 768w, https:\/\/semmelweis.hu\/hirek\/files\/2023\/11\/RS183675_433A0461-scr-753x502.jpg 753w, https:\/\/semmelweis.hu\/hirek\/files\/2023\/11\/RS183675_433A0461-scr-203x135.jpg 203w, https:\/\/semmelweis.hu\/hirek\/files\/2023\/11\/RS183675_433A0461-scr.jpg 1200w\" >\r\n        <\/a><\/div><\/span><span class=\"gallery-item\"><div class=\"hidden\"><a href=\"https:\/\/semmelweis.hu\/hirek\/files\/2023\/11\/RS183682_433A0478-scr.jpg\">\r\n        <img src=https:\/\/semmelweis.hu\/hirek\/files\/2023\/11\/RS183682_433A0478-scr.jpg alt=\"\" class=\"attachment-sote-gallery-big size-sote-gallery-big\" srcset=\"https:\/\/semmelweis.hu\/hirek\/files\/2023\/11\/RS183682_433A0478-scr-400x267.jpg 400w, https:\/\/semmelweis.hu\/hirek\/files\/2023\/11\/RS183682_433A0478-scr-900x600.jpg 900w, https:\/\/semmelweis.hu\/hirek\/files\/2023\/11\/RS183682_433A0478-scr-768x512.jpg 768w, https:\/\/semmelweis.hu\/hirek\/files\/2023\/11\/RS183682_433A0478-scr-753x502.jpg 753w, https:\/\/semmelweis.hu\/hirek\/files\/2023\/11\/RS183682_433A0478-scr-203x135.jpg 203w, https:\/\/semmelweis.hu\/hirek\/files\/2023\/11\/RS183682_433A0478-scr.jpg 1200w\" >\r\n        <\/a><\/div><\/span><span class=\"gallery-item\"><div class=\"hidden\"><a href=\"https:\/\/semmelweis.hu\/hirek\/files\/2023\/11\/RS183683_433A0479-scr.jpg\">\r\n        <img src=https:\/\/semmelweis.hu\/hirek\/files\/2023\/11\/RS183683_433A0479-scr.jpg alt=\"\" class=\"attachment-sote-gallery-big size-sote-gallery-big\" srcset=\"https:\/\/semmelweis.hu\/hirek\/files\/2023\/11\/RS183683_433A0479-scr-400x267.jpg 400w, https:\/\/semmelweis.hu\/hirek\/files\/2023\/11\/RS183683_433A0479-scr-900x600.jpg 900w, https:\/\/semmelweis.hu\/hirek\/files\/2023\/11\/RS183683_433A0479-scr-768x512.jpg 768w, https:\/\/semmelweis.hu\/hirek\/files\/2023\/11\/RS183683_433A0479-scr-753x502.jpg 753w, https:\/\/semmelweis.hu\/hirek\/files\/2023\/11\/RS183683_433A0479-scr-203x135.jpg 203w, https:\/\/semmelweis.hu\/hirek\/files\/2023\/11\/RS183683_433A0479-scr.jpg 1200w\" >\r\n        <\/a><\/div><\/span><span class=\"gallery-item\"><div class=\"hidden\"><a href=\"https:\/\/semmelweis.hu\/hirek\/files\/2023\/11\/RS183684_433A0486-scr.jpg\">\r\n        <img src=https:\/\/semmelweis.hu\/hirek\/files\/2023\/11\/RS183684_433A0486-scr.jpg alt=\"\" class=\"attachment-sote-gallery-big size-sote-gallery-big\" srcset=\"https:\/\/semmelweis.hu\/hirek\/files\/2023\/11\/RS183684_433A0486-scr-400x267.jpg 400w, https:\/\/semmelweis.hu\/hirek\/files\/2023\/11\/RS183684_433A0486-scr-900x600.jpg 900w, https:\/\/semmelweis.hu\/hirek\/files\/2023\/11\/RS183684_433A0486-scr-768x512.jpg 768w, https:\/\/semmelweis.hu\/hirek\/files\/2023\/11\/RS183684_433A0486-scr-753x502.jpg 753w, https:\/\/semmelweis.hu\/hirek\/files\/2023\/11\/RS183684_433A0486-scr-203x135.jpg 203w, https:\/\/semmelweis.hu\/hirek\/files\/2023\/11\/RS183684_433A0486-scr.jpg 1200w\" >\r\n        <\/a><\/div><\/span>\r\n            <\/div>\r\n\r\n            [\/slb_exclude]\r\n\t\n<p>A rendezv\u00e9ny egy\u00e9bk\u00e9nt nemcsak a szakemberek \u2013 szem\u00e9sz, f\u00fcl-orr-g\u00e9g\u00e9sz szakorvosok, orvostanhallgat\u00f3k, gy\u00f3gypedag\u00f3gusok \u2013, hanem az \u00e9rintett l\u00e1t\u00e1s- \u00e9s hall\u00e1ss\u00e9r\u00fcltek, valamint csal\u00e1djaik sz\u00e1m\u00e1ra is nyitott volt, ut\u00f3bbiak r\u00e9szv\u00e9tel\u00e9t, t\u00e1j\u00e9koz\u00f3d\u00e1s\u00e1t jeltolm\u00e1cs \u00e9s szinkron sz\u00f6veges kivet\u00edt\u00e9s seg\u00edtette.<\/p>\n<p>Kiss Melinda Katalin<\/p>\n<p>Fot\u00f3: Barta B\u00e1lint \u2013 Semmelweis Egyetem<\/p>\n","protected":false},"excerpt":{"rendered":"<p>A leg\u00fajabb, alkalmazott \u00e9s \u00edg\u00e9retes, t\u00f6bbek k\u00f6z\u00f6tt g\u00e9nter\u00e1pi\u00e1s kezel\u00e9si lehet\u0151s\u00e9gekr\u0151l kaphattak t\u00e1j\u00e9koztat\u00e1st az \u00e9rintettek.<\/p>\n","protected":false},"author":102163,"featured_media":133408,"comment_status":"closed","ping_status":"closed","sticky":false,"template":"","format":"standard","meta":{"_acf_changed":false,"footnotes":""},"categories":[154,168],"tags":[4331],"class_list":["post-133396","post","type-post","status-publish","format-standard","has-post-thumbnail","hentry","category-egeszseg","category-kiemelt","tag-betegellatas"],"acf":[],"_links":{"self":[{"href":"https:\/\/semmelweis.hu\/hirek\/wp-json\/wp\/v2\/posts\/133396","targetHints":{"allow":["GET"]}}],"collection":[{"href":"https:\/\/semmelweis.hu\/hirek\/wp-json\/wp\/v2\/posts"}],"about":[{"href":"https:\/\/semmelweis.hu\/hirek\/wp-json\/wp\/v2\/types\/post"}],"author":[{"embeddable":true,"href":"https:\/\/semmelweis.hu\/hirek\/wp-json\/wp\/v2\/users\/102163"}],"replies":[{"embeddable":true,"href":"https:\/\/semmelweis.hu\/hirek\/wp-json\/wp\/v2\/comments?post=133396"}],"version-history":[{"count":4,"href":"https:\/\/semmelweis.hu\/hirek\/wp-json\/wp\/v2\/posts\/133396\/revisions"}],"predecessor-version":[{"id":133817,"href":"https:\/\/semmelweis.hu\/hirek\/wp-json\/wp\/v2\/posts\/133396\/revisions\/133817"}],"wp:featuredmedia":[{"embeddable":true,"href":"https:\/\/semmelweis.hu\/hirek\/wp-json\/wp\/v2\/media\/133408"}],"wp:attachment":[{"href":"https:\/\/semmelweis.hu\/hirek\/wp-json\/wp\/v2\/media?parent=133396"}],"wp:term":[{"taxonomy":"category","embeddable":true,"href":"https:\/\/semmelweis.hu\/hirek\/wp-json\/wp\/v2\/categories?post=133396"},{"taxonomy":"post_tag","embeddable":true,"href":"https:\/\/semmelweis.hu\/hirek\/wp-json\/wp\/v2\/tags?post=133396"}],"curies":[{"name":"wp","href":"https:\/\/api.w.org\/{rel}","templated":true}]}}