{"id":132713,"date":"2023-11-01T18:09:39","date_gmt":"2023-11-01T17:09:39","guid":{"rendered":"https:\/\/semmelweis.hu\/hirek\/?p=132713"},"modified":"2023-12-04T15:46:27","modified_gmt":"2023-12-04T14:46:27","slug":"traumatologiaval-bovult-a-semmelweis-egyetem-oktatasi-es-betegellatasi-profilja","status":"publish","type":"post","link":"https:\/\/semmelweis.hu\/hirek\/2023\/11\/01\/traumatologiaval-bovult-a-semmelweis-egyetem-oktatasi-es-betegellatasi-profilja\/","title":{"rendered":"Traumatol\u00f3gi\u00e1val b\u0151v\u00fclt a Semmelweis Egyetem oktat\u00e1si \u00e9s betegell\u00e1t\u00e1si profilja"},"content":{"rendered":"<div class=\"lead\">A d\u00e9lpesti r\u00e9gi\u00f3 teljes traumatol\u00f3giai ell\u00e1t\u00e1sa a Semmelweis Egyetemhez ker\u00fclt, miut\u00e1n november 1-j\u00e9vel lez\u00e1rult a D\u00e9l-pesti Centrumk\u00f3rh\u00e1z \u2013 Orsz\u00e1gos Hematol\u00f3giai \u00e9s Infektol\u00f3giai Int\u00e9zet Mer\u00e9nyi Guszt\u00e1v telephely\u00e9nek a Semmelweis Egyetembe integr\u00e1l\u00e1sa. A Traumatol\u00f3giai Klinika \u2013 amely a K\u00fcls\u0151 Klinikai T\u00f6mbben, a Kor\u00e1nyi K\u00f6zponti Betegell\u00e1t\u00f3 \u00c9p\u00fcletben kapott helyet \u00e9s heti h\u00e9t nap 0-24 \u00f3r\u00e1ban biztos\u00edt ell\u00e1t\u00e1st \u2013 egy nemzetk\u00f6zi sz\u00ednvonal\u00fa, betegell\u00e1t\u00f3 \u00e9s oktat\u00e1si feladatait egys\u00e9gesen \u00e9s hat\u00e9konyan biztos\u00edt\u00f3, \u00faj szervezeti egys\u00e9gk\u00e9nt j\u00f6tt l\u00e9tre.<\/div>\n<p><a href=\"https:\/\/semmelweis.hu\/hirek\/files\/2022\/08\/RS158953_C19A0296-scr.jpg\"><img loading=\"lazy\" decoding=\"async\" class=\"alignright size-medium wp-image-118422\" src=\"https:\/\/semmelweis.hu\/hirek\/files\/2022\/08\/RS158953_C19A0296-scr-267x400.jpg\" alt=\"\" width=\"267\" height=\"400\" srcset=\"https:\/\/semmelweis.hu\/hirek\/files\/2022\/08\/RS158953_C19A0296-scr-267x400.jpg 267w, https:\/\/semmelweis.hu\/hirek\/files\/2022\/08\/RS158953_C19A0296-scr-533x800.jpg 533w, https:\/\/semmelweis.hu\/hirek\/files\/2022\/08\/RS158953_C19A0296-scr.jpg 600w\" sizes=\"auto, (max-width: 267px) 100vw, 267px\" \/><\/a>\u201eA Semmelweis Egyetem fejl\u0151d\u00e9se szempontj\u00e1b\u00f3l t\u00f6rt\u00e9nelmi pillanat, fontos m\u00e9rf\u00f6ldk\u0151 a traumatol\u00f3giai profil megjelen\u00e9se\u201d \u2013 hangs\u00falyozta dr. Merkely B\u00e9la rektor. Hozz\u00e1tette: az egyetem orvostudom\u00e1nyi portf\u00f3li\u00f3j\u00e1nak teljess\u00e9 t\u00e9tel\u00e9hez az egyik legfontosabb hi\u00e1nyz\u00f3 diszcipl\u00edna a traumatol\u00f3gia volt.<\/p>\n<p>Mint arr\u00f3l m\u00e1r kor\u00e1bban besz\u00e1moltunk: a Semmelweis Egyetem, az Orsz\u00e1gos K\u00f3rh\u00e1zi F\u0151igazgat\u00f3s\u00e1g \u00e9s a D\u00e9l-pesti Centrumk\u00f3rh\u00e1z j\u00faniusban \u00e1llapodott meg arr\u00f3l, hogy 2023. november 1-j\u00e9t\u0151l a D\u00e9l-pesti Centrumk\u00f3rh\u00e1z Orsz\u00e1gos Hematol\u00f3giai \u00e9s Infektol\u00f3giai Int\u00e9zet Mer\u00e9nyi Guszt\u00e1v K\u00f3rh\u00e1z Telephelye a Semmelweis Egyetem tulajdon\u00e1ba ker\u00fcl, az \u00e9rintett ter\u00fcleti ell\u00e1t\u00e1si k\u00f6telezetts\u00e9ggel egy\u00fctt.<\/p>\n<div class=\"fontos_div\">\n<p>November 1-j\u00e9t\u0151l a Gy\u00e1li \u00fat 17-19. sz\u00e1m alatti c\u00edmr\u0151l a d\u00e9l-pesti r\u00e9gi\u00f3t \u00e9rint\u0151 teljes k\u00f6r\u0171, a legmagasabb progresszivit\u00e1si szintet mag\u00e1ba foglal\u00f3 traumatol\u00f3giai ell\u00e1t\u00e1s \u00e1tk\u00f6lt\u00f6z\u00f6tt a Semmelweis Egyetem K\u00f6zponti Betegell\u00e1t\u00f3 \u00c9p\u00fclet\u00e9be (KBE, 1083 Budapest Kor\u00e1nyi S\u00e1ndor utca 2.). \u00a0<\/p>\n<\/div>\n<p>A rektor kiemelte annak a jelent\u0151s\u00e9g\u00e9t, hogy ezzel a traumatol\u00f3giai ell\u00e1t\u00e1s komprehenz\u00edv k\u00f6rnyezetbe \u00e9rkezett, hiszen a KBE-ben t\u00e9rben is k\u00f6zel ker\u00fclt azokhoz a t\u00e1rsszakm\u00e1khoz, amelyekkel szoros egy\u00fcttm\u0171k\u00f6d\u00e9sre lehet sz\u00fcks\u00e9g egy politraum\u00e1s beteg ell\u00e1t\u00e1sa sor\u00e1n (pl. s\u00fcrg\u0151ss\u00e9gi \u00e9s intenz\u00edv ell\u00e1t\u00e1s, seb\u00e9szet, belgy\u00f3gy\u00e1szat, n\u0151gy\u00f3gy\u00e1szat, ideggy\u00f3gy\u00e1szat, ortop\u00e9dia, orvosi k\u00e9palkot\u00e1s \u00e9s intervencion\u00e1lis radiol\u00f3gia). A traumatol\u00f3gia l\u00e9trej\u00f6tte ezen k\u00edv\u00fcl a gradu\u00e1lis \u00e9s posztgradu\u00e1lis oktat\u00e1s, valamint a kutat\u00e1s szempontj\u00e1b\u00f3l is jelent\u0151s l\u00e9p\u00e9s.\u00a0<\/p>\n<p><a href=\"https:\/\/semmelweis.hu\/hirek\/files\/2023\/03\/RS170052_GV5A4740-scr.jpg\"><img loading=\"lazy\" decoding=\"async\" class=\"alignleft size-medium wp-image-125130\" src=\"https:\/\/semmelweis.hu\/hirek\/files\/2023\/03\/RS170052_GV5A4740-scr-400x246.jpg\" alt=\"\" width=\"400\" height=\"246\" srcset=\"https:\/\/semmelweis.hu\/hirek\/files\/2023\/03\/RS170052_GV5A4740-scr-400x246.jpg 400w, https:\/\/semmelweis.hu\/hirek\/files\/2023\/03\/RS170052_GV5A4740-scr-900x554.jpg 900w, https:\/\/semmelweis.hu\/hirek\/files\/2023\/03\/RS170052_GV5A4740-scr-768x472.jpg 768w, https:\/\/semmelweis.hu\/hirek\/files\/2023\/03\/RS170052_GV5A4740-scr-753x463.jpg 753w, https:\/\/semmelweis.hu\/hirek\/files\/2023\/03\/RS170052_GV5A4740-scr-620x380.jpg 620w, https:\/\/semmelweis.hu\/hirek\/files\/2023\/03\/RS170052_GV5A4740-scr.jpg 1200w\" sizes=\"auto, (max-width: 400px) 100vw, 400px\" \/><\/a>\u201eAz integr\u00e1ci\u00f3val a Mer\u00e9nyi telephely 564 ezer f\u0151s d\u00e9l-pesti \u00e9s d\u00e9lkelet-pesti ell\u00e1t\u00e1si ter\u00fclete is az egyetemhez ker\u00fclt. Orsz\u00e1gos szinten ezzel a Semmelweis Egyetem a legnagyobb traumatol\u00f3giai ell\u00e1t\u00f3k k\u00f6z\u00e9 ker\u00fclt\u201d \u2013 emelte ki dr. Szab\u00f3 Attila rektorhelyettes, a Klinikai K\u00f6zpont eln\u00f6ke. A Mer\u00e9nyiben 107 traumatol\u00f3giai \u00e9s 8 intenz\u00edv \u00e1gy m\u0171k\u00f6d\u00f6tt, ez a strukt\u00fara is \u00e1tker\u00fclt az egyetemre, a traumatol\u00f3giai \u00e1gyakon bel\u00fcl n\u00f6velve a s\u00falyosabb betegek ell\u00e1t\u00e1s\u00e1ra alkalmas kapacit\u00e1st. A Mer\u00e9nyi traumatol\u00f3gia orvosi \u00e9s szakdolgoz\u00f3i hum\u00e1ner\u0151forr\u00e1s\u00e1t is teljes k\u00f6r\u0171en \u00e1tvette a Semmelweis Klinikai K\u00f6zpontja. A klinika heti h\u00e9t nap 0-24 \u00f3r\u00e1ban biztos\u00edtja az ell\u00e1t\u00e1st, a KBE tetej\u00e9n l\u00e9v\u0151 helikopterlesz\u00e1ll\u00f3 ig\u00e9nybev\u00e9tel\u00e9vel. A folyamatos traumatol\u00f3giai ell\u00e1t\u00e1s biztos\u00edt\u00e1s\u00e1hoz az egyetem t\u00e1rsklinik\u00e1i is hozz\u00e1j\u00e1rulnak k\u00e9szenl\u00e9ti \u00fcgyelettel vagy rendelkez\u00e9sre \u00e1ll\u00e1ssal. \u00a0<\/p>\n<p><a href=\"https:\/\/semmelweis.hu\/hirek\/files\/2023\/10\/183303scr_wm_9b24169f82a7f34.jpg\"><img loading=\"lazy\" decoding=\"async\" class=\"aligncenter size-full wp-image-132723\" src=\"https:\/\/semmelweis.hu\/hirek\/files\/2023\/10\/183303scr_wm_9b24169f82a7f34.jpg\" alt=\"\" width=\"1200\" height=\"735\" srcset=\"https:\/\/semmelweis.hu\/hirek\/files\/2023\/10\/183303scr_wm_9b24169f82a7f34.jpg 1200w, https:\/\/semmelweis.hu\/hirek\/files\/2023\/10\/183303scr_wm_9b24169f82a7f34-400x245.jpg 400w, https:\/\/semmelweis.hu\/hirek\/files\/2023\/10\/183303scr_wm_9b24169f82a7f34-900x551.jpg 900w, https:\/\/semmelweis.hu\/hirek\/files\/2023\/10\/183303scr_wm_9b24169f82a7f34-768x470.jpg 768w, https:\/\/semmelweis.hu\/hirek\/files\/2023\/10\/183303scr_wm_9b24169f82a7f34-753x461.jpg 753w, https:\/\/semmelweis.hu\/hirek\/files\/2023\/10\/183303scr_wm_9b24169f82a7f34-620x380.jpg 620w\" sizes=\"auto, (max-width: 1200px) 100vw, 1200px\" \/><\/a><\/p>\n<blockquote>\n<p>November 1-j\u00e9t\u0151l az Orsz\u00e1gos Ment\u0151szolg\u00e1lattal (OMSZ) egyeztetve a ment\u0151 ide sz\u00e1ll\u00edtja a betegeket, a j\u00e1r\u00f3betegell\u00e1t\u00e1st ig\u00e9nybe vev\u0151k is ide \u00e9rkezzenek<\/p>\n<\/blockquote>\n<p>\u2013 h\u00edvta fel a figyelmet dr. Szab\u00f3 Attila. Sz\u00e1mukra egy traumatol\u00f3giai fogad\u00f3k\u00f6zpontot alak\u00edtottak ki, amely a K\u00fcls\u0151 Klinikai T\u00f6mb bels\u0151 udvar\u00e1r\u00f3l ny\u00edlik (az eligazod\u00e1st t\u00e1bl\u00e1k seg\u00edtik a helysz\u00ednen). Az ell\u00e1t\u00e1st k\u00f6vet\u0151en hazaengedett betegek kontrollvizsg\u00e1lata ugyanakkor tov\u00e1bbra is a Mer\u00e9nyiben t\u00f6rt\u00e9nik.<\/p>\n<p><a href=\"https:\/\/semmelweis.hu\/hirek\/files\/2023\/10\/183340scr_wm_3370ed87cbab57f.jpg\"><img loading=\"lazy\" decoding=\"async\" class=\"aligncenter size-full wp-image-132722\" src=\"https:\/\/semmelweis.hu\/hirek\/files\/2023\/10\/183340scr_wm_3370ed87cbab57f.jpg\" alt=\"\" width=\"1200\" height=\"800\" srcset=\"https:\/\/semmelweis.hu\/hirek\/files\/2023\/10\/183340scr_wm_3370ed87cbab57f.jpg 1200w, https:\/\/semmelweis.hu\/hirek\/files\/2023\/10\/183340scr_wm_3370ed87cbab57f-400x267.jpg 400w, https:\/\/semmelweis.hu\/hirek\/files\/2023\/10\/183340scr_wm_3370ed87cbab57f-900x600.jpg 900w, https:\/\/semmelweis.hu\/hirek\/files\/2023\/10\/183340scr_wm_3370ed87cbab57f-768x512.jpg 768w, https:\/\/semmelweis.hu\/hirek\/files\/2023\/10\/183340scr_wm_3370ed87cbab57f-753x502.jpg 753w, https:\/\/semmelweis.hu\/hirek\/files\/2023\/10\/183340scr_wm_3370ed87cbab57f-203x135.jpg 203w\" sizes=\"auto, (max-width: 1200px) 100vw, 1200px\" \/><\/a><\/p>\n<p>A traumatol\u00f3gia kialak\u00edt\u00e1sa miatt sz\u00fcks\u00e9gess\u00e9 v\u00e1lt n\u00e9h\u00e1ny, eddig a KBE-ben m\u0171k\u00f6d\u0151 int\u00e9zet, klinika \u00e9s j\u00e1r\u00f3beteg szakrendel\u00e9s k\u00f6lt\u00f6z\u00e9se, amely az elm\u00falt h\u00f3napokban folyamatos betegell\u00e1t\u00e1s, \u00e9s a betegek t\u00e1j\u00e9koztat\u00e1sa mellett <a href=\"https:\/\/semmelweis.hu\/hirek\/2023\/08\/24\/koltozesek-a-semmelweis-egyetemen-folyamatos-betegallas-mellett\/\">val\u00f3sult meg<\/a>.<\/p>\n<p><a href=\"https:\/\/semmelweis.hu\/hirek\/files\/2023\/10\/RS182646_433A1643-scr.jpg\"><img loading=\"lazy\" decoding=\"async\" class=\"alignleft size-medium wp-image-132714\" src=\"https:\/\/semmelweis.hu\/hirek\/files\/2023\/10\/RS182646_433A1643-scr-267x400.jpg\" alt=\"\" width=\"267\" height=\"400\" srcset=\"https:\/\/semmelweis.hu\/hirek\/files\/2023\/10\/RS182646_433A1643-scr-267x400.jpg 267w, https:\/\/semmelweis.hu\/hirek\/files\/2023\/10\/RS182646_433A1643-scr-533x800.jpg 533w, https:\/\/semmelweis.hu\/hirek\/files\/2023\/10\/RS182646_433A1643-scr.jpg 600w\" sizes=\"auto, (max-width: 267px) 100vw, 267px\" \/><\/a>\u201eAz ell\u00e1t\u00e1si feladatok a legban\u00e1lisabb s\u00e9r\u00fcl\u00e9sekt\u0151l kezdve a h\u00e1rmas progresszivit\u00e1si szintig, azaz a legkomplexebb s\u00e9r\u00fcl\u00e9sekig mindent lefednek\u201d \u2013 h\u00edvta fel a figyelmet dr. \u00a0Bodzay Tam\u00e1s az \u00fajonnan megalakult Traumatol\u00f3giai Klinika vezet\u0151je, seb\u00e9sz, traumatol\u00f3gus, ortop\u00e9d seb\u00e9sz, a Budapesti Dr. Manninger Jen\u0151 Baleseti K\u00f6zpont kor\u00e1bbi orvosigazgat\u00f3ja. Mint elmondta, most, hogy a Mer\u00e9nyi telephely a Semmelweis Egyetembe integr\u00e1l\u00f3dott, az egyetem a traumatol\u00f3giai k\u00e9pz\u00e9s\u00e9t is fokozatosan tervezi \u00e1tstruktur\u00e1lni a k\u00e9pz\u0151helyek sz\u00e1m\u00e1nak reduk\u00e1l\u00e1s\u00e1val, valamint a k\u00e9pz\u00e9s koncentr\u00e1ltabb\u00e1 t\u00e9tel\u00e9vel, az oktat\u00e1si anyag standardiz\u00e1l\u00e1s\u00e1val. \u201eAz els\u0151dleges feladat azonban az, hogy z\u00f6kken\u0151mentesen vegy\u00fck \u00e1t a feladatokat a D\u00e9l-Pesti Centrumk\u00f3rh\u00e1zt\u00f3l \u00e9s probl\u00e9ma n\u00e9lk\u00fcl folyhasson a s\u00e9r\u00fcltell\u00e1t\u00e1s imm\u00e1r az egyetem keretein bel\u00fcl\u201d \u2013 mutatott r\u00e1 dr. Bodzay Tam\u00e1s. (Dr. Bodzay Tam\u00e1ssal hamarosan bemutatkoz\u00f3 interj\u00fa olvashat\u00f3 honlapunkon.)<\/p>\n<p><a href=\"https:\/\/semmelweis.hu\/hirek\/files\/2023\/10\/183341scr_wm_403e3dc62b50fb8.jpg\"><img loading=\"lazy\" decoding=\"async\" class=\"aligncenter size-full wp-image-132724\" src=\"https:\/\/semmelweis.hu\/hirek\/files\/2023\/10\/183341scr_wm_403e3dc62b50fb8.jpg\" alt=\"\" width=\"1200\" height=\"774\" srcset=\"https:\/\/semmelweis.hu\/hirek\/files\/2023\/10\/183341scr_wm_403e3dc62b50fb8.jpg 1200w, https:\/\/semmelweis.hu\/hirek\/files\/2023\/10\/183341scr_wm_403e3dc62b50fb8-400x258.jpg 400w, https:\/\/semmelweis.hu\/hirek\/files\/2023\/10\/183341scr_wm_403e3dc62b50fb8-900x581.jpg 900w, https:\/\/semmelweis.hu\/hirek\/files\/2023\/10\/183341scr_wm_403e3dc62b50fb8-768x495.jpg 768w, https:\/\/semmelweis.hu\/hirek\/files\/2023\/10\/183341scr_wm_403e3dc62b50fb8-753x486.jpg 753w\" sizes=\"auto, (max-width: 1200px) 100vw, 1200px\" \/><\/a><\/p>\n<p>Az integr\u00e1ci\u00f3val az ortop\u00e9dia-traumatol\u00f3gia kapacit\u00e1s egym\u00e1st er\u0151s\u00edtve jelenik meg a Semmelweis Egyetemen. Ez a k\u00e9t szakma nagyon sok szempontb\u00f3l egy ter\u00fcleten m\u0171k\u00f6dik, mind a kett\u0151 mozg\u00e1sszervi seb\u00e9szet, a traumatol\u00f3gia a s\u00fcrg\u0151ss\u00e9gi, az ortop\u00e9dia a tervezhet\u0151 (elekt\u00edv) ell\u00e1t\u00e1si forma \u2013 mutatott r\u00e1 dr. Sz\u0151ke Gy\u00f6rgy, az Ortop\u00e9diai Klinika igazgat\u00f3ja. Mint hozz\u00e1tette: a szakk\u00e9pz\u00e9s is k\u00f6z\u00f6s, ortop\u00e9d-traumatol\u00f3gus szakorvosi k\u00e9pes\u00edt\u00e9s szerezhet\u0151. \u00a0<\/p>\n<p><a href=\"https:\/\/semmelweis.hu\/hirek\/files\/2023\/10\/RS65194_KA-20170822-IMG_0948-scr.jpg\"><img loading=\"lazy\" decoding=\"async\" class=\"alignright size-medium wp-image-132716\" src=\"https:\/\/semmelweis.hu\/hirek\/files\/2023\/10\/RS65194_KA-20170822-IMG_0948-scr-400x267.jpg\" alt=\"\" width=\"400\" height=\"267\" srcset=\"https:\/\/semmelweis.hu\/hirek\/files\/2023\/10\/RS65194_KA-20170822-IMG_0948-scr-400x267.jpg 400w, https:\/\/semmelweis.hu\/hirek\/files\/2023\/10\/RS65194_KA-20170822-IMG_0948-scr-900x600.jpg 900w, https:\/\/semmelweis.hu\/hirek\/files\/2023\/10\/RS65194_KA-20170822-IMG_0948-scr-768x512.jpg 768w, https:\/\/semmelweis.hu\/hirek\/files\/2023\/10\/RS65194_KA-20170822-IMG_0948-scr-753x502.jpg 753w, https:\/\/semmelweis.hu\/hirek\/files\/2023\/10\/RS65194_KA-20170822-IMG_0948-scr-203x135.jpg 203w, https:\/\/semmelweis.hu\/hirek\/files\/2023\/10\/RS65194_KA-20170822-IMG_0948-scr.jpg 950w\" sizes=\"auto, (max-width: 400px) 100vw, 400px\" \/><\/a>\u201eAz Ortop\u00e9diai Klinik\u00e1n sz\u00e1mos olyan speci\u00e1lis beavatkoz\u00e1st v\u00e9gz\u00fcnk orsz\u00e1gos ell\u00e1t\u00f3k\u00e9nt (pl. a csont \u00e9s l\u00e1gyr\u00e9sz tumorell\u00e1t\u00e1s, gyermekortop\u00e9dia, rev\u00edzi\u00f3s, nagy \u00edz\u00fcleti seb\u00e9szet), amelyek ter\u00e9n er\u0151sen traumatol\u00f3giai megold\u00e1sokat, eszk\u00f6zt\u00e1rat alkalmazunk. \u00cdgy az, ha egym\u00e1s mellett m\u0171k\u00f6dik ez a k\u00e9t szakter\u00fclet, egy\u00fctt dolgoznak az orvosok, az nagy szakmai biztons\u00e1got \u00e9s a tov\u00e1bbi szakmai fejl\u0151d\u00e9s lehet\u0151s\u00e9g\u00e9t is mag\u00e1ban rejti\u201d \u2013 r\u00e9szletezte dr. Sz\u0151ke Gy\u00f6rgy. Kiemelte: a szakorvosk\u00e9pz\u00e9s sor\u00e1n nagy lehet\u0151s\u00e9get jelent a k\u00e9t ter\u00fclet k\u00f6zel ker\u00fcl\u00e9se, hiszen h\u00e1zon bel\u00fcl elv\u00e9gezhet\u0151 a teljes ortop\u00e9d-traumatol\u00f3gus szakorvosi k\u00e9pz\u00e9s.<\/p>\n<p><a href=\"https:\/\/semmelweis.hu\/hirek\/files\/2023\/10\/183333scr_wm_5c002099b63920c.jpg\"><img loading=\"lazy\" decoding=\"async\" class=\"aligncenter size-full wp-image-132725\" src=\"https:\/\/semmelweis.hu\/hirek\/files\/2023\/10\/183333scr_wm_5c002099b63920c.jpg\" alt=\"\" width=\"1200\" height=\"741\" srcset=\"https:\/\/semmelweis.hu\/hirek\/files\/2023\/10\/183333scr_wm_5c002099b63920c.jpg 1200w, https:\/\/semmelweis.hu\/hirek\/files\/2023\/10\/183333scr_wm_5c002099b63920c-400x247.jpg 400w, https:\/\/semmelweis.hu\/hirek\/files\/2023\/10\/183333scr_wm_5c002099b63920c-900x556.jpg 900w, https:\/\/semmelweis.hu\/hirek\/files\/2023\/10\/183333scr_wm_5c002099b63920c-768x474.jpg 768w, https:\/\/semmelweis.hu\/hirek\/files\/2023\/10\/183333scr_wm_5c002099b63920c-753x465.jpg 753w\" sizes=\"auto, (max-width: 1200px) 100vw, 1200px\" \/><\/a><\/p>\n<p>Dr. Asztalos Andr\u00e1s t\u00f6bb mint kilenc \u00e9ve dolgozik traumatol\u00f3gusk\u00e9nt a Mer\u00e9nyi telephelyen, ahol \u2013 mint mondta \u2013 minden traumatol\u00f3giai esettel tal\u00e1lkoznak a kisl\u00e1bujjt\u00f6r\u00e9st\u0151l a sz\u00fart sebeken \u00e9s aut\u00f3baleseteken \u00e1t az eles\u00e9sekig.<\/p>\n<div class=\"fontos_div\">\n<p>\u00dagy fogalmazott: a v\u00e1ltoz\u00e1s term\u00e9szetes velej\u00e1r\u00f3ja, hogy mindenki izgul kicsit, milyen lesz az \u00faj, de \u00f6sszess\u00e9g\u00e9ben, hosszabb t\u00e1von \u00fagy v\u00e9li biztos, hogy nyerni fognak az egyetembe integr\u00e1l\u00f3d\u00e1ssal. Az el\u0151ny\u00f6k k\u00f6z\u00f6tt eml\u00edtette a t\u00e1rsszakm\u00e1k jelenl\u00e9t\u00e9t \u00e9s k\u00f6nnyebb el\u00e9rhet\u0151s\u00e9g\u00e9t is.<\/p>\n<\/div>\n<p>Dr. Asztalos Andr\u00e1s mindezzel visszat\u00e9r tanulm\u00e1nyai helysz\u00edn\u00e9re, hiszen a gradu\u00e1lis \u00e9s a szakorvosk\u00e9pz\u00e9st is a Semmelweis Egyetemen v\u00e9gezte.<\/p>\n<p>Dobozi P\u00e1lma<br \/>\nFot\u00f3: Kov\u00e1cs Attila &#8211; Semmelweis Egyetem<\/p>\n","protected":false},"excerpt":{"rendered":"<p>Az \u00fajonnan l\u00e9trej\u00f6tt Traumatol\u00f3giai Klinika felel a d\u00e9lpesti r\u00e9gi\u00f3 teljes baleseti ell\u00e1t\u00e1s\u00e1\u00e9rt.<\/p>\n","protected":false},"author":13,"featured_media":132724,"comment_status":"closed","ping_status":"closed","sticky":false,"template":"","format":"standard","meta":{"_acf_changed":false,"footnotes":""},"categories":[154,168],"tags":[],"class_list":["post-132713","post","type-post","status-publish","format-standard","has-post-thumbnail","hentry","category-egeszseg","category-kiemelt"],"acf":[],"_links":{"self":[{"href":"https:\/\/semmelweis.hu\/hirek\/wp-json\/wp\/v2\/posts\/132713","targetHints":{"allow":["GET"]}}],"collection":[{"href":"https:\/\/semmelweis.hu\/hirek\/wp-json\/wp\/v2\/posts"}],"about":[{"href":"https:\/\/semmelweis.hu\/hirek\/wp-json\/wp\/v2\/types\/post"}],"author":[{"embeddable":true,"href":"https:\/\/semmelweis.hu\/hirek\/wp-json\/wp\/v2\/users\/13"}],"replies":[{"embeddable":true,"href":"https:\/\/semmelweis.hu\/hirek\/wp-json\/wp\/v2\/comments?post=132713"}],"version-history":[{"count":5,"href":"https:\/\/semmelweis.hu\/hirek\/wp-json\/wp\/v2\/posts\/132713\/revisions"}],"predecessor-version":[{"id":132726,"href":"https:\/\/semmelweis.hu\/hirek\/wp-json\/wp\/v2\/posts\/132713\/revisions\/132726"}],"wp:featuredmedia":[{"embeddable":true,"href":"https:\/\/semmelweis.hu\/hirek\/wp-json\/wp\/v2\/media\/132724"}],"wp:attachment":[{"href":"https:\/\/semmelweis.hu\/hirek\/wp-json\/wp\/v2\/media?parent=132713"}],"wp:term":[{"taxonomy":"category","embeddable":true,"href":"https:\/\/semmelweis.hu\/hirek\/wp-json\/wp\/v2\/categories?post=132713"},{"taxonomy":"post_tag","embeddable":true,"href":"https:\/\/semmelweis.hu\/hirek\/wp-json\/wp\/v2\/tags?post=132713"}],"curies":[{"name":"wp","href":"https:\/\/api.w.org\/{rel}","templated":true}]}}