{"id":13266,"date":"2012-10-12T07:38:17","date_gmt":"2012-10-12T05:38:17","guid":{"rendered":"http:\/\/semmelweis-egyetem.hu\/hirek\/?p=13266"},"modified":"2018-02-14T09:45:10","modified_gmt":"2018-02-14T08:45:10","slug":"semmelweis-forum-tudomanyos-tovabbkepzes-a-szuleszet-nogyogyaszat-kerdeseirol","status":"publish","type":"post","link":"https:\/\/semmelweis.hu\/hirek\/2012\/10\/12\/semmelweis-forum-tudomanyos-tovabbkepzes-a-szuleszet-nogyogyaszat-kerdeseirol\/","title":{"rendered":"Semmelweis F\u00f3rum: tudom\u00e1nyos tov\u00e1bbk\u00e9pz\u00e9s a sz\u00fcl\u00e9szet-n\u0151gy\u00f3gy\u00e1szat k\u00e9rd\u00e9seir\u0151l"},"content":{"rendered":"<figure id=\"attachment_13267\" aria-describedby=\"caption-attachment-13267\" style=\"width: 300px\" class=\"wp-caption alignleft\"><a href=\"https:\/\/semmelweis.hu\/hirek\/files\/2012\/10\/rigo-3.jpg\"><img loading=\"lazy\" decoding=\"async\" class=\"size-medium wp-image-13267\" title=\"rigo 3\" src=\"https:\/\/semmelweis.hu\/hirek\/files\/2012\/10\/rigo-3-300x199.jpg\" alt=\"\" width=\"300\" height=\"199\" srcset=\"https:\/\/semmelweis.hu\/hirek\/files\/2012\/10\/rigo-3-300x199.jpg 300w, https:\/\/semmelweis.hu\/hirek\/files\/2012\/10\/rigo-3-600x400.jpg 600w, https:\/\/semmelweis.hu\/hirek\/files\/2012\/10\/rigo-3.jpg 800w\" sizes=\"auto, (max-width: 300px) 100vw, 300px\" \/><\/a><figcaption id=\"caption-attachment-13267\" class=\"wp-caption-text\">Fot\u00f3k: D. Kiss Bal\u00e1zs<\/figcaption><\/figure>\n<p>Hetedik alkalommal rendezt\u00e9k meg az I. Sz. Sz\u00fcl\u00e9szeti \u00e9s N\u0151gy\u00f3gy\u00e1szati Klinik\u00e1n a Semmelweis F\u00f3rum tudom\u00e1nyos \u00e9s szakmai tov\u00e1bbk\u00e9pz\u0151 rendezv\u00e9nyt. A kor\u00e1bbi, Baross utcai Sz\u00fcl\u00e9szeti Est\u00e9k meg\u00faj\u00edt\u00e1sak\u00e9nt k\u00f6zel k\u00e9t \u00e9vvel ezel\u0151tt elind\u00edtott F\u00f3rumon a sz\u00fcl\u00e9szet-n\u0151gy\u00f3gy\u00e1szat egy-egy aktu\u00e1lis t\u00e9mak\u00f6r\u00e9t tekintik \u00e1t a szakemberek \u2013 hangs\u00falyozta dr. Rig\u00f3 J\u00e1nos professzor, a f\u00f3rum h\u00e1zigazd\u00e1ja, az I. Sz. Sz\u00fcl\u00e9szeti \u00e9s N\u0151gy\u00f3gy\u00e1szati Klinika igazgat\u00f3ja.<\/p>\n<p>A kor\u00e1bbi rendezv\u00e9nyeken sz\u00f3 volt az endometri\u00f3zisr\u00f3l \u00e9s a mi\u00f3ma kezel\u00e9s\u00e9r\u0151l \u00e9pp\u00fagy, mint a n\u0151gy\u00f3gy\u00e1szati onkol\u00f3gia vagy a prenat\u00e1lis diagnosztikai k\u00e9rd\u00e9seir\u0151l. Az egy\u00e9bk\u00e9nt ingyenes \u00e9s tov\u00e1bbk\u00e9pz\u00e9si pontokat is ad\u00f3 f\u00f3rumokon az adott t\u00e9ma szak\u00e9rt\u0151inek sz\u00e1m\u00edt\u00f3 magyar szakemberek \u00e1ltal tartott el\u0151ad\u00e1sok mellett mindig van k\u00fclf\u00f6ldi el\u0151ad\u00e1s is.<\/p>\n<figure id=\"attachment_13268\" aria-describedby=\"caption-attachment-13268\" style=\"width: 300px\" class=\"wp-caption alignright\"><a href=\"https:\/\/semmelweis.hu\/hirek\/files\/2012\/10\/rigo-2.jpg\"><img loading=\"lazy\" decoding=\"async\" class=\"size-medium wp-image-13268\" title=\"rigo 2\" src=\"https:\/\/semmelweis.hu\/hirek\/files\/2012\/10\/rigo-2-300x199.jpg\" alt=\"\" width=\"300\" height=\"199\" srcset=\"https:\/\/semmelweis.hu\/hirek\/files\/2012\/10\/rigo-2-300x199.jpg 300w, https:\/\/semmelweis.hu\/hirek\/files\/2012\/10\/rigo-2-600x400.jpg 600w, https:\/\/semmelweis.hu\/hirek\/files\/2012\/10\/rigo-2.jpg 800w\" sizes=\"auto, (max-width: 300px) 100vw, 300px\" \/><\/a><figcaption id=\"caption-attachment-13268\" class=\"wp-caption-text\">dr. Rig\u00f3 J\u00e1nos<\/figcaption><\/figure>\n<p>A szeptemberben megtartott 7. Semmelweis F\u00f3rum t\u00e9m\u00e1ja a hiszterekt\u00f3mia, azaz a m\u00e9helt\u00e1vol\u00edt\u00e1s volt. A k\u00fclf\u00f6ldi el\u0151ad\u00f3, dr. Carla Tomassetti a leuven-i egyetemr\u0151l \u00e9rkezett \u00e9s a robotseb\u00e9szeti megold\u00e1sokr\u00f3l tartott el\u0151ad\u00e1st. Ez Magyarorsz\u00e1gon m\u00e9g igazi k\u00fcl\u00f6nlegess\u00e9gnek sz\u00e1m\u00edt, egyel\u0151re ugyanis haz\u00e1nkban nincs robotk\u00e9sz\u00fcl\u00e9k. A szeptemberi f\u00f3rumon egyebek mellett sorra vett\u00e9k \u00e9s megvitatt\u00e1k a m\u00e9helt\u00e1vol\u00edt\u00e1s korszer\u0171 javallatait, alternat\u00edv\u00e1it, a klasszikus \u00e9s a laparoszk\u00f3pos hiszterekt\u00f3mi\u00e1t, valamint a beavatkoz\u00e1s pszich\u00e9s vonatkoz\u00e1sait is.<\/p>\n<p>Dr. Rig\u00f3 J\u00e1nos professzor kiemelte: a f\u00f3rumokon \u00e1ltal\u00e1ban 120-150 koll\u00e9ga vesz r\u00e9szt, az \u00e9rdekl\u0151d\u0151k 90 sz\u00e1zal\u00e9kban az orsz\u00e1g k\u00fcl\u00f6nb\u00f6z\u0151 k\u00f3rh\u00e1zaib\u00f3l \u00e9rkeznek. A rendezv\u00e9ny r\u00e9sztvev\u0151i az adott t\u00e9mak\u00f6r leg\u00fajabb ismereteir\u0151l hallhatnak el\u0151ad\u00e1st \u00e9s a f\u00f3rum ezen k\u00edv\u00fcl el\u0151seg\u00edti az egy\u00fcttm\u0171k\u00f6d\u00e9s kialak\u00edt\u00e1s\u00e1t \u00e9s \u00e1pol\u00e1s\u00e1t a k\u00fcl\u00f6nb\u00f6z\u0151 sz\u00fcl\u00e9szeti-n\u0151gy\u00f3gy\u00e1szati oszt\u00e1lyok k\u00f6z\u00f6tt.<\/p>\n<p>A klinika egy\u00e9bk\u00e9nt a f\u00f3rumok kapcs\u00e1n saj\u00e1t h\u00edrlevelet k\u00e9sz\u00edt, melyet az aktu\u00e1lis rendezv\u00e9ny megh\u00edv\u00f3j\u00e1hoz csatolnak. A k\u00f6vetkez\u0151 f\u00f3rum t\u00e9m\u00e1ja a terhesgondoz\u00e1s lesz, amely jelent\u0151sen megv\u00e1ltozott \u00e9s fejl\u0151d\u00f6tt az elm\u00falt m\u00e1sf\u00e9l \u00e9vtizedben. DP<\/p>\n","protected":false},"excerpt":{"rendered":"<p>Hetedik alkalommal rendezt\u00e9k meg az I. Sz. Sz\u00fcl\u00e9szeti \u00e9s N\u0151gy\u00f3gy\u00e1szati Klinik\u00e1n a Semmelweis F\u00f3rum tudom\u00e1nyos \u00e9s szakmai tov\u00e1bbk\u00e9pz\u0151 rendezv\u00e9nyt. A kor\u00e1bbi, Baross utcai Sz\u00fcl\u00e9szeti Est\u00e9k meg\u00faj\u00edt\u00e1sak\u00e9nt k\u00f6zel k\u00e9t \u00e9vvel ezel\u0151tt elind\u00edtott F\u00f3rumon a sz\u00fcl\u00e9szet-n\u0151gy\u00f3gy\u00e1szat egy-egy aktu\u00e1lis t\u00e9mak\u00f6r\u00e9t tekintik \u00e1t a szakemberek \u2013 hangs\u00falyozta dr. Rig\u00f3 J\u00e1nos professzor, a f\u00f3rum h\u00e1zigazd\u00e1ja, az I. Sz. Sz\u00fcl\u00e9szeti \u00e9s &hellip;<\/p>\n","protected":false},"author":13,"featured_media":13267,"comment_status":"closed","ping_status":"closed","sticky":false,"template":"","format":"standard","meta":{"_acf_changed":false,"footnotes":""},"categories":[161,168],"tags":[188],"class_list":["post-13266","post","type-post","status-publish","format-standard","has-post-thumbnail","hentry","category-tudomany","category-kiemelt","tag-tudomanyos-hirek-rendezvenyek"],"acf":[],"_links":{"self":[{"href":"https:\/\/semmelweis.hu\/hirek\/wp-json\/wp\/v2\/posts\/13266","targetHints":{"allow":["GET"]}}],"collection":[{"href":"https:\/\/semmelweis.hu\/hirek\/wp-json\/wp\/v2\/posts"}],"about":[{"href":"https:\/\/semmelweis.hu\/hirek\/wp-json\/wp\/v2\/types\/post"}],"author":[{"embeddable":true,"href":"https:\/\/semmelweis.hu\/hirek\/wp-json\/wp\/v2\/users\/13"}],"replies":[{"embeddable":true,"href":"https:\/\/semmelweis.hu\/hirek\/wp-json\/wp\/v2\/comments?post=13266"}],"version-history":[{"count":2,"href":"https:\/\/semmelweis.hu\/hirek\/wp-json\/wp\/v2\/posts\/13266\/revisions"}],"predecessor-version":[{"id":40867,"href":"https:\/\/semmelweis.hu\/hirek\/wp-json\/wp\/v2\/posts\/13266\/revisions\/40867"}],"wp:featuredmedia":[{"embeddable":true,"href":"https:\/\/semmelweis.hu\/hirek\/wp-json\/wp\/v2\/media\/13267"}],"wp:attachment":[{"href":"https:\/\/semmelweis.hu\/hirek\/wp-json\/wp\/v2\/media?parent=13266"}],"wp:term":[{"taxonomy":"category","embeddable":true,"href":"https:\/\/semmelweis.hu\/hirek\/wp-json\/wp\/v2\/categories?post=13266"},{"taxonomy":"post_tag","embeddable":true,"href":"https:\/\/semmelweis.hu\/hirek\/wp-json\/wp\/v2\/tags?post=13266"}],"curies":[{"name":"wp","href":"https:\/\/api.w.org\/{rel}","templated":true}]}}