{"id":13253,"date":"2012-10-11T12:42:30","date_gmt":"2012-10-11T12:42:30","guid":{"rendered":"http:\/\/semmelweis-egyetem.hu\/hirek\/?p=13253"},"modified":"2015-05-08T11:43:48","modified_gmt":"2015-05-08T09:43:48","slug":"multidiszciplinaris-phd-konferencia","status":"publish","type":"post","link":"https:\/\/semmelweis.hu\/hirek\/2012\/10\/11\/multidiszciplinaris-phd-konferencia\/","title":{"rendered":"Multidiszciplin\u00e1ris PhD konferencia"},"content":{"rendered":"<p>Egy\u00fcttm\u0171k\u00f6d\u00e9s a j\u00f6v\u0151\u00e9rt c\u00edmmel rendezett multidiszciplin\u00e1ris PhD konferenci\u00e1t a P\u00e1zm\u00e1ny P\u00e9ter Katolikus Egyetem \u00e9s a Semmelweis Egyetem a PPKE Inform\u00e1ci\u00f3s Technol\u00f3giai Kar Simonyi-term\u00e9ben.<\/p>\n<p><a href=\"https:\/\/semmelweis.hu\/hirek\/files\/2012\/10\/SzuromiSzA.jpg\"><img loading=\"lazy\" decoding=\"async\" class=\"alignleft size-medium wp-image-13254\" title=\"Szuromi_Szabolcs\" src=\"https:\/\/semmelweis.hu\/hirek\/files\/2012\/10\/SzuromiSzA-240x300.jpg\" alt=\"\" width=\"240\" height=\"300\" srcset=\"https:\/\/semmelweis.hu\/hirek\/files\/2012\/10\/SzuromiSzA-240x300.jpg 240w, https:\/\/semmelweis.hu\/hirek\/files\/2012\/10\/SzuromiSzA-321x400.jpg 321w, https:\/\/semmelweis.hu\/hirek\/files\/2012\/10\/SzuromiSzA-600x747.jpg 600w, https:\/\/semmelweis.hu\/hirek\/files\/2012\/10\/SzuromiSzA.jpg 1823w\" sizes=\"auto, (max-width: 240px) 100vw, 240px\" \/><\/a>A PPKE \u00e9s a Semmelweis Egyetem (SE) els\u0151 k\u00f6z\u00f6s multidiszciplin\u00e1ris PhD konferenci\u00e1ja k\u00f6t\u0151d\u00f6tt ahhoz a strat\u00e9giai egy\u00fcttm\u0171k\u00f6d\u00e9si meg\u00e1llapod\u00e1shoz, amit a k\u00e9t fels\u0151oktat\u00e1si int\u00e9zm\u00e9ny id\u00e9n \u00e1prilisban k\u00f6t\u00f6tt egym\u00e1ssal. A konferenci\u00e1n a PPKE Interdiszciplin\u00e1ris M\u0171szaki Tudom\u00e1nyok Doktori Iskol\u00e1j\u00e1ban, valamint az SE doktori iskol\u00e1iban PhD k\u00e9pz\u00e9sen r\u00e9sztvev\u0151 hallgat\u00f3k mutatt\u00e1k be kutat\u00e1si eredm\u00e9nyeiket.<\/p>\n<p>A megnyit\u00f3ban a PPKE rektora, dr. Szuromi Szabolcs al\u00e1h\u00fazta annak a jelent\u0151s\u00e9g\u00e9t, hogy milyen komoly lehet\u0151s\u00e9gek \u00e1llnak a mai fiatal kutat\u00f3i gener\u00e1ci\u00f3 rendelkez\u00e9s\u00e9re.<\/p>\n<p><img loading=\"lazy\" decoding=\"async\" class=\"alignleft size-medium wp-image-9331\" title=\"R\u00e1cz_K\u00e1roly\" src=\"https:\/\/semmelweis.hu\/hirek\/files\/2011\/12\/R\u00e1cz_K\u00e1roly-200x300.jpg\" alt=\"\" width=\"200\" height=\"300\" srcset=\"https:\/\/semmelweis.hu\/hirek\/files\/2011\/12\/R\u00e1cz_K\u00e1roly-200x300.jpg 200w, https:\/\/semmelweis.hu\/hirek\/files\/2011\/12\/R\u00e1cz_K\u00e1roly-266x400.jpg 266w\" sizes=\"auto, (max-width: 200px) 100vw, 200px\" \/>A konferenci\u00e1t \u00fcdv\u00f6z\u00f6lte dr. Sz\u00e9l \u00c1goston a Semmelweis Egyetem rektora. Bevezet\u0151j\u00e9ben dr. R\u00e1cz K\u00e1roly az SE Egyetemi Doktori Tan\u00e1cs\u00e1nak az eln\u00f6ke felh\u00edvta a figyelmet arra, hogy az orvostudom\u00e1ny \u00e9s a sz\u00e1m\u00edt\u00e1stechnika 21. sz\u00e1zadi egym\u00e1srautalts\u00e1ga olyan k\u00e9zzelfoghat\u00f3 \u00faj eredm\u00e9nyeket mutat fel, amelyek gyors fejl\u0151d\u00e9st tudnak el\u0151id\u00e9zni nemcsak a gy\u00f3gy\u00edt\u00e1sban \u00e9s a betegell\u00e1t\u00e1sban, hanem az orvosi diagnosztika ter\u00fclet\u00e9n alkalmazhat\u00f3 \u00faj eszk\u00f6z\u00f6k r\u00e9v\u00e9n az egyes betegs\u00e9gek megel\u0151z\u00e9s\u00e9ben is.<\/p>\n<p>A rendezv\u00e9ynen nyolc el\u0151ad\u00e1s (Kerekes B\u00e1lint P\u00e9ter, Fi\u00e1th Rich\u00e1rd, Bihari D\u00f3ra, K\u00f6ncz\u00f6l \u00c1rp\u00e1d, \u00c1cs Tam\u00e1s Bence, Laki Andr\u00e1s, Marcell Istv\u00e1n, Micz\u00e1n Vivien) hangzott el a k\u00e9tfoton mikroszk\u00f3pos technik\u00e1k alkalmaz\u00e1s\u00e1t\u00f3l a gy\u00f3gyszermetabolizmus vizsg\u00e1lat\u00e1ig.<\/p>\n<p>T-Sz.Sz.<\/p>\n<p>Forr\u00e1s:<br \/>\nPPKE\/Magyar Kur\u00edr<\/p>\n","protected":false},"excerpt":{"rendered":"<p>Egy\u00fcttm\u0171k\u00f6d\u00e9s a j\u00f6v\u0151\u00e9rt c\u00edmmel rendezett multidiszciplin\u00e1ris PhD konferenci\u00e1t a P\u00e1zm\u00e1ny P\u00e9ter Katolikus Egyetem \u00e9s a Semmelweis Egyetem a PPKE Inform\u00e1ci\u00f3s Technol\u00f3giai Kar Simonyi-term\u00e9ben. <a href=\"https:\/\/semmelweis.hu\/hirek\/files\/2012\/10\/SzuromiSzA.jpg\"><\/a> A PPKE \u00e9s a Semmelweis Egyetem (SE) els\u0151 k\u00f6z\u00f6s multidiszciplin\u00e1ris PhD konferenci\u00e1ja k\u00f6t\u0151d\u00f6tt ahhoz a strat\u00e9giai egy\u00fcttm\u0171k\u00f6d\u00e9si meg\u00e1llapod\u00e1shoz, amit a k\u00e9t fels\u0151oktat\u00e1si int\u00e9zm\u00e9ny id\u00e9n \u00e1prilisban k\u00f6t\u00f6tt egym\u00e1ssal. A konferenci\u00e1n a PPKE Interdiszciplin\u00e1ris &hellip;<\/p>\n","protected":false},"author":11,"featured_media":13255,"comment_status":"closed","ping_status":"open","sticky":false,"template":"","format":"standard","meta":{"_acf_changed":false,"footnotes":""},"categories":[161],"tags":[190,188],"class_list":["post-13253","post","type-post","status-publish","format-standard","has-post-thumbnail","hentry","category-tudomany","tag-doktori-iskola","tag-tudomanyos-hirek-rendezvenyek"],"acf":[],"_links":{"self":[{"href":"https:\/\/semmelweis.hu\/hirek\/wp-json\/wp\/v2\/posts\/13253","targetHints":{"allow":["GET"]}}],"collection":[{"href":"https:\/\/semmelweis.hu\/hirek\/wp-json\/wp\/v2\/posts"}],"about":[{"href":"https:\/\/semmelweis.hu\/hirek\/wp-json\/wp\/v2\/types\/post"}],"author":[{"embeddable":true,"href":"https:\/\/semmelweis.hu\/hirek\/wp-json\/wp\/v2\/users\/11"}],"replies":[{"embeddable":true,"href":"https:\/\/semmelweis.hu\/hirek\/wp-json\/wp\/v2\/comments?post=13253"}],"version-history":[{"count":1,"href":"https:\/\/semmelweis.hu\/hirek\/wp-json\/wp\/v2\/posts\/13253\/revisions"}],"predecessor-version":[{"id":40868,"href":"https:\/\/semmelweis.hu\/hirek\/wp-json\/wp\/v2\/posts\/13253\/revisions\/40868"}],"wp:featuredmedia":[{"embeddable":true,"href":"https:\/\/semmelweis.hu\/hirek\/wp-json\/wp\/v2\/media\/13255"}],"wp:attachment":[{"href":"https:\/\/semmelweis.hu\/hirek\/wp-json\/wp\/v2\/media?parent=13253"}],"wp:term":[{"taxonomy":"category","embeddable":true,"href":"https:\/\/semmelweis.hu\/hirek\/wp-json\/wp\/v2\/categories?post=13253"},{"taxonomy":"post_tag","embeddable":true,"href":"https:\/\/semmelweis.hu\/hirek\/wp-json\/wp\/v2\/tags?post=13253"}],"curies":[{"name":"wp","href":"https:\/\/api.w.org\/{rel}","templated":true}]}}