{"id":13232,"date":"2012-10-11T08:25:44","date_gmt":"2012-10-11T08:25:44","guid":{"rendered":"http:\/\/semmelweis-egyetem.hu\/hirek\/?p=13232"},"modified":"2012-10-11T08:46:54","modified_gmt":"2012-10-11T08:46:54","slug":"dr-hunyady-laszlo-a-g-feherjekapcsolt-receptorok-kutatasanak-vezeregyenisegei-kaptak-a-kemiai-nobel-dijat","status":"publish","type":"post","link":"https:\/\/semmelweis.hu\/hirek\/2012\/10\/11\/dr-hunyady-laszlo-a-g-feherjekapcsolt-receptorok-kutatasanak-vezeregyenisegei-kaptak-a-kemiai-nobel-dijat\/","title":{"rendered":"Dr. Hunyady L\u00e1szl\u00f3: \u201eA G-feh\u00e9rjekapcsolt receptorok kutat\u00e1s\u00e1nak vez\u00e9regy\u00e9nis\u00e9gei kapt\u00e1k a k\u00e9miai Nobel-d\u00edjat\u201d"},"content":{"rendered":"<figure id=\"attachment_13237\" aria-describedby=\"caption-attachment-13237\" style=\"width: 300px\" class=\"wp-caption alignright\"><a href=\"https:\/\/semmelweis.hu\/hirek\/files\/2012\/10\/lefkowitz1.jpg\"><img loading=\"lazy\" decoding=\"async\" class=\"size-medium wp-image-13237 \" title=\"lefkowitz1\" src=\"https:\/\/semmelweis.hu\/hirek\/files\/2012\/10\/lefkowitz1-300x210.jpg\" alt=\"\" width=\"300\" height=\"210\" srcset=\"https:\/\/semmelweis.hu\/hirek\/files\/2012\/10\/lefkowitz1-300x210.jpg 300w, https:\/\/semmelweis.hu\/hirek\/files\/2012\/10\/lefkowitz1-569x400.jpg 569w, https:\/\/semmelweis.hu\/hirek\/files\/2012\/10\/lefkowitz1-600x421.jpg 600w, https:\/\/semmelweis.hu\/hirek\/files\/2012\/10\/lefkowitz1.jpg 1000w\" sizes=\"auto, (max-width: 300px) 100vw, 300px\" \/><\/a><figcaption id=\"caption-attachment-13237\" class=\"wp-caption-text\">Robert J. Lefkowitz<\/figcaption><\/figure>\n<p><a href=\"http:\/\/www.nobelprize.org\/nobel_prizes\/chemistry\/laureates\/2012\/\">2012-es k\u00e9miai Nobel-d\u00edjat <\/a>Robert J. Lefkowitz (Duke Egyetem) \u00e9s Brian K. Kobilka (Stanford Egyetem) kapt\u00e1k, az \u00fagynevezett G-feh\u00e9rj\u00e9hez kapcsolt receptorokkal kapcsolatos kutat\u00e1saik\u00e9rt. Ezek a sejtmembr\u00e1nban l\u00e9v\u0151 receptorokon fontos szerepet j\u00e1tszanak a sejtek m\u0171k\u00f6d\u00e9s\u00e9nek szab\u00e1lyoz\u00e1s\u00e1ban \u00e9s a k\u00fclvil\u00e1g ingereinek \u00e9szlel\u00e9s\u00e9ben is. Lefkowitz professzor az elm\u00falt \u00f6t \u00e9vtizedes p\u00e1lyafut\u00e1sa sor\u00e1n e receptorok m\u0171k\u00f6d\u00e9s\u00e9vel foglalkozott, \u00e9s ezek megismer\u00e9se sor\u00e1n szinte valamennyi m\u00e9rf\u00f6ldk\u0151nek sz\u00e1m\u00edt\u00f3 felfedez\u00e9sben jelent\u0151s szerepe volt \u2013 mondta dr. Hunyady L\u00e1szl\u00f3 rektorhelyettes, az \u00c9lettani Int\u00e9zet igazgat\u00f3ja, aki 2003-ban k\u00f6z\u00f6s cikket publik\u00e1lt Robert J. Lefkowitz-al.<\/p>\n<p><a href=\"https:\/\/semmelweis.hu\/hirek\/files\/2012\/06\/hunyady6.jpg\"><img loading=\"lazy\" decoding=\"async\" class=\"alignleft size-medium wp-image-11887\" title=\"hunyady6\" src=\"https:\/\/semmelweis.hu\/hirek\/files\/2012\/06\/hunyady6-300x199.jpg\" alt=\"\" width=\"300\" height=\"199\" srcset=\"https:\/\/semmelweis.hu\/hirek\/files\/2012\/06\/hunyady6-300x199.jpg 300w, https:\/\/semmelweis.hu\/hirek\/files\/2012\/06\/hunyady6-600x400.jpg 600w, https:\/\/semmelweis.hu\/hirek\/files\/2012\/06\/hunyady6.jpg 800w\" sizes=\"auto, (max-width: 300px) 100vw, 300px\" \/><\/a>Az els\u0151 m\u00e9rf\u00f6ldk\u0151 az volt, mikor a nyolcvanas \u00e9vekben felfedezt\u00e9k, hogy ezek a receptorok GTP-k\u00f6t\u0151 feh\u00e9rj\u00e9k k\u00f6zvet\u00edt\u00e9s\u00e9vel hatnak. E felismer\u00e9s\u00e9rt Albert Gilman \u00e9s Martin Rodbell 1994-ben nyerte el a Nobel-d\u00edjat. Fontos l\u00e9p\u00e9s, hogy a nyolcvanas \u00e9vek m\u00e1sodik fel\u00e9ben siker\u00fclt az els\u0151 ilyen receptorokat kl\u00f3nozni \u00e9s pontos aminosav-sorrendj\u00fcket meghat\u00e1rozni. Brian K. Kobilka ebben az id\u0151ben Lefkowitz professzor munkacsoportj\u00e1ban dolgozott, \u00e9s munk\u00e1juknak \u00fatt\u00f6r\u0151 szerepe volt ebben a munk\u00e1ban.<\/p>\n<p>A receptorok szekvenci\u00e1j\u00e1nak megfejt\u00e9se kapcs\u00e1n der\u00fclt f\u00e9ny arra, hogy a f\u00e9nyl\u00e1t\u00e1s\u00e9rt felel\u0151s feh\u00e9rje, a rodopszin, igen k\u00f6zeli rokona a G-feh\u00e9rj\u00e9hez kapcsolt receptoroknak, k\u00f6zt\u00fck az adrenalin, illetve noradrenalin hat\u00e1s\u00e1t k\u00f6zvet\u00edt\u0151 adrenerg receptoroknak. A receptorok azonos\u00edt\u00e1sa sor\u00e1n kider\u00fclt, hogy a G-feh\u00e9rj\u00e9hez kapcsolt receptorok nagy csal\u00e1dj\u00e1ba sok sz\u00e1z receptor tartozik, melyek sz\u00e1mos hormon, neurotranszmitter \u00e9s egy\u00e9b medi\u00e1tor hat\u00e1s mellett fontos szerepet j\u00e1tszanak a szenzoros m\u0171k\u00f6d\u00e9sekben, \u00e9s e molekul\u00e1k k\u00f6zvet\u00edtenek sz\u00e1mos szenzoros folyamatot (pl. a m\u00e1r eml\u00edtett l\u00e1t\u00e1s mellett kulcsszerepet j\u00e1tszanak a szagingerek \u00e9s egyes \u00edzek \u00e9rz\u00e9kel\u00e9s\u00e9ben).<\/p>\n<figure id=\"attachment_13236\" aria-describedby=\"caption-attachment-13236\" style=\"width: 300px\" class=\"wp-caption alignleft\"><a href=\"https:\/\/semmelweis.hu\/hirek\/files\/2012\/10\/Kobilka.jpg\"><img loading=\"lazy\" decoding=\"async\" class=\"size-medium wp-image-13236\" title=\"Kobilka\" src=\"https:\/\/semmelweis.hu\/hirek\/files\/2012\/10\/Kobilka-300x202.jpg\" alt=\"\" width=\"300\" height=\"202\" srcset=\"https:\/\/semmelweis.hu\/hirek\/files\/2012\/10\/Kobilka-300x202.jpg 300w, https:\/\/semmelweis.hu\/hirek\/files\/2012\/10\/Kobilka.jpg 560w\" sizes=\"auto, (max-width: 300px) 100vw, 300px\" \/><\/a><figcaption id=\"caption-attachment-13236\" class=\"wp-caption-text\">Brian K. Kobilka<\/figcaption><\/figure>\n<p>Lefkowitz professzor munkacsoportja a fentiek mellett t\u00f6bb \u00e9vtizeden \u00e1t alapvet\u0151en fontos eredm\u00e9nyeket \u00e9rt el a G-feh\u00e9rj\u00e9hez kapcsolt receptorok jel\u00e1tviteli folyamatainak \u00e9s szab\u00e1lyoz\u00e1s\u00e1nak megismer\u00e9s\u00e9ben. Az elm\u00falt 5 \u00e9vben Brian Kobilka munk\u00e1ss\u00e1ga hozott nagy \u00e1tt\u00f6r\u00e9st, akinek innovat\u00edv megk\u00f6zel\u00edt\u00e9ssel siker\u00fclt megfejtenie t\u00f6bb receptor krist\u00e1lyszerkezet\u00e9t \u00e9s brav\u00faros megk\u00f6zel\u00edt\u00e9ssel siker\u00fclt k\u00e9pet alkotnia egy aktiv\u00e1lt receptorr\u00f3l is.<br \/>\nE kutat\u00e1soknak az\u00e9rt van k\u00fcl\u00f6n\u00f6sen nagy jelent\u0151s\u00e9ge, mert ezeken a receptorokon kereszt\u00fcl t\u00f6rt\u00e9nik a sejtek szab\u00e1lyoz\u00e1sa, ahhoz, hogy egy szervezet \u00f6sszehangoltan m\u0171k\u00f6dj\u00f6n, v\u00e1laszoljon a k\u00fcl\u00f6nb\u00f6z\u0151 ingerekre, elengedhetetlenek ezek a receptorok \u2013 hangs\u00falyozta dr. Hunyady L\u00e1szl\u00f3. Ha a sejtm\u0171k\u00f6d\u00e9st meg akarjuk v\u00e1ltoztatni, akkor ezt megtehetj\u00fck e receptorok m\u0171k\u00f6d\u00e9s\u00e9nek serkent\u00e9s\u00e9vel vagy g\u00e1tol\u00e1s\u00e1val. Ma a Parkinson-k\u00f3rt\u00f3l a magasv\u00e9rnyom\u00e1son \u00e1t a sz\u00edvm\u0171k\u00f6d\u00e9s szab\u00e1lyoz\u00e1s\u00e1ig sz\u00e1mos betegs\u00e9g ter\u00e1pi\u00e1j\u00e1ban haszn\u00e1lt szerek ezeknek a receptoroknak a m\u0171k\u00f6d\u00e9s\u00e9re hatnak.<\/p>\n<p><a href=\"https:\/\/semmelweis.hu\/hirek\/files\/2012\/10\/lefkowitz2.jpg\"><img loading=\"lazy\" decoding=\"async\" class=\"alignright size-medium wp-image-13238\" title=\"lefkowitz2\" src=\"https:\/\/semmelweis.hu\/hirek\/files\/2012\/10\/lefkowitz2-300x199.jpg\" alt=\"\" width=\"300\" height=\"199\" srcset=\"https:\/\/semmelweis.hu\/hirek\/files\/2012\/10\/lefkowitz2-300x199.jpg 300w, https:\/\/semmelweis.hu\/hirek\/files\/2012\/10\/lefkowitz2-600x400.jpg 600w, https:\/\/semmelweis.hu\/hirek\/files\/2012\/10\/lefkowitz2.jpg 620w\" sizes=\"auto, (max-width: 300px) 100vw, 300px\" \/><\/a>Dr. Hunyady L\u00e1szl\u00f3 elmondta: a Lefkowitz professzorral \u00edrt k\u00f6z\u00f6s publik\u00e1ci\u00f3ban arra tal\u00e1ltak meggy\u0151z\u0151 bizony\u00edt\u00e9kot, hogy ezek a receptorok, melyeket kor\u00e1bban \u00fagy k\u00f6nyveltek el, hogy csak a G-feh\u00e9rj\u00e9ken kereszt\u00fcl hatnak, elind\u00edthatnak olyan jelp\u00e1ly\u00e1kat is, amelyekben a G-feh\u00e9rj\u00e9k helyett az arrestin nev\u0171 feh\u00e9rj\u00e9knek van szerep\u00fck. Ennek a gy\u00f3gyszerfejleszt\u00e9sek szempontj\u00e1b\u00f3l lehet jelent\u0151s\u00e9ge. Az, hogy a receptor t\u00f6bb egym\u00e1st\u00f3l f\u00fcggetlen jelp\u00e1ly\u00e1t aktiv\u00e1l, megteremti annak a lehet\u0151s\u00e9g\u00e9t, hogy ezeket szelekt\u00edven g\u00e1toljuk vagy aktiv\u00e1ljuk. Ez pedig el\u0151ny\u00f6s lehet, ha az egyik jelp\u00e1lya a ter\u00e1pi\u00e1s hat\u00e1s\u00e9rt, a m\u00e1sik pedig egy mell\u00e9khat\u00e1s\u00e9rt felel\u0151s.<\/p>\n<p>DP<\/p>\n","protected":false},"excerpt":{"rendered":"<p><a href=\"http:\/\/www.nobelprize.org\/nobel_prizes\/chemistry\/laureates\/2012\/\">2012-es k\u00e9miai Nobel-d\u00edjat <\/a> Robert J. Lefkowitz (Duke Egyetem) \u00e9s Brian K. Kobilka (Stanford Egyetem) kapt\u00e1k, az \u00fagynevezett G-feh\u00e9rj\u00e9hez kapcsolt receptorokkal kapcsolatos kutat\u00e1saik\u00e9rt. Ezek a sejtmembr\u00e1nban l\u00e9v\u0151 receptorokon fontos szerepet j\u00e1tszanak a sejtek m\u0171k\u00f6d\u00e9s\u00e9nek szab\u00e1lyoz\u00e1s\u00e1ban \u00e9s a k\u00fclvil\u00e1g ingereinek \u00e9szlel\u00e9s\u00e9ben is. Lefkowitz professzor az elm\u00falt \u00f6t \u00e9vtizedes p\u00e1lyafut\u00e1sa sor\u00e1n e receptorok m\u0171k\u00f6d\u00e9s\u00e9vel foglalkozott, \u00e9s ezek megismer\u00e9se sor\u00e1n szinte valamennyi &hellip;<\/p>\n","protected":false},"author":11,"featured_media":13233,"comment_status":"closed","ping_status":"open","sticky":false,"template":"","format":"standard","meta":{"_acf_changed":false,"footnotes":""},"categories":[161,168],"tags":[188],"class_list":["post-13232","post","type-post","status-publish","format-standard","has-post-thumbnail","hentry","category-tudomany","category-kiemelt","tag-tudomanyos-hirek-rendezvenyek"],"acf":[],"_links":{"self":[{"href":"https:\/\/semmelweis.hu\/hirek\/wp-json\/wp\/v2\/posts\/13232","targetHints":{"allow":["GET"]}}],"collection":[{"href":"https:\/\/semmelweis.hu\/hirek\/wp-json\/wp\/v2\/posts"}],"about":[{"href":"https:\/\/semmelweis.hu\/hirek\/wp-json\/wp\/v2\/types\/post"}],"author":[{"embeddable":true,"href":"https:\/\/semmelweis.hu\/hirek\/wp-json\/wp\/v2\/users\/11"}],"replies":[{"embeddable":true,"href":"https:\/\/semmelweis.hu\/hirek\/wp-json\/wp\/v2\/comments?post=13232"}],"version-history":[{"count":1,"href":"https:\/\/semmelweis.hu\/hirek\/wp-json\/wp\/v2\/posts\/13232\/revisions"}],"predecessor-version":[{"id":13235,"href":"https:\/\/semmelweis.hu\/hirek\/wp-json\/wp\/v2\/posts\/13232\/revisions\/13235"}],"wp:featuredmedia":[{"embeddable":true,"href":"https:\/\/semmelweis.hu\/hirek\/wp-json\/wp\/v2\/media\/13233"}],"wp:attachment":[{"href":"https:\/\/semmelweis.hu\/hirek\/wp-json\/wp\/v2\/media?parent=13232"}],"wp:term":[{"taxonomy":"category","embeddable":true,"href":"https:\/\/semmelweis.hu\/hirek\/wp-json\/wp\/v2\/categories?post=13232"},{"taxonomy":"post_tag","embeddable":true,"href":"https:\/\/semmelweis.hu\/hirek\/wp-json\/wp\/v2\/tags?post=13232"}],"curies":[{"name":"wp","href":"https:\/\/api.w.org\/{rel}","templated":true}]}}