{"id":131842,"date":"2023-10-11T06:00:16","date_gmt":"2023-10-11T04:00:16","guid":{"rendered":"https:\/\/semmelweis.hu\/hirek\/?p=131842"},"modified":"2023-10-10T09:19:41","modified_gmt":"2023-10-10T07:19:41","slug":"a-semmelweis-egyetem-szuleszno-hallgatoi-lettek-az-orszag-legjobbjai","status":"publish","type":"post","link":"https:\/\/semmelweis.hu\/hirek\/2023\/10\/11\/a-semmelweis-egyetem-szuleszno-hallgatoi-lettek-az-orszag-legjobbjai\/","title":{"rendered":"A Semmelweis Egyetem sz\u00fcl\u00e9szn\u0151 hallgat\u00f3i lettek az orsz\u00e1g legjobbjai"},"content":{"rendered":"<div class=\"lead\">A Semmelweis Egyetem sz\u00fcl\u00e9szn\u0151 hallgat\u00f3i nyert\u00e9k meg a m\u00e1sodik alkalommal megrendezett dr. Hugonnai Vilma Szakmai Eml\u00e9kversenyt. A sz\u00fcl\u00e9szn\u0151k\u00e9pz\u00e9sben r\u00e9sztvev\u0151 hallgat\u00f3k megm\u00e9rettet\u00e9s\u00e9re az orsz\u00e1g n\u00e9gy k\u00e9pz\u0151hely\u00e9r\u0151l \u00e9rkeztek leend\u0151 szakemberek, akik elm\u00e9leti \u00e9s gyakorlati feladatokon kereszt\u00fcl mutatt\u00e1k be tud\u00e1sukat a Semmelweis Egyetem Eg\u00e9szs\u00e9gtudom\u00e1nyi Kar\u00e1nak Sz\u00fcl\u00e9szeti \u00e9s N\u0151gy\u00f3gy\u00e1szati Klinikai Ismeretek Tansz\u00e9k\u00e9nek sz\u00fcl\u00e9szeti demonstr\u00e1ci\u00f3s \u00e9s szimul\u00e1ci\u00f3s termeiben. Honlapunknak a gy\u0151ztes csapat tagjai mes\u00e9ltek az \u00e9lm\u00e9nyekr\u0151l, valamint szem\u00e9lyes motiv\u00e1ci\u00f3ikr\u00f3l.<\/div>\n<p>A dr. Hugonnai Vilma sz\u00fclet\u00e9s\u00e9nek 176. \u00e9vfordul\u00f3ja tisztelet\u00e9re megrendezett dr. Hugonnai Vilma II. Szakmai Eml\u00e9kversenyen a Semmelweis Egyetem Eg\u00e9szs\u00e9gtudom\u00e1nyi Kar\u00e1nak negyed\u00e9ves sz\u00fcl\u00e9szn\u0151 hallgat\u00f3i \u2013 K\u00e1lm\u00e1n Dorka, St\u00e1bel Tamara, Stvorecz Zo\u00e9 \u00e9s Nagy Kamilla \u2013 kiemelked\u0151en teljes\u00edtettek, a f\u00fcggetlen szakmai zs\u0171ri d\u00f6nt\u00e9se alapj\u00e1n megnyert\u00e9k a versenyt, ezzel az orsz\u00e1g legjobbjai lettek legy\u0151zve a debreceni, p\u00e9csi \u00e9s gy\u0151ri egyetem csapatait. K\u00e1lm\u00e1n Dorka elmondta, a n\u00e9gyfordul\u00f3s megm\u00e9rettet\u00e9s sor\u00e1n egyebek mellett orvost\u00f6rt\u00e9neti k\u00e9rd\u00e9sekre kellett v\u00e1laszolniuk, fantomb\u00e1bukon tapint\u00e1sos vizsg\u00e1latot v\u00e9geztek, szitu\u00e1ci\u00f3s \u00e9s kommunik\u00e1ci\u00f3s feladatokat oldottak meg, valamint r\u00e9gi sz\u00fcl\u00e9sz szakkifejez\u00e9seket \u00e9rtelmeztek.<\/p>\n<p><a href=\"https:\/\/semmelweis.hu\/hirek\/files\/2023\/10\/BDG_5638-scaled.jpg\"><img loading=\"lazy\" decoding=\"async\" class=\"aligncenter size-full wp-image-131843\" src=\"https:\/\/semmelweis.hu\/hirek\/files\/2023\/10\/BDG_5638-scaled.jpg\" alt=\"\" width=\"2560\" height=\"1829\" srcset=\"https:\/\/semmelweis.hu\/hirek\/files\/2023\/10\/BDG_5638-scaled.jpg 2560w, https:\/\/semmelweis.hu\/hirek\/files\/2023\/10\/BDG_5638-400x286.jpg 400w, https:\/\/semmelweis.hu\/hirek\/files\/2023\/10\/BDG_5638-900x643.jpg 900w, https:\/\/semmelweis.hu\/hirek\/files\/2023\/10\/BDG_5638-768x549.jpg 768w, https:\/\/semmelweis.hu\/hirek\/files\/2023\/10\/BDG_5638-1536x1097.jpg 1536w, https:\/\/semmelweis.hu\/hirek\/files\/2023\/10\/BDG_5638-2048x1463.jpg 2048w, https:\/\/semmelweis.hu\/hirek\/files\/2023\/10\/BDG_5638-753x538.jpg 753w\" sizes=\"auto, (max-width: 2560px) 100vw, 2560px\" \/><\/a>\u201eSzeptember eleje \u00f3ta intenz\u00edven k\u00e9sz\u00fclt\u00fcnk a versenyre \u2013 veszi \u00e1t a sz\u00f3t Nagy Kamilla, hangs\u00falyozva, hogy a felk\u00e9sz\u00fcl\u00e9s sor\u00e1n sz\u00e1mos k\u00f6nyvet \u00e9s \u00fajs\u00e1gcikket olvastak el. \u201eFelosztottuk egym\u00e1s k\u00f6z\u00f6tt a feladatokat, megbesz\u00e9lt\u00fck, hogy ki mit olvasson el, melyik t\u00e9mak\u00f6rre er\u0151s\u00edtsen r\u00e1\u201d \u2013 mes\u00e9li. D\u00e9lut\u00e1nonk\u00e9nt, illetve est\u00e9nk\u00e9nt Zoom-on konzult\u00e1ltunk felk\u00e9sz\u00edt\u0151 tan\u00e1runkkal, Lipienn\u00e9 dr. Kr\u00e9mer Ibolya adjunktus asszonnyal. A felk\u00e9sz\u00edt\u00e9sben dr. Rig\u00f3 J\u00e1nos tansz\u00e9kvezet\u0151 egyetemi tan\u00e1r is r\u00e9szt vett, mindkett\u0151j\u00fcknek nagyon sokat k\u00f6sz\u00f6nhet\u00fcnk \u2013 mondta Nagy Kamilla.<\/p>\n<p>Mind a n\u00e9gyen egyet\u00e9rtettek abban, hogy kiv\u00e1l\u00f3 tapasztalatszerz\u00e9si lehet\u0151s\u00e9g volt sz\u00e1mukra ez a megm\u00e9rettet\u00e9s, rengeteget tanultak \u00e9s fejl\u0151dtek, a tud\u00e1s \u00e9s a felk\u00e9sz\u00fclts\u00e9g\u00fck bemutat\u00e1sa mellett megtanultak csapatban dolgozni, ami ebben a szakm\u00e1ban kulcsfontoss\u00e1g\u00fa. Kiemelt\u00e9k azt is, hogy k\u00fcl\u00f6n-k\u00fcl\u00f6n mindenki egy \u00e1tfog\u00f3 alaptud\u00e1ssal indult neki a kih\u00edv\u00e1snak, de a gy\u0151zelemhez sz\u00fcks\u00e9g volt az egy\u00fctt gondolkod\u00e1s erej\u00e9re. \u201eMegtiszteltet\u00e9s volt a Semmelweis Egyetemet k\u00e9pviselni, nagyon b\u00fcszke vagyok a csapatomra\u201d \u2013 emelte ki Stvorecz Zo\u00e9, aki megosztotta azt is, hogy ez a megm\u00e9rettet\u00e9s hozta \u00f6ssze \u0151ket, kor\u00e1bban csak l\u00e1t\u00e1sb\u00f3l ismert\u00e9k egym\u00e1st a csapat tagjai, de m\u00e1ra m\u00e1r igazi bar\u00e1ts\u00e1g alakult ki k\u00f6zt\u00fck.<\/p>\n\r\n        [slb_exclude]\r\n        <div class=\"row galeria-wrapper mx-0 h-auto\">\r\n            <div class=\"col-9 pl-0 pr-2\">\r\n            <span class=\"gallery-item frame\">\r\n\t\t\t\t<div class=\"galeria-left-img\"><a href=\"https:\/\/semmelweis.hu\/hirek\/files\/2023\/10\/RS182065_GV5A9616-scr.jpg\"><img src=https:\/\/semmelweis.hu\/hirek\/files\/2023\/10\/RS182065_GV5A9616-scr.jpg  \r\n                            alt=\"\" \r\n                            class=\"attachment-sote-gallery-big size-sote-gallery-big\" \r\n                            srcset=\"https:\/\/semmelweis.hu\/hirek\/files\/2023\/10\/RS182065_GV5A9616-scr-400x267.jpg 400w, https:\/\/semmelweis.hu\/hirek\/files\/2023\/10\/RS182065_GV5A9616-scr-900x600.jpg 900w, https:\/\/semmelweis.hu\/hirek\/files\/2023\/10\/RS182065_GV5A9616-scr-768x512.jpg 768w, https:\/\/semmelweis.hu\/hirek\/files\/2023\/10\/RS182065_GV5A9616-scr-753x502.jpg 753w, https:\/\/semmelweis.hu\/hirek\/files\/2023\/10\/RS182065_GV5A9616-scr-203x135.jpg 203w, https:\/\/semmelweis.hu\/hirek\/files\/2023\/10\/RS182065_GV5A9616-scr.jpg 1200w\" ><\/a><\/div>\r\n            <\/span>\r\n\r\n            <\/div>\r\n\r\n\t\t\t<div class=\"col-3 pl-0 pr-0\">\r\n\t\t\t\t<div class=\"galeria-right-img d-flex justify-content-between flex-column h-100 w-100 px-0 mx-0 \">\r\n                <div class=\"galeria-box\">\r\n\t\t\t\t\t<h3 class=\"galeria-title\">Gal\u00e9ria<\/h3>\r\n\t\t\t\t\t<div class=\"galeria-subtitle\">\r\n\r\n\t\t\t\t\t\t<div class=\"galeria-page-counter\"><span>7<\/span>k\u00e9p<\/div>\r\n                    <\/div> <\/div>\r\n                    <span class=\"gallery-item frame d-none d-md-flex\">\r\n\t\t\t\t\t<div class=\"galeria-small-img mt-0\"><a href=\"https:\/\/semmelweis.hu\/hirek\/files\/2023\/10\/BDG_5585-scaled.jpg\"><img src=https:\/\/semmelweis.hu\/hirek\/files\/2023\/10\/BDG_5585-scaled.jpg \r\n                                alt=\"\"  \r\n                                class=\"attachment-sote-gallery-small size-sote-gallery-small\" \r\n                                srcset=\"https:\/\/semmelweis.hu\/hirek\/files\/2023\/10\/BDG_5585-400x267.jpg 400w, https:\/\/semmelweis.hu\/hirek\/files\/2023\/10\/BDG_5585-900x600.jpg 900w, https:\/\/semmelweis.hu\/hirek\/files\/2023\/10\/BDG_5585-768x512.jpg 768w, https:\/\/semmelweis.hu\/hirek\/files\/2023\/10\/BDG_5585-1536x1024.jpg 1536w, https:\/\/semmelweis.hu\/hirek\/files\/2023\/10\/BDG_5585-2048x1365.jpg 2048w, https:\/\/semmelweis.hu\/hirek\/files\/2023\/10\/BDG_5585-753x502.jpg 753w, https:\/\/semmelweis.hu\/hirek\/files\/2023\/10\/BDG_5585-203x135.jpg 203w\" ><\/a><\/div>\r\n                    <\/span>\r\n                    <span class=\"gallery-item frame d-none d-md-flex\">\r\n\t\t\t\t\t<div class=\"galeria-small-img mt-0\"><a href=\"https:\/\/semmelweis.hu\/hirek\/files\/2023\/10\/BDG_5452-scaled.jpg\"><img src=https:\/\/semmelweis.hu\/hirek\/files\/2023\/10\/BDG_5452-scaled.jpg \r\n                                alt=\"\" \r\n                                class=\"attachment-sote-gallery-small size-sote-gallery-small\" \r\n                                srcset=\"https:\/\/semmelweis.hu\/hirek\/files\/2023\/10\/BDG_5452-400x267.jpg 400w, https:\/\/semmelweis.hu\/hirek\/files\/2023\/10\/BDG_5452-900x600.jpg 900w, https:\/\/semmelweis.hu\/hirek\/files\/2023\/10\/BDG_5452-768x512.jpg 768w, https:\/\/semmelweis.hu\/hirek\/files\/2023\/10\/BDG_5452-1536x1024.jpg 1536w, https:\/\/semmelweis.hu\/hirek\/files\/2023\/10\/BDG_5452-2048x1365.jpg 2048w, https:\/\/semmelweis.hu\/hirek\/files\/2023\/10\/BDG_5452-753x502.jpg 753w, https:\/\/semmelweis.hu\/hirek\/files\/2023\/10\/BDG_5452-203x135.jpg 203w\" ><\/a><\/div>\r\n                    <\/span>\r\n\r\n                <\/div>\r\n\r\n            <\/div>\r\n\r\n            <span class=\"gallery-item\"><div class=\"hidden\"><a href=\"https:\/\/semmelweis.hu\/hirek\/files\/2023\/10\/RS182068_GV5A9643-scr.jpg\">\r\n        <img src=https:\/\/semmelweis.hu\/hirek\/files\/2023\/10\/RS182068_GV5A9643-scr.jpg alt=\"\" class=\"attachment-sote-gallery-big size-sote-gallery-big\" srcset=\"https:\/\/semmelweis.hu\/hirek\/files\/2023\/10\/RS182068_GV5A9643-scr-267x400.jpg 267w, https:\/\/semmelweis.hu\/hirek\/files\/2023\/10\/RS182068_GV5A9643-scr-533x800.jpg 533w, https:\/\/semmelweis.hu\/hirek\/files\/2023\/10\/RS182068_GV5A9643-scr.jpg 600w\" >\r\n        <\/a><\/div><\/span><span class=\"gallery-item\"><div class=\"hidden\"><a href=\"https:\/\/semmelweis.hu\/hirek\/files\/2023\/10\/RS182076_GV5A9689-scr.jpg\">\r\n        <img src=https:\/\/semmelweis.hu\/hirek\/files\/2023\/10\/RS182076_GV5A9689-scr.jpg alt=\"\" class=\"attachment-sote-gallery-big size-sote-gallery-big\" srcset=\"https:\/\/semmelweis.hu\/hirek\/files\/2023\/10\/RS182076_GV5A9689-scr-267x400.jpg 267w, https:\/\/semmelweis.hu\/hirek\/files\/2023\/10\/RS182076_GV5A9689-scr-533x800.jpg 533w, https:\/\/semmelweis.hu\/hirek\/files\/2023\/10\/RS182076_GV5A9689-scr.jpg 600w\" >\r\n        <\/a><\/div><\/span><span class=\"gallery-item\"><div class=\"hidden\"><a href=\"https:\/\/semmelweis.hu\/hirek\/files\/2023\/10\/RS182074_GV5A9682-scr.jpg\">\r\n        <img src=https:\/\/semmelweis.hu\/hirek\/files\/2023\/10\/RS182074_GV5A9682-scr.jpg alt=\"\" class=\"attachment-sote-gallery-big size-sote-gallery-big\" srcset=\"https:\/\/semmelweis.hu\/hirek\/files\/2023\/10\/RS182074_GV5A9682-scr-267x400.jpg 267w, https:\/\/semmelweis.hu\/hirek\/files\/2023\/10\/RS182074_GV5A9682-scr-533x800.jpg 533w, https:\/\/semmelweis.hu\/hirek\/files\/2023\/10\/RS182074_GV5A9682-scr.jpg 600w\" >\r\n        <\/a><\/div><\/span><span class=\"gallery-item\"><div class=\"hidden\"><a href=\"https:\/\/semmelweis.hu\/hirek\/files\/2023\/10\/RS182072_GV5A9671-scr.jpg\">\r\n        <img src=https:\/\/semmelweis.hu\/hirek\/files\/2023\/10\/RS182072_GV5A9671-scr.jpg alt=\"\" class=\"attachment-sote-gallery-big size-sote-gallery-big\" srcset=\"https:\/\/semmelweis.hu\/hirek\/files\/2023\/10\/RS182072_GV5A9671-scr-267x400.jpg 267w, https:\/\/semmelweis.hu\/hirek\/files\/2023\/10\/RS182072_GV5A9671-scr-533x800.jpg 533w, https:\/\/semmelweis.hu\/hirek\/files\/2023\/10\/RS182072_GV5A9671-scr.jpg 600w\" >\r\n        <\/a><\/div><\/span>\r\n            <\/div>\r\n\r\n            [\/slb_exclude]\r\n\t\n<p>Lipienn\u00e9 dr. Kr\u00e9mer Ibolya elmondta, a felk\u00e9sz\u00fcl\u00e9s sor\u00e1n neh\u00e9zs\u00e9get jelentett, hogy a verseny egyik k\u00f6zponti t\u00e9m\u00e1ja a b\u00e1bas\u00e1gt\u00f6rt\u00e9net volt, ami \u00f6nmag\u00e1ban is nagy m\u00faltat \u00f6lel fel. \u201eNem tudtuk el\u0151re, hogy a verseny bizonyos \u00e1llom\u00e1sain mi lesz a feladat, \u00edgy nagyon sz\u00e9les k\u00f6rben kellett mozognunk\u201d \u2013 fogalmazott. \u201eB\u00fcszke vagyok a hallgat\u00f3imra, hogy ilyen sz\u00e9pen helyt \u00e1lltak, a szimul\u00e1ci\u00f3s feladat sem okozott gondot sz\u00e1mukra. A n\u00e9gy \u00e9ves elm\u00e9leti k\u00e9pz\u00e9s \u00e9s a nagyon magas gyakorlati \u00f3rasz\u00e1mok meghozt\u00e1k az eredm\u00e9nyt \u2013 f\u0171zte hozz\u00e1.<\/p>\n<p>A hallgat\u00f3k mes\u00e9ltek arr\u00f3l is, hogy kit milyen szem\u00e9lyes motiv\u00e1ci\u00f3 hajtott a p\u00e1lyav\u00e1laszt\u00e1sban. Nagy Kamilla m\u00e1r 16 \u00e9ves kora \u00f3ta tudja, hogy sz\u00fcl\u00e9szn\u0151 szeretne lenni, mindezt egy sz\u00fcl\u00e9svide\u00f3 hat\u00e1s\u00e1ra. \u201eAmint jobban ut\u00e1na n\u00e9ztem a sz\u00fcl\u00e9szn\u0151i feladatoknak, r\u00f6gt\u00f6n tudtam, hogy ez lesz az \u00e9n hivat\u00e1som, ami azt\u00e1n a gyakorlatok alatt csak m\u00e9g jobban feler\u0151s\u00f6d\u00f6tt bennem. Nagyon felemel\u0151 \u00e9rz\u00e9s ott lenni egy kisbaba \u00e9s vele egy\u00fctt egy csal\u00e1d megsz\u00fclet\u00e9s\u00e9n\u00e9l\u201d \u2013 vallja.\u00a0 A gyakorlaton \u00e9s k\u00e9s\u0151bbi munk\u00e1ja sor\u00e1n is c\u00e9lja a n\u0151k seg\u00edt\u00e9se \u00e9s pozit\u00edv sz\u00fcl\u00e9s\u00e9lm\u00e9ny ny\u00fajt\u00e1sa.<\/p>\n<p><a href=\"https:\/\/semmelweis.hu\/hirek\/files\/2023\/10\/BDG_5663-scaled.jpg\"><img loading=\"lazy\" decoding=\"async\" class=\"aligncenter size-full wp-image-131849\" src=\"https:\/\/semmelweis.hu\/hirek\/files\/2023\/10\/BDG_5663-scaled.jpg\" alt=\"\" width=\"2560\" height=\"1707\" srcset=\"https:\/\/semmelweis.hu\/hirek\/files\/2023\/10\/BDG_5663-scaled.jpg 2560w, https:\/\/semmelweis.hu\/hirek\/files\/2023\/10\/BDG_5663-400x267.jpg 400w, https:\/\/semmelweis.hu\/hirek\/files\/2023\/10\/BDG_5663-900x600.jpg 900w, https:\/\/semmelweis.hu\/hirek\/files\/2023\/10\/BDG_5663-768x512.jpg 768w, https:\/\/semmelweis.hu\/hirek\/files\/2023\/10\/BDG_5663-1536x1024.jpg 1536w, https:\/\/semmelweis.hu\/hirek\/files\/2023\/10\/BDG_5663-2048x1365.jpg 2048w, https:\/\/semmelweis.hu\/hirek\/files\/2023\/10\/BDG_5663-753x502.jpg 753w, https:\/\/semmelweis.hu\/hirek\/files\/2023\/10\/BDG_5663-203x135.jpg 203w\" sizes=\"auto, (max-width: 2560px) 100vw, 2560px\" \/><\/a>St\u00e1bel Tamara csal\u00e1dj\u00e1ban anyai \u00e1gon mindenki eg\u00e9szs\u00e9g\u00fcgyben dolgozott, \u00edgy nem volt k\u00e9rd\u00e9s sz\u00e1m\u00e1ra, hogy \u0151 is ezt szeretn\u00e9 k\u00f6vetni. Gyerekkor\u00e1ban sokat betegeskedett, ez\u00e9rt a k\u00f3rh\u00e1zra mindig is egyfajta m\u00e1sodik otthonak\u00e9nt tekintett. \u201eGyerekkoromban a V\u00e9szhelyzeten szocializ\u00e1l\u00f3dtam, az volt az esti mes\u00e9m\u201d \u2013 mondja nevetve. Legf\u0151bb c\u00e9lja munk\u00e1ja sor\u00e1n, hogy a n\u00e1la sz\u00fcl\u0151 kismam\u00e1knak pozit\u00edv \u00e9s \u00f6r\u00f6mteli \u00e9lm\u00e9nyben legyen r\u00e9sz\u00fck.<\/p>\n<p>K\u00e1lm\u00e1n Dorka mindig tudta, hogy az eg\u00e9szs\u00e9g\u00fcgyben szeretne dolgozni, de ezen bel\u00fcl az ir\u00e1nyt csak a gimn\u00e1zium utols\u00f3 \u00e9v\u00e9ben d\u00f6nt\u00f6tte el. Gondolkodott az \u00e1pol\u00f3i p\u00e1ly\u00e1n is, de v\u00e9g\u00fcl az ETK ny\u00edlt napj\u00e1n k\u00f6telezte el mag\u00e1t a sz\u00fcl\u00e9szn\u0151 szakir\u00e1ny mellett. Meghat\u00e1roz\u00f3 \u00e9lm\u00e9nyk\u00e9nt id\u00e9zte fel az els\u0151 sz\u00fcl\u00e9st, amin ott lehetett: \u201eekkor tudatosult bennem igaz\u00e1n, hogy j\u00f3l v\u00e1lasztottam. A sz\u00fcl\u00e9s a n\u0151k sz\u00e1m\u00e1ra egy \u00e9letre sz\u00f3l\u00f3 \u00e9lm\u00e9ny, ebben szeretn\u00e9m \u0151ket t\u00e1mogatni, hogy min\u00e9l pozit\u00edvabban \u00e9lj\u00e9k meg\u201d \u2013 fogalmazott.<\/p>\n<p>Stvorecz Zo\u00e9 eredetileg magyar-t\u00f6rt\u00e9nelem szakos tan\u00e1rnak k\u00e9sz\u00fclt, \u00e1m a gimn\u00e1zium utols\u00f3 \u00e9v\u00e9ben v\u00e9letlen\u00fcl tal\u00e1lt r\u00e1 a sz\u00fcl\u00e9szn\u0151i szakm\u00e1ra, ami r\u00f6gt\u00f6n mag\u00e1val ragadta. Sz\u00e1m\u00e1ra is maradand\u00f3 eml\u00e9k az els\u0151 sz\u00fcl\u00e9s, amit v\u00e9gign\u00e9zhetett, meg is k\u00f6nnyezte. A gyakorlati id\u0151szaka alatt j\u00f6tt r\u00e1, hogy mennyire szeret az \u00fajsz\u00fcl\u00f6ttekkel foglalkozni, ez\u00e9rt a diploma megszerz\u00e9se ut\u00e1n tervei k\u00f6z\u00f6tt szerepel ez ir\u00e1nyban is tov\u00e1bb tanulni.<\/p>\n<p>Az orsz\u00e1gos versenyt dr. Rig\u00f3 J\u00e1nos tansz\u00e9kvezet\u0151 egyetemi tan\u00e1r nyitotta meg, k\u00f6sz\u00f6nt\u0151t mondott dr. Szab\u00f3 Attila klinikai rektorhelyettes, dr. Gad\u00f3 Kl\u00e1ra, az ETK \u00e1ltal\u00e1nos d\u00e9k\u00e1nhelyettese, dr. Balogh Zolt\u00e1n, az ETK d\u00e9k\u00e1nhelyettese, a Magyar Eg\u00e9szs\u00e9g\u00fcgyi Szakdolgoz\u00f3i Kamara eln\u00f6ke, V\u00e1rfalvi Marianna, a Magyar V\u00e9d\u0151n\u0151k Szakmai Sz\u00f6vets\u00e9g\u00e9nek eln\u00f6ke, valamint dr. Hornung \u00c1gnes csal\u00e1dok\u00e9rt felel\u0151s \u00e1llamtitk\u00e1r.<\/p>\n<p>B\u00f3di Bernadett<br \/>\nFot\u00f3: Kov\u00e1cs Attila \u2013 Semmelweis Egyetem, Bod\u00f3 G\u00e1bor \u2013 Kultur\u00e1lis \u00e9s Innov\u00e1ci\u00f3s Miniszt\u00e9rium<\/p>\n","protected":false},"excerpt":{"rendered":"<p>A Dr. Hugonnai Vilma Szakmai Eml\u00e9kversenyt m\u00e1sodik alkalommal rendezt\u00e9k meg.<\/p>\n","protected":false},"author":101282,"featured_media":131854,"comment_status":"closed","ping_status":"closed","sticky":false,"template":"","format":"standard","meta":{"_acf_changed":false,"footnotes":""},"categories":[3533,168],"tags":[],"class_list":["post-131842","post","type-post","status-publish","format-standard","has-post-thumbnail","hentry","category-hallgatok-oktatas","category-kiemelt"],"acf":[],"_links":{"self":[{"href":"https:\/\/semmelweis.hu\/hirek\/wp-json\/wp\/v2\/posts\/131842","targetHints":{"allow":["GET"]}}],"collection":[{"href":"https:\/\/semmelweis.hu\/hirek\/wp-json\/wp\/v2\/posts"}],"about":[{"href":"https:\/\/semmelweis.hu\/hirek\/wp-json\/wp\/v2\/types\/post"}],"author":[{"embeddable":true,"href":"https:\/\/semmelweis.hu\/hirek\/wp-json\/wp\/v2\/users\/101282"}],"replies":[{"embeddable":true,"href":"https:\/\/semmelweis.hu\/hirek\/wp-json\/wp\/v2\/comments?post=131842"}],"version-history":[{"count":8,"href":"https:\/\/semmelweis.hu\/hirek\/wp-json\/wp\/v2\/posts\/131842\/revisions"}],"predecessor-version":[{"id":132065,"href":"https:\/\/semmelweis.hu\/hirek\/wp-json\/wp\/v2\/posts\/131842\/revisions\/132065"}],"wp:featuredmedia":[{"embeddable":true,"href":"https:\/\/semmelweis.hu\/hirek\/wp-json\/wp\/v2\/media\/131854"}],"wp:attachment":[{"href":"https:\/\/semmelweis.hu\/hirek\/wp-json\/wp\/v2\/media?parent=131842"}],"wp:term":[{"taxonomy":"category","embeddable":true,"href":"https:\/\/semmelweis.hu\/hirek\/wp-json\/wp\/v2\/categories?post=131842"},{"taxonomy":"post_tag","embeddable":true,"href":"https:\/\/semmelweis.hu\/hirek\/wp-json\/wp\/v2\/tags?post=131842"}],"curies":[{"name":"wp","href":"https:\/\/api.w.org\/{rel}","templated":true}]}}