{"id":13159,"date":"2012-10-05T07:40:31","date_gmt":"2012-10-05T07:40:31","guid":{"rendered":"http:\/\/semmelweis-egyetem.hu\/hirek\/?p=13159"},"modified":"2012-10-08T06:32:24","modified_gmt":"2012-10-08T06:32:24","slug":"amerikai-osztondij-dr-gyorffy-balazsnak","status":"publish","type":"post","link":"https:\/\/semmelweis.hu\/hirek\/2012\/10\/05\/amerikai-osztondij-dr-gyorffy-balazsnak\/","title":{"rendered":"Amerikai \u00f6szt\u00f6nd\u00edj dr. Gy\u0151rffy Bal\u00e1zsnak"},"content":{"rendered":"<p><a href=\"https:\/\/semmelweis.hu\/hirek\/files\/2012\/10\/brinker_award2012_500.jpg\"><img loading=\"lazy\" decoding=\"async\" class=\"alignleft size-medium wp-image-13160\" title=\"brinker_award2012_500\" src=\"https:\/\/semmelweis.hu\/hirek\/files\/2012\/10\/brinker_award2012_500-258x300.jpg\" alt=\"\" width=\"258\" height=\"300\" srcset=\"https:\/\/semmelweis.hu\/hirek\/files\/2012\/10\/brinker_award2012_500-258x300.jpg 258w, https:\/\/semmelweis.hu\/hirek\/files\/2012\/10\/brinker_award2012_500-344x400.jpg 344w, https:\/\/semmelweis.hu\/hirek\/files\/2012\/10\/brinker_award2012_500.jpg 430w\" sizes=\"auto, (max-width: 258px) 100vw, 258px\" \/><\/a>Dr. Gy\u0151rffy Bal\u00e1zs, a Magyar Tudom\u00e1nyos Akad\u00e9mia \u00e9s a Semmelweis Egyetem k\u00f6z\u00f6s kutat\u00f3csoportj\u00e1nak vezet\u0151je vehette \u00e1t a Nancy G. Brinker Nagyk\u00f6veti \u00d6szt\u00f6nd\u00edjat a Konferencia a n\u0151i eg\u00e9szs\u00e9gr\u0151l \u2013 az eml\u0151 eg\u00e9szs\u00e9g\u00e9r\u0151l 2012 c\u00edm\u0171 orsz\u00e1gos mellr\u00e1kellenes konferenci\u00e1n Budapesten. A rendezv\u00e9nyen Eleni Tsakopoulos Kounalakis amerikai nagyk\u00f6vet adta \u00e1t az \u00f6szt\u00f6nd\u00edjat, amelyet a Nancy G. Brinker a kor\u00e1bbi amerikai nagyk\u00f6vet \u00e1ltal l\u00e9trehozott nemzetk\u00f6zi eml\u0151r\u00e1kellenes alap\u00edtv\u00e1ny hirdetett meg, imm\u00e1r harmadik alkalommal.<\/p>\n<p><a href=\"https:\/\/semmelweis.hu\/hirek\/2012\/02\/29\/uj-online-technologia-segitheti-az-emlorakos-betegek-kezeleset\/\">Gy\u0151rffy Bal\u00e1zs<\/a> kutat\u00e1si ter\u00fclete a szem\u00e9lyre szabott eml\u0151r\u00e1kkezel\u00e9s. Az \u00f6szt\u00f6nd\u00edj lehet\u0151s\u00e9get teremt arra, hogy r\u00e9szt vegyen az idei San Antoni\u00f3-i Eml\u0151r\u00e1k Szimp\u00f3ziumon, naprak\u00e9sz inform\u00e1ci\u00f3kat szerezhessen az eml\u0151r\u00e1k kutat\u00e1sr\u00f3l \u00e9s a betegs\u00e9ggel kapcsolatos leg\u00fajabb gy\u00f3gym\u00f3dokr\u00f3l.<\/p>\n<p>T-Sz.Sz.<\/p>\n<p>Forr\u00e1s: mti.hu<br \/>\nFot\u00f3: U.S. Embassy Budapest\/N\u00e9meth Attila<\/p>\n","protected":false},"excerpt":{"rendered":"<p><a href=\"https:\/\/semmelweis.hu\/hirek\/files\/2012\/10\/brinker_award2012_500.jpg\"><\/a> Dr. Gy\u0151rffy Bal\u00e1zs, a Magyar Tudom\u00e1nyos Akad\u00e9mia \u00e9s a Semmelweis Egyetem k\u00f6z\u00f6s kutat\u00f3csoportj\u00e1nak vezet\u0151je vehette \u00e1t a Nancy G. Brinker Nagyk\u00f6veti \u00d6szt\u00f6nd\u00edjat a Konferencia a n\u0151i eg\u00e9szs\u00e9gr\u0151l \u2013 az eml\u0151 eg\u00e9szs\u00e9g\u00e9r\u0151l 2012 c\u00edm\u0171 orsz\u00e1gos mellr\u00e1kellenes konferenci\u00e1n Budapesten. A rendezv\u00e9nyen Eleni Tsakopoulos Kounalakis amerikai nagyk\u00f6vet adta \u00e1t az \u00f6szt\u00f6nd\u00edjat, amelyet a Nancy G. Brinker a kor\u00e1bbi &hellip;<\/p>\n","protected":false},"author":11,"featured_media":13162,"comment_status":"closed","ping_status":"open","sticky":false,"template":"","format":"standard","meta":{"_acf_changed":false,"footnotes":""},"categories":[161,168],"tags":[188],"class_list":["post-13159","post","type-post","status-publish","format-standard","has-post-thumbnail","hentry","category-tudomany","category-kiemelt","tag-tudomanyos-hirek-rendezvenyek"],"acf":[],"_links":{"self":[{"href":"https:\/\/semmelweis.hu\/hirek\/wp-json\/wp\/v2\/posts\/13159","targetHints":{"allow":["GET"]}}],"collection":[{"href":"https:\/\/semmelweis.hu\/hirek\/wp-json\/wp\/v2\/posts"}],"about":[{"href":"https:\/\/semmelweis.hu\/hirek\/wp-json\/wp\/v2\/types\/post"}],"author":[{"embeddable":true,"href":"https:\/\/semmelweis.hu\/hirek\/wp-json\/wp\/v2\/users\/11"}],"replies":[{"embeddable":true,"href":"https:\/\/semmelweis.hu\/hirek\/wp-json\/wp\/v2\/comments?post=13159"}],"version-history":[{"count":1,"href":"https:\/\/semmelweis.hu\/hirek\/wp-json\/wp\/v2\/posts\/13159\/revisions"}],"predecessor-version":[{"id":13161,"href":"https:\/\/semmelweis.hu\/hirek\/wp-json\/wp\/v2\/posts\/13159\/revisions\/13161"}],"wp:featuredmedia":[{"embeddable":true,"href":"https:\/\/semmelweis.hu\/hirek\/wp-json\/wp\/v2\/media\/13162"}],"wp:attachment":[{"href":"https:\/\/semmelweis.hu\/hirek\/wp-json\/wp\/v2\/media?parent=13159"}],"wp:term":[{"taxonomy":"category","embeddable":true,"href":"https:\/\/semmelweis.hu\/hirek\/wp-json\/wp\/v2\/categories?post=13159"},{"taxonomy":"post_tag","embeddable":true,"href":"https:\/\/semmelweis.hu\/hirek\/wp-json\/wp\/v2\/tags?post=13159"}],"curies":[{"name":"wp","href":"https:\/\/api.w.org\/{rel}","templated":true}]}}