{"id":13041,"date":"2012-09-28T06:07:40","date_gmt":"2012-09-28T06:07:40","guid":{"rendered":"http:\/\/semmelweis-egyetem.hu\/hirek\/?p=13041"},"modified":"2015-05-08T11:43:50","modified_gmt":"2015-05-08T09:43:50","slug":"az-innovaciora-es-a-kutatas-fejlesztesre-fokuszal-az-idei-informatio-scientifica-informatio-medicata","status":"publish","type":"post","link":"https:\/\/semmelweis.hu\/hirek\/2012\/09\/28\/az-innovaciora-es-a-kutatas-fejlesztesre-fokuszal-az-idei-informatio-scientifica-informatio-medicata\/","title":{"rendered":"Innov\u00e1ci\u00f3 \u00e9s kutat\u00e1s-fejleszt\u00e9s: Informatio Scientifica \u2013 Informatio Medicata kilencedszer"},"content":{"rendered":"<p>Kilencedik alkalommal rendezt\u00e9k meg az Informatio Scientifica \u2013 Informatio Medicata konferenci\u00e1t az Egyetemi K\u00f6nyvt\u00e1rigazgat\u00f3k Koll\u00e9giuma, a Semmelweis Egyetem K\u00f6zponti K\u00f6nyvt\u00e1ra \u00e9s a Magyar Orvosi K\u00f6nyvt\u00e1rak Sz\u00f6vets\u00e9ge (MOKSZ) szervez\u00e9s\u00e9ben. A nyit\u00f3 plen\u00e1ris \u00fcl\u00e9sen dr. Sz\u00e9l \u00c1goston, a Semmelweis Egyetem rektora k\u00f6sz\u00f6nt\u00f6tte a r\u00e9sztvev\u0151ket, aki a k\u00f6nyvt\u00e1r \u00e9s a k\u00f6nyvt\u00e1rosok szerep\u00e9nek v\u00e1ltoz\u00e1s\u00e1ra h\u00edvta fel a figyelmet.<\/p>\n<p><a href=\"https:\/\/semmelweis.hu\/hirek\/files\/2012\/09\/konyvtar-1.jpg\"><img loading=\"lazy\" decoding=\"async\" class=\"alignleft size-medium wp-image-13044\" title=\"konyvtar 1\" src=\"https:\/\/semmelweis.hu\/hirek\/files\/2012\/09\/konyvtar-1-300x199.jpg\" alt=\"\" width=\"300\" height=\"199\" srcset=\"https:\/\/semmelweis.hu\/hirek\/files\/2012\/09\/konyvtar-1-300x199.jpg 300w, https:\/\/semmelweis.hu\/hirek\/files\/2012\/09\/konyvtar-1-600x400.jpg 600w, https:\/\/semmelweis.hu\/hirek\/files\/2012\/09\/konyvtar-1.jpg 800w\" sizes=\"auto, (max-width: 300px) 100vw, 300px\" \/><\/a>Mint visszaeml\u00e9kezett, kezd\u0151 oktat\u00f3k\u00e9nt, a nyolcvanas \u00e9vekben, a lapok, foly\u00f3iratok olvas\u00e1sa v\u00e9gett j\u00e1rt a k\u00f6nyvt\u00e1rba. \u201eAhogy a k\u00f6nyvt\u00e1ros behozta a friss lapokat, lecsaptak r\u00e1juk az \u00e9rdekl\u0151d\u0151k. \u00c9n magam \u00f3r\u00e1kat t\u00f6lt\u00f6ttem azzal, hogy a kutat\u00f3munk\u00e1mhoz sz\u00fcks\u00e9ges inform\u00e1ci\u00f3kat kartonlapokra jegyzeteljem\u201d \u2013 mondta a rektor. Az inform\u00e1ci\u00f3 ma m\u00e1r eg\u00e9szen m\u00e1s form\u00e1ban ker\u00fcl el\u00e9nk, nem a pap\u00edralap\u00fa foly\u00f3iratok \u00e9s a k\u00f6nyvek jelentik a f\u0151 forr\u00e1st, hanem az elektronikusan hozz\u00e1f\u00e9rhet\u0151 dokumentumok. A k\u00f6nyvt\u00e1ros pedig, aki harminc \u00e9ve els\u0151sorban kiszolg\u00e1l\u00f3 szerepet t\u00f6lt\u00f6tt be a kutat\u00f3k \u00e9let\u00e9ben, ma m\u00e1r az inform\u00e1ci\u00f3 prezent\u00e1l\u00e1s\u00e1ban is seg\u00edt \u2013 fogalmazott dr. Sz\u00e9l \u00c1goston.<\/p>\n<p><a href=\"https:\/\/semmelweis.hu\/hirek\/files\/2012\/09\/k\u00f6nyvt\u00e1s-2.jpg\"><img loading=\"lazy\" decoding=\"async\" class=\"alignright size-medium wp-image-13047\" title=\"k\u00f6nyvt\u00e1s 2\" src=\"https:\/\/semmelweis.hu\/hirek\/files\/2012\/09\/k\u00f6nyvt\u00e1s-2-300x199.jpg\" alt=\"\" width=\"300\" height=\"199\" srcset=\"https:\/\/semmelweis.hu\/hirek\/files\/2012\/09\/k\u00f6nyvt\u00e1s-2-300x199.jpg 300w, https:\/\/semmelweis.hu\/hirek\/files\/2012\/09\/k\u00f6nyvt\u00e1s-2-600x400.jpg 600w, https:\/\/semmelweis.hu\/hirek\/files\/2012\/09\/k\u00f6nyvt\u00e1s-2.jpg 800w\" sizes=\"auto, (max-width: 300px) 100vw, 300px\" \/><\/a>Az idei konferencia kiemelt t\u00e9m\u00e1ja az innov\u00e1ci\u00f3 \u00e9s a kutat\u00e1s-fejleszt\u00e9s. Dr. Vasas L\u00edvia, a Semmelweis Egyetem K\u00f6zponti K\u00f6nyvt\u00e1r\u00e1nak f\u0151igazgat\u00f3ja, a MOKSZ eln\u00f6ke a rendezv\u00e9ny programf\u00fczet\u00e9ben olvashat\u00f3 k\u00f6sz\u00f6nt\u0151j\u00e9ben ezt azzal indokolta, hogy az innovat\u00edv gondolkod\u00e1sm\u00f3d \u00e9s az ebb\u0151l fakad\u00f3 int\u00e9zked\u00e9sek, fejleszt\u00e9sek int\u00e9zm\u00e9nyi szinten k\u00fcl\u00f6n\u00f6sen fontosak; ez az egyetlen biztos m\u00f3d kit\u00f6rni \u00e9s kiemelkedni a stagn\u00e1l\u00f3 vagy neh\u00e9z gazdas\u00e1gi helyzetb\u0151l. \u201eNap, mint nap \u00faj kutat\u00e1si eredm\u00e9nyekkel tal\u00e1ljuk szemben magunkat: az orvostudom\u00e1ny egyike a legdinamikusabban fejl\u0151d\u0151 \u00e9s v\u00e1ltoz\u00f3 tudom\u00e1nyos ter\u00fcleteknek. Ezen kutat\u00e1sok hat\u00e9konys\u00e1g\u00e1nak el\u0151seg\u00edt\u00e9s\u00e9hez elengedhetetlen az inform\u00e1ci\u00f3k naprak\u00e9sz ismerete \u00e9s az ezekhez val\u00f3 hozz\u00e1f\u00e9r\u00e9s. Ebben pedig az orvosi k\u00f6nyvt\u00e1ros ny\u00fajt seg\u00edts\u00e9get\u201d \u2013 fejtette ki.<\/p>\n<p><a href=\"https:\/\/semmelweis.hu\/hirek\/files\/2012\/09\/k\u00f6nyvt\u00e1r-4.jpg\"><img loading=\"lazy\" decoding=\"async\" class=\"alignleft size-medium wp-image-13048\" title=\"k\u00f6nyvt\u00e1r 4\" src=\"https:\/\/semmelweis.hu\/hirek\/files\/2012\/09\/k\u00f6nyvt\u00e1r-4-300x199.jpg\" alt=\"\" width=\"300\" height=\"199\" srcset=\"https:\/\/semmelweis.hu\/hirek\/files\/2012\/09\/k\u00f6nyvt\u00e1r-4-300x199.jpg 300w, https:\/\/semmelweis.hu\/hirek\/files\/2012\/09\/k\u00f6nyvt\u00e1r-4-600x400.jpg 600w, https:\/\/semmelweis.hu\/hirek\/files\/2012\/09\/k\u00f6nyvt\u00e1r-4.jpg 800w\" sizes=\"auto, (max-width: 300px) 100vw, 300px\" \/><\/a>Mint azt a f\u0151igazgat\u00f3 a megnyit\u00f3n is kiemelte: a konferencia alapvet\u0151en k\u00f6nyvt\u00e1rosoknak szervez\u0151dik, de sz\u00e1mos PhD hallgat\u00f3 is r\u00e9szt vesz, akik szint\u00e9n hasznos inform\u00e1ci\u00f3kat kaphatnak a leg\u00fajabb innov\u00e1ci\u00f3s t\u00f6rekv\u00e9sekr\u0151l.<\/p>\n<p>A szeptember 26-28 k\u00f6z\u00f6tt rendezett Informatio Scientifica \u2013 Informatio Medicata konferencia nyit\u00f3el\u0151ad\u00e1s\u00e1t dr. Szab\u00f3 G\u00e1bor, a Szegedi Tudom\u00e1nyegyetem rektora (Optikai \u00e9s Kvantumelektronikai Tansz\u00e9k) tartotta a l\u00e9zerek orvosi alkalmaz\u00e1sair\u00f3l, de a nyit\u00f3 plen\u00e1ris \u00fcl\u00e9s programjai k\u00f6z\u00f6tt szerepelt egy egyed\u00fcl\u00e1ll\u00f3 magyar innov\u00e1ci\u00f3, a 4D Anatomy is. DP<br \/>\nFot\u00f3k: D. Kiss Bal\u00e1zs<strong><\/strong><\/p>\n","protected":false},"excerpt":{"rendered":"<p>Kilencedik alkalommal rendezt\u00e9k meg az Informatio Scientifica \u2013 Informatio Medicata konferenci\u00e1t az Egyetemi K\u00f6nyvt\u00e1rigazgat\u00f3k Koll\u00e9giuma, a Semmelweis Egyetem K\u00f6zponti K\u00f6nyvt\u00e1ra \u00e9s a Magyar Orvosi K\u00f6nyvt\u00e1rak Sz\u00f6vets\u00e9ge (MOKSZ) szervez\u00e9s\u00e9ben. A nyit\u00f3 plen\u00e1ris \u00fcl\u00e9sen dr. Sz\u00e9l \u00c1goston, a Semmelweis Egyetem rektora k\u00f6sz\u00f6nt\u00f6tte a r\u00e9sztvev\u0151ket, aki a k\u00f6nyvt\u00e1r \u00e9s a k\u00f6nyvt\u00e1rosok szerep\u00e9nek v\u00e1ltoz\u00e1s\u00e1ra h\u00edvta fel a figyelmet. <a href=\"https:\/\/semmelweis.hu\/hirek\/files\/2012\/09\/konyvtar-1.jpg\"><\/a> Mint &hellip;<\/p>\n","protected":false},"author":13,"featured_media":13045,"comment_status":"closed","ping_status":"open","sticky":false,"template":"","format":"standard","meta":{"_acf_changed":false,"footnotes":""},"categories":[161,168],"tags":[188],"class_list":["post-13041","post","type-post","status-publish","format-standard","has-post-thumbnail","hentry","category-tudomany","category-kiemelt","tag-tudomanyos-hirek-rendezvenyek"],"acf":[],"_links":{"self":[{"href":"https:\/\/semmelweis.hu\/hirek\/wp-json\/wp\/v2\/posts\/13041","targetHints":{"allow":["GET"]}}],"collection":[{"href":"https:\/\/semmelweis.hu\/hirek\/wp-json\/wp\/v2\/posts"}],"about":[{"href":"https:\/\/semmelweis.hu\/hirek\/wp-json\/wp\/v2\/types\/post"}],"author":[{"embeddable":true,"href":"https:\/\/semmelweis.hu\/hirek\/wp-json\/wp\/v2\/users\/13"}],"replies":[{"embeddable":true,"href":"https:\/\/semmelweis.hu\/hirek\/wp-json\/wp\/v2\/comments?post=13041"}],"version-history":[{"count":1,"href":"https:\/\/semmelweis.hu\/hirek\/wp-json\/wp\/v2\/posts\/13041\/revisions"}],"predecessor-version":[{"id":40869,"href":"https:\/\/semmelweis.hu\/hirek\/wp-json\/wp\/v2\/posts\/13041\/revisions\/40869"}],"wp:featuredmedia":[{"embeddable":true,"href":"https:\/\/semmelweis.hu\/hirek\/wp-json\/wp\/v2\/media\/13045"}],"wp:attachment":[{"href":"https:\/\/semmelweis.hu\/hirek\/wp-json\/wp\/v2\/media?parent=13041"}],"wp:term":[{"taxonomy":"category","embeddable":true,"href":"https:\/\/semmelweis.hu\/hirek\/wp-json\/wp\/v2\/categories?post=13041"},{"taxonomy":"post_tag","embeddable":true,"href":"https:\/\/semmelweis.hu\/hirek\/wp-json\/wp\/v2\/tags?post=13041"}],"curies":[{"name":"wp","href":"https:\/\/api.w.org\/{rel}","templated":true}]}}