{"id":130177,"date":"2023-07-13T06:00:28","date_gmt":"2023-07-13T04:00:28","guid":{"rendered":"https:\/\/semmelweis.hu\/hirek\/?p=130177"},"modified":"2023-07-18T15:18:08","modified_gmt":"2023-07-18T13:18:08","slug":"gecsey-csenge-a-hallgatoi-onkormanyzat-uj-elnoke","status":"publish","type":"post","link":"https:\/\/semmelweis.hu\/hirek\/2023\/07\/13\/gecsey-csenge-a-hallgatoi-onkormanyzat-uj-elnoke\/","title":{"rendered":"Gecsey Csenge a Hallgat\u00f3i \u00d6nkorm\u00e1nyzat \u00faj eln\u00f6ke"},"content":{"rendered":"<div class=\"lead\">A Semmelweis Egyetem Hallgat\u00f3i \u00d6nkorm\u00e1nyzata Gecsey Cseng\u00e9t v\u00e1lasztotta vezet\u0151j\u00e9nek a j\u00falius 7-\u00e9n tartott Eln\u00f6kv\u00e1laszt\u00f3 K\u00fcld\u00f6ttgy\u0171l\u00e9sen, miut\u00e1n Tripolszky B\u00e1lint kor\u00e1bbi H\u00d6K-eln\u00f6k az egyetemi tanulm\u00e1nyainak befejez\u00e9s\u00e9vel lek\u00f6sz\u00f6nt a poz\u00edci\u00f3r\u00f3l. Az \u00faj eln\u00f6k az Eg\u00e9szs\u00e9gtudom\u00e1nyi Kar hallgat\u00f3ja, n\u00e9gy \u00e9ve a H\u00d6K tagja, aki eddig aleln\u00f6kk\u00e9nt vett r\u00e9szt a szervezet munk\u00e1j\u00e1ban.<\/div>\n<p><img loading=\"lazy\" decoding=\"async\" class=\"size-medium wp-image-130181 alignright\" src=\"https:\/\/semmelweis.hu\/hirek\/files\/2023\/07\/RS178514_3P1A4394-scr-400x267.jpg\" alt=\"\" width=\"400\" height=\"267\" srcset=\"https:\/\/semmelweis.hu\/hirek\/files\/2023\/07\/RS178514_3P1A4394-scr-400x267.jpg 400w, https:\/\/semmelweis.hu\/hirek\/files\/2023\/07\/RS178514_3P1A4394-scr-900x600.jpg 900w, https:\/\/semmelweis.hu\/hirek\/files\/2023\/07\/RS178514_3P1A4394-scr-768x512.jpg 768w, https:\/\/semmelweis.hu\/hirek\/files\/2023\/07\/RS178514_3P1A4394-scr-753x502.jpg 753w, https:\/\/semmelweis.hu\/hirek\/files\/2023\/07\/RS178514_3P1A4394-scr-203x135.jpg 203w, https:\/\/semmelweis.hu\/hirek\/files\/2023\/07\/RS178514_3P1A4394-scr.jpg 1200w\" sizes=\"auto, (max-width: 400px) 100vw, 400px\" \/>Gecsey Csenge eddig is rendk\u00edv\u00fcl akt\u00edv tagja volt a Hallgat\u00f3i \u00d6nkorm\u00e1nyzatnak, egyebek mellett a jubileumi 50. Medikus Kupa szervez\u00e9se k\u00f6thet\u0151 a nev\u00e9hez. F\u0151 c\u00e9lja, hogy a szervezetet, illetve az egyetemi \u00e9letet tov\u00e1bbra is min\u00e9l nyitottabb\u00e1, illetve soksz\u00edn\u0171bb\u00e9 tudja var\u00e1zsolni, mindezt a Semmelweis Egyetemhez h\u0171 sz\u00ednvonalon.<\/p>\n<p>\u201c\u00dagy \u00e9rzem, rendk\u00edv\u00fcl tettre k\u00e9sz csapat \u00e1ll m\u00f6g\u00f6ttem, akikkel mindent meg fogunk tenni annak \u00e9rdek\u00e9ben, hogy az egyetem h\u00edrnev\u00e9hez m\u00e9lt\u00f3, magas sz\u00ednvonal\u00fa szervezetet vezess\u00fcnk. Kiemelked\u0151 jelent\u0151s\u00e9g\u0171 sz\u00e1momra, hogy olyan \u00e9rdekk\u00e9pviselet legy\u00fcnk, ami az egyetem vezet\u00e9s\u00e9vel szoros kapcsolatban a hallgat\u00f3k \u00e9rdekeit figyelembe v\u00e9ve dolgozik az oktat\u00e1s fejleszt\u00e9s\u00e9n. Kulcsszavakban \u00f6sszefoglalva egy \u00f6sszetart\u00f3, rugalmas \u00e9s fejl\u0151d\u00e9sre k\u00e9sztet\u0151 k\u00f6z\u00f6ss\u00e9g tov\u00e1bbfejleszt\u00e9se a c\u00e9lom, mindezt pedig elk\u00e9pzel\u00e9sem szerint a min\u0151s\u00e9gi hallgat\u00f3i k\u00e9pviselettel, tudatos tervez\u00e9ssel, kiv\u00e1l\u00f3 probl\u00e9mamegold\u00f3 k\u00e9szs\u00e9ggel, nyitotts\u00e1ggal \u00e9s a soksz\u00edn\u0171s\u00e9ggel \u00e9rhetj\u00fck el\u201d \u2013 mondta el Gecsey Csenge.<\/p>\n<p><strong>A Hallgat\u00f3i \u00d6nkorm\u00e1nyzat \u00faj eln\u00f6ks\u00e9g\u00e9nek tagjai:<\/strong><\/p>\n<ul style=\"list-style-type: square;\">\n<li>titk\u00e1r: Jakab Benj\u00e1min Szilveszter<\/li>\n<li>\u00e1ltal\u00e1nos aleln\u00f6k: Nagy Imre Rich\u00e1rd<\/li>\n<li>oktat\u00e1s\u00e9rt felel\u0151s aleln\u00f6k: Keskeny Gy\u00f6rgy \u00c1rp\u00e1d<\/li>\n<li>rendezv\u00e9nyek\u00e9rt felel\u0151s aleln\u00f6k: Bak\u00f3 Benedek<\/li>\n<li>bels\u0151 igazgat\u00e1s\u00e9rt felel\u0151s aleln\u00f6k: Nyir\u00e1dy Loretta Enik\u0151<\/li>\n<li>Koll\u00e9giumi Bizotts\u00e1g vezet\u0151: Frei Tam\u00e1s<\/li>\n<li>Szoci\u00e1lis Bizotts\u00e1g vezet\u0151: P\u00e1l Kinga \u00c1gnes<\/li>\n<li>M\u00e9dia Bizotts\u00e1g vezet\u0151: Pop Alexandra J\u00falia<\/li>\n<li>K\u00fcl\u00fcgyi Bizotts\u00e1g vezet\u0151: Kov\u00e1cs Karina<\/li>\n<li>Z\u00f6ld Egyetem Projekt vezet\u0151i: Nagy Imre Rich\u00e1rd, Mikl\u00f3s Ren\u00e1ta<\/li>\n<li>\u00c1OK kari vezet\u0151: Ko\u00f3s G\u00e1bor<\/li>\n<li>FOK kari vezet\u0151: Kov\u00e1cs Bernadett<\/li>\n<li>GYTK kari vezet\u0151: Filipszki G\u00e1bor<\/li>\n<li>ETK kari vezet\u0151: Fekete Rea<\/li>\n<li>EKK kari vezet\u0151: H\u00e1mori Attila<\/li>\n<li>PAK kari vezet\u0151: N\u00e9meth Eszter Stef\u00e1nia<\/li>\n<\/ul>\n\r\n        [slb_exclude]\r\n        <div class=\"row galeria-wrapper mx-0 h-auto\">\r\n            <div class=\"col-9 pl-0 pr-2\">\r\n            <span class=\"gallery-item frame\">\r\n\t\t\t\t<div class=\"galeria-left-img\"><a href=\"https:\/\/semmelweis.hu\/hirek\/files\/2023\/07\/RS178503_3P1A4334-scr.jpg\"><img src=https:\/\/semmelweis.hu\/hirek\/files\/2023\/07\/RS178503_3P1A4334-scr.jpg  \r\n                            alt=\"\" \r\n                            class=\"attachment-sote-gallery-big size-sote-gallery-big\" \r\n                            srcset=\"https:\/\/semmelweis.hu\/hirek\/files\/2023\/07\/RS178503_3P1A4334-scr-400x267.jpg 400w, https:\/\/semmelweis.hu\/hirek\/files\/2023\/07\/RS178503_3P1A4334-scr-900x600.jpg 900w, https:\/\/semmelweis.hu\/hirek\/files\/2023\/07\/RS178503_3P1A4334-scr-768x512.jpg 768w, https:\/\/semmelweis.hu\/hirek\/files\/2023\/07\/RS178503_3P1A4334-scr-753x502.jpg 753w, https:\/\/semmelweis.hu\/hirek\/files\/2023\/07\/RS178503_3P1A4334-scr-203x135.jpg 203w, https:\/\/semmelweis.hu\/hirek\/files\/2023\/07\/RS178503_3P1A4334-scr.jpg 1200w\" ><\/a><\/div>\r\n            <\/span>\r\n\r\n            <\/div>\r\n\r\n\t\t\t<div class=\"col-3 pl-0 pr-0\">\r\n\t\t\t\t<div class=\"galeria-right-img d-flex justify-content-between flex-column h-100 w-100 px-0 mx-0 \">\r\n                <div class=\"galeria-box\">\r\n\t\t\t\t\t<h3 class=\"galeria-title\">Gal\u00e9ria<\/h3>\r\n\t\t\t\t\t<div class=\"galeria-subtitle\">\r\n\r\n\t\t\t\t\t\t<div class=\"galeria-page-counter\"><span>8<\/span>k\u00e9p<\/div>\r\n                    <\/div> <\/div>\r\n                    <span class=\"gallery-item frame d-none d-md-flex\">\r\n\t\t\t\t\t<div class=\"galeria-small-img mt-0\"><a href=\"https:\/\/semmelweis.hu\/hirek\/files\/2023\/07\/RS178506_3P1A4341-scr.jpg\"><img src=https:\/\/semmelweis.hu\/hirek\/files\/2023\/07\/RS178506_3P1A4341-scr.jpg \r\n                                alt=\"\"  \r\n                                class=\"attachment-sote-gallery-small size-sote-gallery-small\" \r\n                                srcset=\"https:\/\/semmelweis.hu\/hirek\/files\/2023\/07\/RS178506_3P1A4341-scr-400x267.jpg 400w, https:\/\/semmelweis.hu\/hirek\/files\/2023\/07\/RS178506_3P1A4341-scr-900x600.jpg 900w, https:\/\/semmelweis.hu\/hirek\/files\/2023\/07\/RS178506_3P1A4341-scr-768x512.jpg 768w, https:\/\/semmelweis.hu\/hirek\/files\/2023\/07\/RS178506_3P1A4341-scr-753x502.jpg 753w, https:\/\/semmelweis.hu\/hirek\/files\/2023\/07\/RS178506_3P1A4341-scr-203x135.jpg 203w, https:\/\/semmelweis.hu\/hirek\/files\/2023\/07\/RS178506_3P1A4341-scr.jpg 1200w\" ><\/a><\/div>\r\n                    <\/span>\r\n                    <span class=\"gallery-item frame d-none d-md-flex\">\r\n\t\t\t\t\t<div class=\"galeria-small-img mt-0\"><a href=\"https:\/\/semmelweis.hu\/hirek\/files\/2023\/07\/RS178512_3P1A4373-scr.jpg\"><img src=https:\/\/semmelweis.hu\/hirek\/files\/2023\/07\/RS178512_3P1A4373-scr.jpg \r\n                                alt=\"\" \r\n                                class=\"attachment-sote-gallery-small size-sote-gallery-small\" \r\n                                srcset=\"https:\/\/semmelweis.hu\/hirek\/files\/2023\/07\/RS178512_3P1A4373-scr-400x267.jpg 400w, https:\/\/semmelweis.hu\/hirek\/files\/2023\/07\/RS178512_3P1A4373-scr-900x600.jpg 900w, https:\/\/semmelweis.hu\/hirek\/files\/2023\/07\/RS178512_3P1A4373-scr-768x512.jpg 768w, https:\/\/semmelweis.hu\/hirek\/files\/2023\/07\/RS178512_3P1A4373-scr-753x502.jpg 753w, https:\/\/semmelweis.hu\/hirek\/files\/2023\/07\/RS178512_3P1A4373-scr-203x135.jpg 203w, https:\/\/semmelweis.hu\/hirek\/files\/2023\/07\/RS178512_3P1A4373-scr.jpg 1200w\" ><\/a><\/div>\r\n                    <\/span>\r\n\r\n                <\/div>\r\n\r\n            <\/div>\r\n\r\n            <span class=\"gallery-item\"><div class=\"hidden\"><a href=\"https:\/\/semmelweis.hu\/hirek\/files\/2023\/07\/RS178510_3P1A4354-scr.jpg\">\r\n        <img src=https:\/\/semmelweis.hu\/hirek\/files\/2023\/07\/RS178510_3P1A4354-scr.jpg alt=\"\" class=\"attachment-sote-gallery-big size-sote-gallery-big\" srcset=\"https:\/\/semmelweis.hu\/hirek\/files\/2023\/07\/RS178510_3P1A4354-scr-400x267.jpg 400w, https:\/\/semmelweis.hu\/hirek\/files\/2023\/07\/RS178510_3P1A4354-scr-900x600.jpg 900w, https:\/\/semmelweis.hu\/hirek\/files\/2023\/07\/RS178510_3P1A4354-scr-768x512.jpg 768w, https:\/\/semmelweis.hu\/hirek\/files\/2023\/07\/RS178510_3P1A4354-scr-753x502.jpg 753w, https:\/\/semmelweis.hu\/hirek\/files\/2023\/07\/RS178510_3P1A4354-scr-203x135.jpg 203w, https:\/\/semmelweis.hu\/hirek\/files\/2023\/07\/RS178510_3P1A4354-scr.jpg 1200w\" >\r\n        <\/a><\/div><\/span><span class=\"gallery-item\"><div class=\"hidden\"><a href=\"https:\/\/semmelweis.hu\/hirek\/files\/2023\/07\/RS178517_3P1A4416-scr.jpg\">\r\n        <img src=https:\/\/semmelweis.hu\/hirek\/files\/2023\/07\/RS178517_3P1A4416-scr.jpg alt=\"\" class=\"attachment-sote-gallery-big size-sote-gallery-big\" srcset=\"https:\/\/semmelweis.hu\/hirek\/files\/2023\/07\/RS178517_3P1A4416-scr-400x267.jpg 400w, https:\/\/semmelweis.hu\/hirek\/files\/2023\/07\/RS178517_3P1A4416-scr-900x600.jpg 900w, https:\/\/semmelweis.hu\/hirek\/files\/2023\/07\/RS178517_3P1A4416-scr-768x512.jpg 768w, https:\/\/semmelweis.hu\/hirek\/files\/2023\/07\/RS178517_3P1A4416-scr-753x502.jpg 753w, https:\/\/semmelweis.hu\/hirek\/files\/2023\/07\/RS178517_3P1A4416-scr-203x135.jpg 203w, https:\/\/semmelweis.hu\/hirek\/files\/2023\/07\/RS178517_3P1A4416-scr.jpg 1200w\" >\r\n        <\/a><\/div><\/span><span class=\"gallery-item\"><div class=\"hidden\"><a href=\"https:\/\/semmelweis.hu\/hirek\/files\/2023\/07\/RS178514_3P1A4394-scr.jpg\">\r\n        <img src=https:\/\/semmelweis.hu\/hirek\/files\/2023\/07\/RS178514_3P1A4394-scr.jpg alt=\"\" class=\"attachment-sote-gallery-big size-sote-gallery-big\" srcset=\"https:\/\/semmelweis.hu\/hirek\/files\/2023\/07\/RS178514_3P1A4394-scr-400x267.jpg 400w, https:\/\/semmelweis.hu\/hirek\/files\/2023\/07\/RS178514_3P1A4394-scr-900x600.jpg 900w, https:\/\/semmelweis.hu\/hirek\/files\/2023\/07\/RS178514_3P1A4394-scr-768x512.jpg 768w, https:\/\/semmelweis.hu\/hirek\/files\/2023\/07\/RS178514_3P1A4394-scr-753x502.jpg 753w, https:\/\/semmelweis.hu\/hirek\/files\/2023\/07\/RS178514_3P1A4394-scr-203x135.jpg 203w, https:\/\/semmelweis.hu\/hirek\/files\/2023\/07\/RS178514_3P1A4394-scr.jpg 1200w\" >\r\n        <\/a><\/div><\/span><span class=\"gallery-item\"><div class=\"hidden\"><a href=\"https:\/\/semmelweis.hu\/hirek\/files\/2023\/07\/RS178518_3P1A4424-scr.jpg\">\r\n        <img src=https:\/\/semmelweis.hu\/hirek\/files\/2023\/07\/RS178518_3P1A4424-scr.jpg alt=\"\" class=\"attachment-sote-gallery-big size-sote-gallery-big\" srcset=\"https:\/\/semmelweis.hu\/hirek\/files\/2023\/07\/RS178518_3P1A4424-scr-400x267.jpg 400w, https:\/\/semmelweis.hu\/hirek\/files\/2023\/07\/RS178518_3P1A4424-scr-900x600.jpg 900w, https:\/\/semmelweis.hu\/hirek\/files\/2023\/07\/RS178518_3P1A4424-scr-768x512.jpg 768w, https:\/\/semmelweis.hu\/hirek\/files\/2023\/07\/RS178518_3P1A4424-scr-753x502.jpg 753w, https:\/\/semmelweis.hu\/hirek\/files\/2023\/07\/RS178518_3P1A4424-scr-203x135.jpg 203w, https:\/\/semmelweis.hu\/hirek\/files\/2023\/07\/RS178518_3P1A4424-scr.jpg 1200w\" >\r\n        <\/a><\/div><\/span><span class=\"gallery-item\"><div class=\"hidden\"><a href=\"https:\/\/semmelweis.hu\/hirek\/files\/2023\/07\/RS178520_3P1A4444-scr.jpg\">\r\n        <img src=https:\/\/semmelweis.hu\/hirek\/files\/2023\/07\/RS178520_3P1A4444-scr.jpg alt=\"\" class=\"attachment-sote-gallery-big size-sote-gallery-big\" srcset=\"https:\/\/semmelweis.hu\/hirek\/files\/2023\/07\/RS178520_3P1A4444-scr-400x267.jpg 400w, https:\/\/semmelweis.hu\/hirek\/files\/2023\/07\/RS178520_3P1A4444-scr-900x600.jpg 900w, https:\/\/semmelweis.hu\/hirek\/files\/2023\/07\/RS178520_3P1A4444-scr-768x512.jpg 768w, https:\/\/semmelweis.hu\/hirek\/files\/2023\/07\/RS178520_3P1A4444-scr-753x502.jpg 753w, https:\/\/semmelweis.hu\/hirek\/files\/2023\/07\/RS178520_3P1A4444-scr-203x135.jpg 203w, https:\/\/semmelweis.hu\/hirek\/files\/2023\/07\/RS178520_3P1A4444-scr.jpg 1200w\" >\r\n        <\/a><\/div><\/span>\r\n            <\/div>\r\n\r\n            [\/slb_exclude]\r\n\t\n<p>Semmelweis Egyetem Hallgat\u00f3i \u00d6nkorm\u00e1nyzat<br \/>\nFot\u00f3: Barta B\u00e1lint \u2013 Semmelweis Egyetem<\/p>\n","protected":false},"excerpt":{"rendered":"<p>Az \u00faj eln\u00f6k az Eg\u00e9szs\u00e9gtudom\u00e1nyi Kar hallgat\u00f3ja, eddig aleln\u00f6kk\u00e9nt vett r\u00e9szt a szervezet munk\u00e1j\u00e1ban.<\/p>\n","protected":false},"author":101081,"featured_media":130179,"comment_status":"closed","ping_status":"closed","sticky":false,"template":"","format":"standard","meta":{"_acf_changed":false,"footnotes":""},"categories":[3533,168],"tags":[697],"class_list":["post-130177","post","type-post","status-publish","format-standard","has-post-thumbnail","hentry","category-hallgatok-oktatas","category-kiemelt","tag-hok"],"acf":[],"_links":{"self":[{"href":"https:\/\/semmelweis.hu\/hirek\/wp-json\/wp\/v2\/posts\/130177","targetHints":{"allow":["GET"]}}],"collection":[{"href":"https:\/\/semmelweis.hu\/hirek\/wp-json\/wp\/v2\/posts"}],"about":[{"href":"https:\/\/semmelweis.hu\/hirek\/wp-json\/wp\/v2\/types\/post"}],"author":[{"embeddable":true,"href":"https:\/\/semmelweis.hu\/hirek\/wp-json\/wp\/v2\/users\/101081"}],"replies":[{"embeddable":true,"href":"https:\/\/semmelweis.hu\/hirek\/wp-json\/wp\/v2\/comments?post=130177"}],"version-history":[{"count":2,"href":"https:\/\/semmelweis.hu\/hirek\/wp-json\/wp\/v2\/posts\/130177\/revisions"}],"predecessor-version":[{"id":130289,"href":"https:\/\/semmelweis.hu\/hirek\/wp-json\/wp\/v2\/posts\/130177\/revisions\/130289"}],"wp:featuredmedia":[{"embeddable":true,"href":"https:\/\/semmelweis.hu\/hirek\/wp-json\/wp\/v2\/media\/130179"}],"wp:attachment":[{"href":"https:\/\/semmelweis.hu\/hirek\/wp-json\/wp\/v2\/media?parent=130177"}],"wp:term":[{"taxonomy":"category","embeddable":true,"href":"https:\/\/semmelweis.hu\/hirek\/wp-json\/wp\/v2\/categories?post=130177"},{"taxonomy":"post_tag","embeddable":true,"href":"https:\/\/semmelweis.hu\/hirek\/wp-json\/wp\/v2\/tags?post=130177"}],"curies":[{"name":"wp","href":"https:\/\/api.w.org\/{rel}","templated":true}]}}