{"id":12919,"date":"2012-09-20T11:41:51","date_gmt":"2012-09-20T11:41:51","guid":{"rendered":"http:\/\/semmelweis-egyetem.hu\/hirek\/?p=12919"},"modified":"2015-05-08T11:43:53","modified_gmt":"2015-05-08T09:43:53","slug":"otven-eves-a-magyar-kiserletes-es-klinikai-farmakologiai-tarsasag","status":"publish","type":"post","link":"https:\/\/semmelweis.hu\/hirek\/2012\/09\/20\/otven-eves-a-magyar-kiserletes-es-klinikai-farmakologiai-tarsasag\/","title":{"rendered":"\u00d6tven \u00e9ves a Magyar K\u00eds\u00e9rletes \u00e9s Klinikai Farmakol\u00f3giai T\u00e1rsas\u00e1g"},"content":{"rendered":"<p>A Magyar Tudom\u00e1nyos Akad\u00e9mi\u00e1n \u00fcnnepli fenn\u00e1ll\u00e1s\u00e1nak 50. \u00e9vfordul\u00f3j\u00e1t a Magyar K\u00eds\u00e9rletes \u00e9s Klinikai Farmakol\u00f3giai T\u00e1rsas\u00e1g, amelynek eln\u00f6ke dr. F\u00fcrst Zsuzsanna, a Semmelweis Egyetem Farmakol\u00f3giai \u00e9s Farmakoter\u00e1pi\u00e1s Int\u00e9zet\u00e9nek professor emeritusa.<\/p>\n<p style=\"text-align: left;\"><a href=\"https:\/\/semmelweis.hu\/hirek\/files\/2012\/09\/konf-jo1.jpg\"><img loading=\"lazy\" decoding=\"async\" class=\"aligncenter  wp-image-12921\" title=\"konf jo\" src=\"https:\/\/semmelweis.hu\/hirek\/files\/2012\/09\/konf-jo1-600x400.jpg\" alt=\"\" width=\"540\" height=\"360\" srcset=\"https:\/\/semmelweis.hu\/hirek\/files\/2012\/09\/konf-jo1-600x400.jpg 600w, https:\/\/semmelweis.hu\/hirek\/files\/2012\/09\/konf-jo1-300x199.jpg 300w, https:\/\/semmelweis.hu\/hirek\/files\/2012\/09\/konf-jo1.jpg 800w\" sizes=\"auto, (max-width: 540px) 100vw, 540px\" \/><\/a>Az ebb\u0151l az alkalomb\u00f3l rendezett, szeptember 19-21 k\u00f6z\u00f6tti jubileumi nemzetk\u00f6zi konferencia nyit\u00f3\u00fcnneps\u00e9g\u00e9n hat, a saj\u00e1t tudom\u00e1nyter\u00fclet\u00e9n nemzetk\u00f6zi eredm\u00e9nyeket el\u00e9rt tud\u00f3st a T\u00e1rsas\u00e1g tiszteletbeli tagj\u00e1v\u00e1 v\u00e1lasztottak. Err\u0151l sz\u00f3l\u00f3 oklevelet kaptak: dr. Thomas Griesbacher, dr. Dirk van Helden, dr. Pacher P\u00e1l, dr. Patrizia Romualdi, dr. Vinod P. Shah, dr. Szab\u00f3 S\u00e1ndor.<\/p>\n<p><a href=\"https:\/\/semmelweis.hu\/hirek\/files\/2012\/09\/konf-1.jpg\"><img loading=\"lazy\" decoding=\"async\" class=\"alignleft size-medium wp-image-12922\" title=\"konf 1\" src=\"https:\/\/semmelweis.hu\/hirek\/files\/2012\/09\/konf-1-300x199.jpg\" alt=\"\" width=\"300\" height=\"199\" srcset=\"https:\/\/semmelweis.hu\/hirek\/files\/2012\/09\/konf-1-300x199.jpg 300w, https:\/\/semmelweis.hu\/hirek\/files\/2012\/09\/konf-1-600x400.jpg 600w, https:\/\/semmelweis.hu\/hirek\/files\/2012\/09\/konf-1.jpg 800w\" sizes=\"auto, (max-width: 300px) 100vw, 300px\" \/><\/a>A konferencia megnyit\u00f3j\u00e1n tudom\u00e1nyos el\u0151ad\u00e1st tartott dr. Knoll J\u00f3zsef akad\u00e9mikus, a Magyar K\u00eds\u00e9rletes \u00e9s Klinikai Farmakol\u00f3giai T\u00e1rsas\u00e1g tiszteletbeli eln\u00f6ke, dr. Vizi E. Szilveszter, a T\u00e1rsas\u00e1g volt eln\u00f6ke \u00e9s dr. Ingolf Cascorbi az IUPHAR Farmakogenetikai Szekci\u00f3j\u00e1nak eln\u00f6ke.<\/p>\n<p>A konferencia f\u0151v\u00e9dn\u00f6ke dr. P\u00e1link\u00e1s J\u00f3zsef, a Magyar Tudom\u00e1nyos Akad\u00e9mia eln\u00f6ke, \u00e9s dr. Sz\u00f3cska Mikl\u00f3s, az Emberi Er\u0151forr\u00e1s Miniszt\u00e9rium\u00e1nak eg\u00e9szs\u00e9g\u00fcgy\u00e9rt felel\u0151s \u00e1llamtitk\u00e1ra volt. A rendezv\u00e9ny v\u00e9dn\u00f6kei k\u00f6z\u00f6tt szerepel dr. Sz\u00e9l \u00c1goston, a Semmelweis Egyetem rektora. DP<br \/>\nFot\u00f3k: D. Kiss Bal\u00e1zs<\/p>\n","protected":false},"excerpt":{"rendered":"<p>A Magyar Tudom\u00e1nyos Akad\u00e9mi\u00e1n \u00fcnnepli fenn\u00e1ll\u00e1s\u00e1nak 50. \u00e9vfordul\u00f3j\u00e1t a Magyar K\u00eds\u00e9rletes \u00e9s Klinikai Farmakol\u00f3giai T\u00e1rsas\u00e1g, amelynek eln\u00f6ke dr. F\u00fcrst Zsuzsanna, a Semmelweis Egyetem Farmakol\u00f3giai \u00e9s Farmakoter\u00e1pi\u00e1s Int\u00e9zet\u00e9nek professor emeritusa. <a href=\"https:\/\/semmelweis.hu\/hirek\/files\/2012\/09\/konf-jo1.jpg\"><\/a> Az ebb\u0151l az alkalomb\u00f3l rendezett, szeptember 19-21 k\u00f6z\u00f6tti jubileumi nemzetk\u00f6zi konferencia nyit\u00f3\u00fcnneps\u00e9g\u00e9n hat, a saj\u00e1t tudom\u00e1nyter\u00fclet\u00e9n nemzetk\u00f6zi eredm\u00e9nyeket el\u00e9rt tud\u00f3st a T\u00e1rsas\u00e1g tiszteletbeli tagj\u00e1v\u00e1 v\u00e1lasztottak. Err\u0151l &hellip;<\/p>\n","protected":false},"author":13,"featured_media":12920,"comment_status":"closed","ping_status":"open","sticky":false,"template":"","format":"standard","meta":{"_acf_changed":false,"footnotes":""},"categories":[161,168],"tags":[188],"class_list":["post-12919","post","type-post","status-publish","format-standard","has-post-thumbnail","hentry","category-tudomany","category-kiemelt","tag-tudomanyos-hirek-rendezvenyek"],"acf":[],"_links":{"self":[{"href":"https:\/\/semmelweis.hu\/hirek\/wp-json\/wp\/v2\/posts\/12919","targetHints":{"allow":["GET"]}}],"collection":[{"href":"https:\/\/semmelweis.hu\/hirek\/wp-json\/wp\/v2\/posts"}],"about":[{"href":"https:\/\/semmelweis.hu\/hirek\/wp-json\/wp\/v2\/types\/post"}],"author":[{"embeddable":true,"href":"https:\/\/semmelweis.hu\/hirek\/wp-json\/wp\/v2\/users\/13"}],"replies":[{"embeddable":true,"href":"https:\/\/semmelweis.hu\/hirek\/wp-json\/wp\/v2\/comments?post=12919"}],"version-history":[{"count":2,"href":"https:\/\/semmelweis.hu\/hirek\/wp-json\/wp\/v2\/posts\/12919\/revisions"}],"predecessor-version":[{"id":40870,"href":"https:\/\/semmelweis.hu\/hirek\/wp-json\/wp\/v2\/posts\/12919\/revisions\/40870"}],"wp:featuredmedia":[{"embeddable":true,"href":"https:\/\/semmelweis.hu\/hirek\/wp-json\/wp\/v2\/media\/12920"}],"wp:attachment":[{"href":"https:\/\/semmelweis.hu\/hirek\/wp-json\/wp\/v2\/media?parent=12919"}],"wp:term":[{"taxonomy":"category","embeddable":true,"href":"https:\/\/semmelweis.hu\/hirek\/wp-json\/wp\/v2\/categories?post=12919"},{"taxonomy":"post_tag","embeddable":true,"href":"https:\/\/semmelweis.hu\/hirek\/wp-json\/wp\/v2\/tags?post=12919"}],"curies":[{"name":"wp","href":"https:\/\/api.w.org\/{rel}","templated":true}]}}