{"id":128864,"date":"2023-06-24T19:24:08","date_gmt":"2023-06-24T17:24:08","guid":{"rendered":"https:\/\/semmelweis.hu\/hirek\/?p=128864"},"modified":"2026-04-15T12:50:19","modified_gmt":"2026-04-15T10:50:19","slug":"584-uj-orvosdoktort-avattak-fel-a-semmelweis-egyetemen","status":"publish","type":"post","link":"https:\/\/semmelweis.hu\/hirek\/2023\/06\/24\/584-uj-orvosdoktort-avattak-fel-a-semmelweis-egyetemen\/","title":{"rendered":"584 \u00faj orvosdoktort avattak fel a Semmelweis Egyetemen"},"content":{"rendered":"<div class=\"lead\">334 magyar, 143 angol \u00e9s 107 n\u00e9met nyelv\u0171 k\u00e9pz\u00e9st v\u00e9gz\u0151 hallgat\u00f3 tette le orvosi esk\u00fcj\u00e9t az \u00c1ltal\u00e1nos Orvostudom\u00e1nyi Kar diplomaoszt\u00f3j\u00e1n a Papp L\u00e1szl\u00f3 Sportar\u00e9n\u00e1ban tartott nyilv\u00e1nos szen\u00e1tusi \u00fcl\u00e9sen. K\u00f6z\u00fcl\u00fck 141-en vehettek \u00e1t summa cum laude, 406-an pedig cum laude min\u0151s\u00edt\u00e9s\u0171 diplom\u00e1t, 37 hallgat\u00f3 pedig rite min\u0151s\u00edt\u00e9ssel z\u00e1rta tanulm\u00e1nyait. A v\u00e9gz\u0151s\u00f6ket dr. Merkely B\u00e9la rektor \u00e9s dr. Kellermayer Mikl\u00f3s d\u00e9k\u00e1n fogadta doktort\u00e1rsakk\u00e1.<\/div>\n<p>H\u00fasz \u00e9vvel ezel\u0151tt, 2003-ban v\u00e9gz\u0151sk\u00e9nt, hallgat\u00f3i vezet\u0151k\u00e9nt b\u00facs\u00faztattam a hatod\u00e9ves hallgat\u00f3kat. Megtiszteltet\u00e9s, hogy k\u00e9t \u00e9vtizeddel k\u00e9s\u0151bb \u00fajra alkalmam ny\u00edlik erre \u2013 mondta k\u00f6sz\u00f6nt\u0151j\u00e9ben dr. Tak\u00e1cs P\u00e9ter, a Bel\u00fcgyminiszt\u00e9rium eg\u00e9szs\u00e9g\u00fcgy\u00e9rt felel\u0151s \u00e1llamtitk\u00e1ra, miut\u00e1n tolm\u00e1csolta Pint\u00e9r S\u00e1ndor bel\u00fcgyminiszter j\u00f3k\u00edv\u00e1ns\u00e1gait. Besz\u00e9d\u00e9ben arra h\u00edvta fel a figyelmet, hogy alkalmazkodni sz\u00fcks\u00e9ges az elm\u00falt \u00e9vtizedek robban\u00e1sszer\u0171 tudom\u00e1nyos \u00e9s technol\u00f3giai fejl\u0151d\u00e9se okozta v\u00e1ltoz\u00e1sokhoz az eg\u00e9szs\u00e9g\u00fcgyben is. Elismer\u0151en sz\u00f3lt arr\u00f3l, hogy a Semmelweis Egyetem volt Magyarorsz\u00e1gon az egyik els\u0151 int\u00e9zm\u00e9ny, amely haszn\u00e1lni kezdte a robotseb\u00e9szetet, napjainkban pedig \u00e9len j\u00e1r a mesters\u00e9ges intelligenci\u00e1val kapcsolatos orvostudom\u00e1nyi fejleszt\u00e9sekben.<\/p>\n<p><a href=\"https:\/\/semmelweis.hu\/hirek\/files\/2023\/06\/176971scr_wm_f51d00315071930.jpg\"><img loading=\"lazy\" decoding=\"async\" class=\"alignright size-medium wp-image-128869\" src=\"https:\/\/semmelweis.hu\/hirek\/files\/2023\/06\/176971scr_wm_f51d00315071930-254x400.jpg\" alt=\"\" width=\"254\" height=\"400\" srcset=\"https:\/\/semmelweis.hu\/hirek\/files\/2023\/06\/176971scr_wm_f51d00315071930-254x400.jpg 254w, https:\/\/semmelweis.hu\/hirek\/files\/2023\/06\/176971scr_wm_f51d00315071930-508x800.jpg 508w, https:\/\/semmelweis.hu\/hirek\/files\/2023\/06\/176971scr_wm_f51d00315071930.jpg 572w\" sizes=\"auto, (max-width: 254px) 100vw, 254px\" \/><\/a><\/p>\n<p>Az \u00faj eszk\u00f6z\u00f6k, elj\u00e1r\u00e1sok hat\u00e1s\u00e1ra mindink\u00e1bb \u00e1talakul az orvosok szerepe a gy\u00f3gy\u00edt\u00e1sban: egyre bonyolultabb munkamegoszt\u00e1s\u00fa \u00e9s \u00f6sszet\u00e9tel\u0171 csoportokban dolgoznak, amelyeknek szerves r\u00e9szei a munk\u00e1jukat seg\u00edt\u0151, egyes feladataikat \u00e1tvev\u0151 paramedik\u00e1lis hivat\u00e1sok \u2013 mint a diplom\u00e1s szakdolgoz\u00f3k, \u00e1pol\u00f3k, technikai asszisztensek, v\u00e9d\u0151n\u0151k, szoci\u00e1lis munk\u00e1sok \u2013 k\u00e9pvisel\u0151i is. Szint\u00e9n komoly v\u00e1ltoz\u00e1sokat hoz az, hogy a sz\u00fclet\u00e9skor v\u00e1rhat\u00f3 \u00e9lettartam n\u00f6veked\u00e9s\u00e9vel egyre t\u00f6bb lesz a folyamatos eg\u00e9szs\u00e9g\u00fcgyi ell\u00e1t\u00e1st ig\u00e9nyl\u0151 beteg is. Emiatt hangs\u00falyosabb szerepet kap a megel\u0151z\u00e9sre, eg\u00e9szs\u00e9gfejleszt\u00e9sre koncentr\u00e1l\u00f3 orvosl\u00e1s, de jelent\u0151s v\u00e1ltoz\u00e1sokat hoz az orvos-p\u00e1ciens viszonyban a szolg\u00e1ltat\u00f3i funkci\u00f3kat el\u0151t\u00e9rbe helyez\u0151 \u201eeg\u00e9szs\u00e9g\u00fcgyi ipar\u201d t\u00e9rnyer\u00e9se miatt a p\u00e1ciensek elv\u00e1r\u00e1sainak v\u00e1ltoz\u00e1sa is.<\/p>\n<p>\u201eA technikai fejl\u0151d\u00e9s, a fokoz\u00f3d\u00f3 specializ\u00e1ci\u00f3, a csapatmunka er\u0151s\u00f6d\u00e9se, a t\u00e1rsszakm\u00e1k k\u00f6zrem\u0171k\u00f6d\u00e9se, vagy \u00e9ppen a szolg\u00e1ltat\u00f3i szeml\u00e9let val\u00f3ban alapvet\u0151en v\u00e1ltoztatja meg, hogyan viszonyulunk az orvosi hivat\u00e1s fogalm\u00e1hoz, az orvos szerep\u00e9hez a gy\u00f3gy\u00edt\u00e1s folyamat\u00e1ban, ez\u00e9rt is kiemelten fontos visszatal\u00e1lni az alapokhoz, ahonnan a gy\u00f3gy\u00edt\u00f3 hivat\u00e1s elindult. Igaz\u00e1n nagy orvoss\u00e1 akkor v\u00e1lhat valaki, ha k\u00e9pes megl\u00e1tni p\u00e1ciens\u00e9ben az embert, \u00e9s a gy\u00f3gy\u00edt\u00e1s folyamat\u00e1ban k\u00e9pes meg\u00e9lni a hivat\u00e1s eredeti alapjait. Az emberi nagys\u00e1g teszi az igazi orvost\u201d \u2013 hangs\u00falyozta az \u00e1llamtitk\u00e1r. Hozz\u00e1tette: \u201eK\u00edv\u00e1nom \u00f6n\u00f6knek, hogy az orvosi hivat\u00e1sban megtal\u00e1lj\u00e1k azt az \u00e9letp\u00e1ly\u00e1t, amelyben mind szakmailag, mind emberileg ki tudnak teljesedni, a betegeik, azok hozz\u00e1tartoz\u00f3i \u00e9s az eg\u00e9sz magyar t\u00e1rsadalom jav\u00e1ra. Kedves koll\u00e9g\u00e1k, \u00fcdv a csapatban!\u201d<\/p>\n<p>Amikor el\u0151sz\u00f6r bel\u00e9ptek a Semmelweis Egyetem kapuj\u00e1n, akkor elhat\u00e1rozt\u00e1k, hogy a gy\u00f3gy\u00edt\u00e1sra teszik fel az \u00e9let\u00fcket. Amit meg kellett \u00e9s lehetett tanulni, azt tudj\u00e1k \u2013 ezt bizony\u00edtja a diploma, amit ma kez\u00fckbe vesznek \u2013 jelentette ki dr. Merkely B\u00e9la, hangs\u00falyozva, hogy a hallgat\u00f3k az orsz\u00e1g \u00e9s a r\u00e9gi\u00f3 egyik legjobb egyetem\u00e9n szereztek diplom\u00e1t, amely a rangsorok szerint a vil\u00e1g 250 legkiv\u00e1l\u00f3bb fels\u0151oktat\u00e1si int\u00e9zm\u00e9nye k\u00f6z\u00e9 tartozik.<\/p>\n<blockquote>\n<p>Az itt v\u00e9gzett szakembereket a vil\u00e1gon b\u00e1rhol t\u00e1rt karokkal v\u00e1rj\u00e1k, ak\u00e1r az oktat\u00e1s, a kutat\u00e1s vagy a betegell\u00e1t\u00e1s ter\u00fclet\u00e9n k\u00e9pzelik el j\u00f6v\u0151j\u00fcket<\/p>\n<\/blockquote>\n<p>Ezt t\u00e1masztja al\u00e1 a k\u00fclf\u00f6ldi hallgat\u00f3k folyamatosan n\u00f6vekv\u0151 sz\u00e1ma is: a v\u00e9gz\u0151s hallgat\u00f3k fel\u00e9t \u0151k adj\u00e1k. \u201eEz \u00e9kes bizony\u00edt\u00e9ka nemcsak a Semmelweis vil\u00e1gsz\u00ednvonal\u00e1nak, hanem nemzetk\u00f6zi be\u00e1gyazotts\u00e1gunknak is. Az egyetem nemzetk\u00f6zi k\u00e9pz\u00e9si programj\u00e1nak 4 \u00e9vtizeddel ezel\u0151tti indul\u00e1sa alkalm\u00e1b\u00f3l szervezett International 40 programsorozat szint\u00e9n meggy\u0151z\u0151en demonstr\u00e1lta a Semmelweis Polg\u00e1rok a vil\u00e1g orvost\u00e1rsadalm\u00e1ban kiv\u00edvott megbecs\u00fclt hely\u00e9t, elismerts\u00e9g\u00e9t\u201d \u2013 jegyezte meg a rektor.\u00a0<\/p>\n<p><a href=\"https:\/\/semmelweis.hu\/hirek\/files\/2023\/06\/RS177019_GV5A8499-scr.jpg\"><img loading=\"lazy\" decoding=\"async\" class=\"alignleft wp-image-128871 size-medium\" src=\"https:\/\/semmelweis.hu\/hirek\/files\/2023\/06\/RS177019_GV5A8499-scr-259x400.jpg\" alt=\"\" width=\"259\" height=\"400\" srcset=\"https:\/\/semmelweis.hu\/hirek\/files\/2023\/06\/RS177019_GV5A8499-scr-259x400.jpg 259w, https:\/\/semmelweis.hu\/hirek\/files\/2023\/06\/RS177019_GV5A8499-scr-517x800.jpg 517w, https:\/\/semmelweis.hu\/hirek\/files\/2023\/06\/RS177019_GV5A8499-scr.jpg 582w\" sizes=\"auto, (max-width: 259px) 100vw, 259px\" \/><\/a><\/p>\n<p>\u00a0Legyenek erre olyan b\u00fcszk\u00e9k, amilyen b\u00fcszk\u00e9k mi vagyunk most \u00f6n\u00f6kre, akik az elm\u00falt \u00e9vek neh\u00e9zs\u00e9gei, a koronav\u00edrus-j\u00e1rv\u00e1ny jelentette kih\u00edv\u00e1sok ellen\u00e9re is helyt\u00e1lltak \u2013 s\u0151t, sok \u00e9s \u00e1ldozatos munk\u00e1t v\u00e1llalva \u2013 a Semmelweis Egyetemhez hasonl\u00f3an \u2013 el\u0151re l\u00e9ptek \u2013 mondta a rektor. Szavai szerint az itteni \u00e9vek tapasztalatai, k\u00f6z\u00f6ss\u00e9gi esem\u00e9nyei, bar\u00e1ts\u00e1gok, szerelmek \u00e9s az orvoss\u00e1 avat\u00e1s pillanat\u00e1nak eml\u00e9ke lehet az alapja annak az \u00f6nbizalomnak \u00e9s tettrek\u00e9szs\u00e9gnek, ami hajt\u00f3er\u0151t adhat a p\u00e1ly\u00e1juk, a mindennapi gy\u00f3gy\u00edt\u00e1s sor\u00e1n, ami hozz\u00e1seg\u00edtheti az orvosokat a neh\u00e9zs\u00e9gek, vagy kudarcok lek\u00fczd\u00e9s\u00e9hez, \u00e9s az azt k\u00f6vet\u0151 talpra \u00e1ll\u00e1shoz. \u201e\u0150rizz\u00e9k meg k\u00edv\u00e1ncsis\u00e1gukat \u00e9s n\u00e9vad\u00f3nkhoz, Semmelweis Ign\u00e1choz hasonl\u00f3an soha ne \u00e9rj\u00e9k be azzal, hogy puszt\u00e1n k\u00f6telez\u0151 feladataikat teljes\u00edtik!\u201d \u2013 mondta a rektor. \u00dagy fogalmazott, kit\u00fcntetett pillanat ez a hallgat\u00f3k \u00e9let\u00e9ben, mivel most kezd\u0151dik el \u00e9let\u00fck egyik legfontosabb \u00e9s felel\u0151ss\u00e9gteljesebb fejezete, a hivat\u00e1s\u00e9. \u201eK\u00f6z\u00f6s hit\u00fcnk szerint ez mind k\u00f6z\u00fcl a legszebb \u00e9s legnemesebb, mert c\u00e9lja az eg\u00e9szs\u00e9g v\u00e9delme, az \u00e9let szolg\u00e1lata. Gy\u00f6ny\u00f6r\u0171, \u00e1mde neh\u00e9z hivat\u00e1s. Mert az \u00e9let terhe van ott minden v\u00e1llon, minden egyes napon\u201d \u2013 hangs\u00falyozta dr. Merkely B\u00e9la.<\/p>\n<blockquote>\n<p>\u00c1m a diploma csak a sz\u00fcks\u00e9ges, de nem el\u00e9gs\u00e9ges felt\u00e9tele annak, hogy j\u00f3 orvoss\u00e1 v\u00e1ljanak, ahhoz az is kell, hogy j\u00f3 ember legyen az illet\u0151<\/p>\n<\/blockquote>\n<p>\u2013 emelte ki a rektor. Hozz\u00e1t\u00e9ve, hogy megtiszteltet\u00e9s \u00e9s \u00f6r\u00f6m volt hozz\u00e1seg\u00edteni a hallgat\u00f3kat ahhoz, hogy a Semmelweis Egyetem k\u00fcldet\u00e9s\u00e9hez h\u00edven ne csak j\u00f3 szakemberek, hanem t\u00e1j\u00e9kozott, \u00e9rdekl\u0151d\u0151, az elesetteket seg\u00edt\u0151, a gy\u00f3gyulni v\u00e1gy\u00f3kat t\u00e1mogat\u00f3, empatikus, szolid\u00e1ris \u00e9s hum\u00e1nus orvosok \u2013 azaz j\u00f3 emberek is legyenek. Ezt c\u00e9lozza t\u00f6bbek k\u00f6z\u00f6tt az is, hogy a Semmelweis Egyetem \u00e9s ezen bel\u00fcl az \u00c1ltal\u00e1nos Orvostudom\u00e1nyi Kar a lehet\u0151 legmagasabb sz\u00ednvonal\u00fa k\u00e9pz\u00e9st ny\u00fajtja, \u00e9s ezzel az orvosk\u00e9pz\u00e9st minden szempontb\u00f3l a legmagasabb n\u00edv\u00f3ra emelte, \u00e9s ezzel a hazai, s\u0151t az eur\u00f3pai orvosk\u00e9pz\u00e9s meghat\u00e1roz\u00f3 szerepl\u0151je lett. \u00dagy fogalmazott: \u201eb\u00fcszk\u00e9n \u00e9s boldogan bocs\u00e1tom most \u00fatjukra \u00f6n\u00f6ket. Tanulm\u00e1nyaik befejezt\u00e9vel a minket \u00f6sszek\u00f6t\u0151 k\u00f6tel\u00e9k meglazul ugyan, de soha el nem szakad. A mai nappal az orvost\u00e1rsadalom teljes jog\u00fa tagjaiv\u00e1 v\u00e1lnak, de mindig a Semmelweis Csal\u00e1d tagjai maradnak\u201d \u2013 tette hozz\u00e1 dr. Merkely B\u00e9la.\u00a0<\/p>\n<p>Az \u00e9lethosszig tart\u00f3 tanul\u00e1s fontoss\u00e1g\u00e1ra h\u00edvta fel a frissen v\u00e9gzett hallgat\u00f3k figyelm\u00e9t besz\u00e9d\u00e9ben Orb\u00e1n G\u00e1bor, a Nemzeti Eg\u00e9szs\u00e9g\u00fcgyi \u00e9s Orvosk\u00e9pz\u00e9s\u00e9rt Alap\u00edtv\u00e1ny eln\u00f6ke, mondv\u00e1n ez elengedhetetlen ahhoz, hogy a betegek \u00e9rdek\u00e9ben l\u00e9p\u00e9st tartsanak a tudom\u00e1ny \u00e9s technol\u00f3gia fejl\u0151d\u00e9s\u00e9vel.<\/p>\n<blockquote>\n<p>Sose t\u00e9vessz\u00e9k szem el\u0151l, hogy a gy\u00f3gy\u00edt\u00e1snak, csak\u00fagy, mint a folyamatos fejl\u0151d\u00e9snek \u00e9s az ehhez sz\u00fcks\u00e9ges tud\u00e1s elsaj\u00e1t\u00edt\u00e1s\u00e1nak a l\u00e9nyege \u00e9s f\u00f3kusza az ember. K\u00e9rem, soha ne felejts\u00e9k el, hogy els\u0151sorban embereket gy\u00f3gy\u00edtanak, nem pedig t\u00fcnetegy\u00fcttest kezelnek!\u201d<\/p>\n<\/blockquote>\n<p><a href=\"https:\/\/semmelweis.hu\/hirek\/files\/2023\/06\/RS176973_GV5A8543-scr.jpg\"><img loading=\"lazy\" decoding=\"async\" class=\"size-medium wp-image-128872 alignright\" src=\"https:\/\/semmelweis.hu\/hirek\/files\/2023\/06\/RS176973_GV5A8543-scr-278x400.jpg\" alt=\"\" width=\"278\" height=\"400\" srcset=\"https:\/\/semmelweis.hu\/hirek\/files\/2023\/06\/RS176973_GV5A8543-scr-278x400.jpg 278w, https:\/\/semmelweis.hu\/hirek\/files\/2023\/06\/RS176973_GV5A8543-scr-556x800.jpg 556w, https:\/\/semmelweis.hu\/hirek\/files\/2023\/06\/RS176973_GV5A8543-scr.jpg 625w\" sizes=\"auto, (max-width: 278px) 100vw, 278px\" \/><\/a>\u2013 tette hozz\u00e1 az egyetemet fenntart\u00f3 alap\u00edtv\u00e1ny kurat\u00f3rium\u00e1nak vezet\u0151je. \u00dagy fogalmazott: a folyamatos fejl\u0151d\u00e9sre, a kiv\u00e1l\u00f3s\u00e1gra t\u00f6rekv\u00e9s rendk\u00edv\u00fcl fontos mozgat\u00f3rug\u00f3ja az egyetemnek \u00e9s az orvosi hivat\u00e1snak egyar\u00e1nt, \u00e9s elismer\u00e9s illeti a hallgat\u00f3kat, hogy v\u00e1llalt\u00e1k, v\u00e1llalj\u00e1k azt az elk\u00f6telez\u0151d\u00e9st, ami ezzel a hivat\u00e1ssal j\u00e1r. Ahogyan az\u00e9rt is, hogy mai napon a r\u00e9gi\u00f3 vezet\u0151 orvostudom\u00e1nyi egyetem\u00e9nek diplom\u00e1j\u00e1t vehetik \u00e1t \u2013 tette hozz\u00e1 Orb\u00e1n G\u00e1bor. Mint mondta, ez rendk\u00edv\u00fcli b\u00fcszkes\u00e9g, de egyben komoly felel\u0151ss\u00e9g is az \u00fajonnan orvoss\u00e1 avatottak sz\u00e1m\u00e1ra, ezt k\u00f6vet\u0151en ugyanis nem csak az egyetemi, hanem \u00f6n\u00e1ll\u00f3 munk\u00e1juk r\u00e9v\u00e9n is hozz\u00e1tehetnek majd a Semmelweis h\u00edrnev\u00e9hez.<\/p>\n<p>Szavai szerint az egyetem vezet\u00e9se folyamatosan azon dolgozik, hogy az int\u00e9zm\u00e9ny k\u00e9pes legyen a v\u00e1ltoz\u00e1sok \u00e9l\u00e9re \u00e1llni \u2013 ezt c\u00e9lozta a kurrikulumreform \u00e9s a modellv\u00e1lt\u00e1s is \u2013, ahogyan a Nemzeti Eg\u00e9szs\u00e9g\u00fcgyi \u00e9s Orvosk\u00e9pz\u00e9si Alap\u00edtv\u00e1ny is azon munk\u00e1lkodik, hogy az egyetem nyitotts\u00e1g\u00e1t, fejl\u0151d\u00e9s\u00e9t, \u00e9s ezzel egy\u00fctt kiv\u00e1l\u00f3s\u00e1gi t\u00f6rekv\u00e9seit t\u00e1mogassa. Ennek egyik friss eredm\u00e9nye a Harvard \u00d6szt\u00f6nd\u00edj, amelynek seg\u00edts\u00e9g\u00e9vel PhD-hallgat\u00f3k tanulm\u00e1nyait t\u00e1mogatj\u00e1k. \u201eLegyenek b\u00fcszk\u00e9k teljes\u00edtm\u00e9ny\u00fckre, \u00e9s k\u00edv\u00e1nom \u00d6n\u00f6knek, hogy a j\u00f6v\u0151ben hasonl\u00f3 \u00e9lm\u00e9nyeket tudjanak \u00e1t\u00e9lni mind szakmailag, mind emberileg!\u201d \u2013 tette hozz\u00e1 Orb\u00e1n G\u00e1bor.<\/p>\n<p><a href=\"https:\/\/semmelweis.hu\/hirek\/files\/2023\/06\/RS176982_GV5A8586-scr-1.jpg\"><img loading=\"lazy\" decoding=\"async\" class=\"aligncenter size-full wp-image-128924\" src=\"https:\/\/semmelweis.hu\/hirek\/files\/2023\/06\/RS176982_GV5A8586-scr-1.jpg\" alt=\"\" width=\"1200\" height=\"800\" srcset=\"https:\/\/semmelweis.hu\/hirek\/files\/2023\/06\/RS176982_GV5A8586-scr-1.jpg 1200w, https:\/\/semmelweis.hu\/hirek\/files\/2023\/06\/RS176982_GV5A8586-scr-1-400x267.jpg 400w, https:\/\/semmelweis.hu\/hirek\/files\/2023\/06\/RS176982_GV5A8586-scr-1-900x600.jpg 900w, https:\/\/semmelweis.hu\/hirek\/files\/2023\/06\/RS176982_GV5A8586-scr-1-768x512.jpg 768w, https:\/\/semmelweis.hu\/hirek\/files\/2023\/06\/RS176982_GV5A8586-scr-1-753x502.jpg 753w, https:\/\/semmelweis.hu\/hirek\/files\/2023\/06\/RS176982_GV5A8586-scr-1-203x135.jpg 203w\" sizes=\"auto, (max-width: 1200px) 100vw, 1200px\" \/><\/a><\/p>\n<p>Az egyetem szen\u00e1tus\u00e1nak nyilv\u00e1nos, \u00fcnnepi \u00fcl\u00e9sek\u00e9nt zajl\u00f3 esem\u00e9nyen az \u00c1ltal\u00e1nos Orvostudom\u00e1nyi Karon (\u00c1OK) sikeresen z\u00e1r\u00f3vizsg\u00e1t tett 584, a magyar, az angol, illetve a n\u00e9met nyelv\u0171 k\u00e9pz\u00e9sben r\u00e9szt vett orvosjel\u00f6ltet avattak fel.<\/p>\n<div class=\"fontos_div\">\n<p>K\u00f6z\u00fcl\u00fck 141-en vehettek \u00e1t summa cum laude, 406-an pedig cum laude min\u0151s\u00edt\u00e9s\u0171 diplom\u00e1t,<\/p>\n<\/div>\n<p>37 hallgat\u00f3 pedig rite min\u0151s\u00edt\u00e9ssel z\u00e1rta tanulm\u00e1nyait. Az \u00e9vfolyamon egy\u00e9bk\u00e9nt \u00f6sszesen 660-an kapt\u00e1k\/kapj\u00e1k k\u00e9zhez a diplom\u00e1jukat.\u00a0<\/p>\n<p>Az avat\u00e1s ir\u00e1nti k\u00e9relmet a magyar nyelv\u0171 hallgat\u00f3k nev\u00e9ben V\u00f6lcsei Norbert, az angol k\u00e9pz\u00e9s r\u00e9sztvev\u0151i nev\u00e9ben Jamshidifard Hooravash, m\u00edg a n\u00e9met k\u00e9pz\u00e9sr\u0151l Jan-Philipp Emmermann orvosdoktor-jel\u00f6lt terjesztette el\u0151. Majd a jel\u00f6ltek esk\u00fct tettek arra, hogy hivat\u00e1sukat minden szempontb\u00f3l m\u00e9lt\u00f3an fogj\u00e1k bet\u00f6lteni. A jel\u00f6lteket k\u00e9pz\u00e9s\u00fck nyelve szerint dr. Kellermayer Mikl\u00f3s, az \u00c1OK d\u00e9k\u00e1nja avatta fel, majd dr. Merkely B\u00e9la rektorral k\u00f6z\u00f6sen k\u00e9zfog\u00e1sukkal doktort\u00e1rsaikk\u00e1 fogadt\u00e1k \u0151ket, felruh\u00e1zva az \u00e9rintetteket mindazokkal a jogokkal \u00e9s k\u00f6teless\u00e9gekkel, amelyek a t\u00f6rv\u00e9ny erej\u00e9n\u00e9l fogva az orvosdoktorokat megilletik.<\/p>\n<p>A magyar k\u00e9pz\u00e9sben r\u00e9sztvev\u0151k doktorr\u00e1 avat\u00e1s\u00e1t k\u00f6vet\u0151en dr. V\u00f6lcsei Norbert kapott sz\u00f3t, hogy egy perces n\u00e9ma csenddel ad\u00f3z\u00f3 megeml\u00e9kez\u00e9sre h\u00edvja az egybegy\u0171lteket Szab\u00f3 Kriszti\u00e1n Dominik hallgat\u00f3t\u00e1rsukra eml\u00e9kezve, akinek m\u00e1r nem adatott meg, hogy a sz\u00ednpadon \u00e9vfolyamt\u00e1rsaival egy\u00fctt \u00e1tvegye az oklevel\u00e9t.<\/p>\n<p>Dr. Gloviczki P\u00e9ter, a Mayo Klinika professor emeritusa, a Semmelweis Egyetem d\u00edszdoktora k\u00e9pz\u00e9si nyelveiken sz\u00f3l\u00f3 vide\u00f3\u00fczenetben k\u00f6sz\u00f6nt\u00f6tte a 2023-as v\u00e9gz\u0151s hallgat\u00f3kat. Kiemelte, hogy b\u00e1r orvosi p\u00e1ly\u00e1ja legnagyobb r\u00e9sz\u00e9t az Egyes\u00fclt \u00c1llamokban t\u00f6lt\u00f6tte el, azonban miut\u00e1n 51 \u00e9vvel ezel\u0151tt ezen az egyetemen kapta k\u00e9zhez a diplom\u00e1j\u00e1t, most \u00e9s a j\u00f6v\u0151ben is Semmelweis Polg\u00e1rnak vallja mag\u00e1t.<\/p>\n<p>Orvosnak lenni fantasztikusan teljes \u00e9letet jelent, ez\u00e9rt gratul\u00e1lok az elhat\u00e1roz\u00e1sukhoz, hogy ezt v\u00e1lasztott\u00e1k \u2013 fogalmazott a professzor, hozz\u00e1t\u00e9ve, hogy biztos abban, hogy hat \u00e9vi semmelweises oktat\u00e1s ut\u00e1n j\u00f3 orvosok lesznek. A siker egyik titka szerinte, hogy \u00e9rtsen ahhoz az ember, amit csin\u00e1l, a m\u00e1sik, f\u0151 titok azonban az, hogy higgyen is abban, amit csin\u00e1l, \u00e9s szeresse is azt. P\u00e1ly\u00e1ja sor\u00e1n h\u00e1rom elv vez\u00e9relte: az elk\u00f6telezetts\u00e9g a betegek gy\u00f3gy\u00edt\u00e1sa ir\u00e1nt, valamint a folyamatos tanul\u00e1sba \u00e9s a csapatmunk\u00e1ba vetett hit \u2013 ezeket aj\u00e1nlotta a frissen orvoss\u00e1 avatottak figyelm\u00e9be is. Az orvostudom\u00e1ny j\u00f6v\u0151je j\u00f3 kezekben, az \u00f6n\u00f6k kez\u00e9ben van. Fejlessz\u00e9k, t\u00f6k\u00e9letes\u00edts\u00e9k a betegeik, a t\u00e1rsadalom \u00e9s az emberis\u00e9g jav\u00e1ra!\u201d \u2013 tette hozz\u00e1 dr. Gloviczki P\u00e9ter.<\/p>\n<p><a href=\"https:\/\/semmelweis.hu\/hirek\/files\/2023\/06\/177100scr_wm_f25ea3f2c959703.jpg\"><img loading=\"lazy\" decoding=\"async\" class=\"alignright size-medium wp-image-128875\" src=\"https:\/\/semmelweis.hu\/hirek\/files\/2023\/06\/177100scr_wm_f25ea3f2c959703-267x400.jpg\" alt=\"\" width=\"267\" height=\"400\" srcset=\"https:\/\/semmelweis.hu\/hirek\/files\/2023\/06\/177100scr_wm_f25ea3f2c959703-267x400.jpg 267w, https:\/\/semmelweis.hu\/hirek\/files\/2023\/06\/177100scr_wm_f25ea3f2c959703-533x800.jpg 533w, https:\/\/semmelweis.hu\/hirek\/files\/2023\/06\/177100scr_wm_f25ea3f2c959703.jpg 600w\" sizes=\"auto, (max-width: 267px) 100vw, 267px\" \/><\/a>Kem\u00e9ny munk\u00e1val, elsz\u00e1nt tanul\u00e1ssal, pr\u00f3bat\u00e9telekkel \u00e9s vizsgateljes\u00edtm\u00e9nyekkel teli esztend\u0151k \u00e1llnak az \u00f6n\u00f6k h\u00e1ta m\u00f6g\u00f6tt. A koronav\u00edrus miatti vesz\u00e9lyhelyzetben egyik napr\u00f3l a m\u00e1sikra v\u00e1ltak feln\u0151tt\u00e9, \u00e9s bepillant\u00e1st kaptak abba, mit jelent al\u00e1zattal szolg\u00e1lni, az egyetem negyedsz\u00e1zados jubileumi \u00e9v\u00e9ben pedig abba, mit tesz b\u00fcszke semmelweises orvostanhallgat\u00f3nak lenni \u2013 tekintett vissza az elm\u00falt \u00e9vekre az esk\u00fct\u00e9telt k\u00f6vet\u0151 besz\u00e9d\u00e9ben dr. Kellermayer Mikl\u00f3s, az \u00c1ltal\u00e1nos Orvosi Kar d\u00e9k\u00e1nja. Kiemelte, hogy a meg\u00faj\u00edtott kurrikulumnak k\u00f6sz\u00f6nhet\u0151en olyan \u00e1ltal\u00e1nos orvosokat k\u00e9peztek, akik k\u00e9pesek az \u00f6n\u00e1ll\u00f3, kritikus gondolkod\u00e1sra, bizonyos orvosi d\u00f6nt\u00e9shozatalra, a differenci\u00e1l\u00f3d\u00e1sra \u00e9s a szakosod\u00e1sra. Eml\u00e9keztetett arra, hogy a v\u00e9gz\u0151s\u00f6k egy k\u00e9tezer \u00e9ves esk\u00fc szavaival tettek hitet hivat\u00e1suk, \u00e9s amellett, hogy se cselekedeteikkel, se szavaikkal ne \u00e1rtsanak.<\/p>\n<blockquote>\n<p>Akarjanak j\u00f3 orvosok lenni \u00e9s a t\u00f6rekedjenek hivat\u00e1suk legjobbjaiv\u00e1, s egyben alkot\u00f3, t\u00e1mogat\u00f3 szakmai k\u00f6z\u00f6ss\u00e9geket \u00e9p\u00edt\u0151 szakemberekk\u00e9 v\u00e1lni<\/p>\n<\/blockquote>\n<p>\u2013 h\u00edvta fel \u00fajonnan felavatott doktort\u00e1rsai figyelm\u00e9t a d\u00e9k\u00e1n. \u201eMaradjanak \u00e1llhatatosan azon az \u00faton, amelynek l\u00e9nyege \u00e9s \u00e9rtelme az igazs\u00e1g keres\u00e9se \u00e9s szolg\u00e1lata, \u00e9s az emberi \u00e9let v\u00e9delme. \u00c9s mindek\u00f6zben ne feledj\u00e9k: a Semmelweis Egyetem v\u00e9gz\u0151sei, akiket az alma mater mindig, szeretettel hazav\u00e1r!\u201d \u2013 tette hozz\u00e1 dr. Kellermayer Mikl\u00f3s.<\/p>\n<p><a href=\"https:\/\/semmelweis.hu\/hirek\/files\/2023\/06\/177096scr_wm_9105c3842427bef.jpg\"><img loading=\"lazy\" decoding=\"async\" class=\"aligncenter size-full wp-image-128876\" src=\"https:\/\/semmelweis.hu\/hirek\/files\/2023\/06\/177096scr_wm_9105c3842427bef.jpg\" alt=\"\" width=\"1200\" height=\"800\" srcset=\"https:\/\/semmelweis.hu\/hirek\/files\/2023\/06\/177096scr_wm_9105c3842427bef.jpg 1200w, https:\/\/semmelweis.hu\/hirek\/files\/2023\/06\/177096scr_wm_9105c3842427bef-400x267.jpg 400w, https:\/\/semmelweis.hu\/hirek\/files\/2023\/06\/177096scr_wm_9105c3842427bef-900x600.jpg 900w, https:\/\/semmelweis.hu\/hirek\/files\/2023\/06\/177096scr_wm_9105c3842427bef-768x512.jpg 768w, https:\/\/semmelweis.hu\/hirek\/files\/2023\/06\/177096scr_wm_9105c3842427bef-753x502.jpg 753w, https:\/\/semmelweis.hu\/hirek\/files\/2023\/06\/177096scr_wm_9105c3842427bef-203x135.jpg 203w\" sizes=\"auto, (max-width: 1200px) 100vw, 1200px\" \/><\/a><\/p>\n<p>A magyar nyelv\u0171 k\u00e9pz\u00e9sben r\u00e9szt vett orvostanhallgat\u00f3k nev\u00e9ben dr. Tripolszky B\u00e1lint id\u00e9zte fel az elm\u00falt \u00e9vek hallgat\u00f3k szempontj\u00e1b\u00f3l meghat\u00e1roz\u00f3 esem\u00e9nyeit a g\u00f3lyat\u00e1bort\u00f3l a vizsg\u00e1k neh\u00e9zs\u00e9geire val\u00f3 felk\u00e9sz\u00fcl\u00e9sig, \u00e9s a COVID-j\u00e1rv\u00e1ny alatti \u00f6nk\u00e9ntes szerepv\u00e1llal\u00e1sig bez\u00e1r\u00f3lag. K\u00f6sz\u00f6netet mondott az egyetem \u00e9s a kar vezet\u0151inek, oktat\u00f3inak, a mentoroknak az\u00e9rt, hogy nem csup\u00e1n a szakmai tud\u00e1st tanulhatt\u00e1k meg t\u0151l\u00fck, hanem embers\u00e9get is. \u201eK\u00f6sz\u00f6net a j\u00f3sz\u00e1nd\u00e9k\u00fa szigor\u00e9rt, mely m\u00f6g\u00f6tt mindig az a kiz\u00e1r\u00f3lagos motiv\u00e1ci\u00f3 \u00e1llt, hogy a legkiv\u00e1l\u00f3bb orvosokat nevelj\u00e9k bel\u0151l\u00fcnk\u201d \u2013 mondta a lek\u00f6sz\u00f6n\u0151 H\u00d6K-eln\u00f6k. \u00c9s az\u00e9rt is k\u00f6sz\u00f6netet mondott, hogy olyan diplom\u00e1t vehettek \u00e1t, amely el\u0151tt b\u00e1rhol a vil\u00e1gon kalapot emelnek.<\/p>\n<p><a href=\"https:\/\/semmelweis.hu\/hirek\/files\/2023\/06\/RS177124_GV5A9054-scr.jpg\"><img loading=\"lazy\" decoding=\"async\" class=\"alignright size-medium wp-image-128908\" src=\"https:\/\/semmelweis.hu\/hirek\/files\/2023\/06\/RS177124_GV5A9054-scr-400x250.jpg\" alt=\"\" width=\"400\" height=\"250\" srcset=\"https:\/\/semmelweis.hu\/hirek\/files\/2023\/06\/RS177124_GV5A9054-scr-400x250.jpg 400w, https:\/\/semmelweis.hu\/hirek\/files\/2023\/06\/RS177124_GV5A9054-scr-900x563.jpg 900w, https:\/\/semmelweis.hu\/hirek\/files\/2023\/06\/RS177124_GV5A9054-scr-768x481.jpg 768w, https:\/\/semmelweis.hu\/hirek\/files\/2023\/06\/RS177124_GV5A9054-scr-753x471.jpg 753w, https:\/\/semmelweis.hu\/hirek\/files\/2023\/06\/RS177124_GV5A9054-scr.jpg 1200w\" sizes=\"auto, (max-width: 400px) 100vw, 400px\" \/><\/a>\u00dajonnan felavatott orvost\u00e1rsaihoz sz\u00f3lva elmondta, hogy b\u00e1rhogyan is alakul a vil\u00e1g, \u00e9s benne haz\u00e1nk sorsa, a tud\u00e1sukra mindig sz\u00fcks\u00e9g lesz, \u00e9pp ez\u00e9rt \u00f3ri\u00e1si a felel\u0151ss\u00e9g\u00fck is. Nemcsak a r\u00e1juk b\u00edzand\u00f3 betegek \u00e9lete miatt, hanem a t\u00e1rsadalom\u00e9rt is. Az orvoss\u00e1 v\u00e1l\u00e1s egy megh\u00edv\u00f3lev\u00e9l ahhoz, hogy ne csup\u00e1n j\u00f3l fizetett szellemi munk\u00e1sok, hanem ann\u00e1l sokkal t\u00f6bbek, v\u00e9lem\u00e9nyt nyilv\u00e1n\u00edt\u00f3, haz\u00e1nk sors\u00e1t form\u00e1l\u00f3 \u00e9rtelmis\u00e9giek is lehess\u00fcnk, k\u00f6teless\u00e9g\u00fcnk a megszerzett tud\u00e1st embert\u00e1rsaink \u00e9s haz\u00e1nk jav\u00e1ra ford\u00edtani \u2013 h\u00edvta fel a figyelmet dr. Tripolszky B\u00e1lint. Emellett k\u00f6sz\u00f6netet mondott a csal\u00e1dok t\u00e1mogat\u00e1s\u00e1\u00e9rt is, mivel szeretet\u00fck n\u00e9lk\u00fcl m\u00e1sik sors lett volna meg\u00edrva a most \u00fcnnepl\u0151 v\u00e9gz\u0151s\u00f6k sz\u00e1m\u00e1ra.<\/p>\n<p><a href=\"https:\/\/semmelweis.hu\/hirek\/files\/2023\/06\/RS177120_GV5A9087-scr.jpg\"><img loading=\"lazy\" decoding=\"async\" class=\"alignright size-medium wp-image-128907\" src=\"https:\/\/semmelweis.hu\/hirek\/files\/2023\/06\/RS177120_GV5A9087-scr-400x267.jpg\" alt=\"\" width=\"400\" height=\"267\" srcset=\"https:\/\/semmelweis.hu\/hirek\/files\/2023\/06\/RS177120_GV5A9087-scr-400x267.jpg 400w, https:\/\/semmelweis.hu\/hirek\/files\/2023\/06\/RS177120_GV5A9087-scr-900x600.jpg 900w, https:\/\/semmelweis.hu\/hirek\/files\/2023\/06\/RS177120_GV5A9087-scr-768x512.jpg 768w, https:\/\/semmelweis.hu\/hirek\/files\/2023\/06\/RS177120_GV5A9087-scr-753x502.jpg 753w, https:\/\/semmelweis.hu\/hirek\/files\/2023\/06\/RS177120_GV5A9087-scr-203x135.jpg 203w, https:\/\/semmelweis.hu\/hirek\/files\/2023\/06\/RS177120_GV5A9087-scr.jpg 1200w\" sizes=\"auto, (max-width: 400px) 100vw, 400px\" \/><\/a>Az angol nyelv\u0171 k\u00e9pz\u00e9s r\u00e9sztvev\u0151i nev\u00e9ben dr. Zaveri Verdant Nikhil mondott k\u00f6sz\u00f6netet az egyetem vezet\u00e9s\u00e9nek, professzorainak, klinikai oktat\u00f3inak er\u0151fesz\u00edt\u00e9seik\u00e9rt, hogy \u00e1tadj\u00e1k tud\u00e1sukat, tapasztalataikat. \u201eNoha voltak k\u00f6zt\u00fcnk n\u00e9zetk\u00fcl\u00f6nbs\u00e9gek, szerves r\u00e9szei voltak az utaz\u00e1sunknak, \u00e9s jellemfejl\u0151d\u00e9s\u00fcnknek\u201d \u2013 jegyezte meg dr. Zavari Verdant Nikhil. K\u00f6sz\u00f6net\u00fcket fejezte ki\u00a0a nemzetk\u00f6zi hallgat\u00f3kkal foglalkoz\u00f3 egyetemi munkat\u00e1rsaknak is, extr\u00e9m seg\u00edt\u0151k\u00e9szs\u00e9g\u00fck\u00e9rt. \u00dagy fogalmazott, hogy a sz\u00fcl\u0151k \u00e9s csal\u00e1dok v\u00e9gtelen, \u00e9s kiapadhatatlan \u00e9rzelmi t\u00e1mogat\u00e1sa, szil\u00e1rd \u00e9rt\u00e9krendje n\u00e9lk\u00fcl ma nem \u00e1llhatn\u00e1nak itt. A v\u00e9gz\u0151s\u00f6kh\u00f6z sz\u00f3lva kiemelte, micsoda \u00e9rzelmi hull\u00e1mvas\u00fat, mennyi er\u0151fesz\u00edt\u00e9s vezetett a mai naphoz, de v\u00e9g\u00fcl mindez kifizet\u0151d\u00f6tt. \u00c9s b\u00e1r ez a fejezet a v\u00e9g\u00e9hez \u00e9r, \u00e9s sz\u00e9tsz\u00e9ledve a vil\u00e1gban el\u0151fordulhat, hogy t\u00f6bb\u00e9 nem tal\u00e1lkoznak, de az itt kialakult kapcsolatok akkor sem szakadnak meg, \u00f6r\u00f6kk\u00e9 tartanak.<\/p>\n<p><a href=\"https:\/\/semmelweis.hu\/hirek\/files\/2023\/06\/RS177119_GV5A9099-scr.jpg\"><img loading=\"lazy\" decoding=\"async\" class=\"alignleft wp-image-128906 size-medium\" src=\"https:\/\/semmelweis.hu\/hirek\/files\/2023\/06\/RS177119_GV5A9099-scr-267x400.jpg\" alt=\"\" width=\"267\" height=\"400\" srcset=\"https:\/\/semmelweis.hu\/hirek\/files\/2023\/06\/RS177119_GV5A9099-scr-267x400.jpg 267w, https:\/\/semmelweis.hu\/hirek\/files\/2023\/06\/RS177119_GV5A9099-scr-533x800.jpg 533w, https:\/\/semmelweis.hu\/hirek\/files\/2023\/06\/RS177119_GV5A9099-scr.jpg 600w\" sizes=\"auto, (max-width: 267px) 100vw, 267px\" \/><\/a>A n\u00e9met nyelv\u0171 k\u00e9pz\u00e9s orvostanhallgat\u00f3i nev\u00e9ben megsz\u00f3lal\u00f3 dr. Jann-Philipp Emmermann azt fejtegette, hogy a most k\u00e9zhez kapott diploma egyszerre jelenti sz\u00e1mukra mindazt a k\u00f6sz\u00f6netet, amelyet az oktat\u00f3k, a csal\u00e1dok \u00e9s bar\u00e1tok, p\u00e1ciensek t\u00e1mogat\u00e1s\u00e1\u00e9rt, b\u00e1tor\u00edt\u00e1s\u00e1\u00e9rt \u00e9reznek, \u00e9s azt a tud\u00e1st, amit v\u00e9r, verejt\u00e9k \u00e9s k\u00f6nnyek \u00e1r\u00e1n szereztek meg. Egyszerre eml\u00e9kezteti \u0151ket arra, mennyire m\u00e1st \u00e9rtettek a mindent tudni kifejez\u00e9s alatt a vizsg\u00e1zni indul\u00f3 hallgat\u00f3k, \u00e9s a vizsg\u00e1ztat\u00f3 oktat\u00f3k; a tanul\u00e1s miatti, \u00e9s a heti PCR-tesztel\u00e9st k\u00f6vet\u0151 fejf\u00e1j\u00e1sra, \u00e9s azokra a bar\u00e1ts\u00e1gokra, amelyek a Magyarorsz\u00e1gon t\u00f6lt\u00f6tt id\u0151 alatt \u00e1tseg\u00edtett\u00e9k \u0151ket a m\u00e9lypontokon, amikor a csal\u00e1djuk t\u00f6bb sz\u00e1z, vagy ezer kilom\u00e9terre volt t\u0151l\u00fck. Ezek a bar\u00e1ts\u00e1gok legt\u00f6bbj\u00fck sz\u00e1m\u00e1ra a m\u00e1sodik, n\u00e9h\u00e1nyuk eset\u00e9ben pedig a leend\u0151 csal\u00e1dot jelenti. \u00c9s noha van benn\u00fck egy kis aggodalom a r\u00e1juk v\u00e1r\u00f3 felel\u0151ss\u00e9g miatt, ez a diploma azt a bizalmat is jelzi sz\u00e1mukra, amit a csal\u00e1djukt\u00f3l, bar\u00e1taikt\u00f3l, de legf\u0151k\u00e9pp az oktat\u00f3kt\u00f3l kaptak amiatt, hogy feln\u0151ttek a feladathoz, hogy orvosk\u00e9nt dolgozzanak.<\/p>\n<p>A rendezv\u00e9nyt a Misztr\u00e1l zenekar el\u0151ad\u00e1sa mellett versek sz\u00ednes\u00edtett\u00e9k, Tak\u00e1cs Bence, a Magyar M\u0171v\u00e9szeti Akad\u00e9mia \u00f6szt\u00f6nd\u00edjas versmond\u00f3 tolm\u00e1csol\u00e1s\u00e1ban. Levet\u00edtett\u00e9k a Semmelweis, ami \u00f6sszek\u00f6t c\u00edm\u0171 kisfilmet is. Az \u00fcnnepi szen\u00e1tusi \u00fcl\u00e9s z\u00e1r\u00f3akkordjak\u00e9nt a frissen orvoss\u00e1 avatott hallgat\u00f3k &#8211; a hagyom\u00e1nyoknak megfelel\u0151en &#8211; az \u00e9gbe dob\u00e1lt kalapokkal fejezt\u00e9k ki \u00f6r\u00f6m\u00fcket.<\/p>\n\r\n        [slb_exclude]\r\n        <div class=\"row galeria-wrapper mx-0 h-auto\">\r\n            <div class=\"col-9 pl-0 pr-2\">\r\n            <span class=\"gallery-item frame\">\r\n\t\t\t\t<div class=\"galeria-left-img\"><a href=\"https:\/\/semmelweis.hu\/hirek\/files\/2023\/06\/RS176947_GV5A8259-scr.jpg\"><img src=https:\/\/semmelweis.hu\/hirek\/files\/2023\/06\/RS176947_GV5A8259-scr.jpg  \r\n                            alt=\"\" \r\n                            class=\"attachment-sote-gallery-big size-sote-gallery-big\" \r\n                            srcset=\"https:\/\/semmelweis.hu\/hirek\/files\/2023\/06\/RS176947_GV5A8259-scr-400x267.jpg 400w, https:\/\/semmelweis.hu\/hirek\/files\/2023\/06\/RS176947_GV5A8259-scr-900x600.jpg 900w, https:\/\/semmelweis.hu\/hirek\/files\/2023\/06\/RS176947_GV5A8259-scr-768x512.jpg 768w, https:\/\/semmelweis.hu\/hirek\/files\/2023\/06\/RS176947_GV5A8259-scr-753x502.jpg 753w, https:\/\/semmelweis.hu\/hirek\/files\/2023\/06\/RS176947_GV5A8259-scr-203x135.jpg 203w, https:\/\/semmelweis.hu\/hirek\/files\/2023\/06\/RS176947_GV5A8259-scr.jpg 1200w\" ><\/a><\/div>\r\n            <\/span>\r\n\r\n            <\/div>\r\n\r\n\t\t\t<div class=\"col-3 pl-0 pr-0\">\r\n\t\t\t\t<div class=\"galeria-right-img d-flex justify-content-between flex-column h-100 w-100 px-0 mx-0 \">\r\n                <div class=\"galeria-box\">\r\n\t\t\t\t\t<h3 class=\"galeria-title\">Gal\u00e9ria<\/h3>\r\n\t\t\t\t\t<div class=\"galeria-subtitle\">\r\n\r\n\t\t\t\t\t\t<div class=\"galeria-page-counter\"><span>32<\/span>k\u00e9p<\/div>\r\n                    <\/div> <\/div>\r\n                    <span class=\"gallery-item frame d-none d-md-flex\">\r\n\t\t\t\t\t<div class=\"galeria-small-img mt-0\"><a href=\"https:\/\/semmelweis.hu\/hirek\/files\/2023\/06\/RS176948_GV5A8265-scr.jpg\"><img src=https:\/\/semmelweis.hu\/hirek\/files\/2023\/06\/RS176948_GV5A8265-scr.jpg \r\n                                alt=\"\"  \r\n                                class=\"attachment-sote-gallery-small size-sote-gallery-small\" \r\n                                srcset=\"https:\/\/semmelweis.hu\/hirek\/files\/2023\/06\/RS176948_GV5A8265-scr-400x267.jpg 400w, https:\/\/semmelweis.hu\/hirek\/files\/2023\/06\/RS176948_GV5A8265-scr-900x600.jpg 900w, https:\/\/semmelweis.hu\/hirek\/files\/2023\/06\/RS176948_GV5A8265-scr-768x512.jpg 768w, https:\/\/semmelweis.hu\/hirek\/files\/2023\/06\/RS176948_GV5A8265-scr-753x502.jpg 753w, https:\/\/semmelweis.hu\/hirek\/files\/2023\/06\/RS176948_GV5A8265-scr-203x135.jpg 203w, https:\/\/semmelweis.hu\/hirek\/files\/2023\/06\/RS176948_GV5A8265-scr.jpg 1200w\" ><\/a><\/div>\r\n                    <\/span>\r\n                    <span class=\"gallery-item frame d-none d-md-flex\">\r\n\t\t\t\t\t<div class=\"galeria-small-img mt-0\"><a href=\"https:\/\/semmelweis.hu\/hirek\/files\/2023\/06\/RS176968_GV5A8464-scr.jpg\"><img src=https:\/\/semmelweis.hu\/hirek\/files\/2023\/06\/RS176968_GV5A8464-scr.jpg \r\n                                alt=\"\" \r\n                                class=\"attachment-sote-gallery-small size-sote-gallery-small\" \r\n                                srcset=\"https:\/\/semmelweis.hu\/hirek\/files\/2023\/06\/RS176968_GV5A8464-scr-400x258.jpg 400w, https:\/\/semmelweis.hu\/hirek\/files\/2023\/06\/RS176968_GV5A8464-scr-900x581.jpg 900w, https:\/\/semmelweis.hu\/hirek\/files\/2023\/06\/RS176968_GV5A8464-scr-768x496.jpg 768w, https:\/\/semmelweis.hu\/hirek\/files\/2023\/06\/RS176968_GV5A8464-scr-753x486.jpg 753w, https:\/\/semmelweis.hu\/hirek\/files\/2023\/06\/RS176968_GV5A8464-scr.jpg 1200w\" ><\/a><\/div>\r\n                    <\/span>\r\n\r\n                <\/div>\r\n\r\n            <\/div>\r\n\r\n            <span class=\"gallery-item\"><div class=\"hidden\"><a href=\"https:\/\/semmelweis.hu\/hirek\/files\/2023\/06\/RS176970_GV5A8478-scr.jpg\">\r\n        <img src=https:\/\/semmelweis.hu\/hirek\/files\/2023\/06\/RS176970_GV5A8478-scr.jpg alt=\"\" class=\"attachment-sote-gallery-big size-sote-gallery-big\" srcset=\"https:\/\/semmelweis.hu\/hirek\/files\/2023\/06\/RS176970_GV5A8478-scr-400x267.jpg 400w, https:\/\/semmelweis.hu\/hirek\/files\/2023\/06\/RS176970_GV5A8478-scr-900x600.jpg 900w, https:\/\/semmelweis.hu\/hirek\/files\/2023\/06\/RS176970_GV5A8478-scr-768x512.jpg 768w, https:\/\/semmelweis.hu\/hirek\/files\/2023\/06\/RS176970_GV5A8478-scr-753x502.jpg 753w, https:\/\/semmelweis.hu\/hirek\/files\/2023\/06\/RS176970_GV5A8478-scr-203x135.jpg 203w, https:\/\/semmelweis.hu\/hirek\/files\/2023\/06\/RS176970_GV5A8478-scr.jpg 1200w\" >\r\n        <\/a><\/div><\/span><span class=\"gallery-item\"><div class=\"hidden\"><a href=\"https:\/\/semmelweis.hu\/hirek\/files\/2023\/06\/RS177019_GV5A8499-scr.jpg\">\r\n        <img src=https:\/\/semmelweis.hu\/hirek\/files\/2023\/06\/RS177019_GV5A8499-scr.jpg alt=\"\" class=\"attachment-sote-gallery-big size-sote-gallery-big\" srcset=\"https:\/\/semmelweis.hu\/hirek\/files\/2023\/06\/RS177019_GV5A8499-scr-259x400.jpg 259w, https:\/\/semmelweis.hu\/hirek\/files\/2023\/06\/RS177019_GV5A8499-scr-517x800.jpg 517w, https:\/\/semmelweis.hu\/hirek\/files\/2023\/06\/RS177019_GV5A8499-scr.jpg 582w\" >\r\n        <\/a><\/div><\/span><span class=\"gallery-item\"><div class=\"hidden\"><a href=\"https:\/\/semmelweis.hu\/hirek\/files\/2023\/06\/RS177024_GV5A8529-scr.jpg\">\r\n        <img src=https:\/\/semmelweis.hu\/hirek\/files\/2023\/06\/RS177024_GV5A8529-scr.jpg alt=\"\" class=\"attachment-sote-gallery-big size-sote-gallery-big\" srcset=\"https:\/\/semmelweis.hu\/hirek\/files\/2023\/06\/RS177024_GV5A8529-scr-400x267.jpg 400w, https:\/\/semmelweis.hu\/hirek\/files\/2023\/06\/RS177024_GV5A8529-scr-900x600.jpg 900w, https:\/\/semmelweis.hu\/hirek\/files\/2023\/06\/RS177024_GV5A8529-scr-768x512.jpg 768w, https:\/\/semmelweis.hu\/hirek\/files\/2023\/06\/RS177024_GV5A8529-scr-753x502.jpg 753w, https:\/\/semmelweis.hu\/hirek\/files\/2023\/06\/RS177024_GV5A8529-scr-203x135.jpg 203w, https:\/\/semmelweis.hu\/hirek\/files\/2023\/06\/RS177024_GV5A8529-scr.jpg 1200w\" >\r\n        <\/a><\/div><\/span><span class=\"gallery-item\"><div class=\"hidden\"><a href=\"https:\/\/semmelweis.hu\/hirek\/files\/2023\/06\/RS176976_GV5A8559-scr.jpg\">\r\n        <img src=https:\/\/semmelweis.hu\/hirek\/files\/2023\/06\/RS176976_GV5A8559-scr.jpg alt=\"\" class=\"attachment-sote-gallery-big size-sote-gallery-big\" srcset=\"https:\/\/semmelweis.hu\/hirek\/files\/2023\/06\/RS176976_GV5A8559-scr-400x267.jpg 400w, https:\/\/semmelweis.hu\/hirek\/files\/2023\/06\/RS176976_GV5A8559-scr-900x600.jpg 900w, https:\/\/semmelweis.hu\/hirek\/files\/2023\/06\/RS176976_GV5A8559-scr-768x512.jpg 768w, https:\/\/semmelweis.hu\/hirek\/files\/2023\/06\/RS176976_GV5A8559-scr-753x502.jpg 753w, https:\/\/semmelweis.hu\/hirek\/files\/2023\/06\/RS176976_GV5A8559-scr-203x135.jpg 203w, https:\/\/semmelweis.hu\/hirek\/files\/2023\/06\/RS176976_GV5A8559-scr.jpg 1200w\" >\r\n        <\/a><\/div><\/span><span class=\"gallery-item\"><div class=\"hidden\"><a href=\"https:\/\/semmelweis.hu\/hirek\/files\/2023\/06\/RS176978_GV5A8568-scr.jpg\">\r\n        <img src=https:\/\/semmelweis.hu\/hirek\/files\/2023\/06\/RS176978_GV5A8568-scr.jpg alt=\"\" class=\"attachment-sote-gallery-big size-sote-gallery-big\" srcset=\"https:\/\/semmelweis.hu\/hirek\/files\/2023\/06\/RS176978_GV5A8568-scr-400x267.jpg 400w, https:\/\/semmelweis.hu\/hirek\/files\/2023\/06\/RS176978_GV5A8568-scr-900x600.jpg 900w, https:\/\/semmelweis.hu\/hirek\/files\/2023\/06\/RS176978_GV5A8568-scr-768x512.jpg 768w, https:\/\/semmelweis.hu\/hirek\/files\/2023\/06\/RS176978_GV5A8568-scr-753x502.jpg 753w, https:\/\/semmelweis.hu\/hirek\/files\/2023\/06\/RS176978_GV5A8568-scr-203x135.jpg 203w, https:\/\/semmelweis.hu\/hirek\/files\/2023\/06\/RS176978_GV5A8568-scr.jpg 1200w\" >\r\n        <\/a><\/div><\/span><span class=\"gallery-item\"><div class=\"hidden\"><a href=\"https:\/\/semmelweis.hu\/hirek\/files\/2023\/06\/RS176982_GV5A8586-scr.jpg\">\r\n        <img src=https:\/\/semmelweis.hu\/hirek\/files\/2023\/06\/RS176982_GV5A8586-scr.jpg alt=\"\" class=\"attachment-sote-gallery-big size-sote-gallery-big\" srcset=\"https:\/\/semmelweis.hu\/hirek\/files\/2023\/06\/RS176982_GV5A8586-scr-400x267.jpg 400w, https:\/\/semmelweis.hu\/hirek\/files\/2023\/06\/RS176982_GV5A8586-scr-900x600.jpg 900w, https:\/\/semmelweis.hu\/hirek\/files\/2023\/06\/RS176982_GV5A8586-scr-768x512.jpg 768w, https:\/\/semmelweis.hu\/hirek\/files\/2023\/06\/RS176982_GV5A8586-scr-753x502.jpg 753w, https:\/\/semmelweis.hu\/hirek\/files\/2023\/06\/RS176982_GV5A8586-scr-203x135.jpg 203w, https:\/\/semmelweis.hu\/hirek\/files\/2023\/06\/RS176982_GV5A8586-scr.jpg 1200w\" >\r\n        <\/a><\/div><\/span><span class=\"gallery-item\"><div class=\"hidden\"><a href=\"https:\/\/semmelweis.hu\/hirek\/files\/2023\/06\/RS176990_GV5A8615-scr.jpg\">\r\n        <img src=https:\/\/semmelweis.hu\/hirek\/files\/2023\/06\/RS176990_GV5A8615-scr.jpg alt=\"\" class=\"attachment-sote-gallery-big size-sote-gallery-big\" srcset=\"https:\/\/semmelweis.hu\/hirek\/files\/2023\/06\/RS176990_GV5A8615-scr-400x267.jpg 400w, https:\/\/semmelweis.hu\/hirek\/files\/2023\/06\/RS176990_GV5A8615-scr-900x600.jpg 900w, https:\/\/semmelweis.hu\/hirek\/files\/2023\/06\/RS176990_GV5A8615-scr-768x512.jpg 768w, https:\/\/semmelweis.hu\/hirek\/files\/2023\/06\/RS176990_GV5A8615-scr-753x502.jpg 753w, https:\/\/semmelweis.hu\/hirek\/files\/2023\/06\/RS176990_GV5A8615-scr-203x135.jpg 203w, https:\/\/semmelweis.hu\/hirek\/files\/2023\/06\/RS176990_GV5A8615-scr.jpg 1200w\" >\r\n        <\/a><\/div><\/span><span class=\"gallery-item\"><div class=\"hidden\"><a href=\"https:\/\/semmelweis.hu\/hirek\/files\/2023\/06\/RS176999_GV5A8653-scr.jpg\">\r\n        <img src=https:\/\/semmelweis.hu\/hirek\/files\/2023\/06\/RS176999_GV5A8653-scr.jpg alt=\"\" class=\"attachment-sote-gallery-big size-sote-gallery-big\" srcset=\"https:\/\/semmelweis.hu\/hirek\/files\/2023\/06\/RS176999_GV5A8653-scr-400x267.jpg 400w, https:\/\/semmelweis.hu\/hirek\/files\/2023\/06\/RS176999_GV5A8653-scr-900x600.jpg 900w, https:\/\/semmelweis.hu\/hirek\/files\/2023\/06\/RS176999_GV5A8653-scr-768x512.jpg 768w, https:\/\/semmelweis.hu\/hirek\/files\/2023\/06\/RS176999_GV5A8653-scr-753x502.jpg 753w, https:\/\/semmelweis.hu\/hirek\/files\/2023\/06\/RS176999_GV5A8653-scr-203x135.jpg 203w, https:\/\/semmelweis.hu\/hirek\/files\/2023\/06\/RS176999_GV5A8653-scr.jpg 1200w\" >\r\n        <\/a><\/div><\/span><span class=\"gallery-item\"><div class=\"hidden\"><a href=\"https:\/\/semmelweis.hu\/hirek\/files\/2023\/06\/RS177049_3P1A3883-scr.jpg\">\r\n        <img src=https:\/\/semmelweis.hu\/hirek\/files\/2023\/06\/RS177049_3P1A3883-scr.jpg alt=\"\" class=\"attachment-sote-gallery-big size-sote-gallery-big\" srcset=\"https:\/\/semmelweis.hu\/hirek\/files\/2023\/06\/RS177049_3P1A3883-scr-400x267.jpg 400w, https:\/\/semmelweis.hu\/hirek\/files\/2023\/06\/RS177049_3P1A3883-scr-900x600.jpg 900w, https:\/\/semmelweis.hu\/hirek\/files\/2023\/06\/RS177049_3P1A3883-scr-768x512.jpg 768w, https:\/\/semmelweis.hu\/hirek\/files\/2023\/06\/RS177049_3P1A3883-scr-753x502.jpg 753w, https:\/\/semmelweis.hu\/hirek\/files\/2023\/06\/RS177049_3P1A3883-scr-203x135.jpg 203w, https:\/\/semmelweis.hu\/hirek\/files\/2023\/06\/RS177049_3P1A3883-scr.jpg 1200w\" >\r\n        <\/a><\/div><\/span><span class=\"gallery-item\"><div class=\"hidden\"><a href=\"https:\/\/semmelweis.hu\/hirek\/files\/2023\/06\/RS177057_3P1A3901-scr.jpg\">\r\n        <img src=https:\/\/semmelweis.hu\/hirek\/files\/2023\/06\/RS177057_3P1A3901-scr.jpg alt=\"\" class=\"attachment-sote-gallery-big size-sote-gallery-big\" srcset=\"https:\/\/semmelweis.hu\/hirek\/files\/2023\/06\/RS177057_3P1A3901-scr-400x267.jpg 400w, https:\/\/semmelweis.hu\/hirek\/files\/2023\/06\/RS177057_3P1A3901-scr-900x600.jpg 900w, https:\/\/semmelweis.hu\/hirek\/files\/2023\/06\/RS177057_3P1A3901-scr-768x512.jpg 768w, https:\/\/semmelweis.hu\/hirek\/files\/2023\/06\/RS177057_3P1A3901-scr-753x502.jpg 753w, https:\/\/semmelweis.hu\/hirek\/files\/2023\/06\/RS177057_3P1A3901-scr-203x135.jpg 203w, https:\/\/semmelweis.hu\/hirek\/files\/2023\/06\/RS177057_3P1A3901-scr.jpg 1200w\" >\r\n        <\/a><\/div><\/span><span class=\"gallery-item\"><div class=\"hidden\"><a href=\"https:\/\/semmelweis.hu\/hirek\/files\/2023\/06\/RS177055_3P1A3897-scr.jpg\">\r\n        <img src=https:\/\/semmelweis.hu\/hirek\/files\/2023\/06\/RS177055_3P1A3897-scr.jpg alt=\"\" class=\"attachment-sote-gallery-big size-sote-gallery-big\" srcset=\"https:\/\/semmelweis.hu\/hirek\/files\/2023\/06\/RS177055_3P1A3897-scr-400x267.jpg 400w, https:\/\/semmelweis.hu\/hirek\/files\/2023\/06\/RS177055_3P1A3897-scr-900x600.jpg 900w, https:\/\/semmelweis.hu\/hirek\/files\/2023\/06\/RS177055_3P1A3897-scr-768x512.jpg 768w, https:\/\/semmelweis.hu\/hirek\/files\/2023\/06\/RS177055_3P1A3897-scr-753x502.jpg 753w, https:\/\/semmelweis.hu\/hirek\/files\/2023\/06\/RS177055_3P1A3897-scr-203x135.jpg 203w, https:\/\/semmelweis.hu\/hirek\/files\/2023\/06\/RS177055_3P1A3897-scr.jpg 1200w\" >\r\n        <\/a><\/div><\/span><span class=\"gallery-item\"><div class=\"hidden\"><a href=\"https:\/\/semmelweis.hu\/hirek\/files\/2023\/06\/RS177006_GV5A8694-scr.jpg\">\r\n        <img src=https:\/\/semmelweis.hu\/hirek\/files\/2023\/06\/RS177006_GV5A8694-scr.jpg alt=\"\" class=\"attachment-sote-gallery-big size-sote-gallery-big\" srcset=\"https:\/\/semmelweis.hu\/hirek\/files\/2023\/06\/RS177006_GV5A8694-scr-400x267.jpg 400w, https:\/\/semmelweis.hu\/hirek\/files\/2023\/06\/RS177006_GV5A8694-scr-900x600.jpg 900w, https:\/\/semmelweis.hu\/hirek\/files\/2023\/06\/RS177006_GV5A8694-scr-768x512.jpg 768w, https:\/\/semmelweis.hu\/hirek\/files\/2023\/06\/RS177006_GV5A8694-scr-753x502.jpg 753w, https:\/\/semmelweis.hu\/hirek\/files\/2023\/06\/RS177006_GV5A8694-scr-203x135.jpg 203w, https:\/\/semmelweis.hu\/hirek\/files\/2023\/06\/RS177006_GV5A8694-scr.jpg 1200w\" >\r\n        <\/a><\/div><\/span><span class=\"gallery-item\"><div class=\"hidden\"><a href=\"https:\/\/semmelweis.hu\/hirek\/files\/2023\/06\/RS177013_GV5A8731-scr.jpg\">\r\n        <img src=https:\/\/semmelweis.hu\/hirek\/files\/2023\/06\/RS177013_GV5A8731-scr.jpg alt=\"\" class=\"attachment-sote-gallery-big size-sote-gallery-big\" srcset=\"https:\/\/semmelweis.hu\/hirek\/files\/2023\/06\/RS177013_GV5A8731-scr-400x262.jpg 400w, https:\/\/semmelweis.hu\/hirek\/files\/2023\/06\/RS177013_GV5A8731-scr-900x589.jpg 900w, https:\/\/semmelweis.hu\/hirek\/files\/2023\/06\/RS177013_GV5A8731-scr-768x502.jpg 768w, https:\/\/semmelweis.hu\/hirek\/files\/2023\/06\/RS177013_GV5A8731-scr-753x493.jpg 753w, https:\/\/semmelweis.hu\/hirek\/files\/2023\/06\/RS177013_GV5A8731-scr.jpg 1200w\" >\r\n        <\/a><\/div><\/span><span class=\"gallery-item\"><div class=\"hidden\"><a href=\"https:\/\/semmelweis.hu\/hirek\/files\/2023\/06\/RS177017_GV5A8775-scr.jpg\">\r\n        <img src=https:\/\/semmelweis.hu\/hirek\/files\/2023\/06\/RS177017_GV5A8775-scr.jpg alt=\"\" class=\"attachment-sote-gallery-big size-sote-gallery-big\" srcset=\"https:\/\/semmelweis.hu\/hirek\/files\/2023\/06\/RS177017_GV5A8775-scr-400x267.jpg 400w, https:\/\/semmelweis.hu\/hirek\/files\/2023\/06\/RS177017_GV5A8775-scr-900x600.jpg 900w, https:\/\/semmelweis.hu\/hirek\/files\/2023\/06\/RS177017_GV5A8775-scr-768x512.jpg 768w, https:\/\/semmelweis.hu\/hirek\/files\/2023\/06\/RS177017_GV5A8775-scr-753x502.jpg 753w, https:\/\/semmelweis.hu\/hirek\/files\/2023\/06\/RS177017_GV5A8775-scr-203x135.jpg 203w, https:\/\/semmelweis.hu\/hirek\/files\/2023\/06\/RS177017_GV5A8775-scr.jpg 1200w\" >\r\n        <\/a><\/div><\/span><span class=\"gallery-item\"><div class=\"hidden\"><a href=\"https:\/\/semmelweis.hu\/hirek\/files\/2023\/06\/RS177027_3P1A3660-scr.jpg\">\r\n        <img src=https:\/\/semmelweis.hu\/hirek\/files\/2023\/06\/RS177027_3P1A3660-scr.jpg alt=\"\" class=\"attachment-sote-gallery-big size-sote-gallery-big\" srcset=\"https:\/\/semmelweis.hu\/hirek\/files\/2023\/06\/RS177027_3P1A3660-scr-400x267.jpg 400w, https:\/\/semmelweis.hu\/hirek\/files\/2023\/06\/RS177027_3P1A3660-scr-900x600.jpg 900w, https:\/\/semmelweis.hu\/hirek\/files\/2023\/06\/RS177027_3P1A3660-scr-768x512.jpg 768w, https:\/\/semmelweis.hu\/hirek\/files\/2023\/06\/RS177027_3P1A3660-scr-753x502.jpg 753w, https:\/\/semmelweis.hu\/hirek\/files\/2023\/06\/RS177027_3P1A3660-scr-203x135.jpg 203w, https:\/\/semmelweis.hu\/hirek\/files\/2023\/06\/RS177027_3P1A3660-scr.jpg 1200w\" >\r\n        <\/a><\/div><\/span><span class=\"gallery-item\"><div class=\"hidden\"><a href=\"https:\/\/semmelweis.hu\/hirek\/files\/2023\/06\/RS177033_3P1A3738-scr.jpg\">\r\n        <img src=https:\/\/semmelweis.hu\/hirek\/files\/2023\/06\/RS177033_3P1A3738-scr.jpg alt=\"\" class=\"attachment-sote-gallery-big size-sote-gallery-big\" srcset=\"https:\/\/semmelweis.hu\/hirek\/files\/2023\/06\/RS177033_3P1A3738-scr-400x267.jpg 400w, https:\/\/semmelweis.hu\/hirek\/files\/2023\/06\/RS177033_3P1A3738-scr-900x600.jpg 900w, https:\/\/semmelweis.hu\/hirek\/files\/2023\/06\/RS177033_3P1A3738-scr-768x512.jpg 768w, https:\/\/semmelweis.hu\/hirek\/files\/2023\/06\/RS177033_3P1A3738-scr-753x502.jpg 753w, https:\/\/semmelweis.hu\/hirek\/files\/2023\/06\/RS177033_3P1A3738-scr-203x135.jpg 203w, https:\/\/semmelweis.hu\/hirek\/files\/2023\/06\/RS177033_3P1A3738-scr.jpg 1200w\" >\r\n        <\/a><\/div><\/span><span class=\"gallery-item\"><div class=\"hidden\"><a href=\"https:\/\/semmelweis.hu\/hirek\/files\/2023\/06\/RS177035_3P1A3787-scr.jpg\">\r\n        <img src=https:\/\/semmelweis.hu\/hirek\/files\/2023\/06\/RS177035_3P1A3787-scr.jpg alt=\"\" class=\"attachment-sote-gallery-big size-sote-gallery-big\" srcset=\"https:\/\/semmelweis.hu\/hirek\/files\/2023\/06\/RS177035_3P1A3787-scr-400x267.jpg 400w, https:\/\/semmelweis.hu\/hirek\/files\/2023\/06\/RS177035_3P1A3787-scr-900x600.jpg 900w, https:\/\/semmelweis.hu\/hirek\/files\/2023\/06\/RS177035_3P1A3787-scr-768x512.jpg 768w, https:\/\/semmelweis.hu\/hirek\/files\/2023\/06\/RS177035_3P1A3787-scr-753x502.jpg 753w, https:\/\/semmelweis.hu\/hirek\/files\/2023\/06\/RS177035_3P1A3787-scr-203x135.jpg 203w, https:\/\/semmelweis.hu\/hirek\/files\/2023\/06\/RS177035_3P1A3787-scr.jpg 1200w\" >\r\n        <\/a><\/div><\/span><span class=\"gallery-item\"><div class=\"hidden\"><a href=\"https:\/\/semmelweis.hu\/hirek\/files\/2023\/06\/RS177038_3P1A3818-scr.jpg\">\r\n        <img src=https:\/\/semmelweis.hu\/hirek\/files\/2023\/06\/RS177038_3P1A3818-scr.jpg alt=\"\" class=\"attachment-sote-gallery-big size-sote-gallery-big\" srcset=\"https:\/\/semmelweis.hu\/hirek\/files\/2023\/06\/RS177038_3P1A3818-scr-400x267.jpg 400w, https:\/\/semmelweis.hu\/hirek\/files\/2023\/06\/RS177038_3P1A3818-scr-900x600.jpg 900w, https:\/\/semmelweis.hu\/hirek\/files\/2023\/06\/RS177038_3P1A3818-scr-768x512.jpg 768w, https:\/\/semmelweis.hu\/hirek\/files\/2023\/06\/RS177038_3P1A3818-scr-753x502.jpg 753w, https:\/\/semmelweis.hu\/hirek\/files\/2023\/06\/RS177038_3P1A3818-scr-203x135.jpg 203w, https:\/\/semmelweis.hu\/hirek\/files\/2023\/06\/RS177038_3P1A3818-scr.jpg 1200w\" >\r\n        <\/a><\/div><\/span><span class=\"gallery-item\"><div class=\"hidden\"><a href=\"https:\/\/semmelweis.hu\/hirek\/files\/2023\/06\/RS177071_GV5A8786-scr.jpg\">\r\n        <img src=https:\/\/semmelweis.hu\/hirek\/files\/2023\/06\/RS177071_GV5A8786-scr.jpg alt=\"\" class=\"attachment-sote-gallery-big size-sote-gallery-big\" srcset=\"https:\/\/semmelweis.hu\/hirek\/files\/2023\/06\/RS177071_GV5A8786-scr-400x273.jpg 400w, https:\/\/semmelweis.hu\/hirek\/files\/2023\/06\/RS177071_GV5A8786-scr-900x615.jpg 900w, https:\/\/semmelweis.hu\/hirek\/files\/2023\/06\/RS177071_GV5A8786-scr-768x525.jpg 768w, https:\/\/semmelweis.hu\/hirek\/files\/2023\/06\/RS177071_GV5A8786-scr-175x120.jpg 175w, https:\/\/semmelweis.hu\/hirek\/files\/2023\/06\/RS177071_GV5A8786-scr-753x515.jpg 753w, https:\/\/semmelweis.hu\/hirek\/files\/2023\/06\/RS177071_GV5A8786-scr.jpg 1200w\" >\r\n        <\/a><\/div><\/span><span class=\"gallery-item\"><div class=\"hidden\"><a href=\"https:\/\/semmelweis.hu\/hirek\/files\/2023\/06\/RS177072_3P1A4026-scr.jpg\">\r\n        <img src=https:\/\/semmelweis.hu\/hirek\/files\/2023\/06\/RS177072_3P1A4026-scr.jpg alt=\"\" class=\"attachment-sote-gallery-big size-sote-gallery-big\" srcset=\"https:\/\/semmelweis.hu\/hirek\/files\/2023\/06\/RS177072_3P1A4026-scr-400x267.jpg 400w, https:\/\/semmelweis.hu\/hirek\/files\/2023\/06\/RS177072_3P1A4026-scr-900x600.jpg 900w, https:\/\/semmelweis.hu\/hirek\/files\/2023\/06\/RS177072_3P1A4026-scr-768x512.jpg 768w, https:\/\/semmelweis.hu\/hirek\/files\/2023\/06\/RS177072_3P1A4026-scr-753x502.jpg 753w, https:\/\/semmelweis.hu\/hirek\/files\/2023\/06\/RS177072_3P1A4026-scr-203x135.jpg 203w, https:\/\/semmelweis.hu\/hirek\/files\/2023\/06\/RS177072_3P1A4026-scr.jpg 1200w\" >\r\n        <\/a><\/div><\/span><span class=\"gallery-item\"><div class=\"hidden\"><a href=\"https:\/\/semmelweis.hu\/hirek\/files\/2023\/06\/RS177079_3P1A4089-scr.jpg\">\r\n        <img src=https:\/\/semmelweis.hu\/hirek\/files\/2023\/06\/RS177079_3P1A4089-scr.jpg alt=\"\" class=\"attachment-sote-gallery-big size-sote-gallery-big\" srcset=\"https:\/\/semmelweis.hu\/hirek\/files\/2023\/06\/RS177079_3P1A4089-scr-400x267.jpg 400w, https:\/\/semmelweis.hu\/hirek\/files\/2023\/06\/RS177079_3P1A4089-scr-900x600.jpg 900w, https:\/\/semmelweis.hu\/hirek\/files\/2023\/06\/RS177079_3P1A4089-scr-768x512.jpg 768w, https:\/\/semmelweis.hu\/hirek\/files\/2023\/06\/RS177079_3P1A4089-scr-753x502.jpg 753w, https:\/\/semmelweis.hu\/hirek\/files\/2023\/06\/RS177079_3P1A4089-scr-203x135.jpg 203w, https:\/\/semmelweis.hu\/hirek\/files\/2023\/06\/RS177079_3P1A4089-scr.jpg 1200w\" >\r\n        <\/a><\/div><\/span><span class=\"gallery-item\"><div class=\"hidden\"><a href=\"https:\/\/semmelweis.hu\/hirek\/files\/2023\/06\/RS177083_3P1A4120-scr.jpg\">\r\n        <img src=https:\/\/semmelweis.hu\/hirek\/files\/2023\/06\/RS177083_3P1A4120-scr.jpg alt=\"\" class=\"attachment-sote-gallery-big size-sote-gallery-big\" srcset=\"https:\/\/semmelweis.hu\/hirek\/files\/2023\/06\/RS177083_3P1A4120-scr-400x267.jpg 400w, https:\/\/semmelweis.hu\/hirek\/files\/2023\/06\/RS177083_3P1A4120-scr-900x600.jpg 900w, https:\/\/semmelweis.hu\/hirek\/files\/2023\/06\/RS177083_3P1A4120-scr-768x512.jpg 768w, https:\/\/semmelweis.hu\/hirek\/files\/2023\/06\/RS177083_3P1A4120-scr-753x502.jpg 753w, https:\/\/semmelweis.hu\/hirek\/files\/2023\/06\/RS177083_3P1A4120-scr-203x135.jpg 203w, https:\/\/semmelweis.hu\/hirek\/files\/2023\/06\/RS177083_3P1A4120-scr.jpg 1200w\" >\r\n        <\/a><\/div><\/span><span class=\"gallery-item\"><div class=\"hidden\"><a href=\"https:\/\/semmelweis.hu\/hirek\/files\/2023\/06\/RS177088_3P1A4164-scr.jpg\">\r\n        <img src=https:\/\/semmelweis.hu\/hirek\/files\/2023\/06\/RS177088_3P1A4164-scr.jpg alt=\"\" class=\"attachment-sote-gallery-big size-sote-gallery-big\" srcset=\"https:\/\/semmelweis.hu\/hirek\/files\/2023\/06\/RS177088_3P1A4164-scr-400x267.jpg 400w, https:\/\/semmelweis.hu\/hirek\/files\/2023\/06\/RS177088_3P1A4164-scr-900x600.jpg 900w, https:\/\/semmelweis.hu\/hirek\/files\/2023\/06\/RS177088_3P1A4164-scr-768x512.jpg 768w, https:\/\/semmelweis.hu\/hirek\/files\/2023\/06\/RS177088_3P1A4164-scr-753x502.jpg 753w, https:\/\/semmelweis.hu\/hirek\/files\/2023\/06\/RS177088_3P1A4164-scr-203x135.jpg 203w, https:\/\/semmelweis.hu\/hirek\/files\/2023\/06\/RS177088_3P1A4164-scr.jpg 1200w\" >\r\n        <\/a><\/div><\/span><span class=\"gallery-item\"><div class=\"hidden\"><a href=\"https:\/\/semmelweis.hu\/hirek\/files\/2023\/06\/RS177092_3P1A4200-scr.jpg\">\r\n        <img src=https:\/\/semmelweis.hu\/hirek\/files\/2023\/06\/RS177092_3P1A4200-scr.jpg alt=\"\" class=\"attachment-sote-gallery-big size-sote-gallery-big\" srcset=\"https:\/\/semmelweis.hu\/hirek\/files\/2023\/06\/RS177092_3P1A4200-scr-400x267.jpg 400w, https:\/\/semmelweis.hu\/hirek\/files\/2023\/06\/RS177092_3P1A4200-scr-900x600.jpg 900w, https:\/\/semmelweis.hu\/hirek\/files\/2023\/06\/RS177092_3P1A4200-scr-768x512.jpg 768w, https:\/\/semmelweis.hu\/hirek\/files\/2023\/06\/RS177092_3P1A4200-scr-753x502.jpg 753w, https:\/\/semmelweis.hu\/hirek\/files\/2023\/06\/RS177092_3P1A4200-scr-203x135.jpg 203w, https:\/\/semmelweis.hu\/hirek\/files\/2023\/06\/RS177092_3P1A4200-scr.jpg 1200w\" >\r\n        <\/a><\/div><\/span><span class=\"gallery-item\"><div class=\"hidden\"><a href=\"https:\/\/semmelweis.hu\/hirek\/files\/2023\/06\/RS177124_GV5A9054-scr.jpg\">\r\n        <img src=https:\/\/semmelweis.hu\/hirek\/files\/2023\/06\/RS177124_GV5A9054-scr.jpg alt=\"\" class=\"attachment-sote-gallery-big size-sote-gallery-big\" srcset=\"https:\/\/semmelweis.hu\/hirek\/files\/2023\/06\/RS177124_GV5A9054-scr-400x250.jpg 400w, https:\/\/semmelweis.hu\/hirek\/files\/2023\/06\/RS177124_GV5A9054-scr-900x563.jpg 900w, https:\/\/semmelweis.hu\/hirek\/files\/2023\/06\/RS177124_GV5A9054-scr-768x481.jpg 768w, https:\/\/semmelweis.hu\/hirek\/files\/2023\/06\/RS177124_GV5A9054-scr-753x471.jpg 753w, https:\/\/semmelweis.hu\/hirek\/files\/2023\/06\/RS177124_GV5A9054-scr.jpg 1200w\" >\r\n        <\/a><\/div><\/span><span class=\"gallery-item\"><div class=\"hidden\"><a href=\"https:\/\/semmelweis.hu\/hirek\/files\/2023\/06\/RS177120_GV5A9087-scr.jpg\">\r\n        <img src=https:\/\/semmelweis.hu\/hirek\/files\/2023\/06\/RS177120_GV5A9087-scr.jpg alt=\"\" class=\"attachment-sote-gallery-big size-sote-gallery-big\" srcset=\"https:\/\/semmelweis.hu\/hirek\/files\/2023\/06\/RS177120_GV5A9087-scr-400x267.jpg 400w, https:\/\/semmelweis.hu\/hirek\/files\/2023\/06\/RS177120_GV5A9087-scr-900x600.jpg 900w, https:\/\/semmelweis.hu\/hirek\/files\/2023\/06\/RS177120_GV5A9087-scr-768x512.jpg 768w, https:\/\/semmelweis.hu\/hirek\/files\/2023\/06\/RS177120_GV5A9087-scr-753x502.jpg 753w, https:\/\/semmelweis.hu\/hirek\/files\/2023\/06\/RS177120_GV5A9087-scr-203x135.jpg 203w, https:\/\/semmelweis.hu\/hirek\/files\/2023\/06\/RS177120_GV5A9087-scr.jpg 1200w\" >\r\n        <\/a><\/div><\/span><span class=\"gallery-item\"><div class=\"hidden\"><a href=\"https:\/\/semmelweis.hu\/hirek\/files\/2023\/06\/RS177119_GV5A9099-scr.jpg\">\r\n        <img src=https:\/\/semmelweis.hu\/hirek\/files\/2023\/06\/RS177119_GV5A9099-scr.jpg alt=\"\" class=\"attachment-sote-gallery-big size-sote-gallery-big\" srcset=\"https:\/\/semmelweis.hu\/hirek\/files\/2023\/06\/RS177119_GV5A9099-scr-267x400.jpg 267w, https:\/\/semmelweis.hu\/hirek\/files\/2023\/06\/RS177119_GV5A9099-scr-533x800.jpg 533w, https:\/\/semmelweis.hu\/hirek\/files\/2023\/06\/RS177119_GV5A9099-scr.jpg 600w\" >\r\n        <\/a><\/div><\/span><span class=\"gallery-item\"><div class=\"hidden\"><a href=\"https:\/\/semmelweis.hu\/hirek\/files\/2023\/06\/RS177115_GV5A9150-scr.jpg\">\r\n        <img src=https:\/\/semmelweis.hu\/hirek\/files\/2023\/06\/RS177115_GV5A9150-scr.jpg alt=\"\" class=\"attachment-sote-gallery-big size-sote-gallery-big\" srcset=\"https:\/\/semmelweis.hu\/hirek\/files\/2023\/06\/RS177115_GV5A9150-scr-400x243.jpg 400w, https:\/\/semmelweis.hu\/hirek\/files\/2023\/06\/RS177115_GV5A9150-scr-900x548.jpg 900w, https:\/\/semmelweis.hu\/hirek\/files\/2023\/06\/RS177115_GV5A9150-scr-768x467.jpg 768w, https:\/\/semmelweis.hu\/hirek\/files\/2023\/06\/RS177115_GV5A9150-scr-753x458.jpg 753w, https:\/\/semmelweis.hu\/hirek\/files\/2023\/06\/RS177115_GV5A9150-scr.jpg 1200w\" >\r\n        <\/a><\/div><\/span><span class=\"gallery-item\"><div class=\"hidden\"><a href=\"https:\/\/semmelweis.hu\/hirek\/files\/2023\/06\/RS177105_3P1A4361-scr.jpg\">\r\n        <img src=https:\/\/semmelweis.hu\/hirek\/files\/2023\/06\/RS177105_3P1A4361-scr.jpg alt=\"\" class=\"attachment-sote-gallery-big size-sote-gallery-big\" srcset=\"https:\/\/semmelweis.hu\/hirek\/files\/2023\/06\/RS177105_3P1A4361-scr-400x267.jpg 400w, https:\/\/semmelweis.hu\/hirek\/files\/2023\/06\/RS177105_3P1A4361-scr-900x600.jpg 900w, https:\/\/semmelweis.hu\/hirek\/files\/2023\/06\/RS177105_3P1A4361-scr-768x512.jpg 768w, https:\/\/semmelweis.hu\/hirek\/files\/2023\/06\/RS177105_3P1A4361-scr-753x502.jpg 753w, https:\/\/semmelweis.hu\/hirek\/files\/2023\/06\/RS177105_3P1A4361-scr-203x135.jpg 203w, https:\/\/semmelweis.hu\/hirek\/files\/2023\/06\/RS177105_3P1A4361-scr.jpg 1200w\" >\r\n        <\/a><\/div><\/span>\r\n            <\/div>\r\n\r\n            [\/slb_exclude]\r\n\t\n<p>Kiss Melinda Katalin <br \/>\nFot\u00f3: Barta B\u00e1lint, Kov\u00e1cs Attila \u2013 Semmelweis Egyetem<\/p>\n","protected":false},"excerpt":{"rendered":"<p>K\u00f6z\u00fcl\u00fck 141-en vehettek \u00e1t sum cum laude, 406-an pedig cum laude min\u0151s\u00edt\u00e9s\u0171 diplom\u00e1t.<\/p>\n","protected":false},"author":102163,"featured_media":128868,"comment_status":"closed","ping_status":"closed","sticky":false,"template":"","format":"standard","meta":{"_acf_changed":false,"footnotes":""},"categories":[3533,168],"tags":[3647,1792,4306],"class_list":["post-128864","post","type-post","status-publish","format-standard","has-post-thumbnail","hentry","category-hallgatok-oktatas","category-kiemelt","tag-diplomaatado","tag-diplomaoszto","tag-international-40"],"acf":[],"_links":{"self":[{"href":"https:\/\/semmelweis.hu\/hirek\/wp-json\/wp\/v2\/posts\/128864","targetHints":{"allow":["GET"]}}],"collection":[{"href":"https:\/\/semmelweis.hu\/hirek\/wp-json\/wp\/v2\/posts"}],"about":[{"href":"https:\/\/semmelweis.hu\/hirek\/wp-json\/wp\/v2\/types\/post"}],"author":[{"embeddable":true,"href":"https:\/\/semmelweis.hu\/hirek\/wp-json\/wp\/v2\/users\/102163"}],"replies":[{"embeddable":true,"href":"https:\/\/semmelweis.hu\/hirek\/wp-json\/wp\/v2\/comments?post=128864"}],"version-history":[{"count":11,"href":"https:\/\/semmelweis.hu\/hirek\/wp-json\/wp\/v2\/posts\/128864\/revisions"}],"predecessor-version":[{"id":128938,"href":"https:\/\/semmelweis.hu\/hirek\/wp-json\/wp\/v2\/posts\/128864\/revisions\/128938"}],"wp:featuredmedia":[{"embeddable":true,"href":"https:\/\/semmelweis.hu\/hirek\/wp-json\/wp\/v2\/media\/128868"}],"wp:attachment":[{"href":"https:\/\/semmelweis.hu\/hirek\/wp-json\/wp\/v2\/media?parent=128864"}],"wp:term":[{"taxonomy":"category","embeddable":true,"href":"https:\/\/semmelweis.hu\/hirek\/wp-json\/wp\/v2\/categories?post=128864"},{"taxonomy":"post_tag","embeddable":true,"href":"https:\/\/semmelweis.hu\/hirek\/wp-json\/wp\/v2\/tags?post=128864"}],"curies":[{"name":"wp","href":"https:\/\/api.w.org\/{rel}","templated":true}]}}