{"id":127271,"date":"2023-05-08T06:00:40","date_gmt":"2023-05-08T04:00:40","guid":{"rendered":"https:\/\/semmelweis.hu\/hirek\/?p=127271"},"modified":"2023-05-08T07:35:46","modified_gmt":"2023-05-08T05:35:46","slug":"pro-universitate-dijat-vehetett-at-dr-makovitzky-jozsef","status":"publish","type":"post","link":"https:\/\/semmelweis.hu\/hirek\/2023\/05\/08\/pro-universitate-dijat-vehetett-at-dr-makovitzky-jozsef\/","title":{"rendered":"Pro Universitate \u00e9rdemrendet vehetett \u00e1t dr. Makovitzky J\u00f3zsef"},"content":{"rendered":"<div class=\"lead\">Pro Universitate \u00e9rdemrendet vehetett \u00e1t dr. Makovitzky J\u00f3zsef professzor, a Heidelbergi Egyetem Neuropatol\u00f3giai Int\u00e9zet\u00e9nek \u00e9s a Freiburgi Egyetem Igazs\u00e1g\u00fcgyi Orvostani Int\u00e9zet\u00e9nek vend\u00e9gprofesszora, az I. Sz. K\u00f3rbonctani \u00e9s K\u00eds\u00e9rleti R\u00e1kkutat\u00f3 Int\u00e9zet egykori bonctermi felel\u0151se \u00e9s oktat\u00f3ja a Semmelweis Szalonban rendezett \u00fcnneps\u00e9gen.<\/div>\n<p><a href=\"https:\/\/semmelweis.hu\/hirek\/files\/2023\/05\/RS173927_GV5A9604-scr.jpg\"><img loading=\"lazy\" decoding=\"async\" class=\"alignleft size-medium wp-image-127361\" src=\"https:\/\/semmelweis.hu\/hirek\/files\/2023\/05\/RS173927_GV5A9604-scr-264x400.jpg\" alt=\"\" width=\"264\" height=\"400\" srcset=\"https:\/\/semmelweis.hu\/hirek\/files\/2023\/05\/RS173927_GV5A9604-scr-264x400.jpg 264w, https:\/\/semmelweis.hu\/hirek\/files\/2023\/05\/RS173927_GV5A9604-scr-527x800.jpg 527w, https:\/\/semmelweis.hu\/hirek\/files\/2023\/05\/RS173927_GV5A9604-scr.jpg 593w\" sizes=\"auto, (max-width: 264px) 100vw, 264px\" \/><\/a>Dr. Merkely B\u00e9la rektor k\u00f6sz\u00f6nt\u0151j\u00e9ben \u00fagy fogalmazott: dr. Makovitzky J\u00f3zsef tud\u00e1sa megd\u00f6bbent\u0151en sz\u00e9les tartom\u00e1nyt \u00f6lel fel, tudom\u00e1nyos munk\u00e1ja mellett a k\u00e9pz\u0151m\u0171v\u00e9szet \u00e9s a t\u00f6rt\u00e9nelem ter\u00fclet\u00e9n is otthonosan mozog, igazi renesz\u00e1nsz ember. \u00c9vtizedek \u00f3ta N\u00e9metorsz\u00e1gban \u00e9l \u00e9s dolgozik \u2013 \u00e9ppen 1983, a n\u00e9met nyelv\u0171 k\u00e9pz\u00e9s\u00fcnk elindul\u00e1sa \u00f3ta \u2013, de tan\u00edtv\u00e1nyai nemcsak J\u00e9n\u00e1t\u00f3l Heidelbergig, de Budapesten is szeretettel eml\u00e9kezhetnek r\u00e1 \u2013 fogalmazott, kiemelve, hogy dr. Makovitzky J\u00f3zsef a p\u00e1rbesz\u00e9dre val\u00f3 nyitotts\u00e1g, a humanista gondolat jelent\u0151s k\u00e9pvisel\u0151je. \u201eMi, Semmelweis Polg\u00e1rok is mindannyian p\u00e9ld\u00e1t vehet\u00fcnk b\u00e1tors\u00e1g\u00e1b\u00f3l, abb\u00f3l, hogyan felelt meg \u00e9lete sor\u00e1n az el\u0151tte \u00e1ll\u00f3 feladatoknak. Azok k\u00f6z\u00e9 a kiemelked\u0151 p\u00e9ldak\u00e9pek k\u00f6z\u00e9 tartozik, akiknek \u00e9letm\u0171ve nemcsak a mostani, de a j\u00f6v\u0151 gener\u00e1ci\u00f3k sz\u00e1m\u00e1ra is val\u00f3di m\u00e9rc\u00e9t jelent. Ennek elismer\u00e9se a most \u00e1tadott Pro Universitate \u00e9rdemrend\u201d\u2013 m\u00e9ltatta a d\u00edjazottat, majd \u00e1tadta az eml\u00e9k\u00e9rmet.<\/p>\n<p><a href=\"https:\/\/semmelweis.hu\/hirek\/files\/2023\/05\/RS173947_GV5A9755-scr.jpg\"><img loading=\"lazy\" decoding=\"async\" class=\"size-medium wp-image-127365 alignright\" src=\"https:\/\/semmelweis.hu\/hirek\/files\/2023\/05\/RS173947_GV5A9755-scr-400x267.jpg\" alt=\"\" width=\"400\" height=\"267\" srcset=\"https:\/\/semmelweis.hu\/hirek\/files\/2023\/05\/RS173947_GV5A9755-scr-400x267.jpg 400w, https:\/\/semmelweis.hu\/hirek\/files\/2023\/05\/RS173947_GV5A9755-scr-900x600.jpg 900w, https:\/\/semmelweis.hu\/hirek\/files\/2023\/05\/RS173947_GV5A9755-scr-768x512.jpg 768w, https:\/\/semmelweis.hu\/hirek\/files\/2023\/05\/RS173947_GV5A9755-scr-753x502.jpg 753w, https:\/\/semmelweis.hu\/hirek\/files\/2023\/05\/RS173947_GV5A9755-scr-203x135.jpg 203w, https:\/\/semmelweis.hu\/hirek\/files\/2023\/05\/RS173947_GV5A9755-scr.jpg 1200w\" sizes=\"auto, (max-width: 400px) 100vw, 400px\" \/><\/a>Dr. Rosivall L\u00e1szl\u00f3 professor emeritus laud\u00e1ci\u00f3j\u00e1ban felid\u00e9zte dr. Makovitzky J\u00f3zsef szakmai \u00e9let\u00fatj\u00e1nak legfontosabb \u00e1llom\u00e1sait. Kiemelte: a d\u00edjazott 1965\/66-ban a Lipcsei Egyetem Patol\u00f3giai Int\u00e9zet\u00e9ben tanult vend\u00e9ghallgat\u00f3k\u00e9nt. A v\u00e9gz\u00e9s ut\u00e1n munk\u00e1j\u00e1t a p\u00e9csi K\u00f3rbonctani Int\u00e9zetben kezdte, majd 1973-t\u00f3l dr. Lapis K\u00e1roly megh\u00edv\u00e1s\u00e1ra a Budapesti Orvostudom\u00e1nyi Egyetemen folytatta. H\u00e1rom \u00e9v eltelt\u00e9vel az ORFI Morfol\u00f3giai Oszt\u00e1ly\u00e1ra ment, de az oktat\u00e1st tov\u00e1bb folytatta az egyetemen. 1980-ban Budapesten kandid\u00e1tusi fokozatot szerzett, \u00e9s J\u00e9n\u00e1ban habilit\u00e1lt. 1983-ban a N\u00e9met Sz\u00f6vets\u00e9gi K\u00f6zt\u00e1rsas\u00e1gban a Kieli Egyetem Patol\u00f3giai Int\u00e9zet\u00e9ben lett rezidens \u00e9s az\u00f3ta N\u00e9metorsz\u00e1gban \u00e9l \u2013 mutatott r\u00e1. 1988-92 k\u00f6z\u00f6tt az Hamburg Klinikum Barmbek, Patol\u00f3giai Int\u00e9zetben t\u00e1rsigazgat\u00f3 volt. 1992-t\u0151l-94-ig vend\u00e9gprofesszor a Martin Luther Egyetemen Halle-Wittenbergben. 1994-97 k\u00f6z\u00f6tt t\u00f6bb n\u00e9metorsz\u00e1gi patol\u00f3giai mag\u00e1nlaborat\u00f3riumban dolgozott. 1997-t\u0151l 2007-ig a Rostocki Egyetem Sz\u00fcl\u00e9szeti \u00e9s N\u0151gy\u00f3gy\u00e1szati Int\u00e9zet\u00e9nek N\u0151gy\u00f3gy\u00e1szati Patol\u00f3giai Oszt\u00e1ly\u00e1t vezette. 2008. janu\u00e1r 1-j\u00e9n nyugd\u00edjba ment, az\u00f3ta professzor emeritus \u00e9s vend\u00e9gprofesszor a Heidelbergi Egyetem Neuropatol\u00f3giai Int\u00e9zet\u00e9ben \u00e9s a Freiburgi Egyetem Igazs\u00e1g\u00fcgyi Orvostani Int\u00e9zet\u00e9ben. F\u0151 kutat\u00e1si ter\u00fcletei az emberi \u00e9s \u00e1llati amyloidok \u00e9s glykokonjug\u00e1tok polariz\u00e1ci\u00f3s mikroszk\u00f3pos vizsg\u00e1lata topooptikai reakci\u00f3kkal \u00e9s lazer scanning fluorescens mikroszk\u00f3ppal, illetve a placent\u00e1ris endometrium \u00e9s a mellr\u00e1k immunhisztol\u00f3gi\u00e1ja. Jelenleg az Alzheimer-k\u00f3r kutat\u00e1s\u00e1val, az agyban t\u00f6rt\u00e9n\u0151 amyloid lerak\u00f3d\u00e1s\u00e1val foglalkozik \u2013 emelte ki. Hangs\u00falyozta, hogy dr. Makovitzky J\u00f3zsef a budapesti \u00e9s a p\u00e9csi patol\u00f3giai int\u00e9zet neveltj\u00e9nek vallja mag\u00e1t; oktat\u00f3 \u00e9s kutat\u00f3 munk\u00e1j\u00e1n k\u00edv\u00fcl kiemelked\u0151 a n\u00e9peket, nemzeteket \u00f6sszek\u00f6t\u0151 kultur\u00e1lis misszion\u00e1riusi munk\u00e1t v\u00e9gez \u2013 fogalmazott m\u00e9ltat\u00e1s\u00e1ban dr. Rosivall L\u00e1szl\u00f3.<\/p>\n<p><a href=\"https:\/\/semmelweis.hu\/hirek\/files\/2023\/05\/RS173937_GV5A9688-scr.jpg\"><img loading=\"lazy\" decoding=\"async\" class=\"aligncenter wp-image-127363 size-full\" src=\"https:\/\/semmelweis.hu\/hirek\/files\/2023\/05\/RS173937_GV5A9688-scr.jpg\" alt=\"\" width=\"1200\" height=\"720\" srcset=\"https:\/\/semmelweis.hu\/hirek\/files\/2023\/05\/RS173937_GV5A9688-scr.jpg 1200w, https:\/\/semmelweis.hu\/hirek\/files\/2023\/05\/RS173937_GV5A9688-scr-400x240.jpg 400w, https:\/\/semmelweis.hu\/hirek\/files\/2023\/05\/RS173937_GV5A9688-scr-900x540.jpg 900w, https:\/\/semmelweis.hu\/hirek\/files\/2023\/05\/RS173937_GV5A9688-scr-768x461.jpg 768w, https:\/\/semmelweis.hu\/hirek\/files\/2023\/05\/RS173937_GV5A9688-scr-753x452.jpg 753w\" sizes=\"auto, (max-width: 1200px) 100vw, 1200px\" \/><\/a><\/p>\n<p><a href=\"https:\/\/semmelweis.hu\/hirek\/files\/2023\/05\/RS173939_GV5A9696-scr.jpg\"><br \/>\n<\/a>Ezut\u00e1n dr. Makovitzky J\u00f3zsef megk\u00f6sz\u00f6nte a kit\u00fcntet\u00e9st, majd felid\u00e9zte p\u00e1ly\u00e1j\u00e1t meghat\u00e1roz\u00f3 mentorait, egykori f\u0151n\u00f6keit, dr. Romh\u00e1nyi Gy\u00f6rgy\u00f6t, dr. Lapis K\u00e1rolyt, az I. Sz. Patol\u00f3giai \u00e9s K\u00eds\u00e9rleti R\u00e1kkutat\u00f3 Int\u00e9zet professzor emeritus\u00e1t \u00e9s dr. Tanka Dezs\u0151t. Elmondta, ha \u00fajra kezdhetn\u00e9, ugyanezen az \u00faton maradna, nem v\u00e1ltoztatna semmit az \u00e9let\u00e9n.<\/p>\n<p>B\u00f3di Bernadett<br \/>\nFot\u00f3: Kov\u00e1cs Attila &#8211; Semmelweis Egyetem<\/p>\n\r\n        [slb_exclude]\r\n        <div class=\"row galeria-wrapper mx-0 h-auto\">\r\n            <div class=\"col-9 pl-0 pr-2\">\r\n            <span class=\"gallery-item frame\">\r\n\t\t\t\t<div class=\"galeria-left-img\"><a href=\"https:\/\/semmelweis.hu\/hirek\/files\/2023\/05\/RS173919_GV5A9570-scr.jpg\"><img src=https:\/\/semmelweis.hu\/hirek\/files\/2023\/05\/RS173919_GV5A9570-scr.jpg  \r\n                            alt=\"\" \r\n                            class=\"attachment-sote-gallery-big size-sote-gallery-big\" \r\n                            srcset=\"https:\/\/semmelweis.hu\/hirek\/files\/2023\/05\/RS173919_GV5A9570-scr-400x267.jpg 400w, https:\/\/semmelweis.hu\/hirek\/files\/2023\/05\/RS173919_GV5A9570-scr-900x600.jpg 900w, https:\/\/semmelweis.hu\/hirek\/files\/2023\/05\/RS173919_GV5A9570-scr-768x512.jpg 768w, https:\/\/semmelweis.hu\/hirek\/files\/2023\/05\/RS173919_GV5A9570-scr-753x502.jpg 753w, https:\/\/semmelweis.hu\/hirek\/files\/2023\/05\/RS173919_GV5A9570-scr-203x135.jpg 203w, https:\/\/semmelweis.hu\/hirek\/files\/2023\/05\/RS173919_GV5A9570-scr.jpg 1200w\" ><\/a><\/div>\r\n            <\/span>\r\n\r\n            <\/div>\r\n\r\n\t\t\t<div class=\"col-3 pl-0 pr-0\">\r\n\t\t\t\t<div class=\"galeria-right-img d-flex justify-content-between flex-column h-100 w-100 px-0 mx-0 \">\r\n                <div class=\"galeria-box\">\r\n\t\t\t\t\t<h3 class=\"galeria-title\">Gal\u00e9ria<\/h3>\r\n\t\t\t\t\t<div class=\"galeria-subtitle\">\r\n\r\n\t\t\t\t\t\t<div class=\"galeria-page-counter\"><span>9<\/span>k\u00e9p<\/div>\r\n                    <\/div> <\/div>\r\n                    <span class=\"gallery-item frame d-none d-md-flex\">\r\n\t\t\t\t\t<div class=\"galeria-small-img mt-0\"><a href=\"https:\/\/semmelweis.hu\/hirek\/files\/2023\/05\/RS173922_GV5A9580-scr.jpg\"><img src=https:\/\/semmelweis.hu\/hirek\/files\/2023\/05\/RS173922_GV5A9580-scr.jpg \r\n                                alt=\"\"  \r\n                                class=\"attachment-sote-gallery-small size-sote-gallery-small\" \r\n                                srcset=\"https:\/\/semmelweis.hu\/hirek\/files\/2023\/05\/RS173922_GV5A9580-scr-400x252.jpg 400w, https:\/\/semmelweis.hu\/hirek\/files\/2023\/05\/RS173922_GV5A9580-scr-900x567.jpg 900w, https:\/\/semmelweis.hu\/hirek\/files\/2023\/05\/RS173922_GV5A9580-scr-768x484.jpg 768w, https:\/\/semmelweis.hu\/hirek\/files\/2023\/05\/RS173922_GV5A9580-scr-753x474.jpg 753w, https:\/\/semmelweis.hu\/hirek\/files\/2023\/05\/RS173922_GV5A9580-scr.jpg 1200w\" ><\/a><\/div>\r\n                    <\/span>\r\n                    <span class=\"gallery-item frame d-none d-md-flex\">\r\n\t\t\t\t\t<div class=\"galeria-small-img mt-0\"><a href=\"https:\/\/semmelweis.hu\/hirek\/files\/2023\/05\/RS173947_GV5A9755-scr.jpg\"><img src=https:\/\/semmelweis.hu\/hirek\/files\/2023\/05\/RS173947_GV5A9755-scr.jpg \r\n                                alt=\"\" \r\n                                class=\"attachment-sote-gallery-small size-sote-gallery-small\" \r\n                                srcset=\"https:\/\/semmelweis.hu\/hirek\/files\/2023\/05\/RS173947_GV5A9755-scr-400x267.jpg 400w, https:\/\/semmelweis.hu\/hirek\/files\/2023\/05\/RS173947_GV5A9755-scr-900x600.jpg 900w, https:\/\/semmelweis.hu\/hirek\/files\/2023\/05\/RS173947_GV5A9755-scr-768x512.jpg 768w, https:\/\/semmelweis.hu\/hirek\/files\/2023\/05\/RS173947_GV5A9755-scr-753x502.jpg 753w, https:\/\/semmelweis.hu\/hirek\/files\/2023\/05\/RS173947_GV5A9755-scr-203x135.jpg 203w, https:\/\/semmelweis.hu\/hirek\/files\/2023\/05\/RS173947_GV5A9755-scr.jpg 1200w\" ><\/a><\/div>\r\n                    <\/span>\r\n\r\n                <\/div>\r\n\r\n            <\/div>\r\n\r\n            <span class=\"gallery-item\"><div class=\"hidden\"><a href=\"https:\/\/semmelweis.hu\/hirek\/files\/2023\/05\/RS173927_GV5A9604-scr.jpg\">\r\n        <img src=https:\/\/semmelweis.hu\/hirek\/files\/2023\/05\/RS173927_GV5A9604-scr.jpg alt=\"\" class=\"attachment-sote-gallery-big size-sote-gallery-big\" srcset=\"https:\/\/semmelweis.hu\/hirek\/files\/2023\/05\/RS173927_GV5A9604-scr-264x400.jpg 264w, https:\/\/semmelweis.hu\/hirek\/files\/2023\/05\/RS173927_GV5A9604-scr-527x800.jpg 527w, https:\/\/semmelweis.hu\/hirek\/files\/2023\/05\/RS173927_GV5A9604-scr.jpg 593w\" >\r\n        <\/a><\/div><\/span><span class=\"gallery-item\"><div class=\"hidden\"><a href=\"https:\/\/semmelweis.hu\/hirek\/files\/2023\/05\/RS173939_GV5A9696-scr.jpg\">\r\n        <img src=https:\/\/semmelweis.hu\/hirek\/files\/2023\/05\/RS173939_GV5A9696-scr.jpg alt=\"\" class=\"attachment-sote-gallery-big size-sote-gallery-big\" srcset=\"https:\/\/semmelweis.hu\/hirek\/files\/2023\/05\/RS173939_GV5A9696-scr-276x400.jpg 276w, https:\/\/semmelweis.hu\/hirek\/files\/2023\/05\/RS173939_GV5A9696-scr-552x800.jpg 552w, https:\/\/semmelweis.hu\/hirek\/files\/2023\/05\/RS173939_GV5A9696-scr.jpg 621w\" >\r\n        <\/a><\/div><\/span><span class=\"gallery-item\"><div class=\"hidden\"><a href=\"https:\/\/semmelweis.hu\/hirek\/files\/2023\/05\/RS173937_GV5A9688-scr.jpg\">\r\n        <img src=https:\/\/semmelweis.hu\/hirek\/files\/2023\/05\/RS173937_GV5A9688-scr.jpg alt=\"\" class=\"attachment-sote-gallery-big size-sote-gallery-big\" srcset=\"https:\/\/semmelweis.hu\/hirek\/files\/2023\/05\/RS173937_GV5A9688-scr-400x240.jpg 400w, https:\/\/semmelweis.hu\/hirek\/files\/2023\/05\/RS173937_GV5A9688-scr-900x540.jpg 900w, https:\/\/semmelweis.hu\/hirek\/files\/2023\/05\/RS173937_GV5A9688-scr-768x461.jpg 768w, https:\/\/semmelweis.hu\/hirek\/files\/2023\/05\/RS173937_GV5A9688-scr-753x452.jpg 753w, https:\/\/semmelweis.hu\/hirek\/files\/2023\/05\/RS173937_GV5A9688-scr.jpg 1200w\" >\r\n        <\/a><\/div><\/span><span class=\"gallery-item\"><div class=\"hidden\"><a href=\"https:\/\/semmelweis.hu\/hirek\/files\/2023\/05\/RS173933_GV5A9651-scr.jpg\">\r\n        <img src=https:\/\/semmelweis.hu\/hirek\/files\/2023\/05\/RS173933_GV5A9651-scr.jpg alt=\"\" class=\"attachment-sote-gallery-big size-sote-gallery-big\" srcset=\"https:\/\/semmelweis.hu\/hirek\/files\/2023\/05\/RS173933_GV5A9651-scr-400x267.jpg 400w, https:\/\/semmelweis.hu\/hirek\/files\/2023\/05\/RS173933_GV5A9651-scr-900x600.jpg 900w, https:\/\/semmelweis.hu\/hirek\/files\/2023\/05\/RS173933_GV5A9651-scr-768x512.jpg 768w, https:\/\/semmelweis.hu\/hirek\/files\/2023\/05\/RS173933_GV5A9651-scr-753x502.jpg 753w, https:\/\/semmelweis.hu\/hirek\/files\/2023\/05\/RS173933_GV5A9651-scr-203x135.jpg 203w, https:\/\/semmelweis.hu\/hirek\/files\/2023\/05\/RS173933_GV5A9651-scr.jpg 1200w\" >\r\n        <\/a><\/div><\/span><span class=\"gallery-item\"><div class=\"hidden\"><a href=\"https:\/\/semmelweis.hu\/hirek\/files\/2023\/05\/RS173950_GV5A9766-scr.jpg\">\r\n        <img src=https:\/\/semmelweis.hu\/hirek\/files\/2023\/05\/RS173950_GV5A9766-scr.jpg alt=\"\" class=\"attachment-sote-gallery-big size-sote-gallery-big\" srcset=\"https:\/\/semmelweis.hu\/hirek\/files\/2023\/05\/RS173950_GV5A9766-scr-400x267.jpg 400w, https:\/\/semmelweis.hu\/hirek\/files\/2023\/05\/RS173950_GV5A9766-scr-900x600.jpg 900w, https:\/\/semmelweis.hu\/hirek\/files\/2023\/05\/RS173950_GV5A9766-scr-768x512.jpg 768w, https:\/\/semmelweis.hu\/hirek\/files\/2023\/05\/RS173950_GV5A9766-scr-753x502.jpg 753w, https:\/\/semmelweis.hu\/hirek\/files\/2023\/05\/RS173950_GV5A9766-scr-203x135.jpg 203w, https:\/\/semmelweis.hu\/hirek\/files\/2023\/05\/RS173950_GV5A9766-scr.jpg 1200w\" >\r\n        <\/a><\/div><\/span><span class=\"gallery-item\"><div class=\"hidden\"><a href=\"https:\/\/semmelweis.hu\/hirek\/files\/2023\/05\/RS173949_GV5A9761-scr.jpg\">\r\n        <img src=https:\/\/semmelweis.hu\/hirek\/files\/2023\/05\/RS173949_GV5A9761-scr.jpg alt=\"\" class=\"attachment-sote-gallery-big size-sote-gallery-big\" srcset=\"https:\/\/semmelweis.hu\/hirek\/files\/2023\/05\/RS173949_GV5A9761-scr-400x264.jpg 400w, https:\/\/semmelweis.hu\/hirek\/files\/2023\/05\/RS173949_GV5A9761-scr-900x595.jpg 900w, https:\/\/semmelweis.hu\/hirek\/files\/2023\/05\/RS173949_GV5A9761-scr-768x508.jpg 768w, https:\/\/semmelweis.hu\/hirek\/files\/2023\/05\/RS173949_GV5A9761-scr-753x498.jpg 753w, https:\/\/semmelweis.hu\/hirek\/files\/2023\/05\/RS173949_GV5A9761-scr-203x135.jpg 203w, https:\/\/semmelweis.hu\/hirek\/files\/2023\/05\/RS173949_GV5A9761-scr.jpg 1200w\" >\r\n        <\/a><\/div><\/span>\r\n            <\/div>\r\n\r\n            [\/slb_exclude]\r\n\t\n","protected":false},"excerpt":{"rendered":"<p>Az elismer\u00e9st dr. Merkely B\u00e9la rektor adta \u00e1t a Semmelweis Szalonban rendezett \u00fcnneps\u00e9gen. <\/p>\n","protected":false},"author":101282,"featured_media":127362,"comment_status":"closed","ping_status":"closed","sticky":false,"template":"","format":"standard","meta":{"_acf_changed":false,"footnotes":""},"categories":[157,168],"tags":[158],"class_list":["post-127271","post","type-post","status-publish","format-standard","has-post-thumbnail","hentry","category-semmelweis-vilag","category-kiemelt","tag-dijak-kituntetesek"],"acf":[],"_links":{"self":[{"href":"https:\/\/semmelweis.hu\/hirek\/wp-json\/wp\/v2\/posts\/127271","targetHints":{"allow":["GET"]}}],"collection":[{"href":"https:\/\/semmelweis.hu\/hirek\/wp-json\/wp\/v2\/posts"}],"about":[{"href":"https:\/\/semmelweis.hu\/hirek\/wp-json\/wp\/v2\/types\/post"}],"author":[{"embeddable":true,"href":"https:\/\/semmelweis.hu\/hirek\/wp-json\/wp\/v2\/users\/101282"}],"replies":[{"embeddable":true,"href":"https:\/\/semmelweis.hu\/hirek\/wp-json\/wp\/v2\/comments?post=127271"}],"version-history":[{"count":9,"href":"https:\/\/semmelweis.hu\/hirek\/wp-json\/wp\/v2\/posts\/127271\/revisions"}],"predecessor-version":[{"id":127374,"href":"https:\/\/semmelweis.hu\/hirek\/wp-json\/wp\/v2\/posts\/127271\/revisions\/127374"}],"wp:featuredmedia":[{"embeddable":true,"href":"https:\/\/semmelweis.hu\/hirek\/wp-json\/wp\/v2\/media\/127362"}],"wp:attachment":[{"href":"https:\/\/semmelweis.hu\/hirek\/wp-json\/wp\/v2\/media?parent=127271"}],"wp:term":[{"taxonomy":"category","embeddable":true,"href":"https:\/\/semmelweis.hu\/hirek\/wp-json\/wp\/v2\/categories?post=127271"},{"taxonomy":"post_tag","embeddable":true,"href":"https:\/\/semmelweis.hu\/hirek\/wp-json\/wp\/v2\/tags?post=127271"}],"curies":[{"name":"wp","href":"https:\/\/api.w.org\/{rel}","templated":true}]}}