{"id":127186,"date":"2023-04-27T14:00:31","date_gmt":"2023-04-27T12:00:31","guid":{"rendered":"https:\/\/semmelweis.hu\/hirek\/?p=127186"},"modified":"2023-04-27T14:55:42","modified_gmt":"2023-04-27T12:55:42","slug":"versenyekre-keszulnek-az-egyetemi-sakkszakosztaly-jatekosai","status":"publish","type":"post","link":"https:\/\/semmelweis.hu\/hirek\/2023\/04\/27\/versenyekre-keszulnek-az-egyetemi-sakkszakosztaly-jatekosai\/","title":{"rendered":"Versenyekre k\u00e9sz\u00fclnek az egyetemi sakkszakoszt\u00e1ly j\u00e1t\u00e9kosai"},"content":{"rendered":"<div class=\"lead\"><strong>Alig t\u00f6bb mint f\u00e9l \u00e9ve indult az egyetemi sakkszakoszt\u00e1ly, tagjai k\u00f6z\u00fcl t\u00f6bben m\u00e1ris versenyekre, a MEFOB kup\u00e1ra \u00e9s a Semmelweis Egyetem m\u00e1jus 20-i h\u00e1zi verseny\u00e9re k\u00e9sz\u00fclnek, edz\u0151j\u00fck szerint a lelkesed\u00e9s\u00fck a v\u00e1rtn\u00e1l gyorsabb halad\u00e1st eredm\u00e9nyezett.<\/strong><\/div>\n<p>\u00c9l\u00e9nk \u00e9rdekl\u0151d\u00e9s k\u00eds\u00e9rte az egyetemi sakkszakoszt\u00e1ly tavalyi meghirdet\u00e9s\u00e9t, \u00edgy 2022 \u0151sz\u00e9n k\u00e9t csoport, egy teljesen kezd\u0151 \u00e9s egy halad\u00f3 is elindulhatott. Az ut\u00f3bbiakhoz csatlakoz\u00f3k is az alapokt\u00f3l kezdt\u00e9k az edz\u00e9seket a volt versenyz\u0151, S\u00e1rm\u00e1si P\u00e9ter sakkedz\u0151vel, akinek a csoportj\u00e1ban 10-12 f\u0151 vesz r\u00e9szt rendszeresen a hetente megtartott \u00f3r\u00e1kon. A teljesen kezd\u0151 mintegy 6 f\u0151s csapattal Csaba L\u00e1szl\u00f3, az egyetem inform\u00e1ci\u00f3biztons\u00e1gi felel\u0151se foglalkozik.<\/p>\n<p><img loading=\"lazy\" decoding=\"async\" class=\"alignright size-medium wp-image-127194\" src=\"https:\/\/semmelweis.hu\/hirek\/files\/2023\/04\/RS160195_3P1A1682-scr-267x400.jpg\" alt=\"\" width=\"267\" height=\"400\" srcset=\"https:\/\/semmelweis.hu\/hirek\/files\/2023\/04\/RS160195_3P1A1682-scr-267x400.jpg 267w, https:\/\/semmelweis.hu\/hirek\/files\/2023\/04\/RS160195_3P1A1682-scr-533x800.jpg 533w, https:\/\/semmelweis.hu\/hirek\/files\/2023\/04\/RS160195_3P1A1682-scr.jpg 600w\" sizes=\"auto, (max-width: 267px) 100vw, 267px\" \/>V\u00e1rszegi Korn\u00e9lia, az SE Sport Klubj\u00e1nak egyik aleln\u00f6ke honlapunknak \u00fagy fogalmazott, fontosnak tartja, hogy a fizikai felk\u00e9sz\u00fclts\u00e9get megk\u00f6vetel\u0151 sport\u00e1gak mellett a klub k\u00edn\u00e1lat\u00e1t szellemi sportok sz\u00ednes\u00edts\u00e9k, ez\u00e9rt is tartja jelent\u0151snek a sakkszakoszt\u00e1ly m\u0171k\u00f6d\u00e9s\u00e9t, ezen bel\u00fcl a versenyz\u00e9s biztos\u00edt\u00e1s\u00e1t.<\/p>\n<p>Az alig f\u00e9l\u00e9ves szakoszt\u00e1lyb\u00f3l m\u00e1r t\u00f6bben is megm\u00e9rettet\u00e9sekre k\u00e9sz\u00fclnek: indulnak a Magyar Egyetemi \u00e9s F\u0151iskolai Orsz\u00e1gos Bajnoks\u00e1gon (MEFOB) \u00e9s a Semmelweis m\u00e1jus 20-i, els\u0151 h\u00e1zi bajnoks\u00e1g\u00e1n is, ahova szakoszt\u00e1lyon k\u00edv\u00fclieket is v\u00e1rnak versenyezni a heti edz\u00e9seknek is helysz\u00ednt biztos\u00edt\u00f3 Semmelweis Szalonba. A foglalkoz\u00e1sokon online is r\u00e9szt lehet venni, ami az elfoglalt sakkoz\u00f3knak jelent\u0151s k\u00f6nnyebbs\u00e9g \u2013 jegyezte meg V\u00e1rszegi Korn\u00e9lia.<\/p>\n<p><img loading=\"lazy\" decoding=\"async\" class=\"alignleft size-medium wp-image-127196\" src=\"https:\/\/semmelweis.hu\/hirek\/files\/2023\/04\/RS172823_3P1A1354-scr-267x400.jpg\" alt=\"\" width=\"267\" height=\"400\" srcset=\"https:\/\/semmelweis.hu\/hirek\/files\/2023\/04\/RS172823_3P1A1354-scr-267x400.jpg 267w, https:\/\/semmelweis.hu\/hirek\/files\/2023\/04\/RS172823_3P1A1354-scr-533x800.jpg 533w, https:\/\/semmelweis.hu\/hirek\/files\/2023\/04\/RS172823_3P1A1354-scr.jpg 600w\" sizes=\"auto, (max-width: 267px) 100vw, 267px\" \/>A szakoszt\u00e1ly edz\u00e9sein hallgat\u00f3k \u00e9s dolgoz\u00f3k nagyj\u00e1b\u00f3l fele-fele ar\u00e1nyban vesznek r\u00e9szt, nagyon lelkesek, az egy\u00e9b elfoglalts\u00e1gaik, munk\u00e1juk miatt hi\u00e1nyz\u00f3k rendszerint p\u00f3tolj\u00e1k az elmarad\u00e1st, k\u00fcl\u00f6n h\u00e1zi feladatot k\u00e9rnek, illetve az \u00f3r\u00e1n \u00e1tvett anyagot is igyekeznek feldolgozni \u2013 mondta el k\u00e9rd\u00e9s\u00fcnkre S\u00e1rm\u00e1si P\u00e9ter sakkedz\u0151. Az edz\u00e9seken gyakran elemeznek versenyeket, vb-d\u00f6nt\u0151s j\u00e1tszm\u00e1kat is, amib\u0151l sokat tanulhatnak a sakkoz\u00f3k. T\u00f6bben otthon is gyakorolnak, tanulm\u00e1nyozz\u00e1k a sakkt\u00f6rt\u00e9netet, ut\u00e1nan\u00e9znek a dolgoknak \u2013 fejtegette a 15 \u00e9ve edz\u0151sk\u00f6d\u0151 S\u00e1rm\u00e1si P\u00e9ter, aki \u00f6r\u00f6mmel l\u00e1tja, hogy lelkesed\u00e9s\u00e9t, a sakk ir\u00e1nti szeretet\u00e9t a tan\u00edtv\u00e1nyai is \u00e1tvett\u00e9k.<\/p>\n<p>Ma m\u00e1r mindenki j\u00f3l j\u00e1tszik, a legt\u00f6bben versenyezni is szeretn\u00e9nek, az egyik tagot m\u00e1r le is igazolt\u00e1k. \u201eIgazs\u00e1g szerint a v\u00e1rtn\u00e1l gyorsabban tudtunk haladni, hiszen ez a csoport is kezd\u0151 szintr\u0151l jutott el a versenyz\u00e9s kapuj\u00e1ig. Innen csak egy l\u00e9p\u00e9s a versenyenged\u00e9ly megszerz\u00e9se, h\u00e1rman m\u00e1r indulnak is a h\u00f3nap v\u00e9gi MEFOB Kup\u00e1n, \u00e9s m\u00e1jus 20-\u00e1n a Semmelweis Egyetem els\u0151 h\u00e1zi verseny\u00e9n\u201d \u2013 magyar\u00e1zta a halad\u00f3 csoport edz\u0151je. A 7 fordul\u00f3s, rapid, 10 perces j\u00e1tszm\u00e1kkal v\u00edvott h\u00e1zi versenyre minden egyetemi polg\u00e1rt v\u00e1rnak \u2013 tette hozz\u00e1 S\u00e1rm\u00e1si P\u00e9ter.<\/p>\n<p><img loading=\"lazy\" decoding=\"async\" class=\"aligncenter size-full wp-image-127192\" src=\"https:\/\/semmelweis.hu\/hirek\/files\/2023\/04\/RS172817_3P1A1431-scr.jpg\" alt=\"\" width=\"1200\" height=\"800\" srcset=\"https:\/\/semmelweis.hu\/hirek\/files\/2023\/04\/RS172817_3P1A1431-scr.jpg 1200w, https:\/\/semmelweis.hu\/hirek\/files\/2023\/04\/RS172817_3P1A1431-scr-400x267.jpg 400w, https:\/\/semmelweis.hu\/hirek\/files\/2023\/04\/RS172817_3P1A1431-scr-900x600.jpg 900w, https:\/\/semmelweis.hu\/hirek\/files\/2023\/04\/RS172817_3P1A1431-scr-768x512.jpg 768w, https:\/\/semmelweis.hu\/hirek\/files\/2023\/04\/RS172817_3P1A1431-scr-753x502.jpg 753w, https:\/\/semmelweis.hu\/hirek\/files\/2023\/04\/RS172817_3P1A1431-scr-203x135.jpg 203w\" sizes=\"auto, (max-width: 1200px) 100vw, 1200px\" \/>A kor\u00e1bban csak gyerekekkel foglalkoz\u00f3 edz\u0151 elmondta, az egyetemi vezet\u0151s\u00e9g seg\u00edt\u0151k\u00e9szs\u00e9ge, a szakoszt\u00e1lyhoz val\u00f3 hozz\u00e1\u00e1ll\u00e1suk, az \u0151szi szintfelm\u00e9r\u0151n tapasztalt lelkesed\u00e9s\u00fck, profizmusuk \u00e9s a fel\u00e9 ir\u00e1nyul\u00f3 kedvess\u00e9g hat\u00e1s\u00e1ra v\u00e1llalta el a feln\u0151ttek edz\u00e9s\u00e9t, ami sz\u00e1m\u00e1ra is nagy v\u00e1lt\u00e1st jelentett a gyermekkor\u00fa tan\u00edtv\u00e1nyok ut\u00e1n. Szeretn\u00e9, ha csoportj\u00e1b\u00f3l min\u00e9l t\u00f6bben versenyezhetn\u00e9nek a j\u00f6v\u0151ben. Szakoszt\u00e1lyon bel\u00fcli megm\u00e9rettet\u00e9seket is tervez, hosszabb t\u00e1von pedig a Budapesti Feln\u0151tt Sakk Bajnoks\u00e1g III. oszt\u00e1ly\u00e1t c\u00e9lozza meg, a bajnoks\u00e1gon egy\u00e9niben \u00e9s csapatk\u00e9nt is l\u00e1tni szeretn\u00e9 tan\u00edtv\u00e1nyait. A bajnoks\u00e1g 12 f\u0151s nevez\u00e9ssel indulhat, ami 20 f\u0151s kerettel oldhat\u00f3 meg \u2013 magyar\u00e1zta S\u00e1rm\u00e1si P\u00e9ter, aki b\u00edzik benne, hogy k\u00e9t \u00e9ven bel\u00fcl megval\u00f3sulhat a terve, \u00e9s b\u00e1tor\u00edt is minden egyetemi polg\u00e1rt, hogy csatlakozzon a csapathoz.<\/p>\n<p><img loading=\"lazy\" decoding=\"async\" class=\"alignright size-medium wp-image-127195\" src=\"https:\/\/semmelweis.hu\/hirek\/files\/2023\/04\/RS158987_3P1A5497-scr-1-267x400.jpg\" alt=\"\" width=\"267\" height=\"400\" srcset=\"https:\/\/semmelweis.hu\/hirek\/files\/2023\/04\/RS158987_3P1A5497-scr-1-267x400.jpg 267w, https:\/\/semmelweis.hu\/hirek\/files\/2023\/04\/RS158987_3P1A5497-scr-1-533x800.jpg 533w, https:\/\/semmelweis.hu\/hirek\/files\/2023\/04\/RS158987_3P1A5497-scr-1.jpg 600w\" sizes=\"auto, (max-width: 267px) 100vw, 267px\" \/>A szakoszt\u00e1ly ind\u00edt\u00e1s\u00e1ban vezet\u0151 szerepet j\u00e1tsz\u00f3 Feket\u00e9n\u00e9 dr. Szab\u00f3 \u00c9va strat\u00e9giai \u00e9s fejleszt\u00e9si rektorhelyettes \u00edgy fogalmazott: \u201eA Semmelweis Egyetem Sport Klub sakkszakoszt\u00e1ly\u00e1nak vezet\u0151jek\u00e9nt az els\u0151 sz\u00f3 a k\u00f6sz\u00f6net\u00e9. K\u00f6sz\u00f6n\u00f6m a Testnevel\u00e9si \u00e9s Sportk\u00f6zpont igazgat\u00f3n\u0151j\u00e9nek, V\u00e1rszegi Korn\u00e9li\u00e1nak \u00e9s minden munkat\u00e1rs\u00e1nak, hogy a szakoszt\u00e1ly megalakul\u00e1s\u00e1nak els\u0151 pillanat\u00e1t\u00f3l fogva mindenben t\u00e1mogatt\u00e1k munk\u00e1nkat \u00e9s \u00f6tleteinket. Akinek azonban legink\u00e1bb k\u00f6sz\u00f6netet szeretn\u00e9k mondani, az S\u00e1rm\u00e1si P\u00e9ter sakkedz\u0151nk, aki egyik pillanatr\u00f3l a m\u00e1sikra vette \u00e1t a szakoszt\u00e1ly szakmai vezet\u00e9s\u00e9t. Tette mindezt egy\u00e9ni lelkesed\u00e9sb\u0151l, mert ahogy els\u0151 tal\u00e1lkoz\u00e1sunk egyik\u00e9n elmondta, a szintfelm\u00e9r\u0151n olyan elk\u00f6telezett, \u00e9rdekl\u0151d\u0151 \u00e9s ami a legfontosabb, sakkszeret\u0151 \u00e9s abban fejl\u0151dni k\u00edv\u00e1n\u00f3 k\u00f6z\u00f6ss\u00e9ggel tal\u00e1lkozott, ami sz\u00e1m\u00e1ra is hatalmas motiv\u00e1ci\u00f3val b\u00edrt \u00e9s b\u00edr az\u00f3ta is. K\u00f6sz\u00f6net illeti m\u00e9g Csaba L\u00e1szl\u00f3 inform\u00e1ci\u00f3biztons\u00e1gi felel\u0151st, aki els\u0151k\u00e9nt jelentkezett arra, hogy P\u00e9ter munk\u00e1j\u00e1t a kezd\u0151 sakkoz\u00f3k oktat\u00e1s\u00e1val seg\u00edti\u201d.<\/p>\n<p>A sakk igazi k\u00f6z\u00f6ss\u00e9gform\u00e1l\u00f3 er\u0151 \u2013 hangs\u00falyozta Feket\u00e9n\u00e9 dr. Szab\u00f3 \u00c9va kiemelve, hogy az okt\u00f3beri indul\u00e1s \u00f3ta, a heti, szem\u00e9lyes vagy online edz\u00e9sekkel, tanul\u00e1ssal, m\u00e9rk\u0151z\u00e9sekkel a szakoszt\u00e1lyi tagok m\u00e1ra eljutottak oda, hogy \u00e1prilis v\u00e9g\u00e9n h\u00e1rman is indulnak Debrecenben, a Magyar Egyetemi \u00e9s F\u0151iskolai Bajnoks\u00e1gon az egyetem sz\u00edneiben, illetve m\u00e1jus v\u00e9g\u00e9n, az els\u0151 SE h\u00e1zibajnoks\u00e1gon is, amelyre szeretettel h\u00edvnak \u00e9s v\u00e1rnak minden Semmelweis Polg\u00e1rt.<\/p>\n\r\n        [slb_exclude]\r\n        <div class=\"row galeria-wrapper mx-0 h-auto\">\r\n            <div class=\"col-9 pl-0 pr-2\">\r\n            <span class=\"gallery-item frame\">\r\n\t\t\t\t<div class=\"galeria-left-img\"><a href=\"https:\/\/semmelweis.hu\/hirek\/files\/2023\/04\/RS172819_3P1A1395-scr.jpg\"><img src=https:\/\/semmelweis.hu\/hirek\/files\/2023\/04\/RS172819_3P1A1395-scr.jpg  \r\n                            alt=\"\" \r\n                            class=\"attachment-sote-gallery-big size-sote-gallery-big\" \r\n                            srcset=\"https:\/\/semmelweis.hu\/hirek\/files\/2023\/04\/RS172819_3P1A1395-scr-400x267.jpg 400w, https:\/\/semmelweis.hu\/hirek\/files\/2023\/04\/RS172819_3P1A1395-scr-900x600.jpg 900w, https:\/\/semmelweis.hu\/hirek\/files\/2023\/04\/RS172819_3P1A1395-scr-768x512.jpg 768w, https:\/\/semmelweis.hu\/hirek\/files\/2023\/04\/RS172819_3P1A1395-scr-753x502.jpg 753w, https:\/\/semmelweis.hu\/hirek\/files\/2023\/04\/RS172819_3P1A1395-scr-203x135.jpg 203w, https:\/\/semmelweis.hu\/hirek\/files\/2023\/04\/RS172819_3P1A1395-scr.jpg 1200w\" ><\/a><\/div>\r\n            <\/span>\r\n\r\n            <\/div>\r\n\r\n\t\t\t<div class=\"col-3 pl-0 pr-0\">\r\n\t\t\t\t<div class=\"galeria-right-img d-flex justify-content-between flex-column h-100 w-100 px-0 mx-0 \">\r\n                <div class=\"galeria-box\">\r\n\t\t\t\t\t<h3 class=\"galeria-title\">Gal\u00e9ria<\/h3>\r\n\t\t\t\t\t<div class=\"galeria-subtitle\">\r\n\r\n\t\t\t\t\t\t<div class=\"galeria-page-counter\"><span>5<\/span>k\u00e9p<\/div>\r\n                    <\/div> <\/div>\r\n                    <span class=\"gallery-item frame d-none d-md-flex\">\r\n\t\t\t\t\t<div class=\"galeria-small-img mt-0\"><a href=\"https:\/\/semmelweis.hu\/hirek\/files\/2023\/04\/RS172816_3P1A1418-scr.jpg\"><img src=https:\/\/semmelweis.hu\/hirek\/files\/2023\/04\/RS172816_3P1A1418-scr.jpg \r\n                                alt=\"\"  \r\n                                class=\"attachment-sote-gallery-small size-sote-gallery-small\" \r\n                                srcset=\"https:\/\/semmelweis.hu\/hirek\/files\/2023\/04\/RS172816_3P1A1418-scr-400x267.jpg 400w, https:\/\/semmelweis.hu\/hirek\/files\/2023\/04\/RS172816_3P1A1418-scr-900x600.jpg 900w, https:\/\/semmelweis.hu\/hirek\/files\/2023\/04\/RS172816_3P1A1418-scr-768x512.jpg 768w, https:\/\/semmelweis.hu\/hirek\/files\/2023\/04\/RS172816_3P1A1418-scr-753x502.jpg 753w, https:\/\/semmelweis.hu\/hirek\/files\/2023\/04\/RS172816_3P1A1418-scr-203x135.jpg 203w, https:\/\/semmelweis.hu\/hirek\/files\/2023\/04\/RS172816_3P1A1418-scr.jpg 1200w\" ><\/a><\/div>\r\n                    <\/span>\r\n                    <span class=\"gallery-item frame d-none d-md-flex\">\r\n\t\t\t\t\t<div class=\"galeria-small-img mt-0\"><a href=\"https:\/\/semmelweis.hu\/hirek\/files\/2023\/04\/RS172823_3P1A1354-scr.jpg\"><img src=https:\/\/semmelweis.hu\/hirek\/files\/2023\/04\/RS172823_3P1A1354-scr.jpg \r\n                                alt=\"\" \r\n                                class=\"attachment-sote-gallery-small size-sote-gallery-small\" \r\n                                srcset=\"https:\/\/semmelweis.hu\/hirek\/files\/2023\/04\/RS172823_3P1A1354-scr-267x400.jpg 267w, https:\/\/semmelweis.hu\/hirek\/files\/2023\/04\/RS172823_3P1A1354-scr-533x800.jpg 533w, https:\/\/semmelweis.hu\/hirek\/files\/2023\/04\/RS172823_3P1A1354-scr.jpg 600w\" ><\/a><\/div>\r\n                    <\/span>\r\n\r\n                <\/div>\r\n\r\n            <\/div>\r\n\r\n            <span class=\"gallery-item\"><div class=\"hidden\"><a href=\"https:\/\/semmelweis.hu\/hirek\/files\/2023\/04\/RS172818_3P1A1403-scr.jpg\">\r\n        <img src=https:\/\/semmelweis.hu\/hirek\/files\/2023\/04\/RS172818_3P1A1403-scr.jpg alt=\"\" class=\"attachment-sote-gallery-big size-sote-gallery-big\" srcset=\"https:\/\/semmelweis.hu\/hirek\/files\/2023\/04\/RS172818_3P1A1403-scr-400x267.jpg 400w, https:\/\/semmelweis.hu\/hirek\/files\/2023\/04\/RS172818_3P1A1403-scr-900x600.jpg 900w, https:\/\/semmelweis.hu\/hirek\/files\/2023\/04\/RS172818_3P1A1403-scr-768x512.jpg 768w, https:\/\/semmelweis.hu\/hirek\/files\/2023\/04\/RS172818_3P1A1403-scr-753x502.jpg 753w, https:\/\/semmelweis.hu\/hirek\/files\/2023\/04\/RS172818_3P1A1403-scr-203x135.jpg 203w, https:\/\/semmelweis.hu\/hirek\/files\/2023\/04\/RS172818_3P1A1403-scr.jpg 1200w\" >\r\n        <\/a><\/div><\/span><span class=\"gallery-item\"><div class=\"hidden\"><a href=\"https:\/\/semmelweis.hu\/hirek\/files\/2023\/04\/RS172817_3P1A1431-scr.jpg\">\r\n        <img src=https:\/\/semmelweis.hu\/hirek\/files\/2023\/04\/RS172817_3P1A1431-scr.jpg alt=\"\" class=\"attachment-sote-gallery-big size-sote-gallery-big\" srcset=\"https:\/\/semmelweis.hu\/hirek\/files\/2023\/04\/RS172817_3P1A1431-scr-400x267.jpg 400w, https:\/\/semmelweis.hu\/hirek\/files\/2023\/04\/RS172817_3P1A1431-scr-900x600.jpg 900w, https:\/\/semmelweis.hu\/hirek\/files\/2023\/04\/RS172817_3P1A1431-scr-768x512.jpg 768w, https:\/\/semmelweis.hu\/hirek\/files\/2023\/04\/RS172817_3P1A1431-scr-753x502.jpg 753w, https:\/\/semmelweis.hu\/hirek\/files\/2023\/04\/RS172817_3P1A1431-scr-203x135.jpg 203w, https:\/\/semmelweis.hu\/hirek\/files\/2023\/04\/RS172817_3P1A1431-scr.jpg 1200w\" >\r\n        <\/a><\/div><\/span>\r\n            <\/div>\r\n\r\n            [\/slb_exclude]\r\n\t\n<p>\u201eNagy \u00f6r\u00f6m sz\u00e1momra, hogy m\u00e1r a kezdetekt\u0151l r\u00e9szt vehetek a sakkszakoszt\u00e1ly megalap\u00edt\u00e1s\u00e1ban, m\u0171k\u00f6dtet\u00e9s\u00e9ben, hiszen ezzel nemcsak az SE Sport Klub szakoszt\u00e1lyainak sz\u00e1ma b\u0151v\u00fclt, hanem egy olyan kezdem\u00e9nyez\u00e9st siker\u00fclt \u00e9letre h\u00edvni, amir\u0151l elmondhat\u00f3, hogy az egyetemi polg\u00e1rs\u00e1g teljes spektrum\u00e1nak \u00e9rdekl\u0151d\u00e9s\u00e9t felkeltette, hiszen a tagok k\u00f6z\u00f6tt \u00e9pp\u00fagy megtal\u00e1lhat\u00f3 az els\u0151\u00e9ves hallgat\u00f3, a t\u00e1mogat\u00f3ter\u00fcleti munkat\u00e1rs, mint az oktat\u00f3 vagy \u00e9ppen az alumni k\u00f6z\u00f6ss\u00e9g tagja\u201d \u2013 tette hozz\u00e1 Vona Zs\u00f3fia, a strat\u00e9giai \u00e9s fejleszt\u00e9si rektorhelyettesi iroda munkat\u00e1rsa.<\/p>\n<p>Hiszem, hogy a sakk egyszerre sport, j\u00e1t\u00e9k, tudom\u00e1ny \u00e9s m\u0171v\u00e9szet; j\u00f3val t\u00f6bb, mint egy \u00e9rt\u00e9kes szabadid\u0151t\u00f6lt\u00e9si tev\u00e9kenys\u00e9g: j\u00f3t\u00e9konyan hat a meg\u00e9rt\u00e9st \u00e9s a probl\u00e9mamegold\u00e1st biztos\u00edt\u00f3 gondolkod\u00e1s fejl\u0151d\u00e9s\u00e9re, jelent\u0151s nevel\u0151-fejleszt\u0151 erej\u00e9vel pedig ak\u00e1r a mindennapi munka- \u00e9s tanul\u00e1si folyamatokat is t\u00e1mogathatja. Megtiszteltet\u00e9s volt sz\u00e1munkra, amikor Polg\u00e1r Judit nemzetk\u00f6zi sakknagymester elfogadta megh\u00edv\u00e1sunkat a Ny\u00e1ri Egyetemre \u00e9s a t\u00f6bbi k\u00f6z\u00f6tt n\u00e9pszer\u0171s\u00edtette a sakkszakoszt\u00e1lyunkba val\u00f3 bel\u00e9p\u00e9st is. K\u00f6sz\u00f6nhet\u0151en az \u0151 p\u00e9ld\u00e1j\u00e1nak \u00e9s biztat\u00e1s\u00e1nak is, a szintfelm\u00e9r\u0151re t\u00f6bb mint hetven magyar \u00e9s nemzetk\u00f6zi hallgat\u00f3, munkat\u00e1rs j\u00f6tt el, m\u00e1ra pedig kialakult az a stabil tags\u00e1g, akik h\u00e9tr\u0151l-h\u00e9tre szerda est\u00e9nk\u00e9nt megjelennek a Szalonban a k\u00f6z\u00f6s j\u00e1t\u00e9k, tanul\u00e1s izgalmai\u00e9rt, \u00f6r\u00f6m\u00e9\u00e9rt \u2013 fogalmazott Vona Zs\u00f3fia.<\/p>\n<p>Az els\u0151 Semmelweis Egyetem Sakk Kupa h\u00e1zibajnoks\u00e1got m\u00e1jus 20-\u00e1n k\u00e9t kateg\u00f3ri\u00e1ban rendezik meg: hallgat\u00f3k\u00e9nt \u00e9s munkat\u00e1rsk\u00e9nt m\u00e9rhetik \u00f6ssze tud\u00e1sukat a sakkoz\u00f3k. Az esem\u00e9nyre <a href=\"https:\/\/semmelweis.hu\/wp-content\/machform\/view.php?id=436445\">minden \u00e9rdekl\u0151d\u0151t v\u00e1rnak<\/a>.<\/p>\n<p>Szepesi Anita<br \/>\nFot\u00f3: Barta B\u00e1lint \u2013 Semmelweis Egyetem<\/p>\n","protected":false},"excerpt":{"rendered":"<p>Az els\u0151 SE Sakk Kupa h\u00e1zibajnoks\u00e1gra minden Semmelweis Polg\u00e1rt v\u00e1rnak m\u00e1jus 20-\u00e1n.<\/p>\n","protected":false},"author":102067,"featured_media":127191,"comment_status":"closed","ping_status":"closed","sticky":false,"template":"","format":"standard","meta":{"_acf_changed":false,"footnotes":""},"categories":[157,168],"tags":[155],"class_list":["post-127186","post","type-post","status-publish","format-standard","has-post-thumbnail","hentry","category-semmelweis-vilag","category-kiemelt","tag-sport"],"acf":[],"_links":{"self":[{"href":"https:\/\/semmelweis.hu\/hirek\/wp-json\/wp\/v2\/posts\/127186","targetHints":{"allow":["GET"]}}],"collection":[{"href":"https:\/\/semmelweis.hu\/hirek\/wp-json\/wp\/v2\/posts"}],"about":[{"href":"https:\/\/semmelweis.hu\/hirek\/wp-json\/wp\/v2\/types\/post"}],"author":[{"embeddable":true,"href":"https:\/\/semmelweis.hu\/hirek\/wp-json\/wp\/v2\/users\/102067"}],"replies":[{"embeddable":true,"href":"https:\/\/semmelweis.hu\/hirek\/wp-json\/wp\/v2\/comments?post=127186"}],"version-history":[{"count":10,"href":"https:\/\/semmelweis.hu\/hirek\/wp-json\/wp\/v2\/posts\/127186\/revisions"}],"predecessor-version":[{"id":127210,"href":"https:\/\/semmelweis.hu\/hirek\/wp-json\/wp\/v2\/posts\/127186\/revisions\/127210"}],"wp:featuredmedia":[{"embeddable":true,"href":"https:\/\/semmelweis.hu\/hirek\/wp-json\/wp\/v2\/media\/127191"}],"wp:attachment":[{"href":"https:\/\/semmelweis.hu\/hirek\/wp-json\/wp\/v2\/media?parent=127186"}],"wp:term":[{"taxonomy":"category","embeddable":true,"href":"https:\/\/semmelweis.hu\/hirek\/wp-json\/wp\/v2\/categories?post=127186"},{"taxonomy":"post_tag","embeddable":true,"href":"https:\/\/semmelweis.hu\/hirek\/wp-json\/wp\/v2\/tags?post=127186"}],"curies":[{"name":"wp","href":"https:\/\/api.w.org\/{rel}","templated":true}]}}