{"id":127041,"date":"2023-05-03T09:31:52","date_gmt":"2023-05-03T07:31:52","guid":{"rendered":"https:\/\/semmelweis.hu\/hirek\/?p=127041"},"modified":"2023-12-07T14:49:04","modified_gmt":"2023-12-07T13:49:04","slug":"tudomanyos-hirado-14","status":"publish","type":"post","link":"https:\/\/semmelweis.hu\/hirek\/2023\/05\/03\/tudomanyos-hirado-14\/","title":{"rendered":"Tudom\u00e1nyos h\u00edrad\u00f3 14."},"content":{"rendered":"<p><a href=\"https:\/\/semmelweis.hu\/hirek\/files\/2023\/05\/Kepkivagas.png\"><img loading=\"lazy\" decoding=\"async\" class=\"alignleft wp-image-134371 \" src=\"https:\/\/semmelweis.hu\/hirek\/files\/2023\/05\/Kepkivagas.png\" alt=\"\" width=\"502\" height=\"124\" srcset=\"https:\/\/semmelweis.hu\/hirek\/files\/2023\/05\/Kepkivagas.png 786w, https:\/\/semmelweis.hu\/hirek\/files\/2023\/05\/Kepkivagas-400x99.png 400w, https:\/\/semmelweis.hu\/hirek\/files\/2023\/05\/Kepkivagas-768x190.png 768w, https:\/\/semmelweis.hu\/hirek\/files\/2023\/05\/Kepkivagas-753x186.png 753w\" sizes=\"auto, (max-width: 502px) 100vw, 502px\" \/><\/a><\/p>\n<hr style=\"border-top: 1px solid white;\" \/>\n<div class=\"lead\">Tudom\u00e1nyos H\u00edrad\u00f3 c\u00edm\u0171 cikksorozatunkban az egyetemhez k\u00f6thet\u0151 D1 min\u0151s\u00edt\u00e9s\u0171 tudom\u00e1nyos k\u00f6zlem\u00e9nyekr\u0151l olvashat\u00f3 r\u00f6vid \u00f6sszefoglal\u00f3. A cikkeket az elm\u00falt id\u0151szak megjelen\u00e9sei alapj\u00e1n a K\u00f6zponti K\u00f6nyvt\u00e1r, illetve dr. Szigeti Gyula innov\u00e1ci\u00f3s igazgat\u00f3 v\u00e1logatta.<\/div>\n<h5>A COVID-19 betegs\u00e9g r\u00f6vid- \u00e9s k\u00f6z\u00e9pt\u00e1v\u00fa hat\u00e1sai sportol\u00f3k k\u00f6r\u00e9ben: eredm\u00e9nyek egy nagyvolumen\u0171, egycentrumos vizsg\u00e1latb\u00f3l<span style=\"color: #ff0000;\">*<\/span><\/h5>\n<p><a href=\"https:\/\/semmelweis.hu\/hirek\/files\/2023\/04\/Tudomanyos_Hirado_Juhasz_Vencel_abra1_jpeg-scaled.jpg\"><img loading=\"lazy\" decoding=\"async\" class=\"size-medium wp-image-127042 alignright\" src=\"https:\/\/semmelweis.hu\/hirek\/files\/2023\/04\/Tudomanyos_Hirado_Juhasz_Vencel_abra1_jpeg-370x400.jpg\" alt=\"\" width=\"370\" height=\"400\" srcset=\"https:\/\/semmelweis.hu\/hirek\/files\/2023\/04\/Tudomanyos_Hirado_Juhasz_Vencel_abra1_jpeg-370x400.jpg 370w, https:\/\/semmelweis.hu\/hirek\/files\/2023\/04\/Tudomanyos_Hirado_Juhasz_Vencel_abra1_jpeg-741x800.jpg 741w, https:\/\/semmelweis.hu\/hirek\/files\/2023\/04\/Tudomanyos_Hirado_Juhasz_Vencel_abra1_jpeg-768x829.jpg 768w, https:\/\/semmelweis.hu\/hirek\/files\/2023\/04\/Tudomanyos_Hirado_Juhasz_Vencel_abra1_jpeg-1423x1536.jpg 1423w, https:\/\/semmelweis.hu\/hirek\/files\/2023\/04\/Tudomanyos_Hirado_Juhasz_Vencel_abra1_jpeg-1897x2048.jpg 1897w, https:\/\/semmelweis.hu\/hirek\/files\/2023\/04\/Tudomanyos_Hirado_Juhasz_Vencel_abra1_jpeg-753x813.jpg 753w\" sizes=\"auto, (max-width: 370px) 100vw, 370px\" \/><\/a>A COVID-pand\u00e9mia kezdeti szakasz\u00e1ban jelent\u0151s agg\u00e1lyok mer\u00fcltek fel a v\u00edrusfert\u0151z\u00e9s \u00e1ltal okozott, esetleges sz\u00edvizomgyullad\u00e1s (myocarditis) megjelen\u00e9s\u00e9vel kapcsolatban. A sz\u00edvizomgyullad\u00e1s \u00e1ltal\u00e1ban enyhe lefoly\u00e1s\u00fa betegs\u00e9g, azonban a kiv\u00e1lt\u00f3 okt\u00f3l is f\u00fcgg\u0151en s\u00falyos komplik\u00e1ci\u00f3kat is okozhat. Sportol\u00f3k k\u00f6r\u00e9ben kiemelt jelent\u0151s\u00e9g\u0171, ugyanis akt\u00edvan zajl\u00f3 sz\u00edvizomgyullad\u00e1ssal tilos intenz\u00edv sporttev\u00e9kenys\u00e9get v\u00e9gezni az emelkedett hirtelen sz\u00edvhal\u00e1l rizik\u00f3ja miatt.<\/p>\n<p>A V\u00e1rosmajori Sz\u00edv- \u00e9s \u00c9rgy\u00f3gy\u00e1szati Klinik\u00e1n 2020. j\u00faniusa \u00e9s 2021. j\u00faliusa k\u00f6z\u00f6tt \u00f6sszesen 633, profi \u00e9s amat\u0151r sportol\u00f3t (medi\u00e1n \u00e9letkor 21 \u00e9v) fogadtunk komplex kardiol\u00f3giai kivizsg\u00e1l\u00e1s c\u00e9lj\u00e1b\u00f3l COVID-fert\u0151z\u00e9st k\u00f6vet\u0151en. Potenci\u00e1lis sz\u00edvizom-\u00e9rintetts\u00e9gre utal\u00f3 laborelt\u00e9r\u00e9s (troponin emelked\u00e9s) mind\u00f6ssze az esetek 1,4%-\u00e1ban fordult el\u0151. Ezt k\u00f6vet\u0151en 104 esetben sz\u00edv MR-vizsg\u00e1latot is v\u00e9gezt\u00fcnk, ahol definit\u00edv, zajl\u00f3 myocarditisre utal\u00f3 jelet nem tal\u00e1ltunk egy sportol\u00f3n\u00e1l sem. Megvizsg\u00e1latuk a long COVID szindr\u00f3ma (4 h\u00e9ten t\u00fali panaszok) el\u0151fordul\u00e1s\u00e1t is, mely 8%-os, a r\u00f6videbb t\u00e1v\u00fa (max. 2 h\u00e9t), edz\u00e9shez k\u00f6t\u00f6tt panaszok gyakoris\u00e1ga 23%-os volt. N\u0151kn\u00e9l magasabb ar\u00e1nyban jelentkeztek r\u00f6vid t\u00e1v\u00fa panaszok f\u00e9rfiakhoz k\u00e9pest (34% vs. 19%). Eredm\u00e9nyeink alapj\u00e1n a fert\u0151z\u00e9s akut szakasz\u00e1ban jelentkez\u0151 k\u00f6h\u00f6g\u00e9s vagy gyullad\u00e1sos folyamatra utal\u00f3 laborelt\u00e9r\u00e9sek (ferritin emelked\u00e9s) el\u0151revet\u00edthetik az elh\u00faz\u00f3d\u00f3 panaszok megjelen\u00e9s\u00e9t. Jelen vizsg\u00e1latunk szorosan kapcsol\u00f3dik a kor\u00e1bban megjelent, sz\u00edv MR elt\u00e9r\u00e9sekre f\u00f3kusz\u00e1l\u00f3 <a href=\"https:\/\/bjsm.bmj.com\/content\/56\/10\/553\">k\u00f6zlem\u00e9ny\u00fcnkh\u00f6z<\/a> \u2013 \u00edrta \u00f6sszefoglal\u00f3j\u00e1ban dr. Juh\u00e1sz Vencel.<\/p>\n<div class=\"keretes w-100\">\n<p>Short and mid-term characteristics of COVID-19 disease course in athletes: A high-volume, single-center study<br \/>\nVencel Juh\u00e1sz (Heart and Vascular Center, Semmelweis University), Lili\u00e1na Szab\u00f3 (Heart and Vascular Center, Semmelweis University), Attila Pavlik (Department of Sports Medicine, Semmelweis University), Andr\u00e1s T\u00e1llay (Department of Sports Medicine, Semmelweis University), Dorottya Balla (Heart and Vascular Center, Semmelweis University), Orsolya Kiss (Heart and Vascular Center, Semmelweis University; Department of Sports Medicine, Semmelweis University), M\u00e1t\u00e9 Babity (Heart and Vascular Center, Semmelweis University), N\u00f3ra Syd\u00f3 (Heart and Vascular Center, Semmelweis University; Department of Sports Medicine, Semmelweis University), Emese Csulak (Heart and Vascular Center, Semmelweis University), Andr\u00e1s Bencz\u00far (Institute for Computer Science and Control), Anna Orsz\u00e1gh (Institute for Computer Science and Control), Zs\u00f3fia Gregor (Heart and Vascular Center, Semmelweis University), D\u00e1vid Becker (Heart and Vascular Center, Semmelweis University), B\u00e9la Merkely (Heart and Vascular Center, Semmelweis University; Department of Sports Medicine, Semmelweis University), Hajnalka V\u00e1g\u00f3 (Heart and Vascular Center, Semmelweis University; Department of Sports Medicine, Semmelweis University)<br \/>\nScandinavian Journal of Medicine &amp; Science in Sports, Volume 33, Issue 3 p. 341-352<br \/>\n<a href=\"https:\/\/doi.org\/10.1111\/sms.14265\">https:\/\/doi.org\/10.1111\/sms.14265<\/a><\/p>\n<\/div>\n<h5>Augment\u00e1lt val\u00f3s\u00e1g-alap\u00fa dinamikus navig\u00e1ci\u00f3s rendszer fog\u00e1szati implant\u00e1tumok be\u00fcltet\u00e9s\u00e9hez, preklinikai vizsg\u00e1lat<\/h5>\n<p><a href=\"https:\/\/semmelweis.hu\/hirek\/files\/2023\/04\/1-s2.0-S0300571222001270-gr1.jpg\"><img loading=\"lazy\" decoding=\"async\" class=\"alignleft size-medium wp-image-127043\" src=\"https:\/\/semmelweis.hu\/hirek\/files\/2023\/04\/1-s2.0-S0300571222001270-gr1-288x400.jpg\" alt=\"\" width=\"288\" height=\"400\" srcset=\"https:\/\/semmelweis.hu\/hirek\/files\/2023\/04\/1-s2.0-S0300571222001270-gr1-288x400.jpg 288w, https:\/\/semmelweis.hu\/hirek\/files\/2023\/04\/1-s2.0-S0300571222001270-gr1-576x800.jpg 576w, https:\/\/semmelweis.hu\/hirek\/files\/2023\/04\/1-s2.0-S0300571222001270-gr1.jpg 659w\" sizes=\"auto, (max-width: 288px) 100vw, 288px\" \/><\/a>A fog\u00e1szati implant\u00e1tumok be\u00fcltet\u00e9se biztons\u00e1gos \u00e9s kisz\u00e1m\u00edthat\u00f3 m\u00f3dja annak, hogy betegeinknek r\u00f6gz\u00edtett fogp\u00f3tl\u00e1sokat tudjunk k\u00e9sz\u00edteni, vagy a kivehet\u0151 fogp\u00f3tl\u00e1sok stabilit\u00e1s\u00e1t fokozhassuk. A fogp\u00f3tl\u00e1sok c\u00e9lja a r\u00e1g\u00f3k\u00e9pess\u00e9g, a hangk\u00e9pz\u00e9s \u00e9s az arc eszt\u00e9tik\u00e1j\u00e1nak helyre\u00e1ll\u00edt\u00e1sa, melynek sor\u00e1n lehet\u0151v\u00e9 tessz\u00fck betegeink t\u00e1rsadalomba t\u00f6rt\u00e9n\u0151 visszailleszked\u00e9s\u00e9t. Az implant\u00e1ci\u00f3s fogp\u00f3tl\u00e1s hossz\u00fat\u00e1v\u00fa sikeress\u00e9ge, j\u00f3l tiszt\u00edthat\u00f3s\u00e1ga \u00e9rdek\u00e9ben olyan poz\u00edci\u00f3kban helyezz\u00fck be, ahogy azt a k\u00e9s\u0151bb k\u00e9sz\u00edtend\u0151 fogp\u00f3tl\u00e1s sz\u00fcks\u00e9gess\u00e9 teszi. A digit\u00e1lis tervez\u0151 szoftverek lehet\u0151 teszik a sz\u00e1jk\u00e9pletek digit\u00e1lis lenyomat\u00e1nak, a dento-maxillofaci\u00e1lis r\u00e9gi\u00f3 modern h\u00e1romdimenzi\u00f3s k\u00e9palkot\u00f3 adat\u00e1llom\u00e1ny\u00e1nak \u00e9s a tervezett p\u00f3tl\u00e1snak egym\u00e1sra vet\u00edt\u00e9s\u00e9t \u00e9s az ide\u00e1lis implant\u00e1tumpoz\u00edci\u00f3k meghat\u00e1roz\u00e1s\u00e1t. A m\u0171t\u00e9t sor\u00e1n c\u00e9lunk ezeket a poz\u00edci\u00f3kat reproduk\u00e1lni. Erre t\u00f6bb megold\u00e1s is k\u00edn\u00e1lkozik. Statikus navig\u00e1ci\u00f3 eset\u00e9n egy m\u0171t\u00e9ti sablon vezeti meg f\u00far\u00f3inkat az implant\u00e1tum\u00e1gy kialak\u00edt\u00e1sa sor\u00e1n. Dinamikus navig\u00e1ci\u00f3 sor\u00e1n a navig\u00e1ci\u00f3s rendszer lehet\u0151v\u00e9 teszi, hogy a CBCT (speci\u00e1lis fogorvosi haszn\u00e1latra alkalmas k\u00fapsugaras CT felv\u00e9tel) k\u00e9pen val\u00f3s id\u0151ben k\u00f6vethess\u00fck f\u00far\u00f3ink helyzet\u00e9t. A dinamikus navig\u00e1ci\u00f3 sor\u00e1n a m\u0171t\u00e9tet v\u00e9gz\u0151 orvos a k\u00e9perny\u0151t figyeli a m\u0171t\u00e9ti ter\u00fclet helyett \u00e9s ez sz\u00f6v\u0151dm\u00e9nyekhez vezethet. Esetleges komplik\u00e1ci\u00f3k elker\u00fcl\u00e9s\u00e9ben nagy seg\u00edts\u00e9g\u00fcnkre van az Augment\u00e1lt Val\u00f3s\u00e1g (Augmented Reality) alap\u00fa dinamikus navig\u00e1ci\u00f3, melynek sor\u00e1n a navig\u00e1ci\u00f3s rendszer a m\u0171t\u00e9ti tervet egy AR szem\u00fcveg seg\u00edts\u00e9g\u00e9vel a m\u0171t\u00e9ti ter\u00fcletre vet\u00edti, \u00edgy a seb\u00e9sz egyszerre l\u00e1tja a m\u0171t\u00e9ti tervet \u00e9s a m\u0171t\u00e9ti ter\u00fcletet. Haz\u00e1nkban ilyen innovat\u00edv eszk\u00f6zt fejleszt az InnoImplant Kft., ami a Fog\u00e1szati \u00e9s Sz\u00e1jseb\u00e9szeti Oktat\u00f3 Int\u00e9zetet k\u00e9rte fel az eszk\u00f6z f\u00fcggetlen vizsg\u00e1lat\u00e1ra.<\/p>\n<p>A vizsg\u00e1lat sorozat els\u0151 l\u00e9p\u00e9se egy in vitro modellk\u00eds\u00e9rlet volt, melyben kutat\u00f3csoportunk a vil\u00e1gon els\u0151k\u00e9nt hasonl\u00edtotta \u00f6ssze AR alap\u00fa dinamikus navig\u00e1ci\u00f3s eszk\u00f6z pontoss\u00e1g\u00e1t m\u00e1s navig\u00e1ci\u00f3s eszk\u00f6z\u00e9vel. Az AR alap\u00fa dinamikus navig\u00e1ci\u00f3s eszk\u00f6z implant\u00e1tum be\u00fcltet\u00e9si pontoss\u00e1ga nem maradt el a statikus navig\u00e1ci\u00f3\u00e9t\u00f3l \u00e9s jobban teljes\u00edtett, mint a tapasztalt orvos \u00e1ltal v\u00e9gzett szabadk\u00e9zi implant\u00e1tumbe\u00fcltet\u00e9s. Kutat\u00f3csoportunk c\u00e9lja az eszk\u00f6z klinikai vizsg\u00e1lata, ami alapj\u00e1t k\u00e9pezheti posztgradu\u00e1lis oktat\u00e1sunknak \u00e9s hosszabb t\u00e1von a klinikum mindennapi munk\u00e1j\u00e1t el\u0151seg\u00edtheti \u2013 fogalmazott dr. P\u00e9nzes Dorottya \u00e9s dr. Kivovics M\u00e1rton.<\/p>\n<div class=\"keretes w-100\">\n<p>Accuracy of dental implant placement using augmented reality-based navigation, static computer assisted implant surgery, and the free-hand method: An in vitro study<br \/>\nM\u00e1rton Kivovics (Department of Community Dentistry, Semmelweis University), Anna Tak\u00e1cs (Dental Student, Faculty of Dentistry, Semmelweis University), Dorottya P\u00e9nzes (Department of Community Dentistry, Semmelweis University), Orsolya N\u00e9meth (Department of Community Dentistry, Semmelweis University), Eitan Mijiritsky (Department of Otolaryngology, Head and Neck Surgery and Maxillofacial Surgery, Tel-Aviv Sourasky Medical Center, Sackler School of Medicine, Tel-Aviv University; Goldschleger School of Dental Medicine, Sackler School of Medicine, Tel-Aviv University)<br \/>\nJournal of Dentistry, Volume 119, April 2022, 104070<br \/>\n<a href=\"https:\/\/doi.org\/10.1016\/j.jdent.2022.104070\">https:\/\/doi.org\/10.1016\/j.jdent.2022.104070<\/a><\/p>\n<\/div>\n<h5>A D-vitamin hi\u00e1ny szerepe a kardiovaszkul\u00e1ris \u00e9s\u00a0 cerebrovaszkul\u00e1ris betegs\u00e9gek kialakul\u00e1s\u00e1ban<\/h5>\n<p><a href=\"https:\/\/semmelweis.hu\/hirek\/files\/2023\/04\/Figure_Pal-Eva.jpg\"><img loading=\"lazy\" decoding=\"async\" class=\"alignleft size-medium wp-image-127044\" src=\"https:\/\/semmelweis.hu\/hirek\/files\/2023\/04\/Figure_Pal-Eva-400x225.jpg\" alt=\"\" width=\"400\" height=\"225\" srcset=\"https:\/\/semmelweis.hu\/hirek\/files\/2023\/04\/Figure_Pal-Eva-400x225.jpg 400w, https:\/\/semmelweis.hu\/hirek\/files\/2023\/04\/Figure_Pal-Eva-900x506.jpg 900w, https:\/\/semmelweis.hu\/hirek\/files\/2023\/04\/Figure_Pal-Eva-768x432.jpg 768w, https:\/\/semmelweis.hu\/hirek\/files\/2023\/04\/Figure_Pal-Eva-753x424.jpg 753w, https:\/\/semmelweis.hu\/hirek\/files\/2023\/04\/Figure_Pal-Eva.jpg 1280w\" sizes=\"auto, (max-width: 400px) 100vw, 400px\" \/><\/a>A D-vitamin hi\u00e1ny a lakoss\u00e1g 24-40%-\u00e1t \u00e9rinti vil\u00e1gszerte. A D-vitamin egy zs\u00edrold\u00e9kony szteroid hormon, melynek szerepe a csont \u00e9s kalcium anyagcser\u00e9ben m\u00e1r r\u00e9g\u00f3ta j\u00f3l ismert. Ezenfel\u00fcl az ut\u00f3bbi \u00e9vtizedek tanulm\u00e1nyai alapj\u00e1n a D-vitamin hozz\u00e1j\u00e1rul a sz\u00edv-\u00e9s \u00e9rrendszeri betegs\u00e9gek megel\u0151z\u00e9s\u00e9hez is. A D-vitamin befoly\u00e1solja t\u00f6bbek k\u00f6z\u00f6tt a gyullad\u00e1sos folyamatokat, a sejtprolifer\u00e1ci\u00f3t, az endothel funkci\u00f3t, az \u00e9rpermeabilit\u00e1st, valamint az extracellul\u00e1ris m\u00e1trix homeoszt\u00e1zist. Ez\u00e1ltal a D-vitamin hi\u00e1ny fokozhatja az ateroszklerotikus kardiovaszkul\u00e1ris betegs\u00e9gek, a stroke \u00e9s a vaszkul\u00e1ris kognit\u00edv zavarok kock\u00e1zat\u00e1t.<\/p>\n<p>K\u00f6zlem\u00e9ny\u00fcnkben vizsg\u00e1ltuk a D-vitamin sz\u00edv-\u00e9s \u00e9rrendszerre, valamit agyi kering\u00e9sre kifejtett hat\u00e1s\u00e1t, illetve \u00f6sszegezt\u00fck a D-vitamin hi\u00e1nyra jellemz\u0151 sejtszint\u0171, molekul\u00e1ris \u00e9s funkcion\u00e1lis v\u00e1ltoz\u00e1sokat, melyek szerepet j\u00e1tszhatnak a kering\u00e9si betegs\u00e9gek kialakul\u00e1s\u00e1ban. A D-vitamin hi\u00e1ny ezen k\u00f3rk\u00e9pekben bet\u00f6lt\u00f6tt komplex szerep\u00e9nek meg\u00e9rt\u00e9se fontos lehet a prevenci\u00f3 \u00e9s a ter\u00e1pia szempontj\u00e1b\u00f3l, hiszen a D-vitamin hi\u00e1ny egy k\u00f6nnyen m\u00f3dos\u00edthat\u00f3 kardiovaszkul\u00e1ris rizik\u00f3faktor \u2013 fogalmazott \u00f6sszefoglal\u00f3j\u00e1ban dr. P\u00e1l \u00c9va.<\/p>\n<div class=\"keretes w-100\">\n<p>Role of Vitamin D Deficiency in the Pathogenesis of Cardiovascular and Cerebrovascular Diseases<br \/>\n\u00c9va P\u00e1l (Institute of Translational Medicine, Semmelweis University; E\u00f6tv\u00f6s Lor\u00e1nd Research Network, Semmelweis University (ELKH-SU), Cerebrovascular and Neurocognitive Disorders Research Group), Zolt\u00e1n Ungv\u00e1ry (Vascular Cognitive Impairment and Neurodegeneration Program, Oklahoma Center for Geroscience and Healthy Brain Aging, Department of Biochemistry and Molecular Biology, University of Oklahoma Health Sciences Center; Department of Health Promotion Sciences, College of Public Health, University of Oklahoma Health Sciences Center; International Training Program in Geroscience, Doctoral School of Basic and Translational Medicine\/Departments of Public Health and Translational Medicine, Semmelweis University; The Peggy and Charles Stephenson Cancer Center, University of Oklahoma Health Sciences Center), Zolt\u00e1n Beny\u00f3 (Institute of Translational Medicine, Semmelweis University; E\u00f6tv\u00f6s Lor\u00e1nd Research Network, Semmelweis University (ELKH-SU), Cerebrovascular and Neurocognitive Disorders Research Group), Szabolcs V\u00e1rb\u00edr\u00f3 (Department of Obstetrics and Gynecology, Semmelweis University; Workgroup for Science Management, Doctoral School, Semmelweis University)<br \/>\nNutrients 2023, 15(2), 334<br \/>\n<a href=\"https:\/\/doi.org\/10.3390\/nu15020334\">https:\/\/doi.org\/10.3390\/nu15020334<\/a><\/p>\n<\/div>\n<h5>Boole-f\u00e9le h\u00e1l\u00f3zati dinamika finomhangol\u00e1sa val\u00f3sz\u00edn\u0171s\u00e9gi \u00e9l-s\u00falyokkal<\/h5>\n<p><a href=\"https:\/\/semmelweis.hu\/hirek\/files\/2023\/04\/Deritei-paper-figure.jpg\"><img loading=\"lazy\" decoding=\"async\" class=\"alignleft size-medium wp-image-127048\" src=\"https:\/\/semmelweis.hu\/hirek\/files\/2023\/04\/Deritei-paper-figure-400x344.jpg\" alt=\"\" width=\"400\" height=\"344\" srcset=\"https:\/\/semmelweis.hu\/hirek\/files\/2023\/04\/Deritei-paper-figure-400x344.jpg 400w, https:\/\/semmelweis.hu\/hirek\/files\/2023\/04\/Deritei-paper-figure-900x773.jpg 900w, https:\/\/semmelweis.hu\/hirek\/files\/2023\/04\/Deritei-paper-figure-768x660.jpg 768w, https:\/\/semmelweis.hu\/hirek\/files\/2023\/04\/Deritei-paper-figure-753x647.jpg 753w, https:\/\/semmelweis.hu\/hirek\/files\/2023\/04\/Deritei-paper-figure.jpg 1200w\" sizes=\"auto, (max-width: 400px) 100vw, 400px\" \/><\/a>A sejtek \u00e9lete \u00e9s d\u00f6nt\u00e9shozatala az azokat fel\u00e9p\u00edt\u0151 molekul\u00e1k komplex k\u00f6lcs\u00f6nhat\u00e1sainak &#8222;zajos szimf\u00f3ni\u00e1ja&#8221;. Azaz: egy\u00e9ni k\u00f6lcs\u00f6nhat\u00e1sok term\u00e9szete \u00e9s er\u0151ss\u00e9ge rendk\u00edv\u00fcl sz\u00e9les sk\u00e1l\u00e1n mozog. Ennek kiakn\u00e1z\u00e1sa k\u00fcl\u00f6n\u00f6sen fontos a sejtben el\u0151fordul\u00f3 hib\u00e1k \u00e9s betegs\u00e9gek meg\u00e9rt\u00e9se szempontj\u00e1b\u00f3l. P\u00e9ld\u00e1ul egy genetikai mut\u00e1ci\u00f3 \u00fagy m\u00f3dos\u00edthat egy feh\u00e9rj\u00e9t, hogy annak jelent\u0151sen megv\u00e1ltozik a t\u00f6bbi feh\u00e9rj\u00e9vel val\u00f3 k\u00f6lcs\u00f6nhat\u00e1s\u00e1nak a val\u00f3sz\u00edn\u0171s\u00e9ge, er\u0151ss\u00e9ge, stb.<\/p>\n<p>A Boole-f\u00e9le h\u00e1l\u00f3zati modellek hasznos eszk\u00f6zei a sejteken bel\u00fcli (\u00e9s azok k\u00f6z\u00f6tti), id\u0151ben v\u00e1ltoz\u00f3, komplex interakci\u00f3k modellez\u00e9s\u00e9nek. Azonban az eddigi Boole-f\u00e9le h\u00e1l\u00f3zati keretrendszerben nem volt konkr\u00e9t m\u00f3dja az interakci\u00f3k s\u00faly\u00e1nak, illetve val\u00f3sz\u00edn\u0171s\u00e9g\u00e9nek az implement\u00e1ci\u00f3j\u00e1ra. Ebben a cikkben egy \u00faj m\u00f3dszert javasolunk, amelyben zaj oper\u00e1torok seg\u00edts\u00e9g\u00e9vel finomhangolhat\u00f3v\u00e1 v\u00e1lik a h\u00e1l\u00f3zatban l\u00e9v\u0151 interakci\u00f3k viselked\u00e9se. T\u00f6bb alkalmaz\u00e1son kereszt\u00fcl igazoljuk, hogy ak\u00e1r csak n\u00e9h\u00e1ny ilyen PEW (Probabilistic Edge Weight) oper\u00e1tor hozz\u00e1ad\u00e1s\u00e1val dr\u00e1maian feljavulnak a m\u00e1r l\u00e9tez\u0151 modellek predikci\u00f3i, illetve bevezet\u00fcnk n\u00e9h\u00e1ny \u00faj modellt, amelyek pontosan reproduk\u00e1lj\u00e1k az irodalomban fellelhet\u0151 k\u00eds\u00e9rleti eredm\u00e9nyeket &#8211; fogalmazott dr. Deritei D\u00e1vid.<\/p>\n<div class=\"keretes w-100\">\n<p>Probabilistic edge weights fine-tune Boolean network dynamics<br \/>\nD\u00e1vid Deritei (Department of Molecular Biology, Institute of Biochemistry and Molecular Biology, Semmelweis University; Channing Division of Network Medicine, Brigham and Women\u2019s Hospital, Harvard Medical School), Nina Kun\u0161i\u010d (Department of Molecular Biology, Institute of Biochemistry and Molecular Biology, Semmelweis University), P\u00e9ter Csermely (Department of Molecular Biology, Institute of Biochemistry and Molecular Biology, Semmelweis University)<br \/>\nPLoS Comput Biol 18(10): e1010536. <br \/>\n<a href=\"https:\/\/doi.org\/10.1371\/journal.pcbi.1010536\" target=\"_blank\" rel=\"noopener\">https:\/\/doi.org\/10.1371\/journal.pcbi.1010536<\/a><\/p>\n<\/div>\n<h5>A kardi\u00e1lis reszinkroniz\u00e1ci\u00f3s ter\u00e1pia hat\u00e1sai id\u0151skorban<\/h5>\n<p><a href=\"https:\/\/semmelweis.hu\/hirek\/files\/2023\/04\/Figure-1.jpg\"><img loading=\"lazy\" decoding=\"async\" class=\"alignleft size-medium wp-image-127045\" src=\"https:\/\/semmelweis.hu\/hirek\/files\/2023\/04\/Figure-1-400x240.jpg\" alt=\"\" width=\"400\" height=\"240\" srcset=\"https:\/\/semmelweis.hu\/hirek\/files\/2023\/04\/Figure-1-400x240.jpg 400w, https:\/\/semmelweis.hu\/hirek\/files\/2023\/04\/Figure-1.jpg 646w\" sizes=\"auto, (max-width: 400px) 100vw, 400px\" \/><\/a>Id\u0151skorban a sz\u00edvel\u00e9gtelens\u00e9g a hal\u00e1loz\u00e1s \u00e9s hospitaliz\u00e1ci\u00f3 egyik vezet\u0151 oka. Ennek ellen\u00e9re kev\u00e9s adat \u00e1ll rendelkez\u00e9sre a nemzetk\u00f6zi irodalomban az id\u0151s betegek v\u00e1laszk\u00e9szs\u00e9g\u00e9t illet\u0151en a sz\u00edvel\u00e9gtelens\u00e9g eszk\u00f6z\u00f6s ter\u00e1pi\u00e1j\u00e1ra, a kardi\u00e1lis reszinkroniz\u00e1ci\u00f3s ter\u00e1pi\u00e1ra (CRT). Jelen vizsg\u00e1latunkban 2656 CRT implant\u00e1ci\u00f3n \u00e1tesett betegn\u00e9l vizsg\u00e1ltuk \u00e9letkoruk szerint a CRT hat\u00e1soss\u00e1g\u00e1t, a hossz\u00fa t\u00e1v\u00fa kimenetelt, \u00e9s a beavatkoz\u00e1ssal kapcsolatos komplik\u00e1ci\u00f3kat.<br \/>\nAz implant\u00e1ci\u00f3t k\u00f6vet\u0151en a bal kamra pumpafunkci\u00f3ja szignifik\u00e1ns m\u00e9rt\u00e9kben javult a teljes betegcsoportban, amely hasonl\u00f3 m\u00e9rt\u00e9k\u0171 volt egyes \u00e9letkor szerinti alcsoportokban, azaz az id\u0151sebb betegek pozit\u00edv v\u00e1laszk\u00e9szs\u00e9ge nem maradt el a fiatalabbakhoz k\u00e9pest. A 4,1 \u00e9ves \u00e1tlagos ut\u00e1nk\u00f6vet\u00e9si id\u0151 alatt az id\u0151sebb betegek mortalit\u00e1sa magasabbnak ad\u00f3dott, mint fiatalabb t\u00e1rsaik\u00e9, melynek h\u00e1tter\u00e9ben azonban a t\u00e1rsbetegs\u00e9gek magasabb incidenci\u00e1ja \u00e1llt. A kumulat\u00edv komplik\u00e1ci\u00f3k ar\u00e1nya nem volt magasabb az id\u0151sebb korcsoportban.<\/p>\n<p>Jelen kutat\u00e1si eredm\u00e9nyeink j\u00f3l demonstr\u00e1lj\u00e1k, hogy a CRT ugyanolyan m\u00e9rt\u00e9kben hat\u00e9kony \u00e9s biztons\u00e1gos ter\u00e1pia id\u0151sekben, mint a fiatalabb betegekben. Ezen adatok alapj\u00e1n elmondhat\u00f3, hogy a megfelel\u0151 indik\u00e1ci\u00f3val rendelkez\u0151 betegek sz\u00e1m\u00e1ra \u00e9letkort\u00f3l f\u00fcggetlen\u00fcl kedvez\u0151 hat\u00e1s\u00fa a CRT implant\u00e1ci\u00f3 &#8211; \u00edrta \u00f6sszefoglal\u00f3j\u00e1ban dr. Behon Anett.<\/p>\n<div class=\"keretes w-100\">\n<p>Long-term outcome of cardiac resynchronization therapy patients in the elderly<br \/>\nAnett Behon (Heart and Vascular Center, Semmelweis University), Eperke D\u00f3ra Merkel (Heart and Vascular Center, Semmelweis University), Walter Richard Schwertner (Heart and Vascular Center, Semmelweis University), Luca Katalin Kuthi (Heart and Vascular Center, Semmelweis University), Bogl\u00e1rka Veres (Heart and Vascular Center, Semmelweis University), Richard Masszi (Heart and Vascular Center, Semmelweis University), Attila Kov\u00e1cs (Heart and Vascular Center, Semmelweis University), B\u00e1lint K\u00e1roly Lakatos (Heart and Vascular Center, Semmelweis University), Endre Zima (Heart and Vascular Center, Semmelweis University), L\u00e1szl\u00f3 Gell\u00e9r (Heart and Vascular Center, Semmelweis University), Annam\u00e1ria Kosztin (Heart and Vascular Center, Semmelweis University), B\u00e9la Merkely (Heart and Vascular Center, Semmelweis University)<br \/>\nGeroScience (2023)<br \/>\n<a href=\"https:\/\/doi.org\/10.1007\/s11357-023-00739-z\" target=\"_blank\" rel=\"noopener\">https:\/\/doi.org\/10.1007\/s11357-023-00739-z<\/a><\/p>\n<\/div>\n<h5>Alv\u00e1s \u00e9s \u00e1lmod\u00e1s a reakt\u00edv \u00e9s a predikt\u00edv homeoszt\u00e1zis t\u00fckr\u00e9ben<\/h5>\n<p><a href=\"https:\/\/semmelweis.hu\/hirek\/files\/2023\/04\/1-s2.0-S0149763423000738-gr2.jpg\"><img loading=\"lazy\" decoding=\"async\" class=\"alignleft size-medium wp-image-127046\" src=\"https:\/\/semmelweis.hu\/hirek\/files\/2023\/04\/1-s2.0-S0149763423000738-gr2-400x343.jpg\" alt=\"\" width=\"400\" height=\"343\" srcset=\"https:\/\/semmelweis.hu\/hirek\/files\/2023\/04\/1-s2.0-S0149763423000738-gr2-400x343.jpg 400w, https:\/\/semmelweis.hu\/hirek\/files\/2023\/04\/1-s2.0-S0149763423000738-gr2-768x658.jpg 768w, https:\/\/semmelweis.hu\/hirek\/files\/2023\/04\/1-s2.0-S0149763423000738-gr2-753x645.jpg 753w, https:\/\/semmelweis.hu\/hirek\/files\/2023\/04\/1-s2.0-S0149763423000738-gr2.jpg 791w\" sizes=\"auto, (max-width: 400px) 100vw, 400px\" \/><\/a>Az alv\u00e1s homeosztatikus \u2013 a szervezet bels\u0151 egyens\u00faly\u00e1t fenntart\u00f3 \u2013 funkci\u00f3it sz\u00e1mos kor\u00e1bbi kutat\u00e1s igazolta, ez\u00e9rt ma m\u00e1r szinte evidenci\u00e1nak tekinthet\u0151, hogy az alv\u00e1s elengedhetetlen szerepet j\u00e1tszik az \u00e9brenl\u00e9t sor\u00e1n &#8222;elhaszn\u00e1l\u00f3dott&#8221; testi-lelki m\u0171k\u00f6d\u00e9sm\u00f3dok helyre\u00e1ll\u00edt\u00e1s\u00e1ban. \u00c9rvel\u00e9s\u00fcnk szerint ezek a folyamatok az alv\u00e1s \u00fagynevezett reakt\u00edv homeosztatikus funkci\u00f3i k\u00f6z\u00e9 tartoznak, melyek l\u00e9nyege az egyens\u00falyi \u00e1llapot felborul\u00e1s\u00e1t k\u00f6vet\u0151 helyre\u00e1ll\u00edt\u00e1s, kiigaz\u00edt\u00e1s az alv\u00e1s r\u00e9v\u00e9n illetve annak folyam\u00e1n. T\u00f6bbek k\u00f6z\u00f6tt az ideg- \u00e9s az immunrendszer stabilit\u00e1s\u00e1t \u00e9s optim\u00e1lis m\u0171k\u00f6dtet\u00e9s\u00e9t szolg\u00e1l\u00f3 mechanizmusoknak az alv\u00e1s els\u0151 p\u00e1r \u00f3r\u00e1j\u00e1ban val\u00f3 helyre\u00e1ll\u00edt\u00e1s\u00e1r\u00f3l van sz\u00f3, mik\u00f6zben viszonylag sok id\u0151t t\u00f6lt\u00fcnk m\u00e9ly alv\u00e1sban \u00e9s az \u00e1lmaink is gyakrabban kapcsol\u00f3dnak a (k\u00f6zel)m\u00falt eml\u00e9keihez. Az alv\u00e1s m\u00e1sodik fel\u00e9r\u0151l, amit z\u00f6m\u00e9ben REM f\u00e1zisban \u00e9s sek\u00e9lyes NREM alv\u00e1sban t\u00f6lt\u00fcnk, m\u00e1r j\u00f3val kevesebb inform\u00e1ci\u00f3val rendelkez\u00fcnk.<\/p>\n<p>Felvet\u00e9s\u00fcnk szerint a hajnali alv\u00e1s szerepe a j\u00f6v\u0151re val\u00f3 felk\u00e9sz\u00fcl\u00e9st szolg\u00e1l\u00f3, \u00fagynevezett predikt\u00edv homeosztatikus folyamatokkal ragadhat\u00f3 meg, melynek l\u00e9nyege a v\u00e1rhat\u00f3 k\u00f6rnyezeti v\u00e1ltoz\u00e1sokhoz val\u00f3 alkalmazkod\u00e1s el\u0151rel\u00e1t\u00f3 jelleggel val\u00f3 inicializ\u00e1ci\u00f3ja. \u00dagy v\u00e9lj\u00fck, hogy a j\u00f6v\u0151re, azaz az alv\u00e1s ut\u00e1ni \u00e9brenl\u00e9tre val\u00f3 felk\u00e9sz\u00fcl\u00e9s az alv\u00e1s m\u00e1sik kit\u00fcntetett funkci\u00f3ja. Az \u00e1lmod\u00e1s, ami ekkor m\u00e1r gyakrabban kapcsolja egybe a r\u00e9gm\u00falt, a k\u00f6zelm\u00falt \u00e9s a v\u00e1rhat\u00f3 j\u00f6v\u0151 egyes elemeit, ennek a &#8222;j\u00f6v\u0151szimul\u00e1ci\u00f3s&#8221; folyamatnak a ment\u00e1lis megnyilv\u00e1nul\u00e1sa Am\u00edg az \u00e9jszakai \u00e1lmok viszonylag laz\u00e1n, a val\u00f3s\u00e1g korl\u00e1tait\u00f3l kev\u00e9ss\u00e9 szab\u00e1lyozva bontakoznak ki, addig az \u00e9bred\u00e9s sor\u00e1n aktiv\u00e1l\u00f3d\u00f3 konkr\u00e9t, j\u00f3l k\u00f6r\u00fclhat\u00e1rolhat\u00f3 c\u00e9lok k\u00e9pzetei hat\u00e9konyan g\u00e1tolj\u00e1k \u00e9s t\u00f6rlik ki ezeket az \u00e1lomeml\u00e9keket. M\u00e1s sz\u00f3val, az \u00e1lmainkat az\u00e9rt is felejtj\u00fck el, hogy reggel min\u00e9l k\u00f6nnyebben eml\u00e9kezhess\u00fcnk a j\u00f6v\u0151re &#8211; fogalmazott dr. B\u00f3dizs R\u00f3bert.<\/p>\n<div class=\"keretes w-100\">\n<p>Sleep and dreaming in the light of reactive and predictive homeostasis<br \/>\nP\u00e9ter Simor (Institute of Psychology, ELTE, E\u00f6tv\u00f6s Lor\u00e1nd University; UR2NF, Neuropsychology and Functional Neuroimaging Research Unit at CRCN &#8211; Center for Research in Cognition and Neurosciences and UNI &#8211; ULB Neurosciences Institute, Universit\u00e9 Libre de Bruxelles (ULB)), Philippe Peigneux (UR2NF, Neuropsychology and Functional Neuroimaging Research Unit at CRCN &#8211; Center for Research in Cognition and Neurosciences and UNI &#8211; ULB Neurosciences Institute, Universit\u00e9 Libre de Bruxelles (ULB)), R\u00f3bert B\u00f3dizs (Institute of Behavioural Sciences, Semmelweis University)<br \/>\nNeuroscience &amp; Biobehavioral Reviews, Volume 147, April 2023, 105104<br \/>\n<a href=\"https:\/\/doi.org\/10.1016\/j.neubiorev.2023.105104\" target=\"_blank\" rel=\"noopener\">https:\/\/doi.org\/10.1016\/j.neubiorev.2023.105104<\/a><\/p>\n<\/div>\n<h5>Digit\u00e1lis ter\u00e1piatervez\u00e9s a gyermekonkol\u00f3giai gyakorlatban<\/h5>\n<p><a href=\"https:\/\/semmelweis.hu\/hirek\/files\/2023\/04\/Kep1.jpg\"><img loading=\"lazy\" decoding=\"async\" class=\"alignleft size-medium wp-image-127047\" src=\"https:\/\/semmelweis.hu\/hirek\/files\/2023\/04\/Kep1-400x209.jpg\" alt=\"\" width=\"400\" height=\"209\" srcset=\"https:\/\/semmelweis.hu\/hirek\/files\/2023\/04\/Kep1-400x209.jpg 400w, https:\/\/semmelweis.hu\/hirek\/files\/2023\/04\/Kep1-768x401.jpg 768w, https:\/\/semmelweis.hu\/hirek\/files\/2023\/04\/Kep1-753x393.jpg 753w, https:\/\/semmelweis.hu\/hirek\/files\/2023\/04\/Kep1.jpg 866w\" sizes=\"auto, (max-width: 400px) 100vw, 400px\" \/><\/a>A digit\u00e1lis ter\u00e1piatervez\u00e9s (digital drug assignment, DDA) lehet\u0151v\u00e9 teszi a prec\u00edzi\u00f3s onkol\u00f3giai kezel\u00e9si lehet\u0151s\u00e9gek prioriz\u00e1l\u00e1s\u00e1t az\u00e1ltal, hogy a hat\u00f3anyagok \u00e9s a molekul\u00e1ris profil elemei k\u00f6z\u00f6tti tudom\u00e1nyos \u00f6sszef\u00fcgg\u00e9seket sz\u00e1m\u00e9rt\u00e9kekben aggreg\u00e1lja, amely sz\u00e1m\u00e9rt\u00e9k kor\u00e1bbi vizsg\u00e1latok szerint \u00f6sszef\u00fcgg a kezel\u00e9s kimenetel\u00e9vel feln\u0151tt kohorszban. Munk\u00e1nk sor\u00e1n a DDA gyermekonkol\u00f3giai hasznoss\u00e1g\u00e1t \u00e9rt\u00e9kelt\u00fck molekul\u00e1ris tumor board (MTB) d\u00f6nt\u00e9sek alapj\u00e1n.<\/p>\n<p>A prec\u00edzi\u00f3s onkol\u00f3giai programban t\u00f6bb k\u00f6zpontb\u00f3l 100 daganatos gyermeknek ny\u00fajtottunk ter\u00e1pi\u00e1s d\u00f6nt\u00e9st\u00e1mogat\u00e1st nagyr\u00e9szt teljes exom szekven\u00e1l\u00e1s alapj\u00e1n digit\u00e1lis m\u00f3dszerrel. Eredm\u00e9nyeink szerint a szoftver magas sz\u00e1zal\u00e9kban azonos\u00edtott kezel\u00e9si lehet\u0151s\u00e9get, \u00e9s ezek nagy r\u00e9sz\u00e9t a MTB is t\u00e1mogatta. A hat\u00f3anyag aggreg\u00e1lt evidenciaszintje \u00f6sszef\u00fcgg\u00f6tt a MTB d\u00f6nt\u00e9s\u00e9vel. Vizsg\u00e1ltuk a kisebb panelek informativit\u00e1s\u00e1t is a ter\u00e1piatervez\u00e9sre n\u00e9zve. M\u00f3dszer\u00fcnk \u00edg\u00e9retes megk\u00f6zel\u00edt\u00e9st jelent a molekul\u00e1ris profilok rutinszer\u0171 \u00e9rtelmez\u00e9s\u00e9vel kapcsolatos kih\u00edv\u00e1sok lek\u00fczd\u00e9s\u00e9re gyermekkori daganatok eset\u00e9ben is &#8211; \u00edrta \u00f6sszefoglal\u00f3j\u00e1ban dr. Garami Mikl\u00f3s.<\/p>\n<div class=\"keretes w-100\">\n<p>Real-world performance analysis of a novel computational method in the precision oncology of pediatric tumors<br \/>\nBarbara Vodicska (Oncompass Medicine Hungary Kft), J\u00falia D\u00e9ri (Oncompass Medicine Hungary Kft), D\u00f3ra Tihanyi (Oncompass Medicine Hungary Kft), Edit V\u00e1rkondi (Oncompass Medicine Hungary Kft), Enik\u0151 Kisp\u00e9ter (Oncompass Medicine Hungary Kft), R\u00f3bert D\u00f3czi (Oncompass Medicine Hungary Kft), D\u00f3ra Lakatos (Oncompass Medicine Hungary Kft), Anna Dirner (Oncompass Medicine Hungary Kft), M\u00e1ty\u00e1s Vidermann (Oncompass Medicine Hungary Kft), P\u00e9ter Filot\u00e1s (Oncompass Medicine Hungary Kft), R\u00e9ka Szalkai-D\u00e9nes (Oncompass Medicine Hungary Kft), Istv\u00e1n Szegedi (Division of Pediatric Hematology-Oncology, Department of Pediatrics, Faculty of Medicine, University of Debrecen), Katalin Bartyik (Department of Pediatrics, Albert Szent-Gy\u00f6rgyi Medical School, University of Szeged), Krisztina M\u00edta G\u00e1bor (Department of Pediatrics, Albert Szent-Gy\u00f6rgyi Medical School, University of Szeged), R\u00e9ka Simon (Onco-Hematology Department, Velkey L\u00e1szl\u00f3 Paediatric Health Centre), P\u00e9ter Hauser (Department of Paediatrics, Semmelweis University), Gy\u00f6rgy P\u00e9ter (Onco-Hematology Department, Heim P\u00e1l Children\u2019s Hospital), Csongor Kiss (Division of Pediatric Hematology-Oncology, Department of Pediatrics, Faculty of Medicine, University of Debrecen), Mikl\u00f3s Garami (Department of Paediatrics, Semmelweis University), Istv\u00e1n Pet\u00e1k (Oncompass Medicine Hungary Kft; Department of Pharmacology and Pharmacotherapy, Semmelweis University; Department of Pharmaceutical Sciences, University of Illinois at Chicago; Genomate Health, Cambridge)<br \/>\nWorld Journal of Pediatrics (2023)<br \/>\n<a href=\"https:\/\/doi.org\/10.1007\/s12519-023-00700-2\" target=\"_blank\" rel=\"noopener\">https:\/\/doi.org\/10.1007\/s12519-023-00700-2<\/a><\/p>\n<\/div>\n<p>A r\u00f6vid \u00f6sszefoglal\u00f3kat a tudom\u00e1nyos publik\u00e1ci\u00f3k szerz\u0151i k\u00e9sz\u00edtett\u00e9k.<\/p>\n<p>Szerkesztette: Szab\u00f3 \u00c1d\u00e1m<br \/>\nFot\u00f3: a publik\u00e1ci\u00f3kb\u00f3l sz\u00e1rmaz\u00f3 k\u00e9pek; Kov\u00e1cs Attila &#8211; Semmelweis Egyetem (illusztr\u00e1ci\u00f3)<\/p>\n<h6><strong><span style=\"color: #ff0000;\">*<\/span>MILAB<\/strong><br \/>\n<em>\u00a0\u201eA cikkben \/ publik\u00e1ci\u00f3ban szerepl\u0151 kutat\u00e1st a\u00a0 a Semmelweis Egyetem V\u00e1rosmajori Sz\u00edv- \u00e9s \u00c9rgy\u00f3gy\u00e1szati Klinika\u00a0az Eur\u00f3pai Uni\u00f3 t\u00e1mogat\u00e1s\u00e1val val\u00f3s\u00edtotta meg, az RRF-2.3.1-21-2022-00004 azonos\u00edt\u00f3j\u00fa, Mesters\u00e9ges Intelligencia Nemzeti Laborat\u00f3rium projekt keret\u00e9ben.\u201d<\/em><\/h6>\n","protected":false},"excerpt":{"rendered":"<p>Cikksorozatunkban az egyetemhez k\u00f6thet\u0151 D1 min\u0151s\u00edt\u00e9s\u0171 tudom\u00e1nyos k\u00f6zlem\u00e9nyekr\u0151l olvashat\u00f3 r\u00f6vid \u00f6sszefoglal\u00f3.<\/p>\n","protected":false},"author":101751,"featured_media":102156,"comment_status":"closed","ping_status":"closed","sticky":false,"template":"","format":"standard","meta":{"_acf_changed":false,"footnotes":""},"categories":[161,168],"tags":[4276],"class_list":["post-127041","post","type-post","status-publish","format-standard","has-post-thumbnail","hentry","category-tudomany","category-kiemelt","tag-tudomanyos-hirado"],"acf":[],"_links":{"self":[{"href":"https:\/\/semmelweis.hu\/hirek\/wp-json\/wp\/v2\/posts\/127041","targetHints":{"allow":["GET"]}}],"collection":[{"href":"https:\/\/semmelweis.hu\/hirek\/wp-json\/wp\/v2\/posts"}],"about":[{"href":"https:\/\/semmelweis.hu\/hirek\/wp-json\/wp\/v2\/types\/post"}],"author":[{"embeddable":true,"href":"https:\/\/semmelweis.hu\/hirek\/wp-json\/wp\/v2\/users\/101751"}],"replies":[{"embeddable":true,"href":"https:\/\/semmelweis.hu\/hirek\/wp-json\/wp\/v2\/comments?post=127041"}],"version-history":[{"count":11,"href":"https:\/\/semmelweis.hu\/hirek\/wp-json\/wp\/v2\/posts\/127041\/revisions"}],"predecessor-version":[{"id":134388,"href":"https:\/\/semmelweis.hu\/hirek\/wp-json\/wp\/v2\/posts\/127041\/revisions\/134388"}],"wp:featuredmedia":[{"embeddable":true,"href":"https:\/\/semmelweis.hu\/hirek\/wp-json\/wp\/v2\/media\/102156"}],"wp:attachment":[{"href":"https:\/\/semmelweis.hu\/hirek\/wp-json\/wp\/v2\/media?parent=127041"}],"wp:term":[{"taxonomy":"category","embeddable":true,"href":"https:\/\/semmelweis.hu\/hirek\/wp-json\/wp\/v2\/categories?post=127041"},{"taxonomy":"post_tag","embeddable":true,"href":"https:\/\/semmelweis.hu\/hirek\/wp-json\/wp\/v2\/tags?post=127041"}],"curies":[{"name":"wp","href":"https:\/\/api.w.org\/{rel}","templated":true}]}}