{"id":126665,"date":"2023-04-20T14:00:04","date_gmt":"2023-04-20T12:00:04","guid":{"rendered":"https:\/\/semmelweis.hu\/hirek\/?p=126665"},"modified":"2025-06-20T07:37:11","modified_gmt":"2025-06-20T05:37:11","slug":"nemzetkozi-oktatasfejlesztesi-konferenciat-tart-az-egyetem-a-semmelweis-international-40-programsorozat-kereteben","status":"publish","type":"post","link":"https:\/\/semmelweis.hu\/hirek\/2023\/04\/20\/nemzetkozi-oktatasfejlesztesi-konferenciat-tart-az-egyetem-a-semmelweis-international-40-programsorozat-kereteben\/","title":{"rendered":"Nemzetk\u00f6zi oktat\u00e1sfejleszt\u00e9si konferencia a Semmelweis International 40 programsorozat keret\u00e9ben"},"content":{"rendered":"<div class=\"lead\">A Semmelweis Egyetem Oktat\u00e1sfejleszt\u00e9si, -m\u00f3dszertani \u00e9s -szervez\u00e9si K\u00f6zpontja 2023. m\u00e1jus 4-5. k\u00f6z\u00f6tt rendezi meg az egyetem els\u0151 Nemzetk\u00f6zi Oktat\u00e1sfejleszt\u00e9si Konferenci\u00e1j\u00e1t \u201eAz orvos- \u00e9s eg\u00e9szs\u00e9gtudom\u00e1nyi k\u00e9pz\u00e9s trendjei \u00e9s kih\u00edv\u00e1sai\u201d c\u00edmmel az Elm\u00e9leti Orvostudom\u00e1nyi K\u00f6zpontban, de online is k\u00f6vethet\u0151 lesz a rendezv\u00e9ny. A neves hazai \u00e9s nemzetk\u00f6zi el\u0151ad\u00f3kat felvonultat\u00f3 esem\u00e9ny a Semmelweis Egyetem nemzetk\u00f6zi orvosk\u00e9pz\u00e9s\u00e9nek 40. \u00e9vfordul\u00f3ja alkalm\u00e1b\u00f3l megval\u00f3sul\u00f3 jubileumi programsorozat egyik kiemelt rendezv\u00e9nye. Az angol nyelv\u0171 konferencia ingyenes, de regisztr\u00e1ci\u00f3hoz k\u00f6t\u00f6tt.<\/div>\n<p><a href=\"https:\/\/semmelweis.hu\/hirek\/files\/2023\/04\/RS80491_IMG_7276-scr.jpg\"><img loading=\"lazy\" decoding=\"async\" class=\"alignleft wp-image-126667 size-medium\" src=\"https:\/\/semmelweis.hu\/hirek\/files\/2023\/04\/RS80491_IMG_7276-scr-269x400.jpg\" alt=\"\" width=\"269\" height=\"400\" srcset=\"https:\/\/semmelweis.hu\/hirek\/files\/2023\/04\/RS80491_IMG_7276-scr-269x400.jpg 269w, https:\/\/semmelweis.hu\/hirek\/files\/2023\/04\/RS80491_IMG_7276-scr.jpg 504w\" sizes=\"auto, (max-width: 269px) 100vw, 269px\" \/><\/a>A konferencia c\u00e9lja, hogy alkalmat adjon az orvos- \u00e9s eg\u00e9szs\u00e9gtudom\u00e1nyi k\u00e9pz\u00e9st \u00e9rint\u0151 oktat\u00e1sm\u00f3dszertani, oktat\u00e1stechnol\u00f3giai \u00fajdons\u00e1gok bemutat\u00e1s\u00e1ra, az oktat\u00e1sfejleszt\u00e9si tapasztalatok nemzetk\u00f6zi cser\u00e9j\u00e9re, valamint \u00f6szt\u00f6n\u00f6zze \u00e9s el\u0151seg\u00edtse a fels\u0151oktat\u00e1si szektor szerepl\u0151i k\u00f6z\u00f6tti kapcsolat\u00e9p\u00edt\u00e9st \u2013 t\u00e1j\u00e9koztatta honlapunkat dr. Kiss Levente, a Oktat\u00e1sfejleszt\u00e9si, -m\u00f3dszertani \u00e9s -szervez\u00e9si K\u00f6zpont igazgat\u00f3ja. Elmondta, az esem\u00e9nyen poszterek form\u00e1j\u00e1ban is lehet\u0151s\u00e9g ny\u00edlik az innovat\u00edv megold\u00e1sok \u00e9s oktat\u00e1si j\u00f3gyakorlatok k\u00f6zz\u00e9t\u00e9tel\u00e9re. A k\u00e9tnapos hibrid konferencia dr. Alp\u00e1r Al\u00e1n nemzetk\u00f6zi k\u00e9pz\u00e9sek\u00e9rt felel\u0151s rektorhelyettes el\u0151ad\u00e1s\u00e1val indul a nemzetk\u00f6zi orvosk\u00e9pz\u00e9s 40 \u00e9v\u00e9r\u0151l. A rendezv\u00e9nyen mintegy 20 el\u0151ad\u00e1s hangzik el, a t\u00f6bbi k\u00f6z\u00f6tt p\u00e9ld\u00e1ul a szingap\u00fari orvosi kar d\u00e9k\u00e1nhelyettese tart prezent\u00e1ci\u00f3t a hallgat\u00f3i sikeress\u00e9g t\u00e1mogat\u00e1s\u00e1nak fontoss\u00e1g\u00e1r\u00f3l, dr. Hank\u00f3 Bal\u00e1zs fels\u0151oktat\u00e1si \u00e1llamtitk\u00e1r a fels\u0151oktat\u00e1s fejleszt\u00e9si terveir\u0151l, de sz\u00f3 lesz m\u00e9g az aktu\u00e1lis technol\u00f3giai trendekr\u0151l, az oktat\u00f3k k\u00e9pz\u00e9s\u00e9nek rendszerszint\u0171 be\u00e9p\u00edt\u00e9s\u00e9r\u0151l az egyetemi m\u0171k\u00f6d\u00e9sbe, illetve az oktat\u00f3k \u00e9s hallgat\u00f3k \u00e9rt\u00e9kel\u00e9s\u00e9nek szempontrendszereir\u0151l is.<\/p>\n<p>A konferencia alatt sz\u00e1mos, az oktat\u00e1stechnol\u00f3gia \u00e9s oktat\u00e1sfejleszt\u00e9s ter\u00fclet\u00e9n tev\u00e9kenyked\u0151 v\u00e1llalat is bemutatja term\u00e9keit \u00e9s szolg\u00e1ltat\u00e1sait.<\/p>\n<p>A rendezv\u00e9nyre v\u00e1rj\u00e1k az eg\u00e9szs\u00e9g\u00fcgyi oktat\u00e1sban r\u00e9szt vev\u0151 oktat\u00f3kat \u00e9s oktat\u00e1sfejleszt\u00e9ssel foglalkoz\u00f3 szakembereket, a konferencia nyitott a Semmelweis Egyetemen k\u00edv\u00fclr\u0151l \u00e9rkez\u0151 vend\u00e9gek sz\u00e1m\u00e1ra is \u2013 hangs\u00falyozta az igazgat\u00f3. Dr. Kiss Levente \u00fagy v\u00e9li, a konferencia tapasztalatai hozz\u00e1j\u00e1rulhatnak az egyetemen most indul\u00f3 kurrikulumfejleszt\u00e9si programhoz is, ez\u00e9rt minden, oktat\u00e1sfejleszt\u00e9sben \u00e9rintett koll\u00e9ga sz\u00e1m\u00e1ra k\u00fcl\u00f6n\u00f6sen j\u00f3 lehet\u0151s\u00e9gnek tartja a konferenci\u00e1n t\u00f6rt\u00e9n\u0151 r\u00e9szv\u00e9telt.\u00a0<\/p>\n<p>A Nemzetk\u00f6zi Oktat\u00e1sfejleszt\u00e9si Konferencia az RRF-2.1.2-21-2022-00010 A gyakorlati orvosk\u00e9pz\u00e9s fejleszt\u00e9se a Semmelweis Egyetemen c\u00edm\u0171 projekt keret\u00e9ben ker\u00fcl megrendez\u00e9sre.<\/p>\n<p><strong>\u00a0<\/strong><strong>Az ingyenes, angol nyelv\u0171 konferenci\u00e1ra <a href=\"https:\/\/semmelweis.hu\/wp-content\/machform\/view.php?id=426883\">erre a linkre kattintva<\/a> lehet regisztr\u00e1lni<\/strong><\/p>\n<p><a href=\"https:\/\/semmelweis.hu\/hirek\/files\/2023\/04\/RRF-kedvezmenyezetti-infoblokk-keretes-002.jpg\"><img loading=\"lazy\" decoding=\"async\" class=\"size-medium wp-image-126672 alignright\" src=\"https:\/\/semmelweis.hu\/hirek\/files\/2023\/04\/RRF-kedvezmenyezetti-infoblokk-keretes-002-400x121.jpg\" alt=\"\" width=\"400\" height=\"121\" srcset=\"https:\/\/semmelweis.hu\/hirek\/files\/2023\/04\/RRF-kedvezmenyezetti-infoblokk-keretes-002-400x121.jpg 400w, https:\/\/semmelweis.hu\/hirek\/files\/2023\/04\/RRF-kedvezmenyezetti-infoblokk-keretes-002-900x271.jpg 900w, https:\/\/semmelweis.hu\/hirek\/files\/2023\/04\/RRF-kedvezmenyezetti-infoblokk-keretes-002-768x232.jpg 768w, https:\/\/semmelweis.hu\/hirek\/files\/2023\/04\/RRF-kedvezmenyezetti-infoblokk-keretes-002-753x227.jpg 753w, https:\/\/semmelweis.hu\/hirek\/files\/2023\/04\/RRF-kedvezmenyezetti-infoblokk-keretes-002.jpg 1081w\" sizes=\"auto, (max-width: 400px) 100vw, 400px\" \/><\/a>B\u00f3di Bernadett<br \/>\nFot\u00f3, bor\u00edt\u00f3k\u00e9p(illusztr\u00e1ci\u00f3): Kov\u00e1cs Attila &#8211; Semmelweis Egyetem\u00a0<\/p>\n","protected":false},"excerpt":{"rendered":"<p>Az angol nyelv\u0171 konferencia ingyenes, de regisztr\u00e1ci\u00f3hoz k\u00f6t\u00f6tt.<\/p>\n","protected":false},"author":101282,"featured_media":126874,"comment_status":"closed","ping_status":"closed","sticky":false,"template":"","format":"standard","meta":{"_acf_changed":false,"footnotes":""},"categories":[3533,168],"tags":[4306],"class_list":["post-126665","post","type-post","status-publish","format-standard","has-post-thumbnail","hentry","category-hallgatok-oktatas","category-kiemelt","tag-international-40"],"acf":[],"_links":{"self":[{"href":"https:\/\/semmelweis.hu\/hirek\/wp-json\/wp\/v2\/posts\/126665","targetHints":{"allow":["GET"]}}],"collection":[{"href":"https:\/\/semmelweis.hu\/hirek\/wp-json\/wp\/v2\/posts"}],"about":[{"href":"https:\/\/semmelweis.hu\/hirek\/wp-json\/wp\/v2\/types\/post"}],"author":[{"embeddable":true,"href":"https:\/\/semmelweis.hu\/hirek\/wp-json\/wp\/v2\/users\/101282"}],"replies":[{"embeddable":true,"href":"https:\/\/semmelweis.hu\/hirek\/wp-json\/wp\/v2\/comments?post=126665"}],"version-history":[{"count":10,"href":"https:\/\/semmelweis.hu\/hirek\/wp-json\/wp\/v2\/posts\/126665\/revisions"}],"predecessor-version":[{"id":127189,"href":"https:\/\/semmelweis.hu\/hirek\/wp-json\/wp\/v2\/posts\/126665\/revisions\/127189"}],"wp:featuredmedia":[{"embeddable":true,"href":"https:\/\/semmelweis.hu\/hirek\/wp-json\/wp\/v2\/media\/126874"}],"wp:attachment":[{"href":"https:\/\/semmelweis.hu\/hirek\/wp-json\/wp\/v2\/media?parent=126665"}],"wp:term":[{"taxonomy":"category","embeddable":true,"href":"https:\/\/semmelweis.hu\/hirek\/wp-json\/wp\/v2\/categories?post=126665"},{"taxonomy":"post_tag","embeddable":true,"href":"https:\/\/semmelweis.hu\/hirek\/wp-json\/wp\/v2\/tags?post=126665"}],"curies":[{"name":"wp","href":"https:\/\/api.w.org\/{rel}","templated":true}]}}