{"id":126606,"date":"2023-04-19T06:00:47","date_gmt":"2023-04-19T04:00:47","guid":{"rendered":"https:\/\/semmelweis.hu\/hirek\/?p=126606"},"modified":"2024-04-11T08:01:49","modified_gmt":"2024-04-11T06:01:49","slug":"palyazati-forrasok-segitik-uj-phd-kutatasi-temak-elinditasat","status":"publish","type":"post","link":"https:\/\/semmelweis.hu\/hirek\/2023\/04\/19\/palyazati-forrasok-segitik-uj-phd-kutatasi-temak-elinditasat\/","title":{"rendered":"P\u00e1ly\u00e1zati forr\u00e1sok seg\u00edtik \u00faj PhD kutat\u00e1si t\u00e9m\u00e1k elind\u00edt\u00e1s\u00e1t"},"content":{"rendered":"<div class=\"lead\"><strong>2023-ban 13,5 milli\u00e1rd forintos keret\u00f6sszeggel ism\u00e9t meghirdett\u00e9k az Orsz\u00e1gos Tudom\u00e1nyos Kutat\u00e1si Alapprogramok (OTKA) p\u00e1ly\u00e1zat\u00e1t, amely egy\u00e9ni kutat\u00f3k \u00e9s kutat\u00f3csoportok projektjeinek megval\u00f3s\u00edt\u00e1s\u00e1t, kimagasl\u00f3 tudom\u00e1nyos eredm\u00e9nyek el\u00e9r\u00e9s\u00e9t, \u00faj m\u00f3dszerek, elj\u00e1r\u00e1sok kidolgoz\u00e1s\u00e1t seg\u00edti. Az OTKA program \u00e9s a fiatal \u00faj t\u00e9mavezet\u0151knek meghirdetett egyetemi p\u00e1ly\u00e1zati forr\u00e1s egy\u00fcttesen t\u00e1mogatj\u00e1k a Semmelweis Egyetem PhD-k\u00e9pz\u00e9s\u00e9nek dinamikus fejl\u0151d\u00e9s\u00e9t. <\/strong><\/div>\n<p>A 2023-ban is meghirdetett OTKA p\u00e1ly\u00e1zat keret\u00e9ben a \u201ePosztdoktori kiv\u00e1l\u00f3s\u00e1gi program\u201d a tudom\u00e1nyos fokozatukat 5 \u00e9ven bel\u00fcl megszerzett fiatalokat t\u00e1mogatja, m\u00edg a \u201eFiatal kutat\u00f3i kiv\u00e1l\u00f3s\u00e1gi program\u201d a saj\u00e1t, \u00f6n\u00e1ll\u00f3 kutat\u00e1si t\u00e9ma elind\u00edt\u00e1s\u00e1hoz \u00e9s \u00f6n\u00e1ll\u00f3 kutat\u00f3csoport l\u00e9trehoz\u00e1s\u00e1hoz ad seg\u00edts\u00e9get. Tapasztaltabb kutat\u00f3k \u00e9s kutat\u00f3csoportjaik a \u201eKutat\u00f3i t\u00e9map\u00e1ly\u00e1zat\u201d keret\u00e9ben ig\u00e9nyelhetnek t\u00e1mogat\u00e1st.<\/p>\n<p><img loading=\"lazy\" decoding=\"async\" class=\"alignleft size-medium wp-image-126615\" src=\"https:\/\/semmelweis.hu\/hirek\/files\/2023\/04\/RS148107_C19A5108-scr-267x400.jpg\" alt=\"\" width=\"267\" height=\"400\" srcset=\"https:\/\/semmelweis.hu\/hirek\/files\/2023\/04\/RS148107_C19A5108-scr-267x400.jpg 267w, https:\/\/semmelweis.hu\/hirek\/files\/2023\/04\/RS148107_C19A5108-scr-533x800.jpg 533w, https:\/\/semmelweis.hu\/hirek\/files\/2023\/04\/RS148107_C19A5108-scr.jpg 600w\" sizes=\"auto, (max-width: 267px) 100vw, 267px\" \/>\u201eAz elm\u00falt 5 \u00e9vben a Semmelweis Egyetemen dinamikusan b\u0151v\u00fclt a doktori hallgat\u00f3k l\u00e9tsz\u00e1ma. Ahhoz, hogy ez a trend fenntarthat\u00f3 maradjon, a kutat\u00e1si t\u00e1mogat\u00e1soknak \u00e9s a t\u00e9mavezet\u0151k sz\u00e1m\u00e1nak is l\u00e9p\u00e9st kell tartani a fejl\u0151d\u00e9ssel\u201d<\/p>\n<p>\u2013 mondta honlapunknak dr. Beny\u00f3 Zolt\u00e1n, az Egyetemi Doktori Tan\u00e1cs eln\u00f6ke. A t\u00e9mavezet\u0151k l\u00e9tsz\u00e1m\u00e1nak n\u00f6vel\u00e9se \u00e9rdek\u00e9ben m\u00e1rciusban meghirdettek egy <a href=\"https:\/\/nkfih.gov.hu\/palyazoknak\/nkfi-alap\/kutatasi-temapalyazat-k23\/palyazati-felhivas\" target=\"_blank\" rel=\"noopener\">p\u00e1ly\u00e1zatot<\/a> olyan t\u00e9mavezet\u0151k indul\u00e1s\u00e1t t\u00e1mogatva, akik maguk is a k\u00f6zelm\u00faltban, 2018. janu\u00e1r 1. ut\u00e1n szereztek PhD-fokozatot. Ennek keret\u00e9ben posztdoktori illetm\u00e9ny-kieg\u00e9sz\u00edt\u00e9ssel, valamint megemelt kutat\u00e1si t\u00e1mogat\u00e1ssal is seg\u00edtik az \u00faj t\u00e9mavezet\u0151k els\u0151 PhD hallgat\u00f3inak a k\u00e9pz\u00e9s\u00e9t.<\/p>\n<p>Ezzel p\u00e1rhuzamosan<a href=\"https:\/\/nkfih.gov.hu\/palyazoknak\/nkfi-alap\/posztdoktori-kivalosagi-program-pd23\/palyazati-felhivas\" target=\"_blank\" rel=\"noopener\"> hirdette meg az OTKA<\/a> a Posztdoktori kiv\u00e1l\u00f3s\u00e1gi program p\u00e1ly\u00e1zatot a 2018. janu\u00e1r 1. ut\u00e1n PhD-fokozatot szerz\u0151knek, ami maximum 3 \u00e9vig, 30 milli\u00f3 forintos keret\u00f6sszeggel ny\u00fajt posztdoktori \u00f6szt\u00f6nd\u00edjat \u00e9s kutat\u00e1si t\u00e1mogat\u00e1st. Bead\u00e1si hat\u00e1rideje 2023. m\u00e1jus 3-a.<\/p>\n<p>Szint\u00e9n m\u00e1jus 3-ai hat\u00e1rid\u0151vel lehet jelentkezni a Fiatal kutat\u00f3i <a href=\"https:\/\/nkfih.gov.hu\/palyazoknak\/nkfi-alap\/fiatal-kutatoi-kivalosagi-program-fk23\/palyazati-felhivas\" target=\"_blank\" rel=\"noopener\">kiv\u00e1l\u00f3s\u00e1gi programp\u00e1ly\u00e1zatra<\/a>, ami maximum 4 \u00e9vig ny\u00fajt t\u00e1mogat\u00e1st, 44 milli\u00f3 forintos kerettel.\u00a0 Ez a p\u00e1ly\u00e1zat a 2011. janu\u00e1r 1. ut\u00e1n fokozatot szerz\u0151ket c\u00e9lozta meg.<\/p>\n<p>Az ugyancsak m\u00e1rciusban ki\u00edrt <a href=\"https:\/\/nkfih.gov.hu\/palyazoknak\/nkfi-alap\/kutatasi-temapalyazat-k23\/palyazati-felhivas\" target=\"_blank\" rel=\"noopener\">Kutat\u00e1si t\u00e9map\u00e1ly\u00e1zat<\/a> pedig a fokozatszerz\u00e9s idej\u00e9t\u0151l f\u00fcggetlen\u00fcl, maximum 4 \u00e9ven kereszt\u00fcl 48 milli\u00f3 forintos kutat\u00e1si t\u00e1mogat\u00e1st ad szem\u00e9lyi \u00e9s dologi k\u00f6lts\u00e9gekre \u2013 r\u00e9szletezte a p\u00e1ly\u00e1zati lehet\u0151s\u00e9geket dr. Beny\u00f3 Zolt\u00e1n. A posztdoktori p\u00e1ly\u00e1zat domin\u00e1nsan szem\u00e9lyi k\u00f6lts\u00e9gekre ford\u00edthat\u00f3, a Fiatal kutat\u00f3i kiv\u00e1l\u00f3s\u00e1gi program \u00e9s a Kutat\u00e1si t\u00e9map\u00e1ly\u00e1zat nagyobb r\u00e9szben dologi t\u00e1mogat\u00e1s\u00e1ra szolg\u00e1l, de szem\u00e9lyi t\u00e1mogat\u00e1st is tartalmaz.<\/p>\n<p>A t\u00e1mogatott projektek 2024 janu\u00e1r 1-j\u00e9n indulnak, \u00e9s amint azt dr. Beny\u00f3 Zolt\u00e1n kiemelte, hazai finansz\u00edroz\u00e1si p\u00e1ly\u00e1zat l\u00e9v\u00e9n az EU-val fenn\u00e1ll\u00f3 vit\u00e1k nem \u00e9rintik a kifizet\u00e9st, tov\u00e1bb\u00e1 id\u00e9n val\u00f3sz\u00edn\u0171leg nem lesz m\u00e1sik, hasonl\u00f3 nagys\u00e1g\u00fa kutat\u00e1si t\u00e1mogat\u00e1s \u2013 vagyis mint fogalmazott, ez olyan lehet\u0151s\u00e9g, amit c\u00e9lszer\u0171 megragadni. A h\u00e1rom OTKA p\u00e1ly\u00e1zatra, azaz az \u00f6sszes fels\u0151oktat\u00e1si int\u00e9zm\u00e9nyre \u00e9s kutat\u00f3csoportra \u00f6sszesen 13,5 milli\u00e1rd forint \u00e1ll rendelkez\u00e9sre, dr. Beny\u00f3 Zolt\u00e1n becsl\u00e9se szerint a Semmelweis Egyetem ennek a 10 sz\u00e1zal\u00e9k\u00e1t tudja elnyerni. A szint\u00e9n kutat\u00e1si jelleg\u0171 kooperat\u00edv doktori programban ugyanis az \u00f6sszt\u00e1mogat\u00e1s 12 sz\u00e1zal\u00e9ka jutott Semmelweis Egyetem hallgat\u00f3inak, az OTKA p\u00e1ly\u00e1zat azonban sz\u00e9lesebb k\u00f6r sz\u00e1m\u00e1ra \u00e9rhet\u0151 el.<\/p>\n<blockquote>\n<p>Szeretn\u00e9nk, ha a jelenlegi \u00e9s majdani t\u00e9mavezet\u0151ink k\u00f6z\u00fcl min\u00e9l t\u00f6bben p\u00e1ly\u00e1zn\u00e1nak<\/p>\n<\/blockquote>\n<p>\u2013 magyar\u00e1zta, hozz\u00e1t\u00e9ve, hogy az egyetemen foly\u00f3 kutat\u00e1sok nagyon k\u00f6lts\u00e9gesek, fontos a kell\u0151 finansz\u00edroz\u00e1s, mert megfelel\u0151 dologi k\u00f6lts\u00e9gkeret n\u00e9lk\u00fcl a t\u00e9mavezet\u0151k nem tudnak PhD-hallgat\u00f3t fogadni. Kezd\u0151, kutat\u00e1si infrastrukt\u00far\u00e1val nem rendelkez\u0151 t\u00e9mavezet\u0151k sz\u00e1m\u00e1ra kiemelten jelent\u0151s ez a p\u00e1ly\u00e1zat, de m\u00e9g szenior t\u00e9mavezet\u0151k sz\u00e1m\u00e1ra is sz\u00fcks\u00e9ges az OTKA t\u00e1mogat\u00e1s a PhD-kutat\u00e1sok finansz\u00edroz\u00e1s\u00e1hoz, noha a maximum egymilli\u00f3s havi \u00f6sszeg a magas dologi k\u00f6lts\u00e9ggel j\u00e1r\u00f3 kutat\u00e1soknak csak a t\u00f6red\u00e9k\u00e9t fedezi \u2013 magyar\u00e1zta az Egyetemi Doktori Tan\u00e1cs eln\u00f6ke. Magyarorsz\u00e1gon \u00e1ltal\u00e1nos jelens\u00e9g, hogy egy nagyobb munkacsoport fennmarad\u00e1s\u00e1hoz 3-4 kutat\u00e1si p\u00e1ly\u00e1zatra is sz\u00fcks\u00e9g van \u2013 tette hozz\u00e1 dr. Beny\u00f3 Zolt\u00e1n, megeml\u00edtve az egy\u00e9b forr\u00e1sok k\u00f6z\u00f6tt az egyetem STIA- p\u00e1ly\u00e1zat\u00e1t (Semmelweis Tudom\u00e1nyos Innov\u00e1ci\u00f3s Alap), amelynek a tavalyi t\u00e1mogatottjait a k\u00f6zelm\u00faltban hirdett\u00e9k ki.<\/p>\n<p><img loading=\"lazy\" decoding=\"async\" class=\"aligncenter size-full wp-image-126610\" src=\"https:\/\/semmelweis.hu\/hirek\/files\/2023\/04\/RS148061_C19A4802-scr.jpg\" alt=\"\" width=\"1200\" height=\"800\" srcset=\"https:\/\/semmelweis.hu\/hirek\/files\/2023\/04\/RS148061_C19A4802-scr.jpg 1200w, https:\/\/semmelweis.hu\/hirek\/files\/2023\/04\/RS148061_C19A4802-scr-400x267.jpg 400w, https:\/\/semmelweis.hu\/hirek\/files\/2023\/04\/RS148061_C19A4802-scr-900x600.jpg 900w, https:\/\/semmelweis.hu\/hirek\/files\/2023\/04\/RS148061_C19A4802-scr-768x512.jpg 768w, https:\/\/semmelweis.hu\/hirek\/files\/2023\/04\/RS148061_C19A4802-scr-753x502.jpg 753w, https:\/\/semmelweis.hu\/hirek\/files\/2023\/04\/RS148061_C19A4802-scr-203x135.jpg 203w\" sizes=\"auto, (max-width: 1200px) 100vw, 1200px\" \/>A most meghirdetett p\u00e1ly\u00e1zatokban \u00faj kutat\u00e1si t\u00e9m\u00e1t kell felv\u00e1zolni, ami lehet egy r\u00e9gebbi projekt folytat\u00e1sa is, de p\u00e1rhuzamos t\u00e1mogat\u00e1s nem vehet\u0151 fel egy t\u00e9m\u00e1ra \u2013 mondta dr. Beny\u00f3 Zolt\u00e1n. A stabil kutat\u00e1si felt\u00e9telek, a finansz\u00edroz\u00e1s \u00e9s a kell\u0151 sz\u00e1m\u00fa t\u00e9mavezet\u0151 a PhD-k\u00e9pz\u00e9s siker\u00e9t is befoly\u00e1solja \u2013 fejtette ki. Mint elmondta, t\u00e9mavezet\u0151v\u00e9 azok a volt PhD-hallgat\u00f3k v\u00e1lhatnak, akik kiv\u00e1l\u00f3 eredm\u00e9nnyel szereztek fokozatot az elm\u00falt 1-2 \u00e9vben, azaz t\u00f6bbsz\u00f6r\u00f6sen t\u00falteljes\u00edtett\u00e9k a fokozatszerz\u00e9si felt\u00e9teleket, \u00e1ltal\u00e1noss\u00e1gban pedig azok, akik az elm\u00falt 5 \u00e9v sor\u00e1n k\u00e9tszeresen teljes\u00edtett\u00e9k a PhD-fokozatszerz\u00e9shez sz\u00fcks\u00e9ges k\u00f6vetelm\u00e9nyeket. Az egyetemen meghirdetett kutat\u00e1si p\u00e1ly\u00e1zat kifejezetten \u00faj t\u00e9mavezet\u0151knek sz\u00f3l, s b\u00e1r az OTKA-p\u00e1ly\u00e1zatn\u00e1l elm\u00e9letileg nem felt\u00e9tel a t\u00e9mavezet\u0151s\u00e9g, val\u00f3j\u00e1ban azonban PhD-hallgat\u00f3 n\u00e9lk\u00fcl nehezen lehet v\u00e9ghez vinni egy kutat\u00e1si projektet \u2013 hangs\u00falyozta dr. Beny\u00f3 Zolt\u00e1n, megjegyezve, hogy ez az oka annak, hogy m\u00e9g a posztdoktori p\u00e1ly\u00e1z\u00f3k t\u00f6bbs\u00e9ge is t\u00e9mavezet\u0151, vagy szeretne az lenni.<\/p>\n<p>Szepesi Anita<br \/>\nFot\u00f3: Kov\u00e1cs Attila &#8211; Semmelweis Egyetem<\/p>\n<p>&nbsp;<\/p>\n<p>&nbsp;<\/p>\n","protected":false},"excerpt":{"rendered":"<p>A most meghirdetett p\u00e1ly\u00e1zatokban \u00faj kutat\u00e1si t\u00e9m\u00e1t kell felv\u00e1zolni.<\/p>\n","protected":false},"author":102067,"featured_media":126610,"comment_status":"closed","ping_status":"closed","sticky":false,"template":"","format":"standard","meta":{"_acf_changed":false,"footnotes":""},"categories":[150,168],"tags":[190],"class_list":["post-126606","post","type-post","status-publish","format-standard","has-post-thumbnail","hentry","category-palyazatok","category-kiemelt","tag-doktori-iskola"],"acf":[],"_links":{"self":[{"href":"https:\/\/semmelweis.hu\/hirek\/wp-json\/wp\/v2\/posts\/126606","targetHints":{"allow":["GET"]}}],"collection":[{"href":"https:\/\/semmelweis.hu\/hirek\/wp-json\/wp\/v2\/posts"}],"about":[{"href":"https:\/\/semmelweis.hu\/hirek\/wp-json\/wp\/v2\/types\/post"}],"author":[{"embeddable":true,"href":"https:\/\/semmelweis.hu\/hirek\/wp-json\/wp\/v2\/users\/102067"}],"replies":[{"embeddable":true,"href":"https:\/\/semmelweis.hu\/hirek\/wp-json\/wp\/v2\/comments?post=126606"}],"version-history":[{"count":9,"href":"https:\/\/semmelweis.hu\/hirek\/wp-json\/wp\/v2\/posts\/126606\/revisions"}],"predecessor-version":[{"id":138761,"href":"https:\/\/semmelweis.hu\/hirek\/wp-json\/wp\/v2\/posts\/126606\/revisions\/138761"}],"wp:featuredmedia":[{"embeddable":true,"href":"https:\/\/semmelweis.hu\/hirek\/wp-json\/wp\/v2\/media\/126610"}],"wp:attachment":[{"href":"https:\/\/semmelweis.hu\/hirek\/wp-json\/wp\/v2\/media?parent=126606"}],"wp:term":[{"taxonomy":"category","embeddable":true,"href":"https:\/\/semmelweis.hu\/hirek\/wp-json\/wp\/v2\/categories?post=126606"},{"taxonomy":"post_tag","embeddable":true,"href":"https:\/\/semmelweis.hu\/hirek\/wp-json\/wp\/v2\/tags?post=126606"}],"curies":[{"name":"wp","href":"https:\/\/api.w.org\/{rel}","templated":true}]}}