{"id":126103,"date":"2023-03-28T12:26:37","date_gmt":"2023-03-28T10:26:37","guid":{"rendered":"https:\/\/semmelweis.hu\/hirek\/?p=126103"},"modified":"2026-03-24T08:33:03","modified_gmt":"2026-03-24T07:33:03","slug":"elhunyt-dr-fedina-laszlo","status":"publish","type":"post","link":"https:\/\/semmelweis.hu\/hirek\/2023\/03\/28\/elhunyt-dr-fedina-laszlo\/","title":{"rendered":"Elhunyt dr. Fedina L\u00e1szl\u00f3"},"content":{"rendered":"<div class=\"lead\">\u00c9let\u00e9nek 90. \u00e9v\u00e9ben elhunyt dr. Fedina L\u00e1szl\u00f3, a Klinikai K\u00eds\u00e9rleti Kutat\u00f3 Int\u00e9zet volt munkat\u00e1rsa, az egykori Informatikai Csoport nyugalmazott vezet\u0151je.<\/div>\n<h5>Nekrol\u00f3g<\/h5>\n<p><a href=\"https:\/\/semmelweis.hu\/hirek\/files\/2023\/03\/Fedina.jpg\"><img loading=\"lazy\" decoding=\"async\" class=\"alignleft size-medium wp-image-126108\" src=\"https:\/\/semmelweis.hu\/hirek\/files\/2023\/03\/Fedina-400x273.jpg\" alt=\"\" width=\"400\" height=\"273\" srcset=\"https:\/\/semmelweis.hu\/hirek\/files\/2023\/03\/Fedina-400x273.jpg 400w, https:\/\/semmelweis.hu\/hirek\/files\/2023\/03\/Fedina-900x615.jpg 900w, https:\/\/semmelweis.hu\/hirek\/files\/2023\/03\/Fedina-768x525.jpg 768w, https:\/\/semmelweis.hu\/hirek\/files\/2023\/03\/Fedina-175x120.jpg 175w, https:\/\/semmelweis.hu\/hirek\/files\/2023\/03\/Fedina-753x514.jpg 753w, https:\/\/semmelweis.hu\/hirek\/files\/2023\/03\/Fedina.jpg 1000w\" sizes=\"auto, (max-width: 400px) 100vw, 400px\" \/><\/a>2022. december 22-\u00e9n t\u00fcrelemmel \u00e9s m\u00e9lt\u00f3s\u00e1ggal viselt, hossz\u00fa betegs\u00e9g ut\u00e1n elhunyt kedves koll\u00e9g\u00e1nk, dr. Fedina L\u00e1szl\u00f3. Szeksz\u00e1rdon sz\u00fcletett 1933. j\u00fanius 23-\u00e1n, orvosi diplom\u00e1j\u00e1t 1958-ban szerezte \u201esumma cum laude\u201d min\u0151s\u00edt\u00e9ssel az akkori Budapesti Orvostudom\u00e1nyi Egyetemen. Alap\u00edt\u00f3 tagja volt a BOTE Klinikai K\u00eds\u00e9rleti Kutat\u00f3 Laborat\u00f3rium\u00e1nak, k\u00e9s\u0151bbi Hum\u00e1n \u00c9lettani Int\u00e9zet\u00e9nek. 1959 \u00e9s 1973 k\u00f6z\u00f6tt t\u00f6bb alkalommal volt tanulm\u00e1ny\u00faton Heidelbergben, Moszkv\u00e1ban \u00e9s Jerev\u00e1nban, 1966-67-ben egy \u00e9vet, majd 1970-71-ben 6 h\u00f3napot t\u00f6lt\u00f6tt G\u00f6teborgban vend\u00e9gkutat\u00f3k\u00e9nt \u00e9s tapasztalatai alapj\u00e1n, neh\u00e9z k\u00f6r\u00fclm\u00e9nyek ellen\u00e9re, siker\u00fclt korszer\u0171 elektrofiziologiai laborat\u00f3riumot ki\u00e9p\u00edtenie a K\u00eds\u00e9rleti Kutat\u00f3ban. Tizenhat \u00e9ven \u00e1t (1958-1974) v\u00e9gzett nemzetk\u00f6zileg elismert \u00e9lettani, elektrofiziologiai kutat\u00e1sokat. 1969-ben elnyerte az orvostudom\u00e1nyok kandid\u00e1tusa c\u00edmet. Eredm\u00e9nyess\u00e9g\u00e9ben nagy szerepe volt kiv\u00e1l\u00f3 m\u0171szaki \u00e9rz\u00e9k\u00e9nek, maga is tervezett \u00e9s k\u00e9sz\u00edtett a kutat\u00e1sban \u00e9s oktat\u00e1sban haszn\u00e1latos m\u0171szereket. Magyarorsz\u00e1gon az els\u0151k k\u00f6z\u00f6tt ismerte fel a sz\u00e1m\u00edt\u00e1stechnik\u00e1ban rejl\u0151 lehet\u0151s\u00e9geket az \u00e9lettudom\u00e1nyi kutat\u00e1sokban. 1974-ben a SOTE Sz\u00e1m\u00edt\u00e1stechnikai Csoportj\u00e1nak (a k\u00e9s\u0151bbi Informatikai Igazgat\u00f3s\u00e1gnak) vezet\u0151j\u00e9v\u00e9 nevezt\u00e9k ki, majd 1981-ben megh\u00edv\u00e1sra az Orsz\u00e1gos Idegseb\u00e9szeti Tudom\u00e1nyos Int\u00e9zet \u00c9lettani Oszt\u00e1ly\u00e1nak oszt\u00e1lyvezet\u0151 f\u0151orvosa lett. Tudom\u00e1nyos kapcsolatai a Semmelweis Egyetem t\u00f6bb kutat\u00f3csoportj\u00e1val ekkor is megmaradtak \u00e9s akt\u00edvan r\u00e9szt vett az orvosi \u00e9lettan magyar \u00e9s n\u00e9met nyelv\u0171 oktat\u00e1s\u00e1ban. 1975-t\u0151l vezet\u0151s\u00e9gi tagja volt a Neumann J\u00e1nos Sz\u00e1m\u00edt\u00f3g\u00e9p-Tudom\u00e1nyi T\u00e1rsas\u00e1g Orvosbiol\u00f3giai Szakoszt\u00e1ly\u00e1nak. T\u00e1rsalkot\u00f3ja volt a CHRONOS kr\u00f3nikus betegk\u00f6vet\u0151 rendszernek. Kutat\u00e1sai sor\u00e1n a logikai k\u00f6vetkeztet\u00e9sek probl\u00e9m\u00e1it vizsg\u00e1lta az orvosi eredm\u00e9nyek \u00e9rt\u00e9kel\u00e9s\u00e9n\u00e9l, k\u00fcl\u00f6n\u00f6s tekintettel az alakfelismer\u00e9s alkalmaz\u00e1saira. 1992-t\u0151l a N\u00e9pj\u00f3l\u00e9ti majd az ebb\u0151l alakult M\u0171vel\u0151d\u00e9si \u00e9s K\u00f6zoktat\u00e1si Miniszt\u00e9rium f\u0151oszt\u00e1lyvezet\u0151jek\u00e9nt dolgozott 1995-ben bek\u00f6vetkezett nyugd\u00edjaz\u00e1s\u00e1ig. Nyugd\u00edjask\u00e9nt is megmaradt az oktat\u00e1s ir\u00e1nti szenved\u00e9lye, emellett szakk\u00f6nyveket, szabadalmakat \u00e9s 2018-t\u00f3l sci-fi novell\u00e1kat \u00e9s reg\u00e9nyeket is ford\u00edtott magyarra. Legutols\u00f3 munk\u00e1j\u00e1t a Galaktika magazin sz\u00e1m\u00e1ra (F. Stevens: Serapion c\u00edm\u0171 reg\u00e9nye) 2022. december 2-\u00e1n fejezte be, \u00e9s h\u00fasz nap m\u00falva visszaadta lelk\u00e9t teremt\u0151j\u00e9nek.<\/p>\n<p>H\u00edv\u0151 ember volt \u00e9s igazi renesz\u00e1nsz szem\u00e9lyis\u00e9g, aki \u00f6nmag\u00e1t \u00fagy aposztrof\u00e1lta, hogy \u201e\u00f6n- \u00e9s k\u00f6zvesz\u00e9lyesen j\u00f3indulat\u00fa\u201d. Mint ember \u00e9s koll\u00e9ga, egyenes, tiszta lelk\u0171 \u00e9s gondolkod\u00e1s\u00fa, melegsz\u00edv\u0171, a legfiatalabb koll\u00e9g\u00e1ival \u00e9s di\u00e1kk\u00f6r\u00f6seivel szemben is seg\u00edt\u0151k\u00e9sz egy\u00e9nis\u00e9g volt, csal\u00e1dj\u00e1ban p\u00e9ldak\u00e9p, nagyszer\u0171 apa \u00e9s nagyapa. Int\u00e9zet\u00fcnkben \u00e9s bar\u00e1tai k\u00f6r\u00e9ben k\u00f6ztudott volt a mindig kimutatott ragaszkod\u00e1sa \u00e9s szeretete feles\u00e9g\u00e9hez, dr. Fedina L\u00e1szl\u00f3n\u00e9, sz\u00fcl. Zolnai L\u00eddia gy\u00f3gyszer\u00e9szhez \u2013 akit huszon\u00f6t \u00e9vvel \u00e9lt t\u00fal \u00e9s amely szeretet l\u00e1that\u00f3an k\u00f6lcs\u00f6n\u00f6s volt. <br \/>\nSzeretettel \u0151rizz\u00fck egyik legkedvesebb koll\u00e9g\u00e1nk \u00e9s bar\u00e1tunk dr. Fedina L\u00e1szl\u00f3, \u201eLaci B\u00e1csi\u201d eml\u00e9k\u00e9t!<\/p>\n<p>dr. Beny\u00f3 Zolt\u00e1n \u00e9s dr. S\u00e1ndor P\u00e9ter<\/p>\n","protected":false},"excerpt":{"rendered":"<p>\u00c9let\u00e9nek 90. \u00e9v\u00e9ben elhunyt dr. Fedina L\u00e1szl\u00f3, a Klinikai K\u00eds\u00e9rleti Kutat\u00f3 Int\u00e9zet volt munkat\u00e1rsa, az egykori Informatikai Csoport nyugalmazott vezet\u0151je.<\/p>\n","protected":false},"author":101751,"featured_media":60875,"comment_status":"closed","ping_status":"closed","sticky":false,"template":"","format":"standard","meta":{"_acf_changed":false,"footnotes":""},"categories":[157],"tags":[4108],"class_list":["post-126103","post","type-post","status-publish","format-standard","has-post-thumbnail","hentry","category-semmelweis-vilag","tag-gyaszhir"],"acf":[],"_links":{"self":[{"href":"https:\/\/semmelweis.hu\/hirek\/wp-json\/wp\/v2\/posts\/126103","targetHints":{"allow":["GET"]}}],"collection":[{"href":"https:\/\/semmelweis.hu\/hirek\/wp-json\/wp\/v2\/posts"}],"about":[{"href":"https:\/\/semmelweis.hu\/hirek\/wp-json\/wp\/v2\/types\/post"}],"author":[{"embeddable":true,"href":"https:\/\/semmelweis.hu\/hirek\/wp-json\/wp\/v2\/users\/101751"}],"replies":[{"embeddable":true,"href":"https:\/\/semmelweis.hu\/hirek\/wp-json\/wp\/v2\/comments?post=126103"}],"version-history":[{"count":2,"href":"https:\/\/semmelweis.hu\/hirek\/wp-json\/wp\/v2\/posts\/126103\/revisions"}],"predecessor-version":[{"id":126110,"href":"https:\/\/semmelweis.hu\/hirek\/wp-json\/wp\/v2\/posts\/126103\/revisions\/126110"}],"wp:featuredmedia":[{"embeddable":true,"href":"https:\/\/semmelweis.hu\/hirek\/wp-json\/wp\/v2\/media\/60875"}],"wp:attachment":[{"href":"https:\/\/semmelweis.hu\/hirek\/wp-json\/wp\/v2\/media?parent=126103"}],"wp:term":[{"taxonomy":"category","embeddable":true,"href":"https:\/\/semmelweis.hu\/hirek\/wp-json\/wp\/v2\/categories?post=126103"},{"taxonomy":"post_tag","embeddable":true,"href":"https:\/\/semmelweis.hu\/hirek\/wp-json\/wp\/v2\/tags?post=126103"}],"curies":[{"name":"wp","href":"https:\/\/api.w.org\/{rel}","templated":true}]}}