{"id":12560,"date":"2012-08-22T09:40:37","date_gmt":"2012-08-22T07:40:37","guid":{"rendered":"http:\/\/semmelweis-egyetem.hu\/hirek\/?p=12560"},"modified":"2018-02-14T09:49:02","modified_gmt":"2018-02-14T08:49:02","slug":"dr-molnar-maria-judit-%e2%80%9ekozosen-hatarozzuk-meg-az-uj-kutatasi-iranyokat%e2%80%9d","status":"publish","type":"post","link":"https:\/\/semmelweis.hu\/hirek\/2012\/08\/22\/dr-molnar-maria-judit-%e2%80%9ekozosen-hatarozzuk-meg-az-uj-kutatasi-iranyokat%e2%80%9d\/","title":{"rendered":"Dr. Moln\u00e1r M\u00e1ria Judit: \u201eK\u00f6z\u00f6sen hat\u00e1rozzuk meg az \u00faj kutat\u00e1si ir\u00e1nyokat\u201d"},"content":{"rendered":"<p>Az innovat\u00edv gondolkod\u00e1s fejleszt\u00e9se, az egy\u00fcttm\u0171k\u00f6d\u00e9s er\u0151s\u00edt\u00e9se, s mindek\u00f6zben az emberk\u00f6zpont\u00fas\u00e1g szem el\u0151tt tart\u00e1sa \u2013 ezek a legfontosabb alapelvei dr. Moln\u00e1r M\u00e1ria Juditnak tudom\u00e1nyos rektorhelyettesk\u00e9nt. Mint hangs\u00falyozta: a Semmelweis Egyetem, mint kutat\u00f3egyetem kiv\u00e1l\u00f3s\u00e1ga megk\u00e9rd\u0151jelezhetetlen, azonban m\u00e9g hazai szinten is rejlenek kiakn\u00e1zatlan lehet\u0151s\u00e9gek az egy\u00fcttm\u0171k\u00f6d\u00e9sekben.<\/p>\n<figure id=\"attachment_12561\" aria-describedby=\"caption-attachment-12561\" style=\"width: 200px\" class=\"wp-caption alignright\"><a href=\"https:\/\/semmelweis.hu\/hirek\/files\/2012\/08\/mmj2.jpg\"><img loading=\"lazy\" decoding=\"async\" class=\"size-medium wp-image-12561\" src=\"https:\/\/semmelweis.hu\/hirek\/files\/2012\/08\/mmj2-200x300.jpg\" alt=\"\" width=\"200\" height=\"300\" srcset=\"https:\/\/semmelweis.hu\/hirek\/files\/2012\/08\/mmj2-200x300.jpg 200w, https:\/\/semmelweis.hu\/hirek\/files\/2012\/08\/mmj2-266x400.jpg 266w, https:\/\/semmelweis.hu\/hirek\/files\/2012\/08\/mmj2-600x900.jpg 600w\" sizes=\"auto, (max-width: 200px) 100vw, 200px\" \/><\/a><figcaption id=\"caption-attachment-12561\" class=\"wp-caption-text\">Fot\u00f3k: attekovacs.com<\/figcaption><\/figure>\n<p>Ez \u00e9pp\u00fagy jelentheti az egyes int\u00e9zetek, kutat\u00f3k, karok k\u00f6z\u00f6tti jobb egy\u00fcttm\u0171k\u00f6d\u00e9st, mint a m\u00e1s egyetemekkel, vagy \u00e9ppen az ipari partnerekkel val\u00f3 er\u0151sebb kooper\u00e1ci\u00f3t a kutat\u00e1s-fejleszt\u00e9s \u00e9rdek\u00e9ben. Mivel a vil\u00e1g \u00e9s a hazai gazdas\u00e1gi folyamatok nehez\u00edtik az egyetem financi\u00e1lis helyzet\u00e9t, minden lehet\u0151s\u00e9get ki kell haszn\u00e1lni, ami alkalmas lehet \u00fajabb forr\u00e1sok el\u0151teremt\u00e9s\u00e9re \u00e9s egyben a hat\u00e9konys\u00e1g fokoz\u00e1s\u00e1ra \u2013 mutatott r\u00e1 dr. Moln\u00e1r M\u00e1ria Judit.<\/p>\n<p>Ez ut\u00f3bbi gondolat \u00e1ll a h\u00e1tter\u00e9ben annak a javaslatnak, hogy az egyetem valamennyi nagy \u00e9rt\u00e9k\u0171 technol\u00f3giai platformj\u00e1t \u201ecore facility\u201d-k\u00e9nt m\u0171k\u00f6dtesse, \u00e9s ugyanakkor m\u00e1s kutat\u00f3 int\u00e9zm\u00e9nyek, eg\u00e9szs\u00e9gipari szerepl\u0151k \u00e1ltal m\u0171k\u00f6dtetett m\u00e1r megl\u00e9v\u0151 beruh\u00e1z\u00e1sok haszn\u00e1lat\u00e1t\u00f3l se z\u00e1rk\u00f3zzon el. Ezzel a nagy \u00e9rt\u00e9k\u0171 m\u0171szerpark k\u00f6lts\u00e9ghat\u00e9kony, optim\u00e1lis kihaszn\u00e1l\u00e1sa \u00e9rhet\u0151 el.<\/p>\n<p>Az \u00faj tudom\u00e1nyos rektorhelyettes v\u00e1rhat\u00f3an m\u00e9g az \u0151sszel k\u00f6z\u00f6s \u201ebrain<ins cite=\"mailto:NemethGy\" datetime=\"2012-08-20T14:47\"> <\/ins>storming\u201d-ra h\u00edvja majd az elm\u00e9leti int\u00e9zetek \u00e9s a klinik\u00e1k vezet\u0151it, hogy egy nemzetk\u00f6zi trendelemz\u00e9s alapj\u00e1n k\u00f6z\u00f6sen hat\u00e1rozz\u00e1k meg, mi lesz a f\u0151 kutat\u00e1si ir\u00e1ny a Semmelweis Egyetemen a k\u00f6vetkez\u0151 id\u0151szakban. \u201eA kutat\u00e1si strat\u00e9gia kialak\u00edt\u00e1sakor mindig nagy k\u00e9rd\u00e9s, hogy a diverzit\u00e1s vagy a koncentr\u00e1ci\u00f3 kapjon nagyobb hangs\u00falyt. A szabad kutat\u00f3i akarat elismer\u00e9se \u00e9s a soksz\u00edn\u0171s\u00e9g mellett, v\u00e9lem\u00e9nyem szerint \u00e9rdemes meghat\u00e1rozni a f\u0151 csap\u00e1sir\u00e1nyokat, f\u0151 kutat\u00e1si ir\u00e1nyvonalakat, amely a nemzetk\u00f6zi trendeket \u00e9s az egyetem speci\u00e1lis tud\u00e1st\u00f6bblet\u00e9t is figyelembe veszi \u201d \u2013 fejtette ki dr. Moln\u00e1r M\u00e1ria Judit. Mint hozz\u00e1tette: ez nem jelenti azt, hogy azok a kiv\u00e1l\u00f3 kutat\u00f3k, akik \u00f6n\u00e1ll\u00f3 kutat\u00f3csoportokat tudnak m\u0171k\u00f6dtetni, \u00f6n\u00e1ll\u00f3 p\u00e1ly\u00e1zatokat tudnak nyerni, ne r\u00e9szes\u00fcln\u00e9nek ezut\u00e1n t\u00e1mogat\u00e1sban, ha nem a f\u0151 ir\u00e1nyvonalakat k\u00f6vetik. Ugyanakkor hangs\u00falyozta: a kutat\u00e1si strat\u00e9gi\u00e1nak nem technol\u00f3giavez\u00e9reltnek, hanem c\u00e9lorient\u00e1ltnak kell lennie. Fontos \u00e1tgondolni, hogy melyek azok a ter\u00fcletek, amelyek a biomedicin\u00e1lis kutat\u00e1sokat legink\u00e1bb mozgatj\u00e1k, s az eg\u00e9sz eg\u00e9szs\u00e9gipart magukkal vonj\u00e1k, s \u00faj gy\u00f3gyszereket, ter\u00e1pi\u00e1kat, diagnosztikai m\u00f3dszereket eredm\u00e9nyeznek.<\/p>\n<p>A strat\u00e9giaalkot\u00e1shoz term\u00e9szetesen nagyon fontos l\u00e1tni azt is, hogy melyek azok a ter\u00fcletek, amelyek priorit\u00e1st \u00e9lveznek az Eur\u00f3pai Uni\u00f3 t\u00e1mogat\u00e1si rendszer\u00e9ben. Az id\u00e9n m\u00e1r zajlik Br\u00fcsszelben az EU 2014-20 k\u00f6z\u00f6tti Health for Growth (Eg\u00e9szs\u00e9g a n\u00f6veked\u00e9s\u00e9rt) programj\u00e1nak v\u00e9gleges sz\u00f6vegez\u00e9se, amely sor\u00e1n a hazai biomedicin\u00e1lis kutat\u00e1s-fejleszt\u00e9s \u00e9rdekeinek k\u00e9pviselet\u00e9re is nagy hangs\u00falyt kellene fektetn\u00fcnk \u2013 mondta a rektorhelyettes.<\/p>\n<p>A Semmelweis Egyetem legrangosabb nemzetk\u00f6zi tudom\u00e1nyos rendezv\u00e9ny\u00e9nek, a <a href=\"http:\/\/www.semmelweissymposium2012.hu\/\" target=\"_blank\">Semmelweis Szimp\u00f3zium<\/a>nak az idei t\u00e9m\u00e1j\u00e1r\u00f3l sz\u00f3lva dr. Moln\u00e1r M\u00e1ria Judit kiemelte: a nemzetk\u00f6zi trendeket figyelve az l\u00e1that\u00f3, hogy a k\u00f6vetkez\u0151 id\u0151szak h\u00e1rom kulcsszava a prevenci\u00f3, a predikci\u00f3 \u00e9s az individualiz\u00e1lt kezel\u00e9s lesz. Nem v\u00e9letlen teh\u00e1t, hogy a 2012-es szimp\u00f3zium c\u00edm\u00e9ben is e h\u00e1rom sz\u00f3 szerepel majd, s ezek a szem\u00e9lyre szabott orvosl\u00e1s alapjai is.<\/p>\n<p>A kutat\u00e1s \u00e9s az oktat\u00e1s viszony\u00e1r\u00f3l besz\u00e9lve dr. Moln\u00e1r M\u00e1ria Judit azt mondta: fontosnak tartja, hogy az egyetem felk\u00e9sz\u00fclj\u00f6n olyan \u00faj k\u00e9pz\u00e9sek beind\u00edt\u00e1s\u00e1ra, amelyekre az eg\u00e9szs\u00e9giparnak sz\u00fcks\u00e9ge van. Ilyen ig\u00e9nyek a legink\u00e1bb a biotechnol\u00f3gia ter\u00fclet\u00e9r\u0151l vet\u0151dhetnek fel.<\/p>\n<p><a href=\"https:\/\/semmelweis.hu\/hirek\/files\/2012\/08\/mmj-alt-K.jpg\"><img loading=\"lazy\" decoding=\"async\" class=\"alignleft size-medium wp-image-12562\" src=\"https:\/\/semmelweis.hu\/hirek\/files\/2012\/08\/mmj-alt-K-300x200.jpg\" alt=\"\" width=\"300\" height=\"200\" srcset=\"https:\/\/semmelweis.hu\/hirek\/files\/2012\/08\/mmj-alt-K-300x200.jpg 300w, https:\/\/semmelweis.hu\/hirek\/files\/2012\/08\/mmj-alt-K-600x400.jpg 600w, https:\/\/semmelweis.hu\/hirek\/files\/2012\/08\/mmj-alt-K.jpg 720w\" sizes=\"auto, (max-width: 300px) 100vw, 300px\" \/><\/a>A fiatal kutat\u00f3k lehet\u0151s\u00e9geinek jav\u00edt\u00e1s\u00e1hoz nagyon fontos a Magyar Tudom\u00e1nyos Akad\u00e9mia Lend\u00fclet programja, amelyen 2011-12-ben a Semmelweis Egyetem hat fiatal kutat\u00f3ja r\u00e9szes\u00fclt t\u00e1mogat\u00e1sban \u2013 emelte ki dr. Moln\u00e1r M\u00e1ria Judit. A rektorhelyettes tervei k\u00f6z\u00f6tt szerepel, hogy egyetemi szinten is legyen lehet\u0151s\u00e9g a fiatal kutat\u00f3k hazacs\u00e1b\u00edt\u00e1s\u00e1ra. Ehhez egy elk\u00fcl\u00f6n\u00edtett keretb\u0151l megval\u00f3sul\u00f3 \u201estart-up grant\u201d l\u00e9trehoz\u00e1s\u00e1t tervezi, amely az \u00f6n\u00e1ll\u00f3 kutat\u00f3munka elkezd\u00e9s\u00e9hez sz\u00fcks\u00e9ges, j\u00f3 sz\u00ednvonal\u00fa alap infrastrukt\u00fara megteremt\u00e9s\u00e9ben seg\u00edten\u00e9 a hazat\u00e9r\u0151 fiatal tehets\u00e9geket. A PhD-k\u00e9pz\u00e9sben \u00e9rdemes nyitni a k\u00fcls\u0151 partnerek fel\u00e9 is, s az egyetemen k\u00edv\u00fclr\u0151l is akkredit\u00e1lni el\u0151ad\u00f3kat. Ezzel egyr\u00e9szt sz\u00e9lesebb ter\u00fcletr\u0151l tudunk mer\u00edteni az oktat\u00f3k kiv\u00e1laszt\u00e1s\u00e1n\u00e1l, m\u00e1sr\u00e9szt az \u00e9letp\u00e1lya modell fel\u00e1ll\u00edt\u00e1s\u00e1ban is hasznosak lehetnek a k\u00fcls\u0151s oktat\u00f3k a PhD hallgat\u00f3ink sz\u00e1m\u00e1ra \u2013 mondta.<\/p>\n<p>Dr. Moln\u00e1r M\u00e1ria Judit \u00f3ri\u00e1si \u00e9rt\u00e9knek tartja, hogy a Semmelweis Egyetem az elm\u00falt k\u00e9t \u00e9vben a hazai egyetemek k\u00f6z\u00fcl els\u0151k\u00e9nt tudta megszervezni a biobank h\u00e1l\u00f3zat\u00e1t. Ennek fejleszt\u00e9se \u00e9s gondoz\u00e1sa is a fontos feladatok k\u00f6z\u00e9 tartozik, hiszen ez az int\u00e9zm\u00e9ny egyik strat\u00e9giai jelent\u0151s\u00e9g\u0171 kutat\u00e1si infrastrukt\u00far\u00e1ja.<\/p>\n<p style=\"text-align: left\"><a href=\"https:\/\/semmelweis.hu\/hirek\/files\/2012\/08\/mmj-3K.jpg\"><img loading=\"lazy\" decoding=\"async\" class=\"aligncenter size-large wp-image-12563\" src=\"https:\/\/semmelweis.hu\/hirek\/files\/2012\/08\/mmj-3K-600x400.jpg\" alt=\"\" width=\"540\" height=\"360\" srcset=\"https:\/\/semmelweis.hu\/hirek\/files\/2012\/08\/mmj-3K-600x400.jpg 600w, https:\/\/semmelweis.hu\/hirek\/files\/2012\/08\/mmj-3K-300x200.jpg 300w, https:\/\/semmelweis.hu\/hirek\/files\/2012\/08\/mmj-3K.jpg 720w\" sizes=\"auto, (max-width: 540px) 100vw, 540px\" \/><\/a>A rektorhelyettes kiemelte: egy biomedicin\u00e1lis int\u00e9zm\u00e9nyben az emberk\u00f6zpont\u00fas\u00e1gnak kell a legfontosabb elvnek lennie. Ez nem csak azt jelenti, hogy a kutat\u00e1sok sor\u00e1n nem szabad elfelejteni egy pillanatra sem, hogy v\u00e9gs\u0151 soron minden kutat\u00e1s a gy\u00f3gy\u00edt\u00e1s \u00e9s a megel\u0151z\u00e9s \u00e9rdek\u00e9ben indul. \u201eB\u00e1rmilyen modern technol\u00f3gi\u00e1val is dolgozunk a klinikai kutat\u00e1s sor\u00e1n, b\u00e1rmennyire is lehet\u0151s\u00e9g van elmer\u00fclni a g\u00e9nek \u00e9s a feh\u00e9rjeszerkezetek vil\u00e1g\u00e1ban, a folyamatos innov\u00e1ci\u00f3 mellett mindig el\u0151t\u00e9rbe kell helyezn\u00fcnk a klasszikus orvos-beteg kapcsolatot; csak a beteg panaszainak, \u00e9letk\u00f6r\u00fclm\u00e9nyeinek apr\u00f3 r\u00e9szletekig val\u00f3 meghallgat\u00e1s\u00e1val, fizik\u00e1lis vizsg\u00e1lat\u00e1val \u00e9s holisztikus szeml\u00e9lettel tudjuk az embert, mint eg\u00e9szet gy\u00f3gy\u00edtani\u201d \u2013 emelte ki.<\/p>\n<p>Dr. Moln\u00e1r M\u00e1ria Judit nagyon fontosnak tartja a k\u00f6z\u00f6s identit\u00e1s kialak\u00edt\u00e1s\u00e1t, amelyet seg\u00edthet a k\u00f6z\u00f6s kutat\u00e1si ir\u00e1nyvonal megfogalmaz\u00e1sa. Ezt \u00e9s az egy\u00fcttm\u0171k\u00f6d\u00e9s er\u0151s\u00edt\u00e9s\u00e9t szolg\u00e1lja majd egy hamarosan indul\u00f3 \u00faj szolg\u00e1ltat\u00e1s is. Mint azt a rektorhelyettes elmondta: szeptembert\u0151l heti tudom\u00e1nyos h\u00edrlev\u00e9lben kap majd minden \u00e9rdekl\u0151d\u0151 t\u00e1j\u00e9koztat\u00e1st az egyetem k\u00fcl\u00f6nb\u00f6z\u0151 int\u00e9zeteiben szervezett tudom\u00e1nyos rendezv\u00e9nyekr\u0151l. A h\u00edrlevelet olyan k\u00fcls\u0151 szervezeteknek is eljuttatj\u00e1k, amelyek partnerek lehetnek k\u00fcl\u00f6nb\u00f6z\u0151 kutat\u00e1s-fejleszt\u00e9si elk\u00e9pzel\u00e9sek megval\u00f3s\u00edt\u00e1s\u00e1ban. DP<\/p>\n","protected":false},"excerpt":{"rendered":"<p>Az innovat\u00edv gondolkod\u00e1s fejleszt\u00e9se, az egy\u00fcttm\u0171k\u00f6d\u00e9s er\u0151s\u00edt\u00e9se, s mindek\u00f6zben az emberk\u00f6zpont\u00fas\u00e1g szem el\u0151tt tart\u00e1sa \u2013 ezek a legfontosabb alapelvei dr. Moln\u00e1r M\u00e1ria Juditnak tudom\u00e1nyos rektorhelyettesk\u00e9nt. Mint hangs\u00falyozta: a Semmelweis Egyetem, mint kutat\u00f3egyetem kiv\u00e1l\u00f3s\u00e1ga megk\u00e9rd\u0151jelezhetetlen, azonban m\u00e9g hazai szinten is rejlenek kiakn\u00e1zatlan lehet\u0151s\u00e9gek az egy\u00fcttm\u0171k\u00f6d\u00e9sekben. Ez \u00e9pp\u00fagy jelentheti az egyes int\u00e9zetek, kutat\u00f3k, karok k\u00f6z\u00f6tti jobb egy\u00fcttm\u0171k\u00f6d\u00e9st, &hellip;<\/p>\n","protected":false},"author":13,"featured_media":12564,"comment_status":"closed","ping_status":"open","sticky":false,"template":"","format":"standard","meta":{"_acf_changed":false,"footnotes":""},"categories":[161,168],"tags":[3996,188],"class_list":["post-12560","post","type-post","status-publish","format-standard","has-post-thumbnail","hentry","category-tudomany","category-kiemelt","tag-interju","tag-tudomanyos-hirek-rendezvenyek"],"acf":[],"_links":{"self":[{"href":"https:\/\/semmelweis.hu\/hirek\/wp-json\/wp\/v2\/posts\/12560","targetHints":{"allow":["GET"]}}],"collection":[{"href":"https:\/\/semmelweis.hu\/hirek\/wp-json\/wp\/v2\/posts"}],"about":[{"href":"https:\/\/semmelweis.hu\/hirek\/wp-json\/wp\/v2\/types\/post"}],"author":[{"embeddable":true,"href":"https:\/\/semmelweis.hu\/hirek\/wp-json\/wp\/v2\/users\/13"}],"replies":[{"embeddable":true,"href":"https:\/\/semmelweis.hu\/hirek\/wp-json\/wp\/v2\/comments?post=12560"}],"version-history":[{"count":2,"href":"https:\/\/semmelweis.hu\/hirek\/wp-json\/wp\/v2\/posts\/12560\/revisions"}],"predecessor-version":[{"id":12565,"href":"https:\/\/semmelweis.hu\/hirek\/wp-json\/wp\/v2\/posts\/12560\/revisions\/12565"}],"wp:featuredmedia":[{"embeddable":true,"href":"https:\/\/semmelweis.hu\/hirek\/wp-json\/wp\/v2\/media\/12564"}],"wp:attachment":[{"href":"https:\/\/semmelweis.hu\/hirek\/wp-json\/wp\/v2\/media?parent=12560"}],"wp:term":[{"taxonomy":"category","embeddable":true,"href":"https:\/\/semmelweis.hu\/hirek\/wp-json\/wp\/v2\/categories?post=12560"},{"taxonomy":"post_tag","embeddable":true,"href":"https:\/\/semmelweis.hu\/hirek\/wp-json\/wp\/v2\/tags?post=12560"}],"curies":[{"name":"wp","href":"https:\/\/api.w.org\/{rel}","templated":true}]}}