{"id":12536,"date":"2012-08-21T06:58:29","date_gmt":"2012-08-21T04:58:29","guid":{"rendered":"http:\/\/semmelweis-egyetem.hu\/hirek\/?p=12536"},"modified":"2017-08-31T09:29:26","modified_gmt":"2017-08-31T07:29:26","slug":"a-magyar-erdemrend-kozepkeresztje-a-csillaggal-kituntetest-kapott-falus-andras","status":"publish","type":"post","link":"https:\/\/semmelweis.hu\/hirek\/2012\/08\/21\/a-magyar-erdemrend-kozepkeresztje-a-csillaggal-kituntetest-kapott-falus-andras\/","title":{"rendered":"A Magyar K\u00f6zt\u00e1rsas\u00e1gi \u00c9rdemrend k\u00f6z\u00e9pkeresztje a csillaggal kit\u00fcntet\u00e9st kapott Falus Andr\u00e1s"},"content":{"rendered":"<p>Az immunol\u00f3gia, a hisztaminbiol\u00f3gia, a molekul\u00e1ris genetika ter\u00e9n v\u00e9gzett t\u00f6bb \u00e9vtizedes, hat\u00e1rainkon t\u00fal is nagyra becs\u00fclt tudom\u00e1nyos, kutat\u00f3i munk\u00e1ss\u00e1g\u00e1\u00e9rt, oktat\u00f3i, publik\u00e1ci\u00f3s \u00e9s k\u00f6z\u00e9leti tev\u00e9kenys\u00e9ge elismer\u00e9sek\u00e9nt Magyar K\u00f6zt\u00e1rsas\u00e1gi \u00c9rdemrend k\u00f6z\u00e9pkeresztje a csillaggal (polg\u00e1ri tagozata) kit\u00fcntet\u00e9st kapott dr. Falus Andr\u00e1s Sz\u00e9chenyi-d\u00edjas immunol\u00f3gus, a Magyar Tudom\u00e1nyos Akad\u00e9mia (MTA) rendes tagja, a Semmelweis Egyetem Genetikai, Sejt \u00e9s Immunbiol\u00f3giai Int\u00e9zet egyetemi tan\u00e1ra. Az elismer\u00e9st \u00c1der J\u00e1nos k\u00f6zt\u00e1rsas\u00e1gi eln\u00f6kt\u0151l, Orb\u00e1n Viktor minisztereln\u00f6kt\u0151l \u00e9s K\u00f6v\u00e9r L\u00e1szl\u00f3t\u00f3l, az Orsz\u00e1ggy\u0171l\u00e9s eln\u00f6k\u00e9t\u0151l vehette \u00e1t augusztus 20. alkalm\u00e1b\u00f3l a Parlamentben.<\/p>\n<p><a href=\"https:\/\/semmelweis.hu\/hirek\/files\/2012\/08\/falus.jpg\"><img loading=\"lazy\" decoding=\"async\" class=\"aligncenter size-full wp-image-12537\" src=\"https:\/\/semmelweis.hu\/hirek\/files\/2012\/08\/falus.jpg\" alt=\"\" width=\"496\" height=\"330\" srcset=\"https:\/\/semmelweis.hu\/hirek\/files\/2012\/08\/falus.jpg 496w, https:\/\/semmelweis.hu\/hirek\/files\/2012\/08\/falus-300x199.jpg 300w\" sizes=\"auto, (max-width: 496px) 100vw, 496px\" \/><\/a><\/p>\n<p>A professzor \u00fagy fogalmazott: kett\u0151s \u00e9rz\u00e9s van benne ilyenkor. Egyr\u00e9szt \u00fagy \u00e9rzi, t\u00f6bb tucat olyan embert ismer, aki legal\u00e1bb annyira meg\u00e9rdemeln\u00e9 vagy jobban r\u00e1szolg\u00e1lt a megbecs\u00fcl\u00e9sre, mint \u0151. M\u00e1sr\u00e9szt arra is gondol, meg tud-e felelni annak az elv\u00e1r\u00e1snak, amit egy ilyen kit\u00fcntet\u00e9s jelent.<br \/>\nDr. Falus Andr\u00e1s nagyon fontosnak tartja, hogy csapatban dolgozik. Az ember m\u00f6g\u00f6tt van egy csapat. Nagyon fiatalok \u00e9s j\u00f3k, akikkel dolgozom, ez\u00e9rt nem is m\u00f6g\u00f6ttem, hanem ink\u00e1bb el\u0151ttem vannak \u2013 tette hozz\u00e1.<\/p>\n<p>Mint mondta, az ilyen rangos elismer\u00e9sek \u00e1tv\u00e9telekor azokra a mestereire is gondol, akik tud\u00e1st, motiv\u00e1ci\u00f3t, st\u00edlust, \u00e9s gondolkod\u00e1si kult\u00far\u00e1t is \u00e1tadtak neki. Megtan\u00edtott\u00e1k arra mit \u00e9rdemes kutatni, k\u00e9rdezni \u00e9s mit nem. Hogyan kell egy eredm\u00e9nyt \u00e9rt\u00e9kelni. Ezek apr\u00f3s\u00e1goknak t\u0171nnek, \u00e9s a mindennapi \u00e9letben az ember nem ezekre figyel, hanem a c\u00e9lokra &#8211; v\u00e9lekedett.<\/p>\n<p><a href=\"https:\/\/semmelweis.hu\/hirek\/files\/2012\/08\/falus2.jpg\"><img loading=\"lazy\" decoding=\"async\" class=\"alignleft size-medium wp-image-12539\" src=\"https:\/\/semmelweis.hu\/hirek\/files\/2012\/08\/falus2-300x199.jpg\" alt=\"\" width=\"300\" height=\"199\" srcset=\"https:\/\/semmelweis.hu\/hirek\/files\/2012\/08\/falus2-300x199.jpg 300w, https:\/\/semmelweis.hu\/hirek\/files\/2012\/08\/falus2.jpg 496w\" sizes=\"auto, (max-width: 300px) 100vw, 300px\" \/><\/a>Dr. Falus Andr\u00e1s kiemelte: sz\u00e1m\u00e1ra a kutat\u00e1son k\u00edv\u00fcl az tan\u00edt\u00e1s is hihetetlen\u00fcl fontos, nagyon l\u00e9nyegesnek tartja az ismeretterjeszt\u00e9st, a tudom\u00e1nyos gondolkod\u00e1s kult\u00far\u00e1j\u00e1nak a terjeszt\u00e9s\u00e9t, \u00e9s ezen bel\u00fcl az eg\u00e9szs\u00e9gnevel\u00e9st. Egy ilyen megbecs\u00fcl\u00e9s, kit\u00fcntet\u00e9s engem arra sarkall, hogy megpr\u00f3b\u00e1ljak emberi magatart\u00e1sban, szakmais\u00e1gban, szer\u00e9nys\u00e9gben \u00e9s a m\u00e1sokra val\u00f3 odafigyel\u00e9sben az eddigiekn\u00e9l is t\u00f6bbet adni \u2013 hangs\u00falyozta.<\/p>\n<p>A professzor szavai szerint az \u00fat legal\u00e1bb annyira fontos, mint a c\u00e9l. Felid\u00e9zte a legfontosabb mestereit, k\u00f6zt\u00fck &#8211; a m\u00e1r elhunyt &#8211; Szentiv\u00e1nyi M\u00e1ty\u00e1s \u00e9lettan\u00e1szt, Gergely J\u00e1nos \u00e9s Mer\u00e9tey Katalin immunol\u00f3gusokat. Az egykori tan\u00e1rok kapcs\u00e1n nem mondatokra vagy kr\u00edzisekre eml\u00e9ksz\u00fcnk, hanem spont\u00e1n reakci\u00f3kra. P\u00e9ld\u00e1ul arra, mi volt az els\u0151 reakci\u00f3ja vagy az els\u0151 k\u00e9rd\u00e9se, amikor elolvasott egy cikket, meghallott egy \u00faj eredm\u00e9nyt v\u00e9gighallgatott egy hallgat\u00f3i el\u0151ad\u00e1st &#8211; v\u00e9lekedett. Aj\u00e1nd\u00e9knak tartja, hogy p\u00e1ly\u00e1ja sor\u00e1n kiv\u00e1l\u00f3 mesterekkel, j\u00f3 emberekkel tal\u00e1lkozott \u00e9s olyan csapattal dolgozik most is, amellyel meg tudja val\u00f3s\u00edtani az elk\u00e9pzel\u00e9seit.<\/p>\n<p>T-Sz.Sz.<\/p>\n","protected":false},"excerpt":{"rendered":"<p>Az immunol\u00f3gia, a hisztaminbiol\u00f3gia, a molekul\u00e1ris genetika ter\u00e9n v\u00e9gzett t\u00f6bb \u00e9vtizedes, hat\u00e1rainkon t\u00fal is nagyra becs\u00fclt tudom\u00e1nyos, kutat\u00f3i munk\u00e1ss\u00e1g\u00e1\u00e9rt, oktat\u00f3i, publik\u00e1ci\u00f3s \u00e9s k\u00f6z\u00e9leti tev\u00e9kenys\u00e9ge elismer\u00e9sek\u00e9nt Magyar K\u00f6zt\u00e1rsas\u00e1gi \u00c9rdemrend k\u00f6z\u00e9pkeresztje a csillaggal (polg\u00e1ri tagozata) kit\u00fcntet\u00e9st kapott dr. Falus Andr\u00e1s Sz\u00e9chenyi-d\u00edjas immunol\u00f3gus, a Magyar Tudom\u00e1nyos Akad\u00e9mia (MTA) rendes tagja, a Semmelweis Egyetem Genetikai, Sejt \u00e9s Immunbiol\u00f3giai Int\u00e9zet &hellip;<\/p>\n","protected":false},"author":11,"featured_media":12542,"comment_status":"closed","ping_status":"open","sticky":false,"template":"","format":"standard","meta":{"_acf_changed":false,"footnotes":""},"categories":[157,168],"tags":[4070,158],"class_list":["post-12536","post","type-post","status-publish","format-standard","has-post-thumbnail","hentry","category-semmelweis-vilag","category-kiemelt","tag-allami-kituntetes","tag-dijak-kituntetesek"],"acf":[],"_links":{"self":[{"href":"https:\/\/semmelweis.hu\/hirek\/wp-json\/wp\/v2\/posts\/12536","targetHints":{"allow":["GET"]}}],"collection":[{"href":"https:\/\/semmelweis.hu\/hirek\/wp-json\/wp\/v2\/posts"}],"about":[{"href":"https:\/\/semmelweis.hu\/hirek\/wp-json\/wp\/v2\/types\/post"}],"author":[{"embeddable":true,"href":"https:\/\/semmelweis.hu\/hirek\/wp-json\/wp\/v2\/users\/11"}],"replies":[{"embeddable":true,"href":"https:\/\/semmelweis.hu\/hirek\/wp-json\/wp\/v2\/comments?post=12536"}],"version-history":[{"count":2,"href":"https:\/\/semmelweis.hu\/hirek\/wp-json\/wp\/v2\/posts\/12536\/revisions"}],"predecessor-version":[{"id":64338,"href":"https:\/\/semmelweis.hu\/hirek\/wp-json\/wp\/v2\/posts\/12536\/revisions\/64338"}],"wp:featuredmedia":[{"embeddable":true,"href":"https:\/\/semmelweis.hu\/hirek\/wp-json\/wp\/v2\/media\/12542"}],"wp:attachment":[{"href":"https:\/\/semmelweis.hu\/hirek\/wp-json\/wp\/v2\/media?parent=12536"}],"wp:term":[{"taxonomy":"category","embeddable":true,"href":"https:\/\/semmelweis.hu\/hirek\/wp-json\/wp\/v2\/categories?post=12536"},{"taxonomy":"post_tag","embeddable":true,"href":"https:\/\/semmelweis.hu\/hirek\/wp-json\/wp\/v2\/tags?post=12536"}],"curies":[{"name":"wp","href":"https:\/\/api.w.org\/{rel}","templated":true}]}}