{"id":124972,"date":"2023-03-07T06:00:42","date_gmt":"2023-03-07T05:00:42","guid":{"rendered":"https:\/\/semmelweis.hu\/hirek\/?p=124972"},"modified":"2023-03-08T08:56:28","modified_gmt":"2023-03-08T07:56:28","slug":"atadtak-a-kozponti-leveltar-uj-epuletet","status":"publish","type":"post","link":"https:\/\/semmelweis.hu\/hirek\/2023\/03\/07\/atadtak-a-kozponti-leveltar-uj-epuletet\/","title":{"rendered":"\u00c1tadt\u00e1k a K\u00f6zponti Lev\u00e9lt\u00e1r \u00faj \u00e9p\u00fclet\u00e9t"},"content":{"rendered":"<div class=\"lead\">A Semmelweis Egyetem K\u00f6zponti Lev\u00e9lt\u00e1ra a R\u00f3kus-t\u00f6mbben tal\u00e1lt \u00faj otthonra.<\/div>\n<p>Soha ne legyen esem\u00e9nytelenebb egy-egy nap, mint a mai, amikor reggel a Pulmonol\u00f3giai Klinika 80 \u00e9ves fenn\u00e1ll\u00e1s\u00e1t, d\u00e9lut\u00e1n pedig az egyetemi lev\u00e9lt\u00e1r fenn\u00e1ll\u00e1s\u00e1nak harmincadik \u00e9vfordul\u00f3j\u00e1t \u00fcnnepelj\u00fck \u2013 mondta k\u00f6sz\u00f6nt\u0151j\u00e9ben dr. Pavlik L\u00edvia, a Semmelweis Egyetem kancell\u00e1rja, a K\u00f6zponti Lev\u00e9lt\u00e1r \u00faj \u00e9p\u00fclet\u00e9nek \u00e1tad\u00e1sakor.<\/p>\n<p data-wp-editing=\"1\"><img loading=\"lazy\" decoding=\"async\" class=\"wp-image-124980 size-medium alignleft\" src=\"https:\/\/semmelweis.hu\/hirek\/files\/2023\/03\/RS169739_GV5A4346-scr-267x400.jpg\" alt=\"\" width=\"267\" height=\"400\" srcset=\"https:\/\/semmelweis.hu\/hirek\/files\/2023\/03\/RS169739_GV5A4346-scr-267x400.jpg 267w, https:\/\/semmelweis.hu\/hirek\/files\/2023\/03\/RS169739_GV5A4346-scr-533x800.jpg 533w, https:\/\/semmelweis.hu\/hirek\/files\/2023\/03\/RS169739_GV5A4346-scr.jpg 600w\" sizes=\"auto, (max-width: 267px) 100vw, 267px\" \/>A Szent R\u00f3kus Klinikai T\u00f6mbigazgat\u00f3s\u00e1g udvar\u00e1n a mintegy 290 milli\u00f3 forintos \u00e1llami t\u00e1mogat\u00e1ssal fel\u00faj\u00edtott \u00e9p\u00fcletben a k\u00f6vetkez\u0151 \u00e9vekre is biztos\u00edtott lesz az egyetem elm\u00falt 253 \u00e9v\u00e9b\u0151l \u0151rz\u00f6tt, \u00e9s a digitaliz\u00e1ci\u00f3 ellen\u00e9re m\u00e9g j\u00f3csk\u00e1n k\u00e9pz\u0151d\u0151 iratanyagok \u0151rz\u00e9se.\u00a0Szavai szerint amellett, hogy nagy adom\u00e1ny a gy\u00f6ny\u00f6r\u0171 ingatlanportf\u00f3li\u00f3, egy\u00fattal komoly kih\u00edv\u00e1st is jelent az egyetem mintegy 400 ezer n\u00e9gyzetm\u00e9ternyi saj\u00e1t tulajdon\u00fa ingatlan\u00e1llom\u00e1ny\u00e1nak kezel\u00e9se \u00e9s meg\u00faj\u00edt\u00e1sa a betegell\u00e1t\u00e1s biztos\u00edt\u00e1sa mellett. A fel\u00faj\u00edt\u00e1s kapcs\u00e1n m\u00e9ltatta a z\u00f6kken\u0151mentes, gyors \u00e9s hat\u00e1rid\u0151re elk\u00e9sz\u00fcl\u0151 beruh\u00e1z\u00e1st, megeml\u00edtve, hogy k\u00f6nnyebbs\u00e9get jelentett, hogy a R\u00f3kus t\u00f6mbben addig is \u00e1tmeneti otthont kapott a lev\u00e9lt\u00e1r.<\/p>\n<p>&nbsp;<\/p>\n<blockquote>\n<p>Harminc \u00e9v egy gy\u0171jtem\u00e9ny \u00e9let\u00e9ben nem nagy id\u0151, egy egyetemi lev\u00e9lt\u00e1r eset\u00e9ben azonban m\u00e1r viszonylag jelent\u0151s id\u0151tartam, k\u00fcl\u00f6n\u00f6sen azt figyelembe v\u00e9ve, hogy tal\u00e1n ha n\u00e9gy, a Semmelweis Egyetem\u00e9n\u00e9l id\u0151sebb egyetemi lev\u00e9lt\u00e1r m\u0171k\u00f6dik az orsz\u00e1gban. Az pedig k\u00fcl\u00f6n \u00f6r\u00f6m, hogy az \u00e9vfordul\u00f3ra meg is nyithatta kapuit az \u00faj \u00e9p\u00fcletben, \u00fagy, hogy miut\u00e1n korm\u00e1nyhat\u00e1rozat biztos\u00edtotta a sz\u00fcks\u00e9ges forr\u00e1st, 2021. m\u00e1jus\u00e1ban indult az \u00e9p\u00edtkez\u00e9s, \u00e9s december 14-\u00e9n megvolt a m\u0171szaki \u00e1tad\u00e1s is. Mindezt annak ellen\u00e9re, hogy az \u00e9p\u00edt\u0151iparban a szocialista hi\u00e1nygazdas\u00e1g \u00f3ta nem l\u00e1tott alapanyag-hi\u00e1nyokkal is meg kellett k\u00fczdeni\u201d<\/p>\n<\/blockquote>\n<p>\u2013 mondta dr. Moln\u00e1r L\u00e1szl\u00f3, a lev\u00e9lt\u00e1r igazgat\u00f3ja az \u00e1tad\u00f3n. K\u00f6sz\u00f6net\u00e9t fejezte ki a Navaran \u00c9p\u00edt\u00e9sz-Tervez\u0151 Iroda Kft. mellett a lebonyol\u00edt\u00e1s\u00e9rt felel\u0151s Beruh\u00e1z\u00e1si, M\u0171szaki Fejleszt\u00e9si, Sport\u00fczemeltet\u00e9si \u00e9s K\u00f6zbeszerz\u00e9si non-profit Zrt. szakembereinek is, k\u00fcl\u00f6n kiemelve, hogy nagyban megk\u00f6nny\u00edtette a munk\u00e1t, hogy a kezdett\u0151l bevont\u00e1k a lev\u00e9lt\u00e1r dolgoz\u00f3it is a tervez\u00e9sbe.<\/p>\n<p><img loading=\"lazy\" decoding=\"async\" class=\"aligncenter size-large wp-image-124981\" src=\"https:\/\/semmelweis.hu\/hirek\/files\/2023\/03\/RS169740_GV5A4352-scr-900x600.jpg\" alt=\"\" width=\"753\" height=\"502\" srcset=\"https:\/\/semmelweis.hu\/hirek\/files\/2023\/03\/RS169740_GV5A4352-scr-900x600.jpg 900w, https:\/\/semmelweis.hu\/hirek\/files\/2023\/03\/RS169740_GV5A4352-scr-400x267.jpg 400w, https:\/\/semmelweis.hu\/hirek\/files\/2023\/03\/RS169740_GV5A4352-scr-768x512.jpg 768w, https:\/\/semmelweis.hu\/hirek\/files\/2023\/03\/RS169740_GV5A4352-scr-753x502.jpg 753w, https:\/\/semmelweis.hu\/hirek\/files\/2023\/03\/RS169740_GV5A4352-scr-203x135.jpg 203w, https:\/\/semmelweis.hu\/hirek\/files\/2023\/03\/RS169740_GV5A4352-scr.jpg 1200w\" sizes=\"auto, (max-width: 753px) 100vw, 753px\" \/><\/p>\n<p>A Szent R\u00f3kus Klinikai T\u00f6mbigazgat\u00f3s\u00e1g udvar\u00e1n \u00e1ll\u00f3 r\u00e9gi \u00e9p\u00fclet f\u00f6d\u00e9m\u00e9t a kivitelez\u00e9st v\u00e9gz\u0151 BAU-TRADE \u00c9p\u00edt\u0151ipari Tervez\u0151, Kivitelez\u0151 \u00e9s Kereskedelmi Kft el\u0151sz\u00f6r visszabontotta, majd a pincehelyis\u00e9gek plafonj\u00e1t szigetelt\u00e9k a gy\u0171jtem\u00e9ny nedvesed\u00e9st\u0151l val\u00f3 meg\u00f3v\u00e1sa \u00e9rdek\u00e9ben. A XVIII. sz\u00e1zadban ezen a k\u00f6rny\u00e9ken kisebb t\u00f3 \u00e1llt, \u00e9s b\u00e1r a k\u00f6rny\u00e9ket a v\u00e1ros fejl\u0151d\u00e9se sor\u00e1n lecsapolt\u00e1k, a talajv\u00edz mozg\u00e1sa megmaradt, a felsziv\u00e1rg\u00f3 nedvess\u00e9g ellen pedig v\u00e9deni kell a gy\u0171jtem\u00e9nyt \u2013 h\u00edvta fel a figyelmet dr. Moln\u00e1r L\u00e1szl\u00f3. Ezt k\u00f6vette az \u00faj szerkezeti elemek kialak\u00edt\u00e1sa, a k\u00f6zfalak \u00e1thelyez\u00e9se, \u00e9s a termek elrendez\u00e9se, illetve a bels\u0151 szerel\u00e9si munk\u00e1latok.<\/p>\n<p>A m\u0171szaki \u00e1tad\u00e1st k\u00f6vet\u0151en szakszer\u0171en berendezt\u00e9k \u00e9s elhelyezt\u00e9k az \u00faj, klimatiz\u00e1lt termekben az egyetem 1700-as \u00e9vekre visszamen\u0151 iratanyag\u00e1t<span style=\"font-size: 1rem\">\u00a0<\/span><span style=\"font-size: 1rem\">\u2013 p\u00e9ld\u00e1ul az egyes tan\u00e9vekben v\u00e9gzett orvosok \u00e9s sz\u00fcl\u00e9szn\u0151k t\u00e9teles jegyz\u00e9ke, az egykori orvoskar tan\u00e1cs\u00fcl\u00e9seinek jegyz\u0151k\u00f6nyvei, boncol\u00e1si jegyz\u0151k\u00f6nyvek stb. \u2013, <\/span><span style=\"font-size: 1rem\">\u00a0k\u00fcl\u00f6n termet kapott a muze\u00e1lis t\u00e1rgyak gy\u0171jtem\u00e9nye, ahogyan a hagyat\u00e9kiratok\u00e9 is. Ut\u00f3bbiak k\u00f6z\u00fcl kiemelked\u0151 jelent\u0151s\u00e9g\u0171 Szent\u00e1gothai J\u00e1nos, az Anat\u00f3mai Int\u00e9zet egykori vezet\u0151j\u00e9nek teljes iratanyaga, bele\u00e9rtve a k\u00fclf\u00f6ldi lapokkal, tudom\u00e1nyos test\u00fcletekkel folytatott levelez\u00e9s\u00e9t, de tudom\u00e1nyos cikkek k\u00e9ziratait, el\u0151ad\u00e1sok sz\u00f6veg\u00e9t is \u0151rzi a lev\u00e9lt\u00e1r, ahogyan p\u00e9ld\u00e1ul ifjabb B\u00f3kay J\u00e1nos irathagyat\u00e9ka mellett a n\u00e9vad\u00f3 Semmelweis Ign\u00e1c n\u00e9h\u00e1ny saj\u00e1t irat\u00e1t is. Ut\u00f3bbihoz tartozik p\u00e9ld\u00e1ul k\u00e9t gyermekkori level\u00e9nek fot\u00f3m\u00e1solata, valamint a tud\u00f3s Akad\u00e9mi\u00e1nak \u00edrott level\u00e9nek m\u00e1solata <\/span><span style=\"font-size: 1rem\">is a<\/span><span style=\"font-size: 1rem\"> gyermek\u00e1gyi l\u00e1z k\u00f3rokoz\u00f3j\u00e1nak felfedez\u00e9s\u00e9r\u0151l.<\/span><\/p>\n<p><img loading=\"lazy\" decoding=\"async\" class=\"size-large wp-image-124976 aligncenter\" src=\"https:\/\/semmelweis.hu\/hirek\/files\/2023\/03\/RS169719_GV5A4204-scr-900x600.jpg\" alt=\"\" width=\"753\" height=\"502\" srcset=\"https:\/\/semmelweis.hu\/hirek\/files\/2023\/03\/RS169719_GV5A4204-scr-900x600.jpg 900w, https:\/\/semmelweis.hu\/hirek\/files\/2023\/03\/RS169719_GV5A4204-scr-400x267.jpg 400w, https:\/\/semmelweis.hu\/hirek\/files\/2023\/03\/RS169719_GV5A4204-scr-768x512.jpg 768w, https:\/\/semmelweis.hu\/hirek\/files\/2023\/03\/RS169719_GV5A4204-scr-753x502.jpg 753w, https:\/\/semmelweis.hu\/hirek\/files\/2023\/03\/RS169719_GV5A4204-scr-203x135.jpg 203w, https:\/\/semmelweis.hu\/hirek\/files\/2023\/03\/RS169719_GV5A4204-scr.jpg 1200w\" sizes=\"auto, (max-width: 753px) 100vw, 753px\" \/><\/p>\n<blockquote>\n<p>A lev\u00e9lt\u00e1r val\u00f3j\u00e1ban egy k\u00f6z\u00f6ss\u00e9g eml\u00e9kezet\u00e9t, identit\u00e1s\u00e1nak alapj\u00e1t \u0151rzi, ez a k\u00fcls\u0151 winchester, ha \u00fagy tetszik, csak j\u00f3 esetben id\u0151t\u00e1ll\u00f3bb hordoz\u00f3kon \u0151rzi az inform\u00e1ci\u00f3t\u201d<\/p>\n<\/blockquote>\n<p>\u2013 fogalmazott dr. Moln\u00e1r L\u00e1szl\u00f3. P\u00e9ldak\u00e9nt eml\u00edtette, hogy a legr\u00e9gebbi m\u00e9g fennmaradt, Magyarorsz\u00e1gon 1775-ben kiadott egyetemi k\u00e9pes\u00edt\u0151 oklevelet, amelyet a Semmelweis jogel\u0151dje, a Nagyszombati Egyetem \u00e1ll\u00edtott ki, ugyancsak egy lev\u00e9lt\u00e1r \u0151rzi, m\u00e9ghozz\u00e1 a pozsonyi. Viszont a Semmelweis Egyetem birtok\u00e1ban is van egy eredeti p\u00e9ld\u00e1ny egy 1 \u00e9vvel k\u00e9s\u0151bb ki\u00e1ll\u00edtott seb\u00e9szmesteri oklev\u00e9lb\u0151l.<\/p>\n<p>Mindez a gondos irat\u0151rz\u00e9snek k\u00f6sz\u00f6nhet\u0151, azoknak az ismert \u00e9s n\u00e9vtelen h\u0151s\u00f6knek, akik a magyar t\u00f6rt\u00e9nelem viharai k\u00f6zt is gondot ford\u00edtottak arra, hogy az egyetem t\u00f6rt\u00e9nete nyomon k\u00f6vethet\u0151 legyen. N\u00e9v szerint Dunai Jen\u0151t eml\u00edtette az igazgat\u00f3, aki a k\u00e9t vil\u00e1gh\u00e1bor\u00fa k\u00f6z\u00f6tt v\u00e9g\u00fcl m\u00e1r orvoskari d\u00e9k\u00e1ni hivatalvezet\u0151k\u00e9nt gondoskodott nemcsak a szakszer\u0171 iratkezel\u00e9sr\u0151l, de arr\u00f3l is, hogy a m\u00e1sodik vil\u00e1gh\u00e1bor\u00fa alatt a bomb\u00e1z\u00e1sok kezdetekor a pinc\u00e9be menek\u00edts\u00e9k e dokumentumokat.<\/p>\n<p><img loading=\"lazy\" decoding=\"async\" class=\"alignright size-medium wp-image-124979\" src=\"https:\/\/semmelweis.hu\/hirek\/files\/2023\/03\/RS169737_GV5A4315-scr-400x267.jpg\" alt=\"\" width=\"400\" height=\"267\" srcset=\"https:\/\/semmelweis.hu\/hirek\/files\/2023\/03\/RS169737_GV5A4315-scr-400x267.jpg 400w, https:\/\/semmelweis.hu\/hirek\/files\/2023\/03\/RS169737_GV5A4315-scr-900x600.jpg 900w, https:\/\/semmelweis.hu\/hirek\/files\/2023\/03\/RS169737_GV5A4315-scr-768x512.jpg 768w, https:\/\/semmelweis.hu\/hirek\/files\/2023\/03\/RS169737_GV5A4315-scr-753x502.jpg 753w, https:\/\/semmelweis.hu\/hirek\/files\/2023\/03\/RS169737_GV5A4315-scr-203x135.jpg 203w, https:\/\/semmelweis.hu\/hirek\/files\/2023\/03\/RS169737_GV5A4315-scr.jpg 1200w\" sizes=\"auto, (max-width: 400px) 100vw, 400px\" \/>A lev\u00e9lt\u00e1r t\u00e1rgyi eml\u00e9kei k\u00f6z\u00f6tt \u0151rzik \u2013 az els\u0151 kari\u00a0<span style=\"font-size: 1rem\">pecs\u00e9tnyom\u00f3t, amelyet a <\/span><span style=\"font-size: 1rem\">seb\u00e9sz-, gy\u00f3gyszer\u00e9sz \u00e9s b\u00e1baoklevelek ki\u00e1ll\u00edt\u00e1s\u00e1hoz haszn\u00e1ltak, sok sz\u00e1z fot\u00f3, eml\u00e9k\u00e9rme, vagy \u00e9pp H\u0151gyes Endre fecskend\u0151je mellett \u2013 azt a b\u0151r\u00f6nd\u00f6t is, amelyben egy ismeretlen egyetemi dolgoz\u00f3 1944-ben, a szovjet ostromz\u00e1r bez\u00e1rulta el\u0151tt Dunapatajra, egy sz\u00e1m\u00e1ra ismer\u0151s csal\u00e1dhoz menek\u00edtett sz\u00e1mos \u00e9rt\u00e9kes iratot a XVIII. sz\u00e1zadt\u00f3l eg\u00e9sz 1941-ig bez\u00e1r\u00f3lag. Nem tudjuk, ki volt \u0151, de m\u00e1r nem ment vissza a b\u0151r\u00f6nd\u00e9rt, amely v\u00e9g\u00fcl 1999-ben ker\u00fclt vissza az egyetemhez \u2013 id\u00e9zte fel dr. Moln\u00e1r L\u00e1szl\u00f3.<\/span><\/p>\n<p>Az \u00e1tad\u00f3n az igazgat\u00f3 k\u00f6sz\u00f6netet mondott a jelenlegi mellett k\u00e9t kor\u00e1bbi rektornak is a gy\u0171jtem\u00e9ny gondoz\u00e1s\u00e1nak folyamatos t\u00e1mogat\u00e1s\u00e1\u00e9rt: annak idej\u00e9n dr. Sz\u00f6gi L\u00e1szl\u00f3 szorgalmaz\u00e1s\u00e1ra d\u00f6nt\u00f6ttek az addig iratt\u00e1rakban \u0151rz\u00f6tt dokumentumvagyon rendez\u00e9s\u00e9r\u0151l, majd dr. R\u00e9thelyi Mikl\u00f3s hat\u00e1rozott a lev\u00e9lt\u00e1r l\u00e9trehoz\u00e1s\u00e1r\u00f3l, dr. S\u00f3tonyi P\u00e9ter pedig orvost\u00f6rt\u00e9neti \u00e9s egyetemt\u00f6rt\u00e9neti \u00e9rdekl\u0151d\u00e9se miatt is elk\u00f6telezett patr\u00f3nusa volt az int\u00e9zm\u00e9nynek. A kari iratt\u00e1r, t\u00f6rt\u00e9neti iratt\u00e1r 146 iratfoly\u00f3m\u00e9ternyi gy\u0171jtem\u00e9ny\u00e9nek rendez\u00e9s\u00e9t k\u00f6vet\u0151en dr. Sz\u00f6gi L\u00e1szl\u00f3 jelentette meg az els\u0151 repert\u00f3riumot az egyetemi lev\u00e9lt\u00e1rban \u0151rz\u00f6tt eml\u00e9kekr\u0151l 1982-ben. Ezt sz\u00e1m\u00edtj\u00e1k a lev\u00e9lt\u00e1r t\u00f6rzsanyag\u00e1nak. M\u00e1ra a gy\u0171jtem\u00e9ny nagys\u00e1ga meghaladja a 700 iratfoly\u00f3m\u00e9tert \u2013 jegyezte meg az igazgat\u00f3, aki mintegy 15 \u00e9vig egyed\u00fcl gondozta a lev\u00e9lt\u00e1rat, \u00e9s csak k\u00e9s\u0151bb b\u0151v\u00fclt n\u00e9gyre a dolgoz\u00f3k l\u00e9tsz\u00e1ma.<\/p>\n<p>A k\u00f6vetkez\u0151 \u00e9vek legfontosabb feladata, hogy az elm\u00falt \u00e9vek helysz\u0171ke miatt \u00e1t nem vett iratanyag\u00e1t bek\u00e9rj\u00fck az egyes karokt\u00f3l \u00e9s klinik\u00e1kt\u00f3l, majd szakszer\u0171 feldolgoz\u00e1st, katalogiz\u00e1l\u00e1st k\u00f6vet\u0151en meg\u0151rizz\u00fck az ut\u00f3kornak \u2013 mondta el honlapunknak dr. Moln\u00e1r L\u00e1szl\u00f3. A lev\u00e9lt\u00e1rnak ugyanis 15 \u00e9vi iratt\u00e1roz\u00e1s ut\u00e1n k\u00f6telez\u0151en \u00e1t kell vennie a gy\u0171jt\u0151k\u00f6rb\u0151l sz\u00e1rmaz\u00f3 dokumentumokat.<\/p>\n<blockquote>\n<p>Potenci\u00e1lisan tov\u00e1bbi 500-600 iratfoly\u00f3m\u00e9ternyi dokumentumnak van m\u00e9g hely a most kialak\u00edtott termekben, ez a mostani digitaliz\u00e1ci\u00f3s folyamatokat is figyelembe v\u00e9ve sz\u00e1m\u00edt\u00e1saim szerint 10-15 \u00e9v alatt telhet be\u201d<\/p>\n<\/blockquote>\n<p>\u2013 tette hozz\u00e1 az igazgat\u00f3. A lev\u00e9lt\u00e1r idei k\u00f6lts\u00e9gvet\u00e9se fedezi k\u00e9t terem teljes mobil\u00e1llv\u00e1nyoz\u00e1s\u00e1t, ahova az elmaradt \u00e1tv\u00e9telek ker\u00fclhetnek. Emellett jelenleg is dolgoznak a nemr\u00e9g k\u00f6zponti k\u00f6lts\u00e9gvet\u00e9si t\u00e1mogat\u00e1sb\u00f3l az Arcanummal k\u00f6z\u00f6sen megval\u00f3s\u00edtott Hungaricana projekt keret\u00e9ben azon, hogy a digit\u00e1lisan k\u00f6zkinccs\u00e9 tett 1896-1970 k\u00f6z\u00f6tti egyetemi d\u00f6nt\u00e9shoz\u00f3i jegyz\u0151k\u00f6nyvek kereshet\u0151v\u00e9 v\u00e1ljanak, \u00e9s elk\u00e9sz\u00fcljenek a k\u00e9s\u0151bbi t\u00f6rt\u00e9neti kutat\u00e1sokat seg\u00edt\u0151 napirendi jegyz\u00e9kek. A k\u00f6zgy\u0171jtem\u00e9nyi digitaliz\u00e1l\u00e1si programban az egyetemi k\u00f6nyvt\u00e1r is r\u00e9szt vett, sz\u00e1mos klasszikus orvosi k\u00f6nyvet digitaliz\u00e1ltak.<\/p>\n<p>A legt\u00f6bbsz\u00f6r int\u00e9zm\u00e9nyt\u00f6rt\u00e9neti \u00e9s csal\u00e1dt\u00f6rt\u00e9neti kutat\u00e1sokhoz veszik ig\u00e9nybe az egyetemi lev\u00e9lt\u00e1r szolg\u00e1ltat\u00e1sait, illetve akkor, amikor valamelyik int\u00e9zm\u00e9nynek, k\u00e9pz\u00e9snek, jeles esem\u00e9nynek \u00e9vfordul\u00f3ja van. Legut\u00f3bb az International 40 esem\u00e9nysorozat kapcs\u00e1n kerest\u00e9k el\u0151 a r\u00e9gi dokumentumokat \u2013 ezzel kapcsolatban az igazgat\u00f3 megjegyzete: n\u00e9met nyelv\u0171 k\u00e9pz\u00e9sek ind\u00edt\u00e1s\u00e1ra kor\u00e1bban m\u00e1r t\u00f6bbsz\u00f6r volt p\u00e9lda, hiszen az 1830-as \u00e9vekben k\u00fcl\u00f6n volt n\u00e9met \u00e9s magyar tannyelv\u0171 seb\u00e9szmesteri \u00e9s gy\u00f3gyszer\u00e9sz k\u00e9pz\u00e9s is, de az 1950-es \u00e9vek v\u00e9g\u00e9n is volt NDK-s di\u00e1kok sz\u00e1m\u00e1ra ind\u00edtott k\u00e9pz\u00e9s. Mag\u00e1nszem\u00e9lyek r\u00e9sz\u00e9r\u0151l pedig a legjelent\u0151sebb \u00e9rdekl\u0151d\u00e9s a csal\u00e1dt\u00f6rt\u00e9net ir\u00e1nt mutatkozik: sz\u00e1mos megkeres\u00e9s \u00e9rkezik ak\u00e1r k\u00fclf\u00f6ldr\u0151l is egykori orvos felmen\u0151k ut\u00e1n \u00e9rdekl\u0151dve \u2013 tette hozz\u00e1 dr. Moln\u00e1r L\u00e1szl\u00f3.<\/p>\n<p>A gy\u0171jtem\u00e9ny tov\u00e1bbi b\u0151v\u00fcl\u00e9s\u00e9t els\u0151sorban a szem\u00e9lyi hagyat\u00e9kok biztos\u00edthatj\u00e1k majd. Az igazgat\u00f3 szerint akadnak professzorok, akik m\u00e1r \u00e9let\u00fckben elkezdt\u00e9k a szakmai hagyat\u00e9kuk rendez\u00e9s\u00e9t, \u00e9s id\u0151r\u0151l-id\u0151re \u00e9rkezik t\u0151l\u00fck \u00fajabb iratanyag. Tov\u00e1bbi, k\u00e9t-h\u00e1rom \u00e9ves id\u0151t\u00e1von a terveik k\u00f6z\u00f6tt szerepel a lev\u00e9lt\u00e1rban \u0151rz\u00f6tt t\u00e1rgyi eml\u00e9kekb\u0151l \u2013 amelyeket a 250. \u00e9vfordul\u00f3ra az Orvost\u00f6rt\u00e9neti M\u00fazeumban rendezett ki\u00e1ll\u00edt\u00e1son is l\u00e1thattak az \u00e9rdekl\u0151d\u0151k \u2013 egy \u00e1lland\u00f3 egyetemt\u00f6rt\u00e9neti ki\u00e1ll\u00edt\u00e1s szervez\u00e9se az \u00e9p\u00fclet egyik egyel\u0151re m\u00e9g \u00fcres term\u00e9ben.<\/p>\n\r\n        [slb_exclude]\r\n        <div class=\"row galeria-wrapper mx-0 h-auto\">\r\n            <div class=\"col-9 pl-0 pr-2\">\r\n            <span class=\"gallery-item frame\">\r\n\t\t\t\t<div class=\"galeria-left-img\"><a href=\"https:\/\/semmelweis.hu\/hirek\/files\/2023\/03\/RS169741_GV5A4361-scr.jpg\"><img src=https:\/\/semmelweis.hu\/hirek\/files\/2023\/03\/RS169741_GV5A4361-scr.jpg  \r\n                            alt=\"\" \r\n                            class=\"attachment-sote-gallery-big size-sote-gallery-big\" \r\n                            srcset=\"https:\/\/semmelweis.hu\/hirek\/files\/2023\/03\/RS169741_GV5A4361-scr-400x267.jpg 400w, https:\/\/semmelweis.hu\/hirek\/files\/2023\/03\/RS169741_GV5A4361-scr-900x600.jpg 900w, https:\/\/semmelweis.hu\/hirek\/files\/2023\/03\/RS169741_GV5A4361-scr-768x512.jpg 768w, https:\/\/semmelweis.hu\/hirek\/files\/2023\/03\/RS169741_GV5A4361-scr-753x502.jpg 753w, https:\/\/semmelweis.hu\/hirek\/files\/2023\/03\/RS169741_GV5A4361-scr-203x135.jpg 203w, https:\/\/semmelweis.hu\/hirek\/files\/2023\/03\/RS169741_GV5A4361-scr.jpg 1200w\" ><\/a><\/div>\r\n            <\/span>\r\n\r\n            <\/div>\r\n\r\n\t\t\t<div class=\"col-3 pl-0 pr-0\">\r\n\t\t\t\t<div class=\"galeria-right-img d-flex justify-content-between flex-column h-100 w-100 px-0 mx-0 \">\r\n                <div class=\"galeria-box\">\r\n\t\t\t\t\t<h3 class=\"galeria-title\">Gal\u00e9ria<\/h3>\r\n\t\t\t\t\t<div class=\"galeria-subtitle\">\r\n\r\n\t\t\t\t\t\t<div class=\"galeria-page-counter\"><span>20<\/span>k\u00e9p<\/div>\r\n                    <\/div> <\/div>\r\n                    <span class=\"gallery-item frame d-none d-md-flex\">\r\n\t\t\t\t\t<div class=\"galeria-small-img mt-0\"><a href=\"https:\/\/semmelweis.hu\/hirek\/files\/2023\/03\/RS169714_GV5A4193-scr.jpg\"><img src=https:\/\/semmelweis.hu\/hirek\/files\/2023\/03\/RS169714_GV5A4193-scr.jpg \r\n                                alt=\"\"  \r\n                                class=\"attachment-sote-gallery-small size-sote-gallery-small\" \r\n                                srcset=\"https:\/\/semmelweis.hu\/hirek\/files\/2023\/03\/RS169714_GV5A4193-scr-400x267.jpg 400w, https:\/\/semmelweis.hu\/hirek\/files\/2023\/03\/RS169714_GV5A4193-scr-900x600.jpg 900w, https:\/\/semmelweis.hu\/hirek\/files\/2023\/03\/RS169714_GV5A4193-scr-768x512.jpg 768w, https:\/\/semmelweis.hu\/hirek\/files\/2023\/03\/RS169714_GV5A4193-scr-753x502.jpg 753w, https:\/\/semmelweis.hu\/hirek\/files\/2023\/03\/RS169714_GV5A4193-scr-203x135.jpg 203w, https:\/\/semmelweis.hu\/hirek\/files\/2023\/03\/RS169714_GV5A4193-scr.jpg 1200w\" ><\/a><\/div>\r\n                    <\/span>\r\n                    <span class=\"gallery-item frame d-none d-md-flex\">\r\n\t\t\t\t\t<div class=\"galeria-small-img mt-0\"><a href=\"https:\/\/semmelweis.hu\/hirek\/files\/2023\/03\/RS169756_GV5A4469-scr.jpg\"><img src=https:\/\/semmelweis.hu\/hirek\/files\/2023\/03\/RS169756_GV5A4469-scr.jpg \r\n                                alt=\"\" \r\n                                class=\"attachment-sote-gallery-small size-sote-gallery-small\" \r\n                                srcset=\"https:\/\/semmelweis.hu\/hirek\/files\/2023\/03\/RS169756_GV5A4469-scr-400x267.jpg 400w, https:\/\/semmelweis.hu\/hirek\/files\/2023\/03\/RS169756_GV5A4469-scr-900x600.jpg 900w, https:\/\/semmelweis.hu\/hirek\/files\/2023\/03\/RS169756_GV5A4469-scr-768x512.jpg 768w, https:\/\/semmelweis.hu\/hirek\/files\/2023\/03\/RS169756_GV5A4469-scr-753x502.jpg 753w, https:\/\/semmelweis.hu\/hirek\/files\/2023\/03\/RS169756_GV5A4469-scr-203x135.jpg 203w, https:\/\/semmelweis.hu\/hirek\/files\/2023\/03\/RS169756_GV5A4469-scr.jpg 1200w\" ><\/a><\/div>\r\n                    <\/span>\r\n\r\n                <\/div>\r\n\r\n            <\/div>\r\n\r\n            <span class=\"gallery-item\"><div class=\"hidden\"><a href=\"https:\/\/semmelweis.hu\/hirek\/files\/2023\/03\/RS169728_GV5A4242-scr.jpg\">\r\n        <img src=https:\/\/semmelweis.hu\/hirek\/files\/2023\/03\/RS169728_GV5A4242-scr.jpg alt=\"\" class=\"attachment-sote-gallery-big size-sote-gallery-big\" srcset=\"https:\/\/semmelweis.hu\/hirek\/files\/2023\/03\/RS169728_GV5A4242-scr-400x267.jpg 400w, https:\/\/semmelweis.hu\/hirek\/files\/2023\/03\/RS169728_GV5A4242-scr-900x600.jpg 900w, https:\/\/semmelweis.hu\/hirek\/files\/2023\/03\/RS169728_GV5A4242-scr-768x512.jpg 768w, https:\/\/semmelweis.hu\/hirek\/files\/2023\/03\/RS169728_GV5A4242-scr-753x502.jpg 753w, https:\/\/semmelweis.hu\/hirek\/files\/2023\/03\/RS169728_GV5A4242-scr-203x135.jpg 203w, https:\/\/semmelweis.hu\/hirek\/files\/2023\/03\/RS169728_GV5A4242-scr.jpg 1200w\" >\r\n        <\/a><\/div><\/span><span class=\"gallery-item\"><div class=\"hidden\"><a href=\"https:\/\/semmelweis.hu\/hirek\/files\/2023\/03\/RS169743_GV5A4391-scr.jpg\">\r\n        <img src=https:\/\/semmelweis.hu\/hirek\/files\/2023\/03\/RS169743_GV5A4391-scr.jpg alt=\"\" class=\"attachment-sote-gallery-big size-sote-gallery-big\" srcset=\"https:\/\/semmelweis.hu\/hirek\/files\/2023\/03\/RS169743_GV5A4391-scr-400x267.jpg 400w, https:\/\/semmelweis.hu\/hirek\/files\/2023\/03\/RS169743_GV5A4391-scr-900x600.jpg 900w, https:\/\/semmelweis.hu\/hirek\/files\/2023\/03\/RS169743_GV5A4391-scr-768x512.jpg 768w, https:\/\/semmelweis.hu\/hirek\/files\/2023\/03\/RS169743_GV5A4391-scr-753x502.jpg 753w, https:\/\/semmelweis.hu\/hirek\/files\/2023\/03\/RS169743_GV5A4391-scr-203x135.jpg 203w, https:\/\/semmelweis.hu\/hirek\/files\/2023\/03\/RS169743_GV5A4391-scr.jpg 1200w\" >\r\n        <\/a><\/div><\/span><span class=\"gallery-item\"><div class=\"hidden\"><a href=\"https:\/\/semmelweis.hu\/hirek\/files\/2023\/03\/RS169747_GV5A4413-scr.jpg\">\r\n        <img src=https:\/\/semmelweis.hu\/hirek\/files\/2023\/03\/RS169747_GV5A4413-scr.jpg alt=\"\" class=\"attachment-sote-gallery-big size-sote-gallery-big\" srcset=\"https:\/\/semmelweis.hu\/hirek\/files\/2023\/03\/RS169747_GV5A4413-scr-400x267.jpg 400w, https:\/\/semmelweis.hu\/hirek\/files\/2023\/03\/RS169747_GV5A4413-scr-900x600.jpg 900w, https:\/\/semmelweis.hu\/hirek\/files\/2023\/03\/RS169747_GV5A4413-scr-768x512.jpg 768w, https:\/\/semmelweis.hu\/hirek\/files\/2023\/03\/RS169747_GV5A4413-scr-753x502.jpg 753w, https:\/\/semmelweis.hu\/hirek\/files\/2023\/03\/RS169747_GV5A4413-scr-203x135.jpg 203w, https:\/\/semmelweis.hu\/hirek\/files\/2023\/03\/RS169747_GV5A4413-scr.jpg 1200w\" >\r\n        <\/a><\/div><\/span><span class=\"gallery-item\"><div class=\"hidden\"><a href=\"https:\/\/semmelweis.hu\/hirek\/files\/2023\/03\/RS169751_GV5A4441-scr.jpg\">\r\n        <img src=https:\/\/semmelweis.hu\/hirek\/files\/2023\/03\/RS169751_GV5A4441-scr.jpg alt=\"\" class=\"attachment-sote-gallery-big size-sote-gallery-big\" srcset=\"https:\/\/semmelweis.hu\/hirek\/files\/2023\/03\/RS169751_GV5A4441-scr-400x267.jpg 400w, https:\/\/semmelweis.hu\/hirek\/files\/2023\/03\/RS169751_GV5A4441-scr-900x600.jpg 900w, https:\/\/semmelweis.hu\/hirek\/files\/2023\/03\/RS169751_GV5A4441-scr-768x512.jpg 768w, https:\/\/semmelweis.hu\/hirek\/files\/2023\/03\/RS169751_GV5A4441-scr-753x502.jpg 753w, https:\/\/semmelweis.hu\/hirek\/files\/2023\/03\/RS169751_GV5A4441-scr-203x135.jpg 203w, https:\/\/semmelweis.hu\/hirek\/files\/2023\/03\/RS169751_GV5A4441-scr.jpg 1200w\" >\r\n        <\/a><\/div><\/span><span class=\"gallery-item\"><div class=\"hidden\"><a href=\"https:\/\/semmelweis.hu\/hirek\/files\/2023\/03\/RS169716_GV5A4196-scr.jpg\">\r\n        <img src=https:\/\/semmelweis.hu\/hirek\/files\/2023\/03\/RS169716_GV5A4196-scr.jpg alt=\"\" class=\"attachment-sote-gallery-big size-sote-gallery-big\" srcset=\"https:\/\/semmelweis.hu\/hirek\/files\/2023\/03\/RS169716_GV5A4196-scr-400x267.jpg 400w, https:\/\/semmelweis.hu\/hirek\/files\/2023\/03\/RS169716_GV5A4196-scr-900x600.jpg 900w, https:\/\/semmelweis.hu\/hirek\/files\/2023\/03\/RS169716_GV5A4196-scr-768x512.jpg 768w, https:\/\/semmelweis.hu\/hirek\/files\/2023\/03\/RS169716_GV5A4196-scr-753x502.jpg 753w, https:\/\/semmelweis.hu\/hirek\/files\/2023\/03\/RS169716_GV5A4196-scr-203x135.jpg 203w, https:\/\/semmelweis.hu\/hirek\/files\/2023\/03\/RS169716_GV5A4196-scr.jpg 1200w\" >\r\n        <\/a><\/div><\/span><span class=\"gallery-item\"><div class=\"hidden\"><a href=\"https:\/\/semmelweis.hu\/hirek\/files\/2023\/03\/RS169707_GV5A4179-scr.jpg\">\r\n        <img src=https:\/\/semmelweis.hu\/hirek\/files\/2023\/03\/RS169707_GV5A4179-scr.jpg alt=\"\" class=\"attachment-sote-gallery-big size-sote-gallery-big\" srcset=\"https:\/\/semmelweis.hu\/hirek\/files\/2023\/03\/RS169707_GV5A4179-scr-400x267.jpg 400w, https:\/\/semmelweis.hu\/hirek\/files\/2023\/03\/RS169707_GV5A4179-scr-900x600.jpg 900w, https:\/\/semmelweis.hu\/hirek\/files\/2023\/03\/RS169707_GV5A4179-scr-768x512.jpg 768w, https:\/\/semmelweis.hu\/hirek\/files\/2023\/03\/RS169707_GV5A4179-scr-753x502.jpg 753w, https:\/\/semmelweis.hu\/hirek\/files\/2023\/03\/RS169707_GV5A4179-scr-203x135.jpg 203w, https:\/\/semmelweis.hu\/hirek\/files\/2023\/03\/RS169707_GV5A4179-scr.jpg 1200w\" >\r\n        <\/a><\/div><\/span><span class=\"gallery-item\"><div class=\"hidden\"><a href=\"https:\/\/semmelweis.hu\/hirek\/files\/2023\/03\/RS169718_GV5A4203-scr.jpg\">\r\n        <img src=https:\/\/semmelweis.hu\/hirek\/files\/2023\/03\/RS169718_GV5A4203-scr.jpg alt=\"\" class=\"attachment-sote-gallery-big size-sote-gallery-big\" srcset=\"https:\/\/semmelweis.hu\/hirek\/files\/2023\/03\/RS169718_GV5A4203-scr-400x267.jpg 400w, https:\/\/semmelweis.hu\/hirek\/files\/2023\/03\/RS169718_GV5A4203-scr-900x600.jpg 900w, https:\/\/semmelweis.hu\/hirek\/files\/2023\/03\/RS169718_GV5A4203-scr-768x512.jpg 768w, https:\/\/semmelweis.hu\/hirek\/files\/2023\/03\/RS169718_GV5A4203-scr-753x502.jpg 753w, https:\/\/semmelweis.hu\/hirek\/files\/2023\/03\/RS169718_GV5A4203-scr-203x135.jpg 203w, https:\/\/semmelweis.hu\/hirek\/files\/2023\/03\/RS169718_GV5A4203-scr.jpg 1200w\" >\r\n        <\/a><\/div><\/span><span class=\"gallery-item\"><div class=\"hidden\"><a href=\"https:\/\/semmelweis.hu\/hirek\/files\/2023\/03\/RS169708_GV5A4181-scr.jpg\">\r\n        <img src=https:\/\/semmelweis.hu\/hirek\/files\/2023\/03\/RS169708_GV5A4181-scr.jpg alt=\"\" class=\"attachment-sote-gallery-big size-sote-gallery-big\" srcset=\"https:\/\/semmelweis.hu\/hirek\/files\/2023\/03\/RS169708_GV5A4181-scr-400x267.jpg 400w, https:\/\/semmelweis.hu\/hirek\/files\/2023\/03\/RS169708_GV5A4181-scr-900x600.jpg 900w, https:\/\/semmelweis.hu\/hirek\/files\/2023\/03\/RS169708_GV5A4181-scr-768x512.jpg 768w, https:\/\/semmelweis.hu\/hirek\/files\/2023\/03\/RS169708_GV5A4181-scr-753x502.jpg 753w, https:\/\/semmelweis.hu\/hirek\/files\/2023\/03\/RS169708_GV5A4181-scr-203x135.jpg 203w, https:\/\/semmelweis.hu\/hirek\/files\/2023\/03\/RS169708_GV5A4181-scr.jpg 1200w\" >\r\n        <\/a><\/div><\/span><span class=\"gallery-item\"><div class=\"hidden\"><a href=\"https:\/\/semmelweis.hu\/hirek\/files\/2023\/03\/RS169710_GV5A4183-scr.jpg\">\r\n        <img src=https:\/\/semmelweis.hu\/hirek\/files\/2023\/03\/RS169710_GV5A4183-scr.jpg alt=\"\" class=\"attachment-sote-gallery-big size-sote-gallery-big\" srcset=\"https:\/\/semmelweis.hu\/hirek\/files\/2023\/03\/RS169710_GV5A4183-scr-400x267.jpg 400w, https:\/\/semmelweis.hu\/hirek\/files\/2023\/03\/RS169710_GV5A4183-scr-900x600.jpg 900w, https:\/\/semmelweis.hu\/hirek\/files\/2023\/03\/RS169710_GV5A4183-scr-768x512.jpg 768w, https:\/\/semmelweis.hu\/hirek\/files\/2023\/03\/RS169710_GV5A4183-scr-753x502.jpg 753w, https:\/\/semmelweis.hu\/hirek\/files\/2023\/03\/RS169710_GV5A4183-scr-203x135.jpg 203w, https:\/\/semmelweis.hu\/hirek\/files\/2023\/03\/RS169710_GV5A4183-scr.jpg 1200w\" >\r\n        <\/a><\/div><\/span><span class=\"gallery-item\"><div class=\"hidden\"><a href=\"https:\/\/semmelweis.hu\/hirek\/files\/2023\/03\/RS169725_GV5A4228-scr.jpg\">\r\n        <img src=https:\/\/semmelweis.hu\/hirek\/files\/2023\/03\/RS169725_GV5A4228-scr.jpg alt=\"\" class=\"attachment-sote-gallery-big size-sote-gallery-big\" srcset=\"https:\/\/semmelweis.hu\/hirek\/files\/2023\/03\/RS169725_GV5A4228-scr-400x267.jpg 400w, https:\/\/semmelweis.hu\/hirek\/files\/2023\/03\/RS169725_GV5A4228-scr-900x600.jpg 900w, https:\/\/semmelweis.hu\/hirek\/files\/2023\/03\/RS169725_GV5A4228-scr-768x512.jpg 768w, https:\/\/semmelweis.hu\/hirek\/files\/2023\/03\/RS169725_GV5A4228-scr-753x502.jpg 753w, https:\/\/semmelweis.hu\/hirek\/files\/2023\/03\/RS169725_GV5A4228-scr-203x135.jpg 203w, https:\/\/semmelweis.hu\/hirek\/files\/2023\/03\/RS169725_GV5A4228-scr.jpg 1200w\" >\r\n        <\/a><\/div><\/span><span class=\"gallery-item\"><div class=\"hidden\"><a href=\"https:\/\/semmelweis.hu\/hirek\/files\/2023\/03\/RS169703_GV5A4173-scr.jpg\">\r\n        <img src=https:\/\/semmelweis.hu\/hirek\/files\/2023\/03\/RS169703_GV5A4173-scr.jpg alt=\"\" class=\"attachment-sote-gallery-big size-sote-gallery-big\" srcset=\"https:\/\/semmelweis.hu\/hirek\/files\/2023\/03\/RS169703_GV5A4173-scr-400x267.jpg 400w, https:\/\/semmelweis.hu\/hirek\/files\/2023\/03\/RS169703_GV5A4173-scr-900x600.jpg 900w, https:\/\/semmelweis.hu\/hirek\/files\/2023\/03\/RS169703_GV5A4173-scr-768x512.jpg 768w, https:\/\/semmelweis.hu\/hirek\/files\/2023\/03\/RS169703_GV5A4173-scr-753x502.jpg 753w, https:\/\/semmelweis.hu\/hirek\/files\/2023\/03\/RS169703_GV5A4173-scr-203x135.jpg 203w, https:\/\/semmelweis.hu\/hirek\/files\/2023\/03\/RS169703_GV5A4173-scr.jpg 1200w\" >\r\n        <\/a><\/div><\/span><span class=\"gallery-item\"><div class=\"hidden\"><a href=\"https:\/\/semmelweis.hu\/hirek\/files\/2023\/03\/RS169706_GV5A4178-scr.jpg\">\r\n        <img src=https:\/\/semmelweis.hu\/hirek\/files\/2023\/03\/RS169706_GV5A4178-scr.jpg alt=\"\" class=\"attachment-sote-gallery-big size-sote-gallery-big\" srcset=\"https:\/\/semmelweis.hu\/hirek\/files\/2023\/03\/RS169706_GV5A4178-scr-400x267.jpg 400w, https:\/\/semmelweis.hu\/hirek\/files\/2023\/03\/RS169706_GV5A4178-scr-900x600.jpg 900w, https:\/\/semmelweis.hu\/hirek\/files\/2023\/03\/RS169706_GV5A4178-scr-768x512.jpg 768w, https:\/\/semmelweis.hu\/hirek\/files\/2023\/03\/RS169706_GV5A4178-scr-753x502.jpg 753w, https:\/\/semmelweis.hu\/hirek\/files\/2023\/03\/RS169706_GV5A4178-scr-203x135.jpg 203w, https:\/\/semmelweis.hu\/hirek\/files\/2023\/03\/RS169706_GV5A4178-scr.jpg 1200w\" >\r\n        <\/a><\/div><\/span><span class=\"gallery-item\"><div class=\"hidden\"><a href=\"https:\/\/semmelweis.hu\/hirek\/files\/2023\/03\/RS169719_GV5A4204-scr.jpg\">\r\n        <img src=https:\/\/semmelweis.hu\/hirek\/files\/2023\/03\/RS169719_GV5A4204-scr.jpg alt=\"\" class=\"attachment-sote-gallery-big size-sote-gallery-big\" srcset=\"https:\/\/semmelweis.hu\/hirek\/files\/2023\/03\/RS169719_GV5A4204-scr-400x267.jpg 400w, https:\/\/semmelweis.hu\/hirek\/files\/2023\/03\/RS169719_GV5A4204-scr-900x600.jpg 900w, https:\/\/semmelweis.hu\/hirek\/files\/2023\/03\/RS169719_GV5A4204-scr-768x512.jpg 768w, https:\/\/semmelweis.hu\/hirek\/files\/2023\/03\/RS169719_GV5A4204-scr-753x502.jpg 753w, https:\/\/semmelweis.hu\/hirek\/files\/2023\/03\/RS169719_GV5A4204-scr-203x135.jpg 203w, https:\/\/semmelweis.hu\/hirek\/files\/2023\/03\/RS169719_GV5A4204-scr.jpg 1200w\" >\r\n        <\/a><\/div><\/span><span class=\"gallery-item\"><div class=\"hidden\"><a href=\"https:\/\/semmelweis.hu\/hirek\/files\/2023\/03\/RS169731_GV5A4261-scr.jpg\">\r\n        <img src=https:\/\/semmelweis.hu\/hirek\/files\/2023\/03\/RS169731_GV5A4261-scr.jpg alt=\"\" class=\"attachment-sote-gallery-big size-sote-gallery-big\" srcset=\"https:\/\/semmelweis.hu\/hirek\/files\/2023\/03\/RS169731_GV5A4261-scr-309x400.jpg 309w, https:\/\/semmelweis.hu\/hirek\/files\/2023\/03\/RS169731_GV5A4261-scr-619x800.jpg 619w, https:\/\/semmelweis.hu\/hirek\/files\/2023\/03\/RS169731_GV5A4261-scr.jpg 696w\" >\r\n        <\/a><\/div><\/span><span class=\"gallery-item\"><div class=\"hidden\"><a href=\"https:\/\/semmelweis.hu\/hirek\/files\/2023\/03\/RS169749_GV5A4424-scr.jpg\">\r\n        <img src=https:\/\/semmelweis.hu\/hirek\/files\/2023\/03\/RS169749_GV5A4424-scr.jpg alt=\"\" class=\"attachment-sote-gallery-big size-sote-gallery-big\" srcset=\"https:\/\/semmelweis.hu\/hirek\/files\/2023\/03\/RS169749_GV5A4424-scr-400x261.jpg 400w, https:\/\/semmelweis.hu\/hirek\/files\/2023\/03\/RS169749_GV5A4424-scr-900x587.jpg 900w, https:\/\/semmelweis.hu\/hirek\/files\/2023\/03\/RS169749_GV5A4424-scr-768x501.jpg 768w, https:\/\/semmelweis.hu\/hirek\/files\/2023\/03\/RS169749_GV5A4424-scr-753x491.jpg 753w, https:\/\/semmelweis.hu\/hirek\/files\/2023\/03\/RS169749_GV5A4424-scr.jpg 1200w\" >\r\n        <\/a><\/div><\/span><span class=\"gallery-item\"><div class=\"hidden\"><a href=\"https:\/\/semmelweis.hu\/hirek\/files\/2023\/03\/RS169724_GV5A4224-scr.jpg\">\r\n        <img src=https:\/\/semmelweis.hu\/hirek\/files\/2023\/03\/RS169724_GV5A4224-scr.jpg alt=\"\" class=\"attachment-sote-gallery-big size-sote-gallery-big\" srcset=\"https:\/\/semmelweis.hu\/hirek\/files\/2023\/03\/RS169724_GV5A4224-scr-400x267.jpg 400w, https:\/\/semmelweis.hu\/hirek\/files\/2023\/03\/RS169724_GV5A4224-scr-900x600.jpg 900w, https:\/\/semmelweis.hu\/hirek\/files\/2023\/03\/RS169724_GV5A4224-scr-768x512.jpg 768w, https:\/\/semmelweis.hu\/hirek\/files\/2023\/03\/RS169724_GV5A4224-scr-753x502.jpg 753w, https:\/\/semmelweis.hu\/hirek\/files\/2023\/03\/RS169724_GV5A4224-scr-203x135.jpg 203w, https:\/\/semmelweis.hu\/hirek\/files\/2023\/03\/RS169724_GV5A4224-scr.jpg 1200w\" >\r\n        <\/a><\/div><\/span><span class=\"gallery-item\"><div class=\"hidden\"><a href=\"https:\/\/semmelweis.hu\/hirek\/files\/2023\/03\/RS169752_GV5A4447-scr.jpg\">\r\n        <img src=https:\/\/semmelweis.hu\/hirek\/files\/2023\/03\/RS169752_GV5A4447-scr.jpg alt=\"\" class=\"attachment-sote-gallery-big size-sote-gallery-big\" srcset=\"https:\/\/semmelweis.hu\/hirek\/files\/2023\/03\/RS169752_GV5A4447-scr-400x267.jpg 400w, https:\/\/semmelweis.hu\/hirek\/files\/2023\/03\/RS169752_GV5A4447-scr-900x600.jpg 900w, https:\/\/semmelweis.hu\/hirek\/files\/2023\/03\/RS169752_GV5A4447-scr-768x512.jpg 768w, https:\/\/semmelweis.hu\/hirek\/files\/2023\/03\/RS169752_GV5A4447-scr-753x502.jpg 753w, https:\/\/semmelweis.hu\/hirek\/files\/2023\/03\/RS169752_GV5A4447-scr-203x135.jpg 203w, https:\/\/semmelweis.hu\/hirek\/files\/2023\/03\/RS169752_GV5A4447-scr.jpg 1200w\" >\r\n        <\/a><\/div><\/span>\r\n            <\/div>\r\n\r\n            [\/slb_exclude]\r\n\t\n<p>Kiss Melinda Katalin<br \/>\nFot\u00f3: Kov\u00e1cs Attila \u2013 Semmelweis Egyetem<\/p>\n","protected":false},"excerpt":{"rendered":"<p>A Semmelweis Egyetem K\u00f6zponti Lev\u00e9lt\u00e1ra a R\u00f3kus-t\u00f6mbben tal\u00e1lt \u00faj otthonra.<\/p>\n","protected":false},"author":102163,"featured_media":124983,"comment_status":"closed","ping_status":"closed","sticky":false,"template":"","format":"standard","meta":{"_acf_changed":false,"footnotes":""},"categories":[157,168],"tags":[4306,4218],"class_list":["post-124972","post","type-post","status-publish","format-standard","has-post-thumbnail","hentry","category-semmelweis-vilag","category-kiemelt","tag-international-40","tag-semmelweis-250"],"acf":[],"_links":{"self":[{"href":"https:\/\/semmelweis.hu\/hirek\/wp-json\/wp\/v2\/posts\/124972","targetHints":{"allow":["GET"]}}],"collection":[{"href":"https:\/\/semmelweis.hu\/hirek\/wp-json\/wp\/v2\/posts"}],"about":[{"href":"https:\/\/semmelweis.hu\/hirek\/wp-json\/wp\/v2\/types\/post"}],"author":[{"embeddable":true,"href":"https:\/\/semmelweis.hu\/hirek\/wp-json\/wp\/v2\/users\/102163"}],"replies":[{"embeddable":true,"href":"https:\/\/semmelweis.hu\/hirek\/wp-json\/wp\/v2\/comments?post=124972"}],"version-history":[{"count":10,"href":"https:\/\/semmelweis.hu\/hirek\/wp-json\/wp\/v2\/posts\/124972\/revisions"}],"predecessor-version":[{"id":125103,"href":"https:\/\/semmelweis.hu\/hirek\/wp-json\/wp\/v2\/posts\/124972\/revisions\/125103"}],"wp:featuredmedia":[{"embeddable":true,"href":"https:\/\/semmelweis.hu\/hirek\/wp-json\/wp\/v2\/media\/124983"}],"wp:attachment":[{"href":"https:\/\/semmelweis.hu\/hirek\/wp-json\/wp\/v2\/media?parent=124972"}],"wp:term":[{"taxonomy":"category","embeddable":true,"href":"https:\/\/semmelweis.hu\/hirek\/wp-json\/wp\/v2\/categories?post=124972"},{"taxonomy":"post_tag","embeddable":true,"href":"https:\/\/semmelweis.hu\/hirek\/wp-json\/wp\/v2\/tags?post=124972"}],"curies":[{"name":"wp","href":"https:\/\/api.w.org\/{rel}","templated":true}]}}