{"id":124587,"date":"2023-02-24T06:00:46","date_gmt":"2023-02-24T05:00:46","guid":{"rendered":"https:\/\/semmelweis.hu\/hirek\/?p=124587"},"modified":"2023-02-21T08:08:31","modified_gmt":"2023-02-21T07:08:31","slug":"szenior-akademia-fokuszban-a-depresszio","status":"publish","type":"post","link":"https:\/\/semmelweis.hu\/hirek\/2023\/02\/24\/szenior-akademia-fokuszban-a-depresszio\/","title":{"rendered":"Szenior Akad\u00e9mia \u2013 f\u00f3kuszban a depresszi\u00f3"},"content":{"rendered":"<div class=\"lead\">A Semmelweis Egyetem tudom\u00e1nyn\u00e9pszer\u0171s\u00edt\u0151 online el\u0151ad\u00e1ssorozat\u00e1nak, a Szenior Akad\u00e9mia nyolcadik szemeszter\u00e9nek m\u00e1sodik alkalm\u00e1n dr. Rihmer Zolt\u00e1n, a Pszichi\u00e1triai \u00e9s Pszichoter\u00e1pi\u00e1s Klinika munkat\u00e1rsa besz\u00e9lt a depresszi\u00f3r\u00f3l, r\u00e9szletesen bemutatva egyebek mellett a betegs\u00e9g jellemz\u0151 t\u00fcneteit, a neurobiol\u00f3giai h\u00e1tter\u00e9t \u00e9s a kezel\u00e9si lehet\u0151s\u00e9geket is.<\/div>\n<p>Kiemelte, a depresszi\u00f3 nem egyenl\u0151 a rossz t\u00e1rsadalmi, csal\u00e1di munkahelyi k\u00f6z\u00e9rzeti mindennapi szomor\u00fas\u00e1ggal, rosszkedvvel, hanem orvosi \u00e9rtelemben vett betegs\u00e9g, ami j\u00f3l k\u00f6r\u00fclhat\u00e1rolhat\u00f3 t\u00fcnetekkel, biol\u00f3giai \u00e9s genetikai h\u00e1tt\u00e9rrel rendelkezik. A depresszi\u00f3 okozta t\u00e1rsadalmi szint\u0171 probl\u00e9m\u00e1kat t\u00f6bb nemzetk\u00f6zi \u00e9s hazai felm\u00e9r\u00e9s eredm\u00e9nyeit ismertetve mutatta be, majd a betegs\u00e9g t\u00f6rt\u00e9neti \u00e1ttekint\u00e9s\u00e9t adta. Hangs\u00falyozta, hogy m\u00e1r az \u00d3sz\u00f6vets\u00e9gben t\u00f6bb helyen tal\u00e1lunk a depresszi\u00f3ra vonatkoz\u00f3 le\u00edr\u00e1st, a legismertebb ezek k\u00f6z\u00fcl Saul kir\u00e1ly melank\u00f3li\u00e1ja. Hippokrat\u00e9sz a biol\u00f3giai pszichi\u00e1tria el\u0151fut\u00e1rak\u00e9nt a pszich\u00e9s betegs\u00e9geket a testnedvekkel hozta \u00f6sszef\u00fcgg\u00e9sbe, a fekete ep\u00e9t sejtette a melank\u00f3lia h\u00e1tter\u00e9ben \u2013 ismertette. Fontos \u00e1llom\u00e1sk\u00e9nt eml\u00edtette Robert Burton 1628-as munk\u00e1j\u00e1t, melyben pontosan le\u00edrta az \u00f6nmag\u00e1n \u00e9szlelt depresszi\u00f3s t\u00fcneteket.<\/p>\n<p><iframe loading=\"lazy\" title=\"szenior_akademia_a_depresszio_tunetei_es_kezelese_dr_rihmer_zoltan\" width=\"753\" height=\"424\" src=\"https:\/\/www.youtube.com\/embed\/pofawc5jrJE?feature=oembed\" frameborder=\"0\" allow=\"accelerometer; autoplay; clipboard-write; encrypted-media; gyroscope; picture-in-picture; web-share\" allowfullscreen><\/iframe><\/p>\n<p>Dr. Rihmer Zolt\u00e1n kiemelte, hogy a depresszi\u00f3 s\u00falyos n\u00e9peg\u00e9szs\u00e9g\u00fcgyi probl\u00e9ma, mivel viszonylag gyakori, a diagn\u00f3zis sokszor \u00e9veket vagy ak\u00e1r \u00e9vtizedeket is k\u00e9sik, \u00e9s a gyakori komplik\u00e1ci\u00f3k miatt is nagy anyagi terhet jelent a csal\u00e1dok \u00e9s a t\u00e1rsadalom sz\u00e1m\u00e1ra. Ugyanakkor megfelel\u0151 kezel\u00e9ssel sikeresen gy\u00f3gy\u00edthat\u00f3 betegs\u00e9g \u2013 tette hozz\u00e1.<\/p>\n<p>A professzor r\u00e9szletesen ismertette a major depresszi\u00f3 kilenc t\u00fcnet\u00e9t, amelyek k\u00f6z\u00fcl \u00f6t megl\u00e9te eset\u00e9n betegs\u00e9gr\u0151l besz\u00e9lhet\u00fcnk. Ezek k\u00f6z\u00f6tt van a lehangolts\u00e1g, szomor\u00fas\u00e1g, az \u00e9rdekl\u0151d\u00e9s cs\u00f6kken\u00e9se, \u00f6r\u00f6mtelens\u00e9g \u00e9rz\u00e9se, az \u00e9tv\u00e1gytalans\u00e1g s\u00falycs\u00f6kken\u00e9ssel \u2013 m\u00e1skor fokozott \u00e9tv\u00e1gy, az alv\u00e1s megv\u00e1ltoz\u00e1sa \u2013 alv\u00e1szavar, vagy fokozott alv\u00e1sig\u00e9ny, a motoros nyugtalans\u00e1g vagy szokatlan g\u00e1tolts\u00e1g, a f\u00e1radts\u00e1g, er\u0151tlens\u00e9g, gyenges\u00e9g, az \u00e9rt\u00e9ktelens\u00e9g \u00e9rz\u00e9se, az \u00f6nv\u00e1dl\u00e1s, b\u0171ntudat, a cs\u00f6kkent gondolkod\u00e1si, koncentr\u00e1l\u00e1si \u00e9s d\u00f6nt\u00e9si k\u00e9pess\u00e9g \u00e9s a hal\u00e1llal val\u00f3 foglalkoz\u00e1s, hal\u00e1lv\u00e1gy, \u00f6ngyilkoss\u00e1gi sz\u00e1nd\u00e9k \u2013 mondta el.<\/p>\n<p>Az el\u0151ad\u00f3 a hangulati betegs\u00e9gek feln\u0151tt lakoss\u00e1gban m\u00e9rt gyakoris\u00e1g\u00e1r\u00f3l is besz\u00e9lt. Mint elmondta, minden adott h\u00f3napban a feln\u0151tt lakoss\u00e1g mintegy h\u00e1rom sz\u00e1zal\u00e9ka szenved major depresszi\u00f3ban, \u00e9s ma m\u00e1r ennek a 3 sz\u00e1zal\u00e9knak nagys\u00e1grendileg a fele, vagyis kb. 50 sz\u00e1zal\u00e9kuk r\u00e9szes\u00fcl kezel\u00e9sben. Kiemelte, ez a sz\u00e1m a hetvenes \u00e9vekben m\u00e9g csak 2 sz\u00e1zal\u00e9k volt, ez mutatja az az\u00f3ta bek\u00f6vetkezett fejl\u0151d\u00e9st. A depresszi\u00f3k legfontosabb klinikai jellemz\u0151it is ismertette, majd a rizik\u00f3t\u00e9nyez\u0151k k\u00f6z\u00fcl kiemelte a csal\u00e1don bel\u00fcl el\u0151fordul\u00f3 depresszi\u00f3t, \u00f6ngyilkoss\u00e1got, a s\u00falyos koragyermekkori \u00e9s feln\u0151ttkori negat\u00edv \u00e9letesem\u00e9nyeket, valamint az alkoholizmust \u00e9s a drogf\u00fcgg\u0151s\u00e9get.\u00a0<\/p>\n<p>El\u0151ad\u00e1sban sz\u00f3 esett m\u00e9g egyebek mellett a depresszi\u00f3 kialakul\u00e1s\u00e1nak folyamat\u00e1r\u00f3l, a betegs\u00e9g \u00e9s az \u00f6ngyilkoss\u00e1g k\u00f6z\u00f6tti \u00f6sszef\u00fcgg\u00e9sr\u0151l, a depresszi\u00f3 megfelel\u0151 kezel\u00e9s\u00e9nek \u00f6ngyilkoss\u00e1got kiv\u00e9d\u0151 hat\u00e1s\u00e1r\u00f3l, \u00e9s a megel\u0151z\u00e9s lehet\u0151s\u00e9geir\u0151l, valamint a depresszi\u00f3 kezel\u00e9s\u00e9nek gazdas\u00e1gi vonatkoz\u00e1sair\u00f3l is.<\/p>\n<div class=\"keretes w-100\">\n<p>Dr. Rihmer Zolt\u00e1n, Sz\u00e9chenyi-d\u00edjas c\u00edmzetes egyetemi tan\u00e1r, az MTA doktora. Pszichi\u00e1ter, neurol\u00f3gus \u00e9s klinikai farmakol\u00f3gus szakorvos. 1973-t\u00f3l 2007-ig az Orsz\u00e1gos Pszichi\u00e1triai \u00e9s Neurol\u00f3giai Int\u00e9zetben dolgozott, ezt k\u00f6vet\u0151en a Semmelweis Egyetem Pszichi\u00e1triai \u00e9s Pszichoter\u00e1pi\u00e1s Klinik\u00e1j\u00e1nak, illetve 2013-t\u00f3l az Orsz\u00e1gos Ment\u00e1lis, Ideggy\u00f3gy\u00e1szati \u00e9s Idegseb\u00e9szeti Int\u00e9zetnek is munkat\u00e1rsa. Klinikai \u00e9s kutat\u00e1si \u00e9rdekl\u0151d\u00e9si ter\u00fclete a depresszi\u00f3s betegs\u00e9gek genetikai, klinikai, biol\u00f3giai \u00e9s pszicho-szoci\u00e1lis aspektusai, k\u00fcl\u00f6n\u00f6s tekintettel az \u00f6ngyilkoss\u00e1gi vesz\u00e9ly el\u0151rejelz\u00e9s\u00e9re \u00e9s megel\u0151z\u00e9s\u00e9re. Kutat\u00e1si eredm\u00e9nyeir\u0151l t\u00f6bb mint 600 k\u00f6zlem\u00e9nyben, illetve k\u00f6nyvfejezetben sz\u00e1molt be (t\u00f6bb mint 300 angol nyelven), egy k\u00f6nyve \u00e9s n\u00e9gy szerkesztett k\u00f6nyve jelent meg. Tudom\u00e1nyos munk\u00e1inak f\u00fcggetlen id\u00e9zetts\u00e9ge 15 000 felett, Hirsch index: 54. Sz\u00e1mos hazai \u00e9s nemzetk\u00f6zi tudom\u00e1nyos t\u00e1rsas\u00e1gnak, szervezetnek tagja, illetve vezet\u0151s\u00e9gi tagja, t\u00f6bb mint egy tucat szakmai foly\u00f3irat szerkeszt\u0151bizotts\u00e1g\u00e1nak munkat\u00e1rsa. Az Eur\u00f3pai Tudom\u00e1nyos \u00e9s M\u0171v\u00e9szeti Akad\u00e9mia rendes tagja.\u00a0<\/p>\n<\/div>\n<p>Pogr\u00e1nyi P\u00e9ter<br \/>\nFot\u00f3: Kov\u00e1cs Attila \u2013 Semmelweis Egyetem (arch\u00edv)<\/p>\n","protected":false},"excerpt":{"rendered":"<p>Dr. Rihmer Zolt\u00e1n, a Pszichi\u00e1triai \u00e9s Pszichoter\u00e1pi\u00e1s Klinika munkat\u00e1rsa a depresszi\u00f3 t\u00fcneteit \u00e9s kezel\u00e9si lehet\u0151s\u00e9geit mutatta be.<\/p>\n","protected":false},"author":101081,"featured_media":124588,"comment_status":"closed","ping_status":"closed","sticky":false,"template":"","format":"standard","meta":{"_acf_changed":false,"footnotes":""},"categories":[154,168],"tags":[4249],"class_list":["post-124587","post","type-post","status-publish","format-standard","has-post-thumbnail","hentry","category-egeszseg","category-kiemelt","tag-szenior-akademia"],"acf":[],"_links":{"self":[{"href":"https:\/\/semmelweis.hu\/hirek\/wp-json\/wp\/v2\/posts\/124587","targetHints":{"allow":["GET"]}}],"collection":[{"href":"https:\/\/semmelweis.hu\/hirek\/wp-json\/wp\/v2\/posts"}],"about":[{"href":"https:\/\/semmelweis.hu\/hirek\/wp-json\/wp\/v2\/types\/post"}],"author":[{"embeddable":true,"href":"https:\/\/semmelweis.hu\/hirek\/wp-json\/wp\/v2\/users\/101081"}],"replies":[{"embeddable":true,"href":"https:\/\/semmelweis.hu\/hirek\/wp-json\/wp\/v2\/comments?post=124587"}],"version-history":[{"count":2,"href":"https:\/\/semmelweis.hu\/hirek\/wp-json\/wp\/v2\/posts\/124587\/revisions"}],"predecessor-version":[{"id":124703,"href":"https:\/\/semmelweis.hu\/hirek\/wp-json\/wp\/v2\/posts\/124587\/revisions\/124703"}],"wp:featuredmedia":[{"embeddable":true,"href":"https:\/\/semmelweis.hu\/hirek\/wp-json\/wp\/v2\/media\/124588"}],"wp:attachment":[{"href":"https:\/\/semmelweis.hu\/hirek\/wp-json\/wp\/v2\/media?parent=124587"}],"wp:term":[{"taxonomy":"category","embeddable":true,"href":"https:\/\/semmelweis.hu\/hirek\/wp-json\/wp\/v2\/categories?post=124587"},{"taxonomy":"post_tag","embeddable":true,"href":"https:\/\/semmelweis.hu\/hirek\/wp-json\/wp\/v2\/tags?post=124587"}],"curies":[{"name":"wp","href":"https:\/\/api.w.org\/{rel}","templated":true}]}}