{"id":12369,"date":"2012-07-30T09:59:07","date_gmt":"2012-07-30T09:59:07","guid":{"rendered":"http:\/\/semmelweis-egyetem.hu\/hirek\/?p=12369"},"modified":"2015-05-08T11:43:56","modified_gmt":"2015-05-08T09:43:56","slug":"magyarorszagon-tartott-doktoranduszoknak-nyari-iskolat-a-nemzetkozi-mozgas-szabalyozasi-tarsasag","status":"publish","type":"post","link":"https:\/\/semmelweis.hu\/hirek\/2012\/07\/30\/magyarorszagon-tartott-doktoranduszoknak-nyari-iskolat-a-nemzetkozi-mozgas-szabalyozasi-tarsasag\/","title":{"rendered":"Magyarorsz\u00e1gon tartott doktoranduszoknak ny\u00e1ri iskol\u00e1t a Nemzetk\u00f6zi Mozg\u00e1s-Szab\u00e1lyoz\u00e1si T\u00e1rsas\u00e1g"},"content":{"rendered":"<p><a href=\"https:\/\/semmelweis.hu\/hirek\/files\/2012\/07\/SummerSchoolParticipants.jpg\"><br \/>\n<img loading=\"lazy\" decoding=\"async\" class=\"alignright size-medium wp-image-12371\" src=\"https:\/\/semmelweis.hu\/hirek\/files\/2012\/07\/SummerSchoolParticipants-300x225.jpg\" alt=\"\" width=\"300\" height=\"225\" srcset=\"https:\/\/semmelweis.hu\/hirek\/files\/2012\/07\/SummerSchoolParticipants-300x225.jpg 300w, https:\/\/semmelweis.hu\/hirek\/files\/2012\/07\/SummerSchoolParticipants-533x400.jpg 533w, https:\/\/semmelweis.hu\/hirek\/files\/2012\/07\/SummerSchoolParticipants-600x450.jpg 600w\" sizes=\"auto, (max-width: 300px) 100vw, 300px\" \/><\/a><br \/>\nEbben az \u00e9vben Magyarorsz\u00e1gon rendezte ny\u00e1ri iskol\u00e1j\u00e1t az International Society for Motor Control (ISMC). A rendezv\u00e9ny hazai igazgat\u00f3ja dr. Laczk\u00f3 J\u00f3zsef a Semmelweis Egyetem Testnevel\u00e9si \u00e9s Sporttudom\u00e1nyi kar\u00e1nak docense aki a t\u00e1rsas\u00e1g kor\u00e1bbi k\u00fclf\u00f6ldi rendezv\u00e9nyeinek el\u0151ad\u00f3ja volt. Az idei, \u201eIX. motoros szab\u00e1lyoz\u00e1s ny\u00e1ri iskola\u201d rendez\u00e9si jog\u00e1t tavaly az ISMC Cincinattiban tartott konferenci\u00e1j\u00e1n siker\u00fclt elnyerni. A ny\u00e1ri iskola alap\u00edt\u00f3ja \u00e9s t\u00e1rsigazgat\u00f3ja dr. Mark Latash, a Pennsylvania State University professzora.<\/p>\n<p>A nemzetk\u00f6zi t\u00e1rsas\u00e1g \u00e9vente v\u00e1ltakozva egyik \u00e9vben az amerikai kontinensen m\u00e1sik \u00e9vben \u00e1ltal\u00e1ban Eur\u00f3p\u00e1ban rendezi meg Ph.D. hallgat\u00f3k \u00e9s fiatal kutat\u00f3k sz\u00e1m\u00e1ra a ny\u00e1ri iskol\u00e1t. Id\u00e9n az MTA tihanyi Limnul\u00f3giai Kutat\u00f3 Int\u00e9zet\u00e9nek vend\u00e9gh\u00e1z\u00e1ban tizen\u00f6t orsz\u00e1gb\u00f3l 36 hallgat\u00f3 \u00e9s hat orsz\u00e1gb\u00f3l 8 el\u0151ad\u00f3 vett r\u00e9szt a n\u00e9gy napos rendezv\u00e9nyen. (Anatol Feldman, University of Montreal \u00e9s Mindy Levin McGill University, Kanad\u00e1b\u00f3l; Stan Gielen, Radboud University Nijmegen, Hollandi\u00e1b\u00f3l; Slobodan Jaric, University of Delaware<\/p>\n<figure id=\"attachment_12372\" aria-describedby=\"caption-attachment-12372\" style=\"width: 300px\" class=\"wp-caption alignright\"><a href=\"https:\/\/semmelweis.hu\/hirek\/files\/2012\/07\/SummerSChool_lecture3.jpg\"><img loading=\"lazy\" decoding=\"async\" class=\"size-medium wp-image-12372\" src=\"https:\/\/semmelweis.hu\/hirek\/files\/2012\/07\/SummerSChool_lecture3-300x224.jpg\" alt=\"\" width=\"300\" height=\"224\" srcset=\"https:\/\/semmelweis.hu\/hirek\/files\/2012\/07\/SummerSChool_lecture3-300x224.jpg 300w, https:\/\/semmelweis.hu\/hirek\/files\/2012\/07\/SummerSChool_lecture3-533x400.jpg 533w, https:\/\/semmelweis.hu\/hirek\/files\/2012\/07\/SummerSChool_lecture3-600x449.jpg 600w\" sizes=\"auto, (max-width: 300px) 100vw, 300px\" \/><\/a><figcaption id=\"caption-attachment-12372\" class=\"wp-caption-text\">Dr. Laczk\u00f3 J\u00f3zsef<\/figcaption><\/figure>\n<p>\u00e9s Mark Latash, Pennsylvania State University, az USA-b\u00f3l; Joseph McIntyre, Paris, Descartes University, Franciaorsz\u00e1gb\u00f3l; Gregor Sch\u00f6ner, Ruhr University, Bochum, N\u00e9metorsz\u00e1gb\u00f3l \u00e9s John Rothwell, University College London, Angli\u00e1b\u00f3l).<\/p>\n<p>A tudom\u00e1nyos el\u0151ad\u00e1sok az emberi mozg\u00e1s szab\u00e1lyoz\u00e1s\u00e1t kutat\u00f3 multidiszciplin\u00e1ris tudom\u00e1nyter\u00fcletekkel foglalkoztak, igy szerepet kapott az idegtudom\u00e1ny, neromechanika, fizika, matematika, a m\u00e9rn\u00f6ki \u00e9s sporttudom\u00e1ny is. Az esem\u00e9ny egyik t\u00e1mogat\u00f3ja a Semmelweis Egyetem volt. A h\u00e1rom \u00f3r\u00e1s el\u0151ad\u00e1sok kora d\u00e9lel\u0151tt \u00e9s k\u00e9s\u0151 d\u00e9lut\u00e1n ker\u00fcltek megtart\u00e1sra. Kora d\u00e9lut\u00e1n egy\u00e9b programokon vehettek r\u00e9szt az iskola hallgat\u00f3i \u00e9s oktat\u00f3i (haj\u00f3kir\u00e1ndul\u00e1s, l\u00e1togat\u00e1s a Tihanyi Benc\u00e9s Ap\u00e1ts\u00e1gban vagy egyszer\u0171en \u00fasz\u00e1s a Balatonban). A csod\u00e1latos k\u00f6rnyezetben a t\u00f3 k\u00f6zvetlen partj\u00e1n lev\u0151 helysz\u00ednen a az esti el\u0151ad\u00e1sok ut\u00e1n \u201cgarden party\u201d hangulatban hajnalig tart\u00f3 tudom\u00e1nyos megbesz\u00e9l\u00e9sek, komoly szakmai vit\u00e1k alakultak ki a r\u00e9sztvev\u0151 hallgat\u00f3k \u00e9s el\u0151ad\u00f3k k\u00f6zvetlen \u00e9s k\u00f6tetlen besz\u00e9lget\u00e9sei sor\u00e1n.<\/p>\n<p>A magyar hallgat\u00f3knak, k\u00f6zt\u00fck a Semmelweis Egyetem doktoranduszainak k\u00fcl\u00f6nleges lehet\u0151s\u00e9ge volt itthon szem\u00e9lyesen, hosszasan besz\u00e9lgetni a vil\u00e1g \u00e9lvonal\u00e1ba tartoz\u00f3 sz\u00e1mos tud\u00f3ssal.<\/p>\n<p>Forr\u00e1s: dr. Laczk\u00f3 J\u00f3zsef<\/p>\n<p>SzZs<\/p>\n","protected":false},"excerpt":{"rendered":"<p><a href=\"https:\/\/semmelweis.hu\/hirek\/files\/2012\/07\/SummerSchoolParticipants.jpg\"> <\/a> Ebben az \u00e9vben Magyarorsz\u00e1gon rendezte ny\u00e1ri iskol\u00e1j\u00e1t az International Society for Motor Control (ISMC). A rendezv\u00e9ny hazai igazgat\u00f3ja dr. Laczk\u00f3 J\u00f3zsef a Semmelweis Egyetem Testnevel\u00e9si \u00e9s Sporttudom\u00e1nyi kar\u00e1nak docense aki a t\u00e1rsas\u00e1g kor\u00e1bbi k\u00fclf\u00f6ldi rendezv\u00e9nyeinek el\u0151ad\u00f3ja volt. Az idei, \u201eIX. motoros szab\u00e1lyoz\u00e1s ny\u00e1ri iskola\u201d rendez\u00e9si jog\u00e1t tavaly az ISMC Cincinattiban tartott konferenci\u00e1j\u00e1n &hellip;<\/p>\n","protected":false},"author":10,"featured_media":12371,"comment_status":"closed","ping_status":"open","sticky":false,"template":"","format":"standard","meta":{"_acf_changed":false,"footnotes":""},"categories":[161],"tags":[188],"class_list":["post-12369","post","type-post","status-publish","format-standard","has-post-thumbnail","hentry","category-tudomany","tag-tudomanyos-hirek-rendezvenyek"],"acf":[],"_links":{"self":[{"href":"https:\/\/semmelweis.hu\/hirek\/wp-json\/wp\/v2\/posts\/12369","targetHints":{"allow":["GET"]}}],"collection":[{"href":"https:\/\/semmelweis.hu\/hirek\/wp-json\/wp\/v2\/posts"}],"about":[{"href":"https:\/\/semmelweis.hu\/hirek\/wp-json\/wp\/v2\/types\/post"}],"author":[{"embeddable":true,"href":"https:\/\/semmelweis.hu\/hirek\/wp-json\/wp\/v2\/users\/10"}],"replies":[{"embeddable":true,"href":"https:\/\/semmelweis.hu\/hirek\/wp-json\/wp\/v2\/comments?post=12369"}],"version-history":[{"count":1,"href":"https:\/\/semmelweis.hu\/hirek\/wp-json\/wp\/v2\/posts\/12369\/revisions"}],"predecessor-version":[{"id":40871,"href":"https:\/\/semmelweis.hu\/hirek\/wp-json\/wp\/v2\/posts\/12369\/revisions\/40871"}],"wp:featuredmedia":[{"embeddable":true,"href":"https:\/\/semmelweis.hu\/hirek\/wp-json\/wp\/v2\/media\/12371"}],"wp:attachment":[{"href":"https:\/\/semmelweis.hu\/hirek\/wp-json\/wp\/v2\/media?parent=12369"}],"wp:term":[{"taxonomy":"category","embeddable":true,"href":"https:\/\/semmelweis.hu\/hirek\/wp-json\/wp\/v2\/categories?post=12369"},{"taxonomy":"post_tag","embeddable":true,"href":"https:\/\/semmelweis.hu\/hirek\/wp-json\/wp\/v2\/tags?post=12369"}],"curies":[{"name":"wp","href":"https:\/\/api.w.org\/{rel}","templated":true}]}}