{"id":123614,"date":"2023-01-06T06:00:08","date_gmt":"2023-01-06T05:00:08","guid":{"rendered":"https:\/\/semmelweis.hu\/hirek\/?p=123614"},"modified":"2023-01-05T12:33:38","modified_gmt":"2023-01-05T11:33:38","slug":"szenior-akademia-fokuszban-a-szorongas-neurobiologiai-hattere","status":"publish","type":"post","link":"https:\/\/semmelweis.hu\/hirek\/2023\/01\/06\/szenior-akademia-fokuszban-a-szorongas-neurobiologiai-hattere\/","title":{"rendered":"Szenior Akad\u00e9mia \u2013 f\u00f3kuszban a szorong\u00e1s neurobiol\u00f3giai h\u00e1ttere"},"content":{"rendered":"<div class=\"lead\">Dr. Alp\u00e1r Al\u00e1n, az Anat\u00f3miai, Sz\u00f6vet- \u00e9s Fejl\u0151d\u00e9stani Int\u00e9zet igazgat\u00f3ja tartotta a Semmelweis Egyetem Szenior Akad\u00e9mia hetedik, 2022-es online szemeszter\u00e9nek tizedik el\u0151ad\u00e1s\u00e1t, amelyben sz\u00f3 esett a k\u00fcl\u00f6nb\u00f6z\u0151 agyter\u00fcletek szerep\u00e9r\u0151l \u00e9s funkci\u00f3j\u00e1r\u00f3l, a k\u00f6z\u00f6tt\u00fck zajl\u00f3 kommunik\u00e1ci\u00f3r\u00f3l \u00e9s annak hib\u00e1ir\u00f3l.<\/div>\n<p>Dr. Alp\u00e1r Al\u00e1n el\u0151ad\u00e1sa elej\u00e9n elmondta, munk\u00e1ja sor\u00e1n molekul\u00e1ris mechanizmusokkal foglalkozik, \u00e9s az agyban zajl\u00f3 folyamatokat igyekszik figyelemmel k\u00eds\u00e9rni. Bemutatta, hogy a szorong\u00e1s kialakul\u00e1sakor az inform\u00e1ci\u00f3 milyen utat j\u00e1r be az agyunkban, milyen tev\u00e9kenys\u00e9gek milyen agyter\u00fclethez k\u00f6thet\u0151ek. Az agyk\u00e9rgi funkcion\u00e1lis h\u00e1l\u00f3zatok m\u0171k\u00f6d\u00e9s\u00e9t is ismertette, kiemelve a v\u00e9grehajt\u00e1ssal, a pihen\u00e9ssel kapcsolatos h\u00e1l\u00f3zatot, \u00e9s a kiemel\u00e9s\u00e9rt, \u00f6sszpontos\u00edt\u00e1s\u00e9rt felel\u0151s h\u00e1l\u00f3zatot, amely v\u00e1laszt a k\u00fcl\u00f6nb\u00f6z\u0151 feladatok k\u00f6z\u00fcl.<\/p>\n<p><iframe loading=\"lazy\" title=\"Dr. Alp\u00e1r Al\u00e1n: A szorong\u00e1s neurobiol\u00f3giai alapjai\" width=\"753\" height=\"424\" src=\"https:\/\/www.youtube.com\/embed\/YPWa-Tqpy3o?feature=oembed\" frameborder=\"0\" allow=\"accelerometer; autoplay; clipboard-write; encrypted-media; gyroscope; picture-in-picture; web-share\" allowfullscreen><\/iframe><\/p>\n<p>Az agyk\u00e9reg a perif\u00e9ri\u00e1s jeleket specifikus \u00e9rz\u00e9sekk\u00e9 alak\u00edtja, melyekre kognit\u00edv v\u00e1laszt ad: ezek a v\u00e1laszok az egy\u00e9n v\u00e1rakoz\u00e1sainak, elv\u00e1r\u00e1sainak \u00e9s szoci\u00e1lis k\u00f6rnyezet\u00e9nek megfelel\u0151en sz\u00fcletnek \u2013 hangs\u00falyozta dr. Alp\u00e1r Al\u00e1n. Az \u00e9rzelmi \u00e1llapotot t\u00f6bb t\u00e9nyez\u0151 befoly\u00e1solja, egyebek mellett p\u00e9ld\u00e1ul a szagl\u00e1s is \u2013 tette hozz\u00e1. A kutat\u00e1sok kimutatt\u00e1k, hogy a depresszi\u00f3s emberek agy\u00e1nak m\u0171k\u00f6d\u00e9s\u00e9ben a kiemel\u0151 \u00e9s a mag\u00e1ra figyel\u0151 rendszer k\u00f6z\u00f6tt er\u0151s a kapcsolat, a kivitelez\u00e9s\u00e9rt felel\u0151s r\u00e9sz pedig elhanyagol\u00f3dik \u2013 olyannyira, hogy az agyi \u00e1llom\u00e1ny is megv\u00e1ltozik \u2013 fejtette ki dr. Alp\u00e1r Al\u00e1n.<\/p>\n<p>Az el\u0151ad\u00e1sban sz\u00f3 esett m\u00e9g egyebek mellett a stresszre adott reakci\u00f3 hormon\u00e1lis \u00e9s agyi vonatkoz\u00e1sair\u00f3l, a stressz k\u00f6vetkezt\u00e9ben m\u0171k\u00f6d\u00e9sbe l\u00e9p\u0151, a sejtek szintj\u00e9n v\u00e9gbemen\u0151 folyamatokr\u00f3l, a stresszreakci\u00f3t be- illetve kikapcsol\u00f3 sejtekr\u0151l, \u00e9s a molekul\u00e1ris kutat\u00e1sok, k\u00eds\u00e9rletek eredm\u00e9nyeir\u0151l.<\/p>\n<div class=\"keretes w-100\">\n<p>Dr. Alp\u00e1r Al\u00e1n 1997-ben v\u00e9gzett a Semmelweis Egyetem \u00c1ltal\u00e1nos Orvostudom\u00e1nyi Kar\u00e1n, 2002-ben szerzett PhD-fokozatot. K\u00fclf\u00f6ld\u00f6n N\u00e9metorsz\u00e1gban, az Egyes\u00fclt Kir\u00e1lys\u00e1gban \u00e9s Sv\u00e9dorsz\u00e1gban v\u00e9gzett k\u00f6zponti idegrendszeri kutat\u00e1sokat. 1997 \u00f3ta r\u00e9szt vesz az oktat\u00e1sban, magyar, angol \u00e9s n\u00e9met nyelven. 2012-ben a stockholmi Karolinska Int\u00e9zetben habilit\u00e1lt, 2016-ban az MTA doktora lett. Jelenleg egyetemi tan\u00e1r, a Semmelweis Egyetem nemzetk\u00f6zi k\u00e9pz\u00e9sek\u00e9rt felel\u0151s rektorhelyettese, az Anat\u00f3miai, Sz\u00f6vet- \u00e9s Fejl\u0151d\u00e9stani Int\u00e9zet igazgat\u00f3ja.<\/p>\n<\/div>\n<p>Pogr\u00e1nyi P\u00e9ter<br \/>\nFot\u00f3: Kov\u00e1cs Attila \u2013 Semmelweis Egyetem<\/p>\n","protected":false},"excerpt":{"rendered":"<p>Dr. Alp\u00e1r Al\u00e1n, az Anat\u00f3miai, Sz\u00f6vet- \u00e9s Fejl\u0151d\u00e9stani Int\u00e9zet igazgat\u00f3ja a k\u00fcl\u00f6nb\u00f6z\u0151 agyter\u00fcletek szerep\u00e9r\u0151l \u00e9s funkci\u00f3j\u00e1r\u00f3l is besz\u00e9lt.<\/p>\n","protected":false},"author":101081,"featured_media":123615,"comment_status":"closed","ping_status":"closed","sticky":false,"template":"","format":"standard","meta":{"_acf_changed":false,"footnotes":""},"categories":[154,168],"tags":[4249],"class_list":["post-123614","post","type-post","status-publish","format-standard","has-post-thumbnail","hentry","category-egeszseg","category-kiemelt","tag-szenior-akademia"],"acf":[],"_links":{"self":[{"href":"https:\/\/semmelweis.hu\/hirek\/wp-json\/wp\/v2\/posts\/123614","targetHints":{"allow":["GET"]}}],"collection":[{"href":"https:\/\/semmelweis.hu\/hirek\/wp-json\/wp\/v2\/posts"}],"about":[{"href":"https:\/\/semmelweis.hu\/hirek\/wp-json\/wp\/v2\/types\/post"}],"author":[{"embeddable":true,"href":"https:\/\/semmelweis.hu\/hirek\/wp-json\/wp\/v2\/users\/101081"}],"replies":[{"embeddable":true,"href":"https:\/\/semmelweis.hu\/hirek\/wp-json\/wp\/v2\/comments?post=123614"}],"version-history":[{"count":3,"href":"https:\/\/semmelweis.hu\/hirek\/wp-json\/wp\/v2\/posts\/123614\/revisions"}],"predecessor-version":[{"id":123737,"href":"https:\/\/semmelweis.hu\/hirek\/wp-json\/wp\/v2\/posts\/123614\/revisions\/123737"}],"wp:featuredmedia":[{"embeddable":true,"href":"https:\/\/semmelweis.hu\/hirek\/wp-json\/wp\/v2\/media\/123615"}],"wp:attachment":[{"href":"https:\/\/semmelweis.hu\/hirek\/wp-json\/wp\/v2\/media?parent=123614"}],"wp:term":[{"taxonomy":"category","embeddable":true,"href":"https:\/\/semmelweis.hu\/hirek\/wp-json\/wp\/v2\/categories?post=123614"},{"taxonomy":"post_tag","embeddable":true,"href":"https:\/\/semmelweis.hu\/hirek\/wp-json\/wp\/v2\/tags?post=123614"}],"curies":[{"name":"wp","href":"https:\/\/api.w.org\/{rel}","templated":true}]}}