{"id":123380,"date":"2022-12-20T06:00:22","date_gmt":"2022-12-20T05:00:22","guid":{"rendered":"https:\/\/semmelweis.hu\/hirek\/?p=123380"},"modified":"2023-01-02T14:23:52","modified_gmt":"2023-01-02T13:23:52","slug":"egeszseges-kisfiunak-adott-eletet-egy-tudotranszplantalt-anya-a-semmelweis-egyetem-klinikajan","status":"publish","type":"post","link":"https:\/\/semmelweis.hu\/hirek\/2022\/12\/20\/egeszseges-kisfiunak-adott-eletet-egy-tudotranszplantalt-anya-a-semmelweis-egyetem-klinikajan\/","title":{"rendered":"Eg\u00e9szs\u00e9ges kisfi\u00fanak adott \u00e9letet egy t\u00fcd\u0151transzplant\u00e1lt anya a Semmelweis Egyetem klinik\u00e1j\u00e1n"},"content":{"rendered":"<div class=\"lead\">Magyarorsz\u00e1gon el\u0151sz\u00f6r sz\u00fclethetett t\u00fcd\u0151\u00e1t\u00fcltetett any\u00e1nak gyermeke a Semmelweis Egyetem Sz\u00fcl\u00e9szeti \u00e9s N\u0151gy\u00f3gy\u00e1szati Klinik\u00e1j\u00e1n. A t\u00fcd\u0151- \u00e9s sz\u00edvtranszplant\u00e1ltak terhess\u00e9ge csak k\u00fcl\u00f6nleges esetben, alapos felk\u00e9sz\u00edt\u00e9s \u00e9s szigor\u00fa ellen\u0151rz\u00e9s mellett enged\u00e9lyezett a magas kock\u00e1zati t\u00e9nyez\u0151k miatt, \u00e9ppen ez\u00e9rt a vil\u00e1gban sem gyakori, hogy a transzplant\u00e1ltak terhess\u00e9get v\u00e1llalhatnak. A 3140 grammal sz\u00fcletett kisfi\u00fa a szakorvosok elmond\u00e1sa szerint \u00e9rett, eg\u00e9szs\u00e9ges, az \u00e9desanyja is j\u00f3l van, mindketten elhagyhatt\u00e1k a klinik\u00e1t.<\/div>\n<p>Extr\u00e9m eset, hogy transzplant\u00e1lt szem\u00e9ly gyermeket sz\u00fclhet, hiszen b\u00e1rmilyen komplik\u00e1ci\u00f3 l\u00e9p fel a szerv\u00e1t\u00fcltet\u00e9s k\u00f6vetkezt\u00e9ben, az az anya \u00e9s a sz\u00fcletend\u0151 gyermek \u00e9let\u00e9t is vesz\u00e9lyezteti \u2013 mondta el dr. Boh\u00e1cs Anik\u00f3, az anya poszttranszplant\u00e1ci\u00f3s kezel\u0151orvosa. A Semmelweis Egyetem Pulmonol\u00f3giai Klinik\u00e1j\u00e1nak docense kiemelte, Magyarorsz\u00e1gon ez az els\u0151 eset, hogy sz\u00edv- vagy t\u00fcd\u0151transzplant\u00e1lt p\u00e1ciens sz\u00fclhetett gyermeket \u2013 de ez a vil\u00e1gban sem gyakori. Ugyanis magas a kock\u00e1zata a be\u00fcltetett szerv kil\u00f6k\u0151d\u00e9s\u00e9nek.<\/p>\n<p><a href=\"https:\/\/semmelweis.hu\/hirek\/files\/2022\/12\/RS167566_3P1A9401-scr-1.jpg\"><img loading=\"lazy\" decoding=\"async\" class=\"aligncenter wp-image-123394 size-full\" src=\"https:\/\/semmelweis.hu\/hirek\/files\/2022\/12\/RS167566_3P1A9401-scr-1.jpg\" alt=\"\" width=\"1200\" height=\"800\" srcset=\"https:\/\/semmelweis.hu\/hirek\/files\/2022\/12\/RS167566_3P1A9401-scr-1.jpg 1200w, https:\/\/semmelweis.hu\/hirek\/files\/2022\/12\/RS167566_3P1A9401-scr-1-400x267.jpg 400w, https:\/\/semmelweis.hu\/hirek\/files\/2022\/12\/RS167566_3P1A9401-scr-1-900x600.jpg 900w, https:\/\/semmelweis.hu\/hirek\/files\/2022\/12\/RS167566_3P1A9401-scr-1-768x512.jpg 768w, https:\/\/semmelweis.hu\/hirek\/files\/2022\/12\/RS167566_3P1A9401-scr-1-753x502.jpg 753w, https:\/\/semmelweis.hu\/hirek\/files\/2022\/12\/RS167566_3P1A9401-scr-1-203x135.jpg 203w\" sizes=\"auto, (max-width: 1200px) 100vw, 1200px\" \/><\/a><\/p>\n<p>A szakember kifejtette, sz\u00e1mos el\u0151zetes \u00e9s k\u00f6zbens\u0151 felt\u00e9telnek kell megfelelni ilyen esetben a gyermekv\u00e1llal\u00e1shoz. A hazai \u00e9s nemzetk\u00f6zi aj\u00e1nl\u00e1sok felt\u00e9telk\u00e9nt szabj\u00e1k a be\u00fcltetett szerv stabil m\u0171k\u00f6d\u00e9s\u00e9t, ez\u00e9rt legal\u00e1bb 3 \u00e9vnek el kell telnie a be\u00fcltet\u00e9s ut\u00e1n. A v\u00e1rand\u00f3ss\u00e1g idej\u00e9n ugyanis \u00e1t kell \u00e1ll\u00edtani az immunszuppressz\u00edv (kil\u00f6k\u0151d\u00e9st g\u00e1tl\u00f3) gy\u00f3gyszeres kezel\u00e9st, \u00e9s ezen beavatkoz\u00e1s ut\u00e1n is stabilnak kell maradnia a t\u00fcd\u0151 \u00e1llapot\u00e1nak. Ilyenkor a gy\u00f3gyszerszintet folyamatosan ellen\u0151rzik, mivel a terhess\u00e9g folyam\u00e1n megv\u00e1ltoznak a test feh\u00e9rjeviszonyai, \u00e9s ak\u00e1r v\u00e9rszeg\u00e9nys\u00e9g is kialakulhat. Tov\u00e1bbi kock\u00e1zat a terhess\u00e9g alatti fokozottabb hajlam a fert\u0151z\u00e9sre, \u00e9s amennyiben antibiotikummal kezelik a kismam\u00e1t a saj\u00e1t v\u00e9delme \u00e9rdek\u00e9ben, az a magzatra k\u00e1ros hat\u00e1ssal lehet.<\/p>\n<p>A kock\u00e1zatok k\u00f6z\u00f6tt eml\u00edtette a szakember, hogy ha a transzplant\u00e1ci\u00f3t egy genetikailag \u00f6r\u00f6kl\u0151d\u0151 betegs\u00e9g, mint p\u00e9ld\u00e1ul a ciszt\u00e1s fibr\u00f3zis miatt v\u00e9gzik el, akkor a gyermekv\u00e1llal\u00e1s el\u0151tt genetikai tan\u00e1csad\u00e1son \u00e9s vizsg\u00e1laton is r\u00e9szt kell vennie a p\u00e1rnak, mert ez a betegs\u00e9gfajta \u00f6r\u00f6kl\u0151dhet a gyermekben is. Tov\u00e1bb\u00e1 nagyon fontos, hogy ne legyen olyan k\u00f3rokoz\u00f3ja az any\u00e1nak, amelyik t\u00f6bb antibiotikumra is \u00e9rz\u00e9ketlen. Rizik\u00f3t jelenthet a transzplant\u00e1ltakban jelen lev\u0151 cytomegalov\u00edrus (CMV) is, amelyiket folyamatosan ellen\u0151riztek, mert a terhess\u00e9g alatt reaktiv\u00e1l\u00f3dhat, \u00e9s a magzat megbeteged\u00e9s\u00e9t okozhatja. \u00d6sszess\u00e9g\u00e9ben elmondhat\u00f3, hogy orvosi szempontb\u00f3l csak egy nagyon tervezett v\u00e1rand\u00f3ss\u00e1got lehet v\u00e1llalni ilyenkor \u2013 hangs\u00falyozta dr. Boh\u00e1cs Anik\u00f3.<\/p>\n<div class=\"keretes w-100\">\n<p>2019 \u00e1prilis\u00e1ban dr. R\u00e9nyi-V\u00e1mos Ferenc v\u00e9gezte el a t\u00fcd\u0151transzplant\u00e1ci\u00f3t Budapesten az Orsz\u00e1gos Onkol\u00f3giai Int\u00e9zet b\u00e1zis\u00e1n m\u0171k\u00f6d\u0151 Semmelweis Egyetem Mellkasseb\u00e9szeti Klinik\u00e1j\u00e1n. A professzor elmondta, hogy 2015-ben hajtott\u00e1k v\u00e9gre az els\u0151 teljes t\u00fcd\u0151s transzplant\u00e1ci\u00f3t Magyarorsz\u00e1gon, \u00e9s az\u00f3ta m\u00e1r t\u00f6bb mint 100 ilyen m\u0171t\u00e9tet v\u00e9geztek. A kismam\u00e1n\u00e1l az egyik legnehezebb transzplant\u00e1ci\u00f3t kellett elv\u00e9gezni, mert idiopathi\u00e1s pulmon\u00e1lis hipert\u00f3ni\u00e1ja volt, amely egy ritka betegs\u00e9g. A professzor kiemelte: \u201eFantasztikus, hogy ebb\u0151l a sz\u00f6rny\u0171 k\u00f3rb\u00f3l \u00fagy \u00e9p\u00fclt fel, hogy m\u00e9g egy kisbab\u00e1nak is \u00e9letet tudott adni. \u00cdgy itt egyszerre k\u00e9t \u00e9letet is megmentett\u00fcnk. Ez is azt jelzi, hogy a transzplant\u00e1ci\u00f3s program j\u00f3l m\u0171k\u00f6dik, kiv\u00e1l\u00f3ak az eredm\u00e9nyek.\u201d Ilyen \u00e9letmin\u0151s\u00e9get biztos\u00edt egy \u00faj t\u00fcd\u0151, hogy teljes \u00e9rt\u00e9k\u0171 \u00e9letet lehet vele \u00e9lni, hiszen a sz\u00fcl\u00e9s egy komoly megterhel\u00e9s a szervezetnek. Aki sz\u00fclni tud, az j\u00f3 fizikai \u00e1llapotban van. Erre a r\u00e9gi t\u00fcdej\u00e9vel es\u00e9lye se lett volna \u2013 tette hozz\u00e1 dr. R\u00e9nyi-V\u00e1mos Ferenc.<\/p>\n<\/div>\n<p>Dr. Boh\u00e1cs Anik\u00f3 elmondta, hogy az 1992-es sz\u00fclet\u00e9s\u0171 (30 \u00e9ves) n\u0151 nagyon j\u00f3l egy\u00fcttm\u0171k\u00f6d\u00f6tt kezel\u0151orvosaival, t\u00f6bb mint f\u00e9l \u00e9vet foglalkoztak a felk\u00e9sz\u00edt\u00e9s\u00e9vel, \u00e1tgondolva a lehets\u00e9ges sz\u00f6v\u0151dm\u00e9nyeket is a terhess\u00e9get megel\u0151z\u0151en. A komplik\u00e1ci\u00f3mentes sz\u00fcl\u00e9st nagyban seg\u00edtette, hogy nem voltak t\u00e1rsbetegs\u00e9gei, ellenanyagok nem termel\u0151dtek a be\u00fcltetett szervvel szemben, tov\u00e1bb\u00e1 semmilyen k\u00f3rokoz\u00f3ja \u00e9s kil\u00f6k\u0151d\u00e9si folyamata sem volt.<\/p>\n<p><a href=\"https:\/\/semmelweis.hu\/hirek\/files\/2022\/12\/RS167571_3P1A9436-scr.jpg\"><img loading=\"lazy\" decoding=\"async\" class=\"aligncenter wp-image-123395 size-full\" src=\"https:\/\/semmelweis.hu\/hirek\/files\/2022\/12\/RS167571_3P1A9436-scr.jpg\" alt=\"\" width=\"1200\" height=\"800\" srcset=\"https:\/\/semmelweis.hu\/hirek\/files\/2022\/12\/RS167571_3P1A9436-scr.jpg 1200w, https:\/\/semmelweis.hu\/hirek\/files\/2022\/12\/RS167571_3P1A9436-scr-400x267.jpg 400w, https:\/\/semmelweis.hu\/hirek\/files\/2022\/12\/RS167571_3P1A9436-scr-900x600.jpg 900w, https:\/\/semmelweis.hu\/hirek\/files\/2022\/12\/RS167571_3P1A9436-scr-768x512.jpg 768w, https:\/\/semmelweis.hu\/hirek\/files\/2022\/12\/RS167571_3P1A9436-scr-753x502.jpg 753w, https:\/\/semmelweis.hu\/hirek\/files\/2022\/12\/RS167571_3P1A9436-scr-203x135.jpg 203w\" sizes=\"auto, (max-width: 1200px) 100vw, 1200px\" \/><\/a><\/p>\n<div class=\"keretes w-100\">\n<p>A transzplant\u00e1lt anya \u00e9s p\u00e1rja 2021. j\u00fanius\u00e1ban kerest\u00e9k fel a Semmelweis Egyetem Sz\u00fcl\u00e9szeti \u00e9s N\u0151gy\u00f3gy\u00e1szati Klinika Assziszt\u00e1lt Reprodukci\u00f3s Centrum\u00e1t (ARC). Teljesk\u00f6r\u0171 kivizsg\u00e1l\u00e1st \u00e9s gondos interdiszciplin\u00e1ris egyeztet\u00e9st k\u00f6vet\u0151en 2021. okt\u00f3ber\u00e9ben v\u00e9gezt\u00e9k a stimul\u00e1ci\u00f3t, a petesejt lesz\u00edv\u00e1st, a megterm\u00e9keny\u00edt\u00e9st \u00e9s az embri\u00f3k teny\u00e9szt\u00e9s\u00e9t \u2013 mondta el dr. Sipos Mikl\u00f3s klinikai f\u0151orvos. Az ARC igazgat\u00f3ja kifejtette: miut\u00e1n megbizonyosodtak arr\u00f3l, hogy a reprodukci\u00f3s kezel\u00e9s semmilyen k\u00e1ros hat\u00e1ssal nem volt, \u00e9s a leend\u0151 anya szervezete befogad\u00f3k\u00e9pes \u00e1llapotban van, 2022. \u00e1prilis h\u00f3napj\u00e1ban egyetlen, 5. naposan fagyasztott h\u00f3lyagcs\u00edr\u00e1t olvasztottak fel \u00e9s \u00fcltettek be ultrahang vez\u00e9rl\u00e9s mellett. Az embri\u00f3 optim\u00e1lis helyre \u00e1gyaz\u00f3dott be \u00e9s sikeres \u00e9lvesz\u00fcl\u00e9shez vezetett. A klinikai f\u0151orvos kiemelte, a mostani fogantat\u00e1s \u00e9s sz\u00fclet\u00e9s is j\u00f3l p\u00e9ld\u00e1zza, hogy ak\u00e1r m\u00e9g ilyen k\u00fcl\u00f6nleges esetekben is \u2013 gondos kivizsg\u00e1l\u00e1st \u00e9s el\u0151k\u00e9sz\u00edt\u00e9st k\u00f6vet\u0151en \u2013 biztons\u00e1gosan \u00e9s sikeresen v\u00e9gezhet\u0151 assziszt\u00e1lt reprodukci\u00f3s kezel\u00e9s.\u00a0<\/p>\n<\/div>\n<p>A cs\u00e1sz\u00e1rmetsz\u00e9ssel t\u00f6rt\u00e9n\u0151 sz\u00fcl\u00e9st dr. B\u00e1nhidy Ferenc egyetemi tan\u00e1r, \u00e1ltal\u00e1nos rektorhelyettes, a Sz\u00fcl\u00e9szeti \u00e9s N\u0151gy\u00f3gy\u00e1szati Klinika igazgat\u00f3helyettese vezette le.<\/p>\n<p>A 3140 grammos \u00e9rett, \u00fajsz\u00fcl\u00f6tt kisfi\u00fa a Bal\u00e1zs nevet kapta. \u00c9desanyj\u00e1val m\u00e1r elhagyhatt\u00e1k a klinik\u00e1t.<\/p>\n<p>Tasn\u00e1di R\u00f3bert \/ B\u00f3di Bernadett<br \/>\nFot\u00f3: Barta B\u00e1lint \u2013 Semmelweis Egyetem<\/p>\n","protected":false},"excerpt":{"rendered":"<p>Magyarorsz\u00e1gon el\u0151sz\u00f6r sz\u00fclethetett t\u00fcd\u0151\u00e1t\u00fcltetett any\u00e1nak gyermeke a Sz\u00fcl\u00e9szeti \u00e9s N\u0151gy\u00f3gy\u00e1szati Klinik\u00e1n.<\/p>\n","protected":false},"author":102073,"featured_media":123387,"comment_status":"closed","ping_status":"closed","sticky":false,"template":"","format":"standard","meta":{"_acf_changed":false,"footnotes":""},"categories":[157,168],"tags":[156,2759],"class_list":["post-123380","post","type-post","status-publish","format-standard","has-post-thumbnail","hentry","category-semmelweis-vilag","category-kiemelt","tag-gyogyitas","tag-tudotranszplantacio"],"acf":[],"_links":{"self":[{"href":"https:\/\/semmelweis.hu\/hirek\/wp-json\/wp\/v2\/posts\/123380","targetHints":{"allow":["GET"]}}],"collection":[{"href":"https:\/\/semmelweis.hu\/hirek\/wp-json\/wp\/v2\/posts"}],"about":[{"href":"https:\/\/semmelweis.hu\/hirek\/wp-json\/wp\/v2\/types\/post"}],"author":[{"embeddable":true,"href":"https:\/\/semmelweis.hu\/hirek\/wp-json\/wp\/v2\/users\/102073"}],"replies":[{"embeddable":true,"href":"https:\/\/semmelweis.hu\/hirek\/wp-json\/wp\/v2\/comments?post=123380"}],"version-history":[{"count":12,"href":"https:\/\/semmelweis.hu\/hirek\/wp-json\/wp\/v2\/posts\/123380\/revisions"}],"predecessor-version":[{"id":123612,"href":"https:\/\/semmelweis.hu\/hirek\/wp-json\/wp\/v2\/posts\/123380\/revisions\/123612"}],"wp:featuredmedia":[{"embeddable":true,"href":"https:\/\/semmelweis.hu\/hirek\/wp-json\/wp\/v2\/media\/123387"}],"wp:attachment":[{"href":"https:\/\/semmelweis.hu\/hirek\/wp-json\/wp\/v2\/media?parent=123380"}],"wp:term":[{"taxonomy":"category","embeddable":true,"href":"https:\/\/semmelweis.hu\/hirek\/wp-json\/wp\/v2\/categories?post=123380"},{"taxonomy":"post_tag","embeddable":true,"href":"https:\/\/semmelweis.hu\/hirek\/wp-json\/wp\/v2\/tags?post=123380"}],"curies":[{"name":"wp","href":"https:\/\/api.w.org\/{rel}","templated":true}]}}