{"id":122539,"date":"2022-12-08T06:00:21","date_gmt":"2022-12-08T05:00:21","guid":{"rendered":"https:\/\/semmelweis.hu\/hirek\/?p=122539"},"modified":"2022-12-08T08:12:32","modified_gmt":"2022-12-08T07:12:32","slug":"megujult-az-anatomiai-intezet-mutoje-es-tetemkamraja","status":"publish","type":"post","link":"https:\/\/semmelweis.hu\/hirek\/2022\/12\/08\/megujult-az-anatomiai-intezet-mutoje-es-tetemkamraja\/","title":{"rendered":"Meg\u00fajult az Anat\u00f3miai Int\u00e9zet m\u0171t\u0151je \u00e9s tetemkamr\u00e1ja"},"content":{"rendered":"<div class=\"lead\">\u00c1tadt\u00e1k az egyetem Anat\u00f3miai, Sz\u00f6vet- \u00e9s Fejl\u0151d\u00e9stani Int\u00e9zet\u00e9nek \u00faj interdiszciplin\u00e1ris m\u0171t\u0151j\u00e9t, illetve fel\u00faj\u00edtott tetemkamr\u00e1j\u00e1t. A megnyit\u00f3n dr. Merkely B\u00e9la rektor rem\u00e9ny\u00e9t fejezte ki, hogy a fejleszt\u00e9s a posztgradu\u00e1lis k\u00e9pz\u00e9sben is \u00faj t\u00e1vlatokat nyit, valamint hangs\u00falyozta: a c\u00e9l az, hogy egyetemi t\u00e1mogat\u00e1ssal az int\u00e9zet 125 esztend\u0151s \u00e9p\u00fclete id\u0151vel teljes eg\u00e9sz\u00e9ben meg\u00fajuljon.<\/div>\n<p>Dr. Merkely B\u00e9la eml\u00e9keztetett arra, hogy az anat\u00f3mia az orvos- \u00e9s eg\u00e9szs\u00e9gtudom\u00e1ny alapja, amely stabil kiindul\u00f3pont minden szakember sz\u00e1m\u00e1ra, emellett az anat\u00f3mia tansz\u00e9k az egyetlen, amely az egyetem jogel\u0151dj\u00e9nek t\u00f6bb mint 250 \u00e9ves megalap\u00edt\u00e1sa \u00f3ta v\u00e1ltozatlanul tartja jogfolytonoss\u00e1g\u00e1t.<\/p>\n<p><img loading=\"lazy\" decoding=\"async\" class=\"alignright size-medium wp-image-122544\" src=\"https:\/\/semmelweis.hu\/hirek\/files\/2022\/11\/RS165834_GV5A1346-scr-400x267.jpg\" alt=\"\" width=\"400\" height=\"267\" srcset=\"https:\/\/semmelweis.hu\/hirek\/files\/2022\/11\/RS165834_GV5A1346-scr-400x267.jpg 400w, https:\/\/semmelweis.hu\/hirek\/files\/2022\/11\/RS165834_GV5A1346-scr-900x600.jpg 900w, https:\/\/semmelweis.hu\/hirek\/files\/2022\/11\/RS165834_GV5A1346-scr-768x512.jpg 768w, https:\/\/semmelweis.hu\/hirek\/files\/2022\/11\/RS165834_GV5A1346-scr-753x502.jpg 753w, https:\/\/semmelweis.hu\/hirek\/files\/2022\/11\/RS165834_GV5A1346-scr-203x135.jpg 203w, https:\/\/semmelweis.hu\/hirek\/files\/2022\/11\/RS165834_GV5A1346-scr.jpg 1200w\" sizes=\"auto, (max-width: 400px) 100vw, 400px\" \/><\/p>\n<p>\u201eTudatos\u00edtanunk kell, hogy a szerte\u00e1gaz\u00f3 ismeretanyagb\u00f3l mi a gradu\u00e1lis k\u00e9pz\u00e9s r\u00e9sze, \u00e9s mi az, ami a klinikumban is hasznos\u00edthat\u00f3; szerencs\u00e9re a most \u00e1tadott, minden szempontb\u00f3l meg\u00fajult m\u0171t\u0151 felszerelts\u00e9g\u00e9n egy\u00e9rtelm\u0171en l\u00e1tszanak a kapcsol\u00f3d\u00e1si pontok a k\u00fcl\u00f6nb\u00f6z\u0151 diszcipl\u00edn\u00e1k ir\u00e1ny\u00e1ba\u201d \u2013 fogalmazott a rektor. Hozz\u00e1tette: a helyis\u00e9g azt mutatja, hogy az anat\u00f3mia j\u00f3 ir\u00e1nyba fejl\u0151dik, amelynek r\u00e9v\u00e9n nemcsak a gradu\u00e1lis k\u00e9pz\u00e9sben, hanem a posztgradu\u00e1lis k\u00e9pz\u00e9sben is tov\u00e1bbi lehet\u0151s\u00e9gek ny\u00edlnak, emellett pedig ig\u00e9nyes hallgat\u00f3k k\u00edv\u00e1ns\u00e1gait, adott esetben kutat\u00e1si amb\u00edci\u00f3it is ki tudj\u00e1k majd szolg\u00e1lni.<\/p>\n<p>Mint elmondta, a m\u00e1sodik rektori ciklus programj\u00e1nak el\u0151k\u00e9sz\u00edt\u00e9se sor\u00e1n egyre nyilv\u00e1nval\u00f3bb, hogy a fejl\u0151d\u00e9shez elengedhetetlen\u00fcl sz\u00fcks\u00e9ges a bev\u00e9telek n\u00f6vel\u00e9se, illetve a fenntarthat\u00f3s\u00e1g biztos\u00edt\u00e1sa. Ennek megfelel\u0151en az anat\u00f3mi\u00e1nak is meg kell keresnie azt a ter\u00fcletet, ahol el\u0151rel\u00e9phet, \u00e9s a piaci partnerekkel egy\u00fcttm\u0171k\u00f6dve maxim\u00e1lisan kihaszn\u00e1lhatja a meg\u00fajult tereket.\u00a0<\/p>\n<p>A rektor ezt k\u00f6vet\u0151en k\u00f6sz\u00f6net\u00e9t fejezte ki a H\u00d6K, DSVS \u00e9s ISSA k\u00e9pvisel\u0151inek, hogy r\u00e9szt vettek az \u00e1tad\u00f3n. Eml\u00e9keztetett arra, hogy az egyetem egyik legr\u00e9gebbi int\u00e9zet\u00e9r\u0151l van sz\u00f3, amely a fejleszt\u00e9seknek k\u00f6sz\u00f6nhet\u0151en m\u00faltj\u00e1hoz \u00e9s az ott v\u00e9gzett munk\u00e1hoz ill\u0151en korszer\u0171s\u00f6d\u00f6tt, majd jelezte: Semmelweis Polg\u00e1rokk\u00e9nt imm\u00e1r a nemzetk\u00f6zi hallgat\u00f3k is r\u00e9szesei az egyetem k\u00f6vetkez\u0151 250 \u00e9ves t\u00f6rt\u00e9nelm\u00e9nek.<\/p>\n<p><img loading=\"lazy\" decoding=\"async\" class=\"aligncenter size-full wp-image-122545\" src=\"https:\/\/semmelweis.hu\/hirek\/files\/2022\/11\/RS165829_GV5A1282-scr.jpg\" alt=\"\" width=\"1200\" height=\"808\" srcset=\"https:\/\/semmelweis.hu\/hirek\/files\/2022\/11\/RS165829_GV5A1282-scr.jpg 1200w, https:\/\/semmelweis.hu\/hirek\/files\/2022\/11\/RS165829_GV5A1282-scr-400x269.jpg 400w, https:\/\/semmelweis.hu\/hirek\/files\/2022\/11\/RS165829_GV5A1282-scr-900x606.jpg 900w, https:\/\/semmelweis.hu\/hirek\/files\/2022\/11\/RS165829_GV5A1282-scr-768x517.jpg 768w, https:\/\/semmelweis.hu\/hirek\/files\/2022\/11\/RS165829_GV5A1282-scr-753x507.jpg 753w\" sizes=\"auto, (max-width: 1200px) 100vw, 1200px\" \/>Dr. Alp\u00e1r Al\u00e1n rektorhelyettes, az <a href=\"https:\/\/semmelweis.hu\/anatomia\/az-intezet\/intezetunk-tortenete\/\">Anat\u00f3miai, Sz\u00f6vet- \u00e9s Fejl\u0151d\u00e9stani Int\u00e9zet<\/a> igazgat\u00f3ja hangs\u00falyozta: k\u00e9pz\u00e9s\u00fck er\u0151ss\u00e9ge a val\u00f3s \u00e9lm\u00e9nyen alapul\u00f3 tud\u00e1sanyag, az elk\u00f6vetkezend\u0151kben pedig megn\u00f6vekedett sz\u00e1mban fogadnak els\u0151\u00e9ves hallgat\u00f3kat, akiknek jelent\u0151s r\u00e9sze m\u00e1r n\u00e9met vagy angol nyelven tanul.<\/p>\n<p>Mint elmondta, a meg\u00fajult infrastrukt\u00fara kett\u0151s c\u00e9lt szolg\u00e1l: az \u00faj plasztin\u00e1ci\u00f3s egys\u00e9ggel kib\u0151v\u00fclt tetemkamra a gradu\u00e1lis k\u00e9pz\u00e9st, az interdiszciplin\u00e1ris m\u0171t\u0151 pedig a posztgradu\u00e1lis k\u00e9pz\u00e9seket, a rezidens programot, az ipari fejleszt\u00e9ssel egybek\u00f6t\u00f6tt seb\u00e9szi diagnosztik\u00e1t t\u00e1mogatja.<\/p>\n<blockquote>\n<p>\u201eIgazgat\u00f3k\u00e9nt \u00faj, kiemelt profilnak tekintem \u00e9s k\u00edv\u00e1nom fejleszteni a makroszk\u00f3pos anat\u00f3miai tud\u00e1son alapul\u00f3 tudom\u00e1nyos kutat\u00e1sokat\u201d<\/p>\n<\/blockquote>\n<p>\u2013 tette hozz\u00e1 dr. Alp\u00e1r Al\u00e1n, megeml\u00edtve a doktori iskola egyik programj\u00e1ban el\u00e9rt eddigi sikereiket. Az \u00e9p\u00fclet fel\u00faj\u00edt\u00e1sa kapcs\u00e1n kit\u00e9rt a Patol\u00f3giai, Igazs\u00e1g\u00fcgyi \u00e9s Biztos\u00edt\u00e1si Orvostani Int\u00e9zetet is ell\u00e1t\u00f3 f\u0171t\u00e9srendszer korszer\u0171s\u00edt\u00e9s\u00e9re, amely imm\u00e1r feleakkora fogyaszt\u00e1ssal m\u0171k\u00f6dik, majd k\u00f6sz\u00f6netet mondott az egyetem vezet\u00e9s\u00e9nek, hogy felismerte \u00e9s t\u00e1mogatta ezt a nagy l\u00e9pt\u00e9k\u0171 beruh\u00e1z\u00e1st.<\/p>\n<p>A jelenl\u00e9v\u0151k ezt k\u00f6vet\u0151en dr. Pavlik L\u00edvia kancell\u00e1r k\u00eds\u00e9ret\u00e9ben megismerkedtek a korszer\u0171s\u00edt\u00e9s r\u00e9szleteivel, majd megtekintett\u00e9k a fel\u00faj\u00edtott hallgat\u00f3i teret, illetve dr. Szab\u00f3 Arnold laborat\u00f3rium\u00e1t.<\/p>\n\r\n        [slb_exclude]\r\n        <div class=\"row galeria-wrapper mx-0 h-auto\">\r\n            <div class=\"col-9 pl-0 pr-2\">\r\n            <span class=\"gallery-item frame\">\r\n\t\t\t\t<div class=\"galeria-left-img\"><a href=\"https:\/\/semmelweis.hu\/hirek\/files\/2022\/11\/RS165801_GV5A1110-scr.jpg\"><img src=https:\/\/semmelweis.hu\/hirek\/files\/2022\/11\/RS165801_GV5A1110-scr.jpg  \r\n                            alt=\"\" \r\n                            class=\"attachment-sote-gallery-big size-sote-gallery-big\" \r\n                            srcset=\"https:\/\/semmelweis.hu\/hirek\/files\/2022\/11\/RS165801_GV5A1110-scr-400x267.jpg 400w, https:\/\/semmelweis.hu\/hirek\/files\/2022\/11\/RS165801_GV5A1110-scr-900x600.jpg 900w, https:\/\/semmelweis.hu\/hirek\/files\/2022\/11\/RS165801_GV5A1110-scr-768x512.jpg 768w, https:\/\/semmelweis.hu\/hirek\/files\/2022\/11\/RS165801_GV5A1110-scr-753x502.jpg 753w, https:\/\/semmelweis.hu\/hirek\/files\/2022\/11\/RS165801_GV5A1110-scr-203x135.jpg 203w, https:\/\/semmelweis.hu\/hirek\/files\/2022\/11\/RS165801_GV5A1110-scr.jpg 1200w\" ><\/a><\/div>\r\n            <\/span>\r\n\r\n            <\/div>\r\n\r\n\t\t\t<div class=\"col-3 pl-0 pr-0\">\r\n\t\t\t\t<div class=\"galeria-right-img d-flex justify-content-between flex-column h-100 w-100 px-0 mx-0 \">\r\n                <div class=\"galeria-box\">\r\n\t\t\t\t\t<h3 class=\"galeria-title\">Gal\u00e9ria<\/h3>\r\n\t\t\t\t\t<div class=\"galeria-subtitle\">\r\n\r\n\t\t\t\t\t\t<div class=\"galeria-page-counter\"><span>14<\/span>k\u00e9p<\/div>\r\n                    <\/div> <\/div>\r\n                    <span class=\"gallery-item frame d-none d-md-flex\">\r\n\t\t\t\t\t<div class=\"galeria-small-img mt-0\"><a href=\"https:\/\/semmelweis.hu\/hirek\/files\/2022\/11\/RS165819_GV5A1215-scr.jpg\"><img src=https:\/\/semmelweis.hu\/hirek\/files\/2022\/11\/RS165819_GV5A1215-scr.jpg \r\n                                alt=\"\"  \r\n                                class=\"attachment-sote-gallery-small size-sote-gallery-small\" \r\n                                srcset=\"https:\/\/semmelweis.hu\/hirek\/files\/2022\/11\/RS165819_GV5A1215-scr-400x267.jpg 400w, https:\/\/semmelweis.hu\/hirek\/files\/2022\/11\/RS165819_GV5A1215-scr-900x600.jpg 900w, https:\/\/semmelweis.hu\/hirek\/files\/2022\/11\/RS165819_GV5A1215-scr-768x512.jpg 768w, https:\/\/semmelweis.hu\/hirek\/files\/2022\/11\/RS165819_GV5A1215-scr-753x502.jpg 753w, https:\/\/semmelweis.hu\/hirek\/files\/2022\/11\/RS165819_GV5A1215-scr-203x135.jpg 203w, https:\/\/semmelweis.hu\/hirek\/files\/2022\/11\/RS165819_GV5A1215-scr.jpg 1200w\" ><\/a><\/div>\r\n                    <\/span>\r\n                    <span class=\"gallery-item frame d-none d-md-flex\">\r\n\t\t\t\t\t<div class=\"galeria-small-img mt-0\"><a href=\"https:\/\/semmelweis.hu\/hirek\/files\/2022\/11\/RS165826_GV5A1269-scr.jpg\"><img src=https:\/\/semmelweis.hu\/hirek\/files\/2022\/11\/RS165826_GV5A1269-scr.jpg \r\n                                alt=\"\" \r\n                                class=\"attachment-sote-gallery-small size-sote-gallery-small\" \r\n                                srcset=\"https:\/\/semmelweis.hu\/hirek\/files\/2022\/11\/RS165826_GV5A1269-scr-400x267.jpg 400w, https:\/\/semmelweis.hu\/hirek\/files\/2022\/11\/RS165826_GV5A1269-scr-900x600.jpg 900w, https:\/\/semmelweis.hu\/hirek\/files\/2022\/11\/RS165826_GV5A1269-scr-768x512.jpg 768w, https:\/\/semmelweis.hu\/hirek\/files\/2022\/11\/RS165826_GV5A1269-scr-753x502.jpg 753w, https:\/\/semmelweis.hu\/hirek\/files\/2022\/11\/RS165826_GV5A1269-scr-203x135.jpg 203w, https:\/\/semmelweis.hu\/hirek\/files\/2022\/11\/RS165826_GV5A1269-scr.jpg 1200w\" ><\/a><\/div>\r\n                    <\/span>\r\n\r\n                <\/div>\r\n\r\n            <\/div>\r\n\r\n            <span class=\"gallery-item\"><div class=\"hidden\"><a href=\"https:\/\/semmelweis.hu\/hirek\/files\/2022\/11\/RS165848_GV5A1451-scr.jpg\">\r\n        <img src=https:\/\/semmelweis.hu\/hirek\/files\/2022\/11\/RS165848_GV5A1451-scr.jpg alt=\"\" class=\"attachment-sote-gallery-big size-sote-gallery-big\" srcset=\"https:\/\/semmelweis.hu\/hirek\/files\/2022\/11\/RS165848_GV5A1451-scr-400x267.jpg 400w, https:\/\/semmelweis.hu\/hirek\/files\/2022\/11\/RS165848_GV5A1451-scr-900x600.jpg 900w, https:\/\/semmelweis.hu\/hirek\/files\/2022\/11\/RS165848_GV5A1451-scr-768x512.jpg 768w, https:\/\/semmelweis.hu\/hirek\/files\/2022\/11\/RS165848_GV5A1451-scr-753x502.jpg 753w, https:\/\/semmelweis.hu\/hirek\/files\/2022\/11\/RS165848_GV5A1451-scr-203x135.jpg 203w, https:\/\/semmelweis.hu\/hirek\/files\/2022\/11\/RS165848_GV5A1451-scr.jpg 1200w\" >\r\n        <\/a><\/div><\/span><span class=\"gallery-item\"><div class=\"hidden\"><a href=\"https:\/\/semmelweis.hu\/hirek\/files\/2022\/11\/RS165852_GV5A1471-scr.jpg\">\r\n        <img src=https:\/\/semmelweis.hu\/hirek\/files\/2022\/11\/RS165852_GV5A1471-scr.jpg alt=\"\" class=\"attachment-sote-gallery-big size-sote-gallery-big\" srcset=\"https:\/\/semmelweis.hu\/hirek\/files\/2022\/11\/RS165852_GV5A1471-scr-400x267.jpg 400w, https:\/\/semmelweis.hu\/hirek\/files\/2022\/11\/RS165852_GV5A1471-scr-900x600.jpg 900w, https:\/\/semmelweis.hu\/hirek\/files\/2022\/11\/RS165852_GV5A1471-scr-768x512.jpg 768w, https:\/\/semmelweis.hu\/hirek\/files\/2022\/11\/RS165852_GV5A1471-scr-753x502.jpg 753w, https:\/\/semmelweis.hu\/hirek\/files\/2022\/11\/RS165852_GV5A1471-scr-203x135.jpg 203w, https:\/\/semmelweis.hu\/hirek\/files\/2022\/11\/RS165852_GV5A1471-scr.jpg 1200w\" >\r\n        <\/a><\/div><\/span><span class=\"gallery-item\"><div class=\"hidden\"><a href=\"https:\/\/semmelweis.hu\/hirek\/files\/2022\/11\/RS165856_GV5A1487-scr.jpg\">\r\n        <img src=https:\/\/semmelweis.hu\/hirek\/files\/2022\/11\/RS165856_GV5A1487-scr.jpg alt=\"\" class=\"attachment-sote-gallery-big size-sote-gallery-big\" srcset=\"https:\/\/semmelweis.hu\/hirek\/files\/2022\/11\/RS165856_GV5A1487-scr-400x267.jpg 400w, https:\/\/semmelweis.hu\/hirek\/files\/2022\/11\/RS165856_GV5A1487-scr-900x600.jpg 900w, https:\/\/semmelweis.hu\/hirek\/files\/2022\/11\/RS165856_GV5A1487-scr-768x512.jpg 768w, https:\/\/semmelweis.hu\/hirek\/files\/2022\/11\/RS165856_GV5A1487-scr-753x502.jpg 753w, https:\/\/semmelweis.hu\/hirek\/files\/2022\/11\/RS165856_GV5A1487-scr-203x135.jpg 203w, https:\/\/semmelweis.hu\/hirek\/files\/2022\/11\/RS165856_GV5A1487-scr.jpg 1200w\" >\r\n        <\/a><\/div><\/span><span class=\"gallery-item\"><div class=\"hidden\"><a href=\"https:\/\/semmelweis.hu\/hirek\/files\/2022\/11\/RS165867_GV5A1529-scr.jpg\">\r\n        <img src=https:\/\/semmelweis.hu\/hirek\/files\/2022\/11\/RS165867_GV5A1529-scr.jpg alt=\"\" class=\"attachment-sote-gallery-big size-sote-gallery-big\" srcset=\"https:\/\/semmelweis.hu\/hirek\/files\/2022\/11\/RS165867_GV5A1529-scr-400x267.jpg 400w, https:\/\/semmelweis.hu\/hirek\/files\/2022\/11\/RS165867_GV5A1529-scr-900x600.jpg 900w, https:\/\/semmelweis.hu\/hirek\/files\/2022\/11\/RS165867_GV5A1529-scr-768x512.jpg 768w, https:\/\/semmelweis.hu\/hirek\/files\/2022\/11\/RS165867_GV5A1529-scr-753x502.jpg 753w, https:\/\/semmelweis.hu\/hirek\/files\/2022\/11\/RS165867_GV5A1529-scr-203x135.jpg 203w, https:\/\/semmelweis.hu\/hirek\/files\/2022\/11\/RS165867_GV5A1529-scr.jpg 1200w\" >\r\n        <\/a><\/div><\/span><span class=\"gallery-item\"><div class=\"hidden\"><a href=\"https:\/\/semmelweis.hu\/hirek\/files\/2022\/11\/RS165869_GV5A1537-scr.jpg\">\r\n        <img src=https:\/\/semmelweis.hu\/hirek\/files\/2022\/11\/RS165869_GV5A1537-scr.jpg alt=\"\" class=\"attachment-sote-gallery-big size-sote-gallery-big\" srcset=\"https:\/\/semmelweis.hu\/hirek\/files\/2022\/11\/RS165869_GV5A1537-scr-400x267.jpg 400w, https:\/\/semmelweis.hu\/hirek\/files\/2022\/11\/RS165869_GV5A1537-scr-900x600.jpg 900w, https:\/\/semmelweis.hu\/hirek\/files\/2022\/11\/RS165869_GV5A1537-scr-768x512.jpg 768w, https:\/\/semmelweis.hu\/hirek\/files\/2022\/11\/RS165869_GV5A1537-scr-753x502.jpg 753w, https:\/\/semmelweis.hu\/hirek\/files\/2022\/11\/RS165869_GV5A1537-scr-203x135.jpg 203w, https:\/\/semmelweis.hu\/hirek\/files\/2022\/11\/RS165869_GV5A1537-scr.jpg 1200w\" >\r\n        <\/a><\/div><\/span><span class=\"gallery-item\"><div class=\"hidden\"><a href=\"https:\/\/semmelweis.hu\/hirek\/files\/2022\/11\/RS165871_GV5A1540-scr.jpg\">\r\n        <img src=https:\/\/semmelweis.hu\/hirek\/files\/2022\/11\/RS165871_GV5A1540-scr.jpg alt=\"\" class=\"attachment-sote-gallery-big size-sote-gallery-big\" srcset=\"https:\/\/semmelweis.hu\/hirek\/files\/2022\/11\/RS165871_GV5A1540-scr-400x267.jpg 400w, https:\/\/semmelweis.hu\/hirek\/files\/2022\/11\/RS165871_GV5A1540-scr-900x600.jpg 900w, https:\/\/semmelweis.hu\/hirek\/files\/2022\/11\/RS165871_GV5A1540-scr-768x512.jpg 768w, https:\/\/semmelweis.hu\/hirek\/files\/2022\/11\/RS165871_GV5A1540-scr-753x502.jpg 753w, https:\/\/semmelweis.hu\/hirek\/files\/2022\/11\/RS165871_GV5A1540-scr-203x135.jpg 203w, https:\/\/semmelweis.hu\/hirek\/files\/2022\/11\/RS165871_GV5A1540-scr.jpg 1200w\" >\r\n        <\/a><\/div><\/span><span class=\"gallery-item\"><div class=\"hidden\"><a href=\"https:\/\/semmelweis.hu\/hirek\/files\/2022\/11\/RS165873_GV5A1546-scr.jpg\">\r\n        <img src=https:\/\/semmelweis.hu\/hirek\/files\/2022\/11\/RS165873_GV5A1546-scr.jpg alt=\"\" class=\"attachment-sote-gallery-big size-sote-gallery-big\" srcset=\"https:\/\/semmelweis.hu\/hirek\/files\/2022\/11\/RS165873_GV5A1546-scr-400x267.jpg 400w, https:\/\/semmelweis.hu\/hirek\/files\/2022\/11\/RS165873_GV5A1546-scr-900x600.jpg 900w, https:\/\/semmelweis.hu\/hirek\/files\/2022\/11\/RS165873_GV5A1546-scr-768x512.jpg 768w, https:\/\/semmelweis.hu\/hirek\/files\/2022\/11\/RS165873_GV5A1546-scr-753x502.jpg 753w, https:\/\/semmelweis.hu\/hirek\/files\/2022\/11\/RS165873_GV5A1546-scr-203x135.jpg 203w, https:\/\/semmelweis.hu\/hirek\/files\/2022\/11\/RS165873_GV5A1546-scr.jpg 1200w\" >\r\n        <\/a><\/div><\/span><span class=\"gallery-item\"><div class=\"hidden\"><a href=\"https:\/\/semmelweis.hu\/hirek\/files\/2022\/11\/RS165883_GV5A1607-scr.jpg\">\r\n        <img src=https:\/\/semmelweis.hu\/hirek\/files\/2022\/11\/RS165883_GV5A1607-scr.jpg alt=\"\" class=\"attachment-sote-gallery-big size-sote-gallery-big\" srcset=\"https:\/\/semmelweis.hu\/hirek\/files\/2022\/11\/RS165883_GV5A1607-scr-400x267.jpg 400w, https:\/\/semmelweis.hu\/hirek\/files\/2022\/11\/RS165883_GV5A1607-scr-900x600.jpg 900w, https:\/\/semmelweis.hu\/hirek\/files\/2022\/11\/RS165883_GV5A1607-scr-768x512.jpg 768w, https:\/\/semmelweis.hu\/hirek\/files\/2022\/11\/RS165883_GV5A1607-scr-753x502.jpg 753w, https:\/\/semmelweis.hu\/hirek\/files\/2022\/11\/RS165883_GV5A1607-scr-203x135.jpg 203w, https:\/\/semmelweis.hu\/hirek\/files\/2022\/11\/RS165883_GV5A1607-scr.jpg 1200w\" >\r\n        <\/a><\/div><\/span><span class=\"gallery-item\"><div class=\"hidden\"><a href=\"https:\/\/semmelweis.hu\/hirek\/files\/2022\/11\/RS165886_GV5A1636-scr.jpg\">\r\n        <img src=https:\/\/semmelweis.hu\/hirek\/files\/2022\/11\/RS165886_GV5A1636-scr.jpg alt=\"\" class=\"attachment-sote-gallery-big size-sote-gallery-big\" srcset=\"https:\/\/semmelweis.hu\/hirek\/files\/2022\/11\/RS165886_GV5A1636-scr-400x267.jpg 400w, https:\/\/semmelweis.hu\/hirek\/files\/2022\/11\/RS165886_GV5A1636-scr-900x600.jpg 900w, https:\/\/semmelweis.hu\/hirek\/files\/2022\/11\/RS165886_GV5A1636-scr-768x512.jpg 768w, https:\/\/semmelweis.hu\/hirek\/files\/2022\/11\/RS165886_GV5A1636-scr-753x502.jpg 753w, https:\/\/semmelweis.hu\/hirek\/files\/2022\/11\/RS165886_GV5A1636-scr-203x135.jpg 203w, https:\/\/semmelweis.hu\/hirek\/files\/2022\/11\/RS165886_GV5A1636-scr.jpg 1200w\" >\r\n        <\/a><\/div><\/span><span class=\"gallery-item\"><div class=\"hidden\"><a href=\"https:\/\/semmelweis.hu\/hirek\/files\/2022\/11\/RS165894_GV5A1686-scr.jpg\">\r\n        <img src=https:\/\/semmelweis.hu\/hirek\/files\/2022\/11\/RS165894_GV5A1686-scr.jpg alt=\"\" class=\"attachment-sote-gallery-big size-sote-gallery-big\" srcset=\"https:\/\/semmelweis.hu\/hirek\/files\/2022\/11\/RS165894_GV5A1686-scr-400x267.jpg 400w, https:\/\/semmelweis.hu\/hirek\/files\/2022\/11\/RS165894_GV5A1686-scr-900x600.jpg 900w, https:\/\/semmelweis.hu\/hirek\/files\/2022\/11\/RS165894_GV5A1686-scr-768x512.jpg 768w, https:\/\/semmelweis.hu\/hirek\/files\/2022\/11\/RS165894_GV5A1686-scr-753x502.jpg 753w, https:\/\/semmelweis.hu\/hirek\/files\/2022\/11\/RS165894_GV5A1686-scr-203x135.jpg 203w, https:\/\/semmelweis.hu\/hirek\/files\/2022\/11\/RS165894_GV5A1686-scr.jpg 1200w\" >\r\n        <\/a><\/div><\/span><span class=\"gallery-item\"><div class=\"hidden\"><a href=\"https:\/\/semmelweis.hu\/hirek\/files\/2022\/11\/RS165903_GV5A1728-scr.jpg\">\r\n        <img src=https:\/\/semmelweis.hu\/hirek\/files\/2022\/11\/RS165903_GV5A1728-scr.jpg alt=\"\" class=\"attachment-sote-gallery-big size-sote-gallery-big\" srcset=\"https:\/\/semmelweis.hu\/hirek\/files\/2022\/11\/RS165903_GV5A1728-scr-400x267.jpg 400w, https:\/\/semmelweis.hu\/hirek\/files\/2022\/11\/RS165903_GV5A1728-scr-900x600.jpg 900w, https:\/\/semmelweis.hu\/hirek\/files\/2022\/11\/RS165903_GV5A1728-scr-768x512.jpg 768w, https:\/\/semmelweis.hu\/hirek\/files\/2022\/11\/RS165903_GV5A1728-scr-753x502.jpg 753w, https:\/\/semmelweis.hu\/hirek\/files\/2022\/11\/RS165903_GV5A1728-scr-203x135.jpg 203w, https:\/\/semmelweis.hu\/hirek\/files\/2022\/11\/RS165903_GV5A1728-scr.jpg 1200w\" >\r\n        <\/a><\/div><\/span>\r\n            <\/div>\r\n\r\n            [\/slb_exclude]\r\n\t\n<div class=\"keretes w-100\">\n<p>Az Anat\u00f3miai Int\u00e9zet tetemt\u00e1rol\u00f3ja az orsz\u00e1g legnagyobb ilyen funkci\u00f3j\u00fa r\u00e9szlege. A nagyj\u00e1b\u00f3l 300 n\u00e9gyzetm\u00e9teres ter\u00fclet holttest el\u0151k\u00e9sz\u00edt\u0151 helyis\u00e9geinek egy r\u00e9sze ugyanazt a funkci\u00f3t l\u00e1tja el ma is, mint \u00e9vtizedekkel ezel\u0151tt \u2013 a 21. sz\u00e1zadi technika bek\u00f6lt\u00f6z\u00e9s\u00e9vel azonban komoly v\u00e1ltoz\u00e1sok t\u00f6rt\u00e9ntek. Sz\u00e1mos ter\u00fclet biztos\u00edt \u00faj, region\u00e1lisan egyed\u00fcl\u00e1ll\u00f3 lehet\u0151s\u00e9get az anat\u00f3miai tetemkezel\u00e9shez, mint p\u00e9ld\u00e1ul az eg\u00e9sz testek plasztin\u00e1l\u00e1s\u00e1ra is alkalmas berendez\u00e9s, a helyi szennyv\u00edzkezel\u0151 rendszert pedig korszer\u0171 k\u00f6rnyezetv\u00e9delmi szempontok alapj\u00e1n tervezt\u00e9k \u00fajra.<\/p>\n<p>Az \u00faj interdiszciplin\u00e1ris m\u0171t\u0151 egy 70 n\u00e9gyzetm\u00e9teres helyis\u00e9g 10 munka\u00e1llom\u00e1ssal, ahol k\u00f6zponti s\u0171r\u00edtettleveg\u0151-h\u00e1l\u00f3zat, m\u0171t\u0151l\u00e1mp\u00e1k \u00e9s hatalmas kivet\u00edt\u0151kkel ell\u00e1tott demonstr\u00e1ci\u00f3s asztal seg\u00edti a munk\u00e1t, s\u0151t a ter\u00fclet sug\u00e1rv\u00e9delme is megoldott. A m\u0171t\u0151 ak\u00e1r 20 f\u0151s tanfolyamok tart\u00e1s\u00e1ra is alkalmas, melyek a gradu\u00e1lis oktat\u00e1st k\u00fcl\u00f6n helyis\u00e9g l\u00e9v\u00e9n h\u00e9tk\u00f6znap sem zavarj\u00e1k majd. A beruh\u00e1z\u00e1snak k\u00f6sz\u00f6nhet\u0151en teh\u00e1t az eddig mag\u00e1nint\u00e9zm\u00e9nyekben vagy k\u00f6zk\u00f3rh\u00e1zakban zajlott kurzusoknak is az int\u00e9zet adhat otthont a j\u00f6v\u0151ben.<\/p>\n<\/div>\n<p>Kiss Vikt\u00f3ria<br \/>\nFot\u00f3: Kov\u00e1cs Attila \u2013 Semmelweis Egyetem\u00a0<\/p>\n","protected":false},"excerpt":{"rendered":"<p>Az \u00faj interdiszciplin\u00e1ris m\u0171t\u0151 ak\u00e1r 20 f\u0151s tanfolyamoknak is otthont adhat a j\u00f6v\u0151ben.<\/p>\n","protected":false},"author":101983,"featured_media":122545,"comment_status":"closed","ping_status":"closed","sticky":false,"template":"","format":"standard","meta":{"_acf_changed":false,"footnotes":""},"categories":[157,168],"tags":[4140],"class_list":["post-122539","post","type-post","status-publish","format-standard","has-post-thumbnail","hentry","category-semmelweis-vilag","category-kiemelt","tag-fejlesztes"],"acf":[],"_links":{"self":[{"href":"https:\/\/semmelweis.hu\/hirek\/wp-json\/wp\/v2\/posts\/122539","targetHints":{"allow":["GET"]}}],"collection":[{"href":"https:\/\/semmelweis.hu\/hirek\/wp-json\/wp\/v2\/posts"}],"about":[{"href":"https:\/\/semmelweis.hu\/hirek\/wp-json\/wp\/v2\/types\/post"}],"author":[{"embeddable":true,"href":"https:\/\/semmelweis.hu\/hirek\/wp-json\/wp\/v2\/users\/101983"}],"replies":[{"embeddable":true,"href":"https:\/\/semmelweis.hu\/hirek\/wp-json\/wp\/v2\/comments?post=122539"}],"version-history":[{"count":10,"href":"https:\/\/semmelweis.hu\/hirek\/wp-json\/wp\/v2\/posts\/122539\/revisions"}],"predecessor-version":[{"id":122824,"href":"https:\/\/semmelweis.hu\/hirek\/wp-json\/wp\/v2\/posts\/122539\/revisions\/122824"}],"wp:featuredmedia":[{"embeddable":true,"href":"https:\/\/semmelweis.hu\/hirek\/wp-json\/wp\/v2\/media\/122545"}],"wp:attachment":[{"href":"https:\/\/semmelweis.hu\/hirek\/wp-json\/wp\/v2\/media?parent=122539"}],"wp:term":[{"taxonomy":"category","embeddable":true,"href":"https:\/\/semmelweis.hu\/hirek\/wp-json\/wp\/v2\/categories?post=122539"},{"taxonomy":"post_tag","embeddable":true,"href":"https:\/\/semmelweis.hu\/hirek\/wp-json\/wp\/v2\/tags?post=122539"}],"curies":[{"name":"wp","href":"https:\/\/api.w.org\/{rel}","templated":true}]}}