{"id":122395,"date":"2022-11-24T14:00:22","date_gmt":"2022-11-24T13:00:22","guid":{"rendered":"https:\/\/semmelweis.hu\/hirek\/?p=122395"},"modified":"2022-11-23T16:00:40","modified_gmt":"2022-11-23T15:00:40","slug":"egyuttmukodesi-megallapodas-a-moholy-nagy-muveszeti-egyetemmel","status":"publish","type":"post","link":"https:\/\/semmelweis.hu\/hirek\/2022\/11\/24\/egyuttmukodesi-megallapodas-a-moholy-nagy-muveszeti-egyetemmel\/","title":{"rendered":"Egy\u00fcttm\u0171k\u00f6d\u00e9si meg\u00e1llapod\u00e1s a Moholy-Nagy M\u0171v\u00e9szeti Egyetemmel"},"content":{"rendered":"<div class=\"lead\">K\u00f6z\u00f6s kutat\u00e1s-fejleszt\u00e9si projektek ind\u00edt\u00e1s\u00e1r\u00f3l k\u00f6t\u00f6tt egy\u00fcttm\u0171k\u00f6d\u00e9si meg\u00e1llapod\u00e1st a Semmelweis Egyetem \u00e9s a Moholy-Nagy M\u0171v\u00e9szeti Egyetem. Egyebek k\u00f6zt azt vizsg\u00e1lj\u00e1k a kutat\u00f3k, milyen alkalmaz\u00e1si lehet\u0151s\u00e9gei lehetnek a 3D nyomtat\u00e1sos technol\u00f3gi\u00e1knak a seb\u00e9szeti beavatkoz\u00e1sok, illetve azok oktat\u00e1sa sor\u00e1n. Dr. Merkely B\u00e9la rektor hangs\u00falyozta, hogy az egyetem transzl\u00e1ci\u00f3s szeml\u00e9let\u00e9nek k\u00f6sz\u00f6nhet\u0151en az \u00f6sszefog\u00e1s eredm\u00e9nyei a lehet\u0151 leghamarabb hasznosulhatnak majd a beteg\u00e1gyakn\u00e1l is.<\/div>\n<p><em>&#8222;<\/em>Az orvostan tudom\u00e1ny \u00e9s m\u0171v\u00e9szet egyar\u00e1nt. Balogh K\u00e1lm\u00e1n, a XIX. sz\u00e1zad legend\u00e1s orvosa, int\u00e9zm\u00e9ny\u00fcnk jogel\u0151dj\u00e9nek egykori orvostudom\u00e1nyi d\u00e9k\u00e1nja tartotta \u00edgy. Ez a gondolat kap most \u00faj tartalmat azzal, hogy a Semmelweis Egyetem \u00e9s a Moholy-Nagy M\u0171v\u00e9szeti Egyetem (MOME) k\u00f6lcs\u00f6n\u00f6sen el\u0151ny\u00f6s egy\u00fcttm\u0171k\u00f6d\u00e9si meg\u00e1llapod\u00e1st k\u00f6t&#8221; \u2013 mondta dr. Merkely B\u00e9la a meg\u00e1llapod\u00e1s \u00fcnnep\u00e9lyes al\u00e1\u00edr\u00e1sa el\u0151tt.<\/p>\n<p><a href=\"https:\/\/semmelweis.hu\/hirek\/files\/2022\/11\/RS165554_GV5A0291-scr.jpg\"><img loading=\"lazy\" decoding=\"async\" class=\"alignright size-medium wp-image-122451\" src=\"https:\/\/semmelweis.hu\/hirek\/files\/2022\/11\/RS165554_GV5A0291-scr-400x256.jpg\" alt=\"\" width=\"400\" height=\"256\" srcset=\"https:\/\/semmelweis.hu\/hirek\/files\/2022\/11\/RS165554_GV5A0291-scr-400x256.jpg 400w, https:\/\/semmelweis.hu\/hirek\/files\/2022\/11\/RS165554_GV5A0291-scr-900x575.jpg 900w, https:\/\/semmelweis.hu\/hirek\/files\/2022\/11\/RS165554_GV5A0291-scr-768x491.jpg 768w, https:\/\/semmelweis.hu\/hirek\/files\/2022\/11\/RS165554_GV5A0291-scr-753x481.jpg 753w, https:\/\/semmelweis.hu\/hirek\/files\/2022\/11\/RS165554_GV5A0291-scr.jpg 1200w\" sizes=\"auto, (max-width: 400px) 100vw, 400px\" \/><\/a><\/p>\n<p>A rektor\u00a0hangs\u00falyozta, hogy a Semmelweis Egyetem Kelet-K\u00f6z\u00e9p-Eur\u00f3pa kiemelt tud\u00e1scentrumak\u00e9nt az oktat\u00e1s \u00e9s a betegell\u00e1t\u00e1s mellett a kutat\u00e1s \u00e9s az innov\u00e1ci\u00f3 ter\u00fclet\u00e9n is egyed\u00fcl\u00e1ll\u00f3 szerepet t\u00f6lt be.\u00a0<\/p>\n<div>&#8222;Mindig a leg\u00fajabb eredm\u00e9nyeket \u00e9s a legmodernebb technol\u00f3gi\u00e1kat alkalmazzuk a betegell\u00e1t\u00e1sban \u00e9s az oktat\u00e1sban egyar\u00e1nt. A Moholy-Nagy M\u0171v\u00e9szeti Egyetem a magyar kreat\u00edv- \u00e9s designipar megker\u00fclhetetlen szerepl\u0151jek\u00e9nt a t\u00f6bbi k\u00f6z\u00f6tt az anyagkutat\u00e1sra is nagy hangs\u00falyt fektet. Az \u00faj anyagok \u00e9s a kapcsol\u00f3d\u00f3 technol\u00f3gi\u00e1k az orvostudom\u00e1ny sz\u00e1m\u00e1ra is rendk\u00edv\u00fcl hasznosak lehetnek. A most kezd\u0151d\u0151 k\u00f6z\u00f6s munka c\u00e9lja az, hogy garant\u00e1ltan azok is legyenek&#8221; \u2013 fogalmazott dr. Merkely B\u00e9la.<\/div>\n<div>\u00a0<\/div>\n<div><span style=\"font-size: 1rem\">Hozz\u00e1tette: az anyagtechnol\u00f3giai kutat\u00e1sok \u00e9s az orvostudom\u00e1ny c\u00e9ljainak \u00f6sszehangol\u00e1s\u00e1val hozz\u00e1j\u00e1rulnak az orvosi beavatkoz\u00e1sok \u00e9s az eg\u00e9szs\u00e9g\u00fcgyi szakemberk\u00e9pz\u00e9s fejleszt\u00e9s\u00e9hez, meg\u00faj\u00edt\u00e1s\u00e1hoz. Az innov\u00e1ci\u00f3knak k\u00f6sz\u00f6nhet\u0151en a legmodernebb technol\u00f3gi\u00e1k seg\u00edtik az orvosokat abban, hogy a betegek a lehet\u0151 leghamarabb modern \u00e9s hat\u00e9kony kezel\u00e9st kapjanak.<\/span><\/div>\n<div>\u00a0<\/div>\n<div>\n<p>F\u00fcl\u00f6p J\u00f3zsef, a MOME rektora meger\u0151s\u00edtette: mindk\u00e9t int\u00e9zm\u00e9nynek saj\u00e1tja az, hogy a ter\u00fclet kiv\u00e1l\u00f3s\u00e1gait szeretn\u00e9 karrierj\u00e9ben t\u00e1mogatni. A design sokat fejl\u0151d\u00f6tt az ut\u00f3bbi \u00e9vtizedekben \u00e9s \u00e9vekben: fel\u00e9rt\u00e9kel\u0151d\u00f6tt a kreat\u00edv innov\u00e1ci\u00f3 szerepe, kiemelt hangs\u00falyt kap a szakter\u00fcletek k\u00f6z\u00f6tti kooper\u00e1ci\u00f3, az, hogy a design hogyan tudja az emberek \u00e9let\u00e9t megk\u00f6nny\u00edteni, \u00e9s ebben az eg\u00e9szs\u00e9gv\u00e9delem, a gy\u00f3gy\u00edt\u00e1s is kiemelt szerephez jut.<\/p>\n<\/div>\n<p><a href=\"https:\/\/semmelweis.hu\/hirek\/files\/2022\/11\/RS165566_GV5A0372-scr.jpg\"><img loading=\"lazy\" decoding=\"async\" class=\"alignleft size-medium wp-image-122416\" src=\"https:\/\/semmelweis.hu\/hirek\/files\/2022\/11\/RS165566_GV5A0372-scr-400x267.jpg\" alt=\"\" width=\"400\" height=\"267\" srcset=\"https:\/\/semmelweis.hu\/hirek\/files\/2022\/11\/RS165566_GV5A0372-scr-400x267.jpg 400w, https:\/\/semmelweis.hu\/hirek\/files\/2022\/11\/RS165566_GV5A0372-scr-900x600.jpg 900w, https:\/\/semmelweis.hu\/hirek\/files\/2022\/11\/RS165566_GV5A0372-scr-768x512.jpg 768w, https:\/\/semmelweis.hu\/hirek\/files\/2022\/11\/RS165566_GV5A0372-scr-753x502.jpg 753w, https:\/\/semmelweis.hu\/hirek\/files\/2022\/11\/RS165566_GV5A0372-scr-203x135.jpg 203w, https:\/\/semmelweis.hu\/hirek\/files\/2022\/11\/RS165566_GV5A0372-scr.jpg 1200w\" sizes=\"auto, (max-width: 400px) 100vw, 400px\" \/><\/a><\/p>\n<p>&#8222;A mi feladatunk az, hogy design alap\u00fa megold\u00e1sokkal, a t\u00f6bbi k\u00f6z\u00f6tt anyagkutat\u00e1si innov\u00e1ci\u00f3kkal, a m\u0171szerek, gy\u00f3gy\u00edt\u00e1sban haszn\u00e1lt eszk\u00f6z\u00f6k ergonomikus megtervez\u00e9s\u00e9n t\u00fal holisztikus szeml\u00e9lettel adjunk v\u00e1laszt a kor kih\u00edv\u00e1saira, form\u00e1ljuk a j\u00f6v\u0151t, \u00e9s a technol\u00f3gi\u00e1k humaniz\u00e1l\u00e1s\u00e1val felt\u00e1rjuk, hogy az eg\u00e9szs\u00e9gmeg\u0151rz\u00e9sben, a beteg\u00e1pol\u00e1sban hol vannak olyan lehet\u0151s\u00e9gek, ahol a gy\u00f3gy\u00edt\u00f3k \u00e9s a designerek egy\u00fctt tudnak m\u0171k\u00f6dni. Ez a meg\u00e1llapod\u00e1s az els\u0151 nagy l\u00e9pcs\u0151 ebben a folyamatban&#8221; \u2013 hangs\u00falyozta F\u00fcl\u00f6p J\u00f3zsef.<\/p>\n<p>Hozz\u00e1tette: a Moholy-Nagy M\u0171v\u00e9szeti Egyetem feladat\u00e1nak tekinti a k\u00f6z\u00f6ss\u00e9g szolg\u00e1lat\u00e1t, a designtudatoss\u00e1g terjeszt\u00e9s\u00e9t \u00e9s azt, hogy hozz\u00e1j\u00e1ruljon Magyarorsz\u00e1g \u00e9s Kelet-K\u00f6z\u00e9p-Eur\u00f3pa gazdas\u00e1gi \u00e9s kultur\u00e1lis \u00f6kosziszt\u00e9m\u00e1inak fejleszt\u00e9s\u00e9hez. \u00cdgy az egyetem sz\u00e1m\u00e1ra a nemzetk\u00f6zi ismerts\u00e9g szempontj\u00e1b\u00f3l is alapvet\u00e9s, hogy olyan partnerei legyenek, akik ugyanolyan m\u00f3don \u00e1llnak hozz\u00e1 a 21. sz\u00e1zad kih\u00edv\u00e1saihoz, mint a MOME. A Semmelweis Egyetem \u00e9s a MOME strat\u00e9giai partners\u00e9g\u00e9ben k\u00e9t olyan nemzetk\u00f6zi jelent\u0151s\u00e9g\u0171 int\u00e9zm\u00e9ny fog \u00f6ssze, amely a kiv\u00e1l\u00f3s\u00e1g t\u00e1mogat\u00e1s\u00e1ban \u00e9s az innov\u00e1ci\u00f3 ter\u00fclet\u00e9n is azonos \u00e9rt\u00e9keket vall.<\/p>\n<p><a href=\"https:\/\/semmelweis.hu\/hirek\/files\/2022\/11\/RS165573_GV5A0398-scr.jpg\"><img loading=\"lazy\" decoding=\"async\" class=\"alignright size-medium wp-image-122426\" src=\"https:\/\/semmelweis.hu\/hirek\/files\/2022\/11\/RS165573_GV5A0398-scr-267x400.jpg\" alt=\"\" width=\"267\" height=\"400\" srcset=\"https:\/\/semmelweis.hu\/hirek\/files\/2022\/11\/RS165573_GV5A0398-scr-267x400.jpg 267w, https:\/\/semmelweis.hu\/hirek\/files\/2022\/11\/RS165573_GV5A0398-scr-533x800.jpg 533w, https:\/\/semmelweis.hu\/hirek\/files\/2022\/11\/RS165573_GV5A0398-scr.jpg 600w\" sizes=\"auto, (max-width: 267px) 100vw, 267px\" \/><\/a><\/p>\n<p>Dr. R\u00e9nyi-V\u00e1mos Ferenc, a Semmelweis Egyetem Mellkasseb\u00e9szeti Klinik\u00e1j\u00e1nak igazgat\u00f3ja kiemelte, hogy sokkal t\u00f6bb dolog k\u00f6ti \u00f6ssze ezt a k\u00e9t tudom\u00e1nyt, mint amennyi k\u00fcl\u00f6nb\u00f6z\u0151s\u00e9g van. P\u00e9ldak\u00e9nt eml\u00edtette, hogy az egyetemen a kutat\u00e1s \u00e9s az oktat\u00e1s ter\u00fclet\u00e9n is elemi sz\u00fcks\u00e9g\u00fck van grafikusokra. Eml\u00e9keztetett arra, hogy az amerikai Mayo Klinika grafikusa a m\u0171v\u00e9szvil\u00e1gban vil\u00e1gh\u00edr\u0171 lett mint klinikai grafikus.<\/p>\n<p>&#8222;T\u00fcd\u0151transzplant\u00e1ci\u00f3val foglalkozom, \u00e9s nemegyszer el\u0151fordul, hogy az a szerv, amelyet be\u00fcltet\u00fcnk a recipiensbe, l\u00e9nyegesen nagyobb, mint a rendelkez\u00e9sre \u00e1ll\u00f3 mell\u00fcreg. Teh\u00e1t effekt\u00edve szobr\u00e1szi tev\u00e9kenys\u00e9get kell folytatnunk, hogy m\u00e9retre szabjuk a t\u00fcd\u0151t&#8221; \u2013 ecsetelte a kih\u00edv\u00e1sokat a klinikaigazgat\u00f3.<\/p>\n<p>Berkovics Dalma, a MOME Innov\u00e1ci\u00f3s K\u00f6zpontj\u00e1nak partnerkapcsolatok\u00e9rt felel\u0151s vezet\u0151je ismertette, hogy egyetem\u00fck\u00f6n mintegy 30 f\u0151s csapatban dolgoznak kutat\u00e1s-fejleszt\u00e9si projekteken. F\u0151 c\u00e9ljuk, hogy a design a folyamat k\u00f6z\u00e9ppontj\u00e1ba ker\u00fclj\u00f6n, illetve hogy a k\u00fcl\u00f6nb\u00f6z\u0151 ipar\u00e1gakhoz k\u00f6zelebb vigy\u00e9k, \u00e9s ebben az eg\u00e9szs\u00e9g\u00fcgy is nagyon fontos, kiemelt ter\u00fclet sz\u00e1mukra.<\/p>\n<p><a href=\"https:\/\/semmelweis.hu\/hirek\/files\/2022\/11\/RS165578_GV5A0427-scr.jpg\"><img loading=\"lazy\" decoding=\"async\" class=\"alignleft size-medium wp-image-122418\" src=\"https:\/\/semmelweis.hu\/hirek\/files\/2022\/11\/RS165578_GV5A0427-scr-279x400.jpg\" alt=\"\" width=\"279\" height=\"400\" srcset=\"https:\/\/semmelweis.hu\/hirek\/files\/2022\/11\/RS165578_GV5A0427-scr-279x400.jpg 279w, https:\/\/semmelweis.hu\/hirek\/files\/2022\/11\/RS165578_GV5A0427-scr-558x800.jpg 558w, https:\/\/semmelweis.hu\/hirek\/files\/2022\/11\/RS165578_GV5A0427-scr.jpg 628w\" sizes=\"auto, (max-width: 279px) 100vw, 279px\" \/><\/a><\/p>\n<p>Mint mondta, \u00f6t f\u0151 kutat\u00e1si ter\u00fcleten tev\u00e9kenykednek akt\u00edvan, ezek a <span style=\"font-size: 1rem\">szoci\u00e1lis design (melynek c\u00e9lja a t\u00e1rsadalmi egyenl\u0151tlens\u00e9g felsz\u00e1mol\u00e1sa, a h\u00e1tr\u00e1nyos helyzet\u0171 k\u00f6z\u00f6ss\u00e9gek t\u00e1mogat\u00e1sa a design eszk\u00f6zeivel), a data storytelling<\/span><span style=\"font-size: 1rem\"> (interakt\u00edv eszk\u00f6z\u00f6kkel, narrat\u00edv m\u00f3dszerekkel seg\u00edtik az adatalap\u00fa meg\u00e9rt\u00e9st \u00e9s d\u00f6nt\u00e9shoz\u00e1st), az <\/span><span style=\"font-size: 1rem\">interakci\u00f3 (a virtu\u00e1lis val\u00f3s\u00e1g \u00e9s metaverzumszer\u0171 ter\u00fcletek kritikai vizsg\u00e1lata \u00e9s fejleszt\u00e9se), a <\/span><span style=\"font-size: 1rem\">fenntarthat\u00f3 ipar el\u0151seg\u00edt\u00e9se \u00e9s az <\/span><span style=\"font-size: 1rem\">anyagkutat\u00e1s. <\/span><span style=\"font-size: 1rem\">Ez ut\u00f3bbi anyaginnov\u00e1ci\u00f3s ter\u00fcleten lehet a legt\u00f6bb k\u00f6z\u00f6s pontot tal\u00e1lni a Semmelweis Egyetemmel kialak\u00edtand\u00f3 egy\u00fcttm\u0171k\u00f6d\u00e9sben. K\u00eds\u00e9rleteznek a t\u00f6bbi k\u00f6z\u00f6tt dinamikus fel\u00fcletekkel, bioanyagokkal, robotik\u00e1val, l\u00e1gy \u00e1ramk\u00f6r\u00f6kkel, elektronikus text\u00edli\u00e1kkal, \u00e9s kifejleszt\u00e9s alatt van a prototipiz\u00e1l\u00f3 laborat\u00f3rium, ahol 3D nyomtat\u00f3kkal \u00e9s CNC-g\u00e9pek seg\u00edts\u00e9g\u00e9vel lehet majd kissz\u00e9ri\u00e1s gy\u00e1rt\u00e1st v\u00e9gezni.\u00a0<\/span><\/p>\n<p><span style=\"font-size: 1rem\">Dr. Barab\u00e1s J. Imre sz\u00edvseb\u00e9sz rezidens, a Semmelweis Egyetem 3D K\u00f6zpontj\u00e1nak vezet\u0151je A 3D technol\u00f3gia mint a beteg\u00e1ll\u00e1t\u00e1s, oktat\u00e1s \u00e9s kutat\u00e1s szinergi\u00e1ja c\u00edm\u0171 el\u0151ad\u00e1s\u00e1ban a 3D-s modellek gyakorlati alkalmaz\u00e1s\u00e1t taglalta. <\/span><\/p>\n<p><a href=\"https:\/\/semmelweis.hu\/hirek\/files\/2022\/11\/RS165581_GV5A0440-scr.jpg\"><img loading=\"lazy\" decoding=\"async\" class=\"alignright size-medium wp-image-122422\" src=\"https:\/\/semmelweis.hu\/hirek\/files\/2022\/11\/RS165581_GV5A0440-scr-267x400.jpg\" alt=\"\" width=\"267\" height=\"400\" srcset=\"https:\/\/semmelweis.hu\/hirek\/files\/2022\/11\/RS165581_GV5A0440-scr-267x400.jpg 267w, https:\/\/semmelweis.hu\/hirek\/files\/2022\/11\/RS165581_GV5A0440-scr-533x800.jpg 533w, https:\/\/semmelweis.hu\/hirek\/files\/2022\/11\/RS165581_GV5A0440-scr.jpg 600w\" sizes=\"auto, (max-width: 267px) 100vw, 267px\" \/><\/a><\/p>\n<p><span style=\"font-size: 1rem\">Eml\u00e9keztetett arra, hogy els\u0151sorban orvosi felv\u00e9telekkel dolgoznak \u2013 ez f\u0151k\u00e9nt CT, de lehet MR, ultrahang is \u2013, ut\u00e1na a f\u00e1jlokat feldolgozz\u00e1k, \u00e9s l\u00e9trej\u00f6nnek a 3D modellek.<\/span><\/p>\n<p><span style=\"font-size: 1rem\"> Prezent\u00e1ci\u00f3j\u00e1ban a modelleket bemutatta egyebek k\u00f6z\u00f6tt nagy\u00e9rm\u0171t\u00e9tn\u00e9l, m\u0171sz\u00edv-be\u00fcltet\u00e9s\u00e9n\u00e9l, \u00e9l\u0151donoros vesetranszplant\u00e1ci\u00f3n\u00e1l, illetve a t\u00fcd\u0151tumor vizualiz\u00e1l\u00e1s\u00e1n\u00e1l. Mint mondta, jelsz\u00f3 megad\u00e1s\u00e1val a modellek el\u00e9rhet\u0151k az orvosi3d.hu fel\u00fcleten, \u00e9s \u00edgy platformt\u00f3l f\u00fcggetlen\u00fcl pc-n, laptopon, tableten, mobiltelefonon is megtekinthet\u0151k.\u00a0<\/span><\/p>\n<p>Az egy\u00fcttm\u0171k\u00f6d\u00e9si meg\u00e1llapod\u00e1st dr. Merkely B\u00e9la \u00e9s F\u00fcl\u00f6p J\u00f3zsef rektorok, valamint Orb\u00e1n G\u00e1bor, a Nemzeti Eg\u00e9szs\u00e9g\u00fcgyi \u00e9s Orvosk\u00e9pz\u00e9s\u00e9rt Alap\u00edtv\u00e1ny kurat\u00f3rium\u00e1nak eln\u00f6ke \u00e9s B\u00f6sz\u00f6rm\u00e9nyi-Nagy Gergely, a Moholy-Nagy M\u0171v\u00e9szeti Egyetem\u00e9rt Alap\u00edtv\u00e1ny eln\u00f6ke \u00edrta al\u00e1. Az al\u00e1\u00edr\u00e1si \u00fcnneps\u00e9gen r\u00e9szt vett Szalontai \u00c1bel egyetemi docens, a MOME Fotogr\u00e1fia Tansz\u00e9k\u00e9nek vezet\u0151je is.<\/p>\n<p>Kiss G\u00e1bor<br \/>\nFot\u00f3: Kov\u00e1cs Attila \u2013 Semmelweis Egyetem<\/p>\n","protected":false},"excerpt":{"rendered":"<p>A Semmelweis \u00e9s a MOME k\u00f6z\u00f6s kutat\u00e1s-fejleszt\u00e9si projektek elind\u00edt\u00e1s\u00e1ban \u00e1llapodott meg.<\/p>\n","protected":false},"author":102061,"featured_media":122450,"comment_status":"closed","ping_status":"closed","sticky":false,"template":"","format":"standard","meta":{"_acf_changed":false,"footnotes":""},"categories":[161,168],"tags":[189],"class_list":["post-122395","post","type-post","status-publish","format-standard","has-post-thumbnail","hentry","category-tudomany","category-kiemelt","tag-innovacio"],"acf":[],"_links":{"self":[{"href":"https:\/\/semmelweis.hu\/hirek\/wp-json\/wp\/v2\/posts\/122395","targetHints":{"allow":["GET"]}}],"collection":[{"href":"https:\/\/semmelweis.hu\/hirek\/wp-json\/wp\/v2\/posts"}],"about":[{"href":"https:\/\/semmelweis.hu\/hirek\/wp-json\/wp\/v2\/types\/post"}],"author":[{"embeddable":true,"href":"https:\/\/semmelweis.hu\/hirek\/wp-json\/wp\/v2\/users\/102061"}],"replies":[{"embeddable":true,"href":"https:\/\/semmelweis.hu\/hirek\/wp-json\/wp\/v2\/comments?post=122395"}],"version-history":[{"count":11,"href":"https:\/\/semmelweis.hu\/hirek\/wp-json\/wp\/v2\/posts\/122395\/revisions"}],"predecessor-version":[{"id":122462,"href":"https:\/\/semmelweis.hu\/hirek\/wp-json\/wp\/v2\/posts\/122395\/revisions\/122462"}],"wp:featuredmedia":[{"embeddable":true,"href":"https:\/\/semmelweis.hu\/hirek\/wp-json\/wp\/v2\/media\/122450"}],"wp:attachment":[{"href":"https:\/\/semmelweis.hu\/hirek\/wp-json\/wp\/v2\/media?parent=122395"}],"wp:term":[{"taxonomy":"category","embeddable":true,"href":"https:\/\/semmelweis.hu\/hirek\/wp-json\/wp\/v2\/categories?post=122395"},{"taxonomy":"post_tag","embeddable":true,"href":"https:\/\/semmelweis.hu\/hirek\/wp-json\/wp\/v2\/tags?post=122395"}],"curies":[{"name":"wp","href":"https:\/\/api.w.org\/{rel}","templated":true}]}}