{"id":122275,"date":"2022-11-18T14:00:15","date_gmt":"2022-11-18T13:00:15","guid":{"rendered":"https:\/\/semmelweis.hu\/hirek\/?p=122275"},"modified":"2022-11-18T12:33:36","modified_gmt":"2022-11-18T11:33:36","slug":"kimagaslo-sikerek-az-egyetemi-foldharc-bajnoksagon","status":"publish","type":"post","link":"https:\/\/semmelweis.hu\/hirek\/2022\/11\/18\/kimagaslo-sikerek-az-egyetemi-foldharc-bajnoksagon\/","title":{"rendered":"Kimagasl\u00f3 sikerek az egyetemi F\u00f6ldharc Bajnoks\u00e1gon"},"content":{"rendered":"<div class=\"lead\">A Semmelweis Egyetem hallgat\u00f3i \u00f6t \u00e9remmel t\u00e9rtek haza az idei egyetemi F\u00f6ldharc Bajnoks\u00e1gr\u00f3l. A Nemzeti K\u00f6zszolg\u00e1lati Egyetemen megrendezett versenyen 8 egyetem k\u00f6zel 70 hallgat\u00f3ja m\u00e9rte \u00f6ssze erej\u00e9t november 9-\u00e9n.<\/div>\n<p>A megm\u00e9rettet\u00e9sen a Semmelweis Egyetem hat orvostanhallgat\u00f3ja indult, akik \u00f6sszesen \u00f6t \u00e9rmet szereztek. A 66 kg-os s\u00falycsoportban P\u00e1l P\u00e9ter a III. helyen v\u00e9gzett, a 83 kg-os kateg\u00f3ri\u00e1ban J\u00e1sz M\u00e1rton ez\u00fcst\u00e9rmet vihetett haza, a 90 kg-osok verseny\u00e9ben Cseh Andr\u00e1s bronz\u00e9rmes lett, a 100 kg-os s\u00falycsoportban Veres Szil\u00e1rd arany\u00e9rmes, a 100 kg felettiek k\u00fczdelm\u00e9ben pedig Osv\u00e1th B\u00e1lint II. helyez\u00e9st \u00e9rt el.<\/p>\n<p><a href=\"https:\/\/semmelweis.hu\/hirek\/files\/2022\/11\/20221109_202637-scaled.jpg\"><img loading=\"lazy\" decoding=\"async\" class=\"aligncenter size-full wp-image-122276\" src=\"https:\/\/semmelweis.hu\/hirek\/files\/2022\/11\/20221109_202637-scaled.jpg\" alt=\"\" width=\"2560\" height=\"1920\" srcset=\"https:\/\/semmelweis.hu\/hirek\/files\/2022\/11\/20221109_202637-scaled.jpg 2560w, https:\/\/semmelweis.hu\/hirek\/files\/2022\/11\/20221109_202637-400x300.jpg 400w, https:\/\/semmelweis.hu\/hirek\/files\/2022\/11\/20221109_202637-900x675.jpg 900w, https:\/\/semmelweis.hu\/hirek\/files\/2022\/11\/20221109_202637-768x576.jpg 768w, https:\/\/semmelweis.hu\/hirek\/files\/2022\/11\/20221109_202637-1536x1152.jpg 1536w, https:\/\/semmelweis.hu\/hirek\/files\/2022\/11\/20221109_202637-2048x1536.jpg 2048w, https:\/\/semmelweis.hu\/hirek\/files\/2022\/11\/20221109_202637-753x565.jpg 753w\" sizes=\"auto, (max-width: 2560px) 100vw, 2560px\" \/><\/a>A versenyen k\u00e9pzett k\u00fczd\u0151sportol\u00f3k is r\u00e9szt vettek: J\u00e1sz M\u00e1rton p\u00e9ld\u00e1ul t\u00f6bb \u00e9ves sikeres birk\u00f3z\u00f3 m\u00falttal rendelkezik, Veres Szil\u00e1rdnak pedig komoly jiu-jitsu sportm\u00faltja van. P\u00e1l P\u00e9ter, Cseh Andr\u00e1s \u00e9s Osv\u00e1th B\u00e1lint m\u00e9g csak h\u00e1rom h\u00f3napja edzenek a Budapest Honv\u00e9d Sport Egyes\u00fclet Birk\u00f3z\u00f3 szakoszt\u00e1ly\u00e1ban, ennek ellen\u00e9re kiv\u00e1l\u00f3 k\u00fczdelmeket v\u00edvtak. Az eddigi birk\u00f3z\u00f3 edz\u00e9sek mellett hamarosan lehet\u0151s\u00e9g lesz jiu-jitsu edz\u00e9sek l\u00e1togat\u00e1s\u00e1ra is \u2013\u00a0 sz\u00e1molt be dr. Mensch K\u00e1roly, a Fogorvotudom\u00e1nyi Kar Or\u00e1lis Diagnosztikai Tansz\u00e9k adjunktusa, a szakoszt\u00e1ly technikai vezet\u0151je.<\/p>\n<p>Forr\u00e1s: dr. Mensch K\u00e1roly<\/p>\n","protected":false},"excerpt":{"rendered":"<p>A Semmelweis Egyetem hallgat\u00f3i \u00f6t \u00e9rmmel t\u00e9rtek haza a megm\u00e9rettet\u00e9sr\u0151l. <\/p>\n","protected":false},"author":101282,"featured_media":122276,"comment_status":"closed","ping_status":"closed","sticky":false,"template":"","format":"standard","meta":{"_acf_changed":false,"footnotes":""},"categories":[3533],"tags":[155],"class_list":["post-122275","post","type-post","status-publish","format-standard","has-post-thumbnail","hentry","category-hallgatok-oktatas","tag-sport"],"acf":[],"_links":{"self":[{"href":"https:\/\/semmelweis.hu\/hirek\/wp-json\/wp\/v2\/posts\/122275","targetHints":{"allow":["GET"]}}],"collection":[{"href":"https:\/\/semmelweis.hu\/hirek\/wp-json\/wp\/v2\/posts"}],"about":[{"href":"https:\/\/semmelweis.hu\/hirek\/wp-json\/wp\/v2\/types\/post"}],"author":[{"embeddable":true,"href":"https:\/\/semmelweis.hu\/hirek\/wp-json\/wp\/v2\/users\/101282"}],"replies":[{"embeddable":true,"href":"https:\/\/semmelweis.hu\/hirek\/wp-json\/wp\/v2\/comments?post=122275"}],"version-history":[{"count":5,"href":"https:\/\/semmelweis.hu\/hirek\/wp-json\/wp\/v2\/posts\/122275\/revisions"}],"predecessor-version":[{"id":122333,"href":"https:\/\/semmelweis.hu\/hirek\/wp-json\/wp\/v2\/posts\/122275\/revisions\/122333"}],"wp:featuredmedia":[{"embeddable":true,"href":"https:\/\/semmelweis.hu\/hirek\/wp-json\/wp\/v2\/media\/122276"}],"wp:attachment":[{"href":"https:\/\/semmelweis.hu\/hirek\/wp-json\/wp\/v2\/media?parent=122275"}],"wp:term":[{"taxonomy":"category","embeddable":true,"href":"https:\/\/semmelweis.hu\/hirek\/wp-json\/wp\/v2\/categories?post=122275"},{"taxonomy":"post_tag","embeddable":true,"href":"https:\/\/semmelweis.hu\/hirek\/wp-json\/wp\/v2\/tags?post=122275"}],"curies":[{"name":"wp","href":"https:\/\/api.w.org\/{rel}","templated":true}]}}