{"id":12168,"date":"2012-07-20T08:01:12","date_gmt":"2012-07-20T06:01:12","guid":{"rendered":"http:\/\/semmelweis-egyetem.hu\/hirek\/?p=12168"},"modified":"2015-03-10T13:15:08","modified_gmt":"2015-03-10T12:15:08","slug":"membranfeherjeket-vizsgal-a-dr-kellermayer-miklos-altal-vezetett-akademiai-kutatocsoport","status":"publish","type":"post","link":"https:\/\/semmelweis.hu\/hirek\/2012\/07\/20\/membranfeherjeket-vizsgal-a-dr-kellermayer-miklos-altal-vezetett-akademiai-kutatocsoport\/","title":{"rendered":"Membr\u00e1nfeh\u00e9rj\u00e9ket vizsg\u00e1l a dr. Kellermayer Mikl\u00f3s \u00e1ltal vezetett akad\u00e9miai kutat\u00f3csoport"},"content":{"rendered":"<figure id=\"attachment_12169\" aria-describedby=\"caption-attachment-12169\" style=\"width: 300px\" class=\"wp-caption alignright\"><a href=\"https:\/\/semmelweis.hu\/hirek\/files\/2012\/07\/web-6542.jpg\"><img loading=\"lazy\" decoding=\"async\" class=\"size-medium wp-image-12169\" src=\"https:\/\/semmelweis.hu\/hirek\/files\/2012\/07\/web-6542-300x199.jpg\" alt=\"\" width=\"300\" height=\"199\" srcset=\"https:\/\/semmelweis.hu\/hirek\/files\/2012\/07\/web-6542-300x199.jpg 300w, https:\/\/semmelweis.hu\/hirek\/files\/2012\/07\/web-6542-600x400.jpg 600w, https:\/\/semmelweis.hu\/hirek\/files\/2012\/07\/web-6542.jpg 800w\" sizes=\"auto, (max-width: 300px) 100vw, 300px\" \/><\/a><figcaption id=\"caption-attachment-12169\" class=\"wp-caption-text\">Fot\u00f3k: D. Kiss Bal\u00e1zs<\/figcaption><\/figure>\n<p>Molekul\u00e1ris biofizika c\u00edmmel nyerte el a Magyar Tudom\u00e1nyos Akad\u00e9mia \u00e9vi 35 milli\u00f3 forintot jelent\u0151 t\u00e1mogat\u00e1s\u00e1t a dr. Kellermayer Mikl\u00f3s (SE Biofizikai \u00e9s Sug\u00e1rbiol\u00f3giai Int\u00e9zet, igazgat\u00f3) vezette kutat\u00f3csoport, amely h\u00e1rom kor\u00e1bbi munkacsoport metszet\u00e9b\u0151l j\u00f6tt l\u00e9tre. \u201eA p\u00e1ly\u00e1zatunk munkac\u00edme nagyon t\u00e1g, s ez nem v\u00e9letlen, j\u00f3l kifejezi azt a m\u00f3dszertani arzen\u00e1lt, megk\u00f6zel\u00edt\u00e9st \u00e9s gondolkod\u00e1sm\u00f3dot, amit meg k\u00edv\u00e1nunk jelen\u00edteni\u201d \u2013 fogalmazott dr. Kellermayer Mikl\u00f3s.<\/p>\n<p>Az akad\u00e9miai kutat\u00f3csoport munk\u00e1j\u00e1ban r\u00e9szt vesz majd dr. Zr\u00ednyi Mikl\u00f3s nanok\u00e9miai munkacsoportja, amely k\u00fcl\u00f6nleges polimerek szint\u00e9zis\u00e9vel foglalkozik, Sarkadi Bal\u00e1zs membr\u00e1nbiol\u00f3giai munkacsoportj\u00e1nak egy r\u00e9sze, amely a membr\u00e1nfeh\u00e9rj\u00e9k szerkezet\u00e9t vizsg\u00e1lja, valamint dr. Kellermayer Mikl\u00f3s egymolekula biofizikai munkacsoportja. Ez ut\u00f3bbi feh\u00e9rj\u00e9k, illetve membr\u00e1n \u00e9s feh\u00e9rje, lipid \u00e9s feh\u00e9rje, valamint nukleinsav \u00e9s feh\u00e9rje komplexek szerkezet\u00e9t, dinamik\u00e1j\u00e1t vizsg\u00e1lja. A m\u00e9r\u00e9seket egyedi molekul\u00e1kon \u00e9s egyedi sejteken v\u00e9gzik k\u00fcl\u00f6nleges, r\u00e9szben saj\u00e1t fejleszt\u00e9s\u0171 k\u00eds\u00e9rleti eszk\u00f6z\u00f6k seg\u00edts\u00e9g\u00e9vel.<\/p>\n<p><a href=\"https:\/\/semmelweis.hu\/hirek\/files\/2012\/07\/web-6515.jpg\"><img loading=\"lazy\" decoding=\"async\" class=\"aligncenter size-large wp-image-12170\" src=\"https:\/\/semmelweis.hu\/hirek\/files\/2012\/07\/web-6515-600x400.jpg\" alt=\"\" width=\"600\" height=\"400\" srcset=\"https:\/\/semmelweis.hu\/hirek\/files\/2012\/07\/web-6515-600x400.jpg 600w, https:\/\/semmelweis.hu\/hirek\/files\/2012\/07\/web-6515-300x199.jpg 300w, https:\/\/semmelweis.hu\/hirek\/files\/2012\/07\/web-6515.jpg 800w\" sizes=\"auto, (max-width: 600px) 100vw, 600px\" \/><\/a>Az akad\u00e9miai kutat\u00f3csoport munk\u00e1ja sor\u00e1n is az egyik f\u0151 f\u00f3kusz a membr\u00e1nfeh\u00e9rj\u00e9k vizsg\u00e1lata \u2013 mondta dr. Kellermayer Mikl\u00f3s. Ezek olyan k\u00fcl\u00f6nleges feh\u00e9rj\u00e9k, amelyek az \u00e9l\u0151 sejtek membr\u00e1nj\u00e1ba vannak be\u00e1gyazva, s kapcsolatot hoznak l\u00e9tre a k\u00fclvil\u00e1g \u00e9s a sejt belseje k\u00f6z\u00f6tt. Ezek a feh\u00e9rj\u00e9k gyakran kapcsol\u00f3dnak a sejtek v\u00e1zrendszer\u00e9hez, citoszkelet\u00e1lis rendszer\u00e9hez, illetve az \u00fagynevezett jel\u00e1tviteli utakhoz, amelyek beviszik a sejtekbe a k\u00edv\u00fclr\u0151l j\u00f6v\u0151 inform\u00e1ci\u00f3kat. Ugyanakkor e feh\u00e9rj\u00e9k vizsg\u00e1lata rendk\u00edv\u00fcl neh\u00e9z, a szok\u00e1sos biok\u00e9miai m\u00f3dszerekkel nem lehets\u00e9ges, mivel egyszerre v\u00edzold\u00e9konyak \u00e9s lipidold\u00e9konyak.\u00a0 Ugyanakkor m\u00e9gis fontos ennek a ter\u00fcletnek a jobb megismer\u00e9se, ugyanis sz\u00e1mos olyan betegs\u00e9gr\u0151l tudunk (p\u00e9ld\u00e1ul ciszt\u00e1s fibr\u00f3zis), amelyek kapcsol\u00f3dnak ezen feh\u00e9rj\u00e9k mut\u00e1ci\u00f3j\u00e1hoz.<\/p>\n<p><a href=\"https:\/\/semmelweis.hu\/hirek\/files\/2012\/07\/web-6497.jpg\"><img loading=\"lazy\" decoding=\"async\" class=\"alignleft size-medium wp-image-12171\" src=\"https:\/\/semmelweis.hu\/hirek\/files\/2012\/07\/web-6497-300x199.jpg\" alt=\"\" width=\"300\" height=\"199\" srcset=\"https:\/\/semmelweis.hu\/hirek\/files\/2012\/07\/web-6497-300x199.jpg 300w, https:\/\/semmelweis.hu\/hirek\/files\/2012\/07\/web-6497-600x400.jpg 600w, https:\/\/semmelweis.hu\/hirek\/files\/2012\/07\/web-6497.jpg 800w\" sizes=\"auto, (max-width: 300px) 100vw, 300px\" \/><\/a>Dr. Kellermayer Mikl\u00f3s hangs\u00falyozta: int\u00e9zet\u00e9ben sz\u00e1mos k\u00fcl\u00f6nleges elj\u00e1r\u00e1st alkalmaznak, amelyeket az akad\u00e9miai kutat\u00f3munk\u00e1ban haszn\u00e1lnak majd. Ezek k\u00f6z\u00e9 tartozik az atomer\u0151 mikroszk\u00f3pia, ennek kombin\u00e1ci\u00f3ja speci\u00e1lis fluoreszcencia mikroszk\u00f3pi\u00e1val, vagy \u00e9ppen a l\u00e9zercsipesz, amellyel a feh\u00e9rj\u00e9k mechanik\u00e1j\u00e1t lehet vizsg\u00e1lni. Az atomer\u0151mikroszk\u00f3ppal letapogathat\u00f3, megb\u00f6kd\u00f6shet\u0151 egy \u00e9l\u0151 sejt fel\u00fclete, s arra is lehet\u0151s\u00e9g ny\u00edlik, hogy helyben egy-egy membr\u00e1nfeh\u00e9rj\u00e9t, feh\u00e9rjel\u00e1ncokat kih\u00fazzunk \u2013 magyar\u00e1zta a kutat\u00f3csoport vezet\u0151je.<\/p>\n<p>Az akad\u00e9miai t\u00e1mogat\u00e1s \u00f6t \u00e9vre sz\u00f3l, dr. Kellermayer Mikl\u00f3s szerint \u00e1ltal\u00e1ban ennyi id\u0151 kell egy \u00faj kutat\u00f3csoportnak ahhoz, hogy igaz\u00e1n lend\u00fcletbe j\u00f6jj\u00f6n. Az elnyert \u00e9ves t\u00e1mogat\u00e1s h\u00e9t \u00e1ll\u00e1shely l\u00e9trehoz\u00e1s\u00e1t fedezi anyagilag, de a munk\u00e1hoz enn\u00e9l is t\u00f6bb kutat\u00f3 fog hozz\u00e1j\u00e1rulni; olyanok, akik tev\u00e9kenys\u00e9ge szorosan kapcsol\u00f3dik e kutat\u00e1si t\u00e9m\u00e1hoz. \u201eA p\u00e1ly\u00e1zat seg\u00edts\u00e9g\u00e9vel els\u0151sorban olyan vez\u00e9regy\u00e9nis\u00e9geket finansz\u00edrozunk, akik maguk is k\u00e9pesek arra, hogy egy kisebb k\u00f6z\u00f6ss\u00e9get ell\u00e1ssanak munk\u00e1val, t\u00e9m\u00e1val, inspir\u00e1ci\u00f3val\u201d \u2013 fogalmazott dr. Kellermayer Mikl\u00f3s.<\/p>\n<p>A k\u00f6zelm\u00faltban nyilv\u00e1noss\u00e1gra hozott d\u00f6nt\u00e9s alapj\u00e1n j\u00falius 1-j\u00e9t\u0151l t\u00edz egyetemen \u00f6sszesen 21 kutat\u00f3csoport kezdheti meg m\u0171k\u00f6d\u00e9s\u00e9t a Magyar Tudom\u00e1nyos Akad\u00e9mia t\u00e1mogat\u00e1s\u00e1val. Az \u00e9lettudom\u00e1nyok kateg\u00f3ri\u00e1ban t\u00e1mogatott nyolc kutat\u00f3csoportb\u00f3l n\u00e9gy a Semmelweis Egyetemen m\u0171k\u00f6dik majd. DP<\/p>\n","protected":false},"excerpt":{"rendered":"<p>Molekul\u00e1ris biofizika c\u00edmmel nyerte el a Magyar Tudom\u00e1nyos Akad\u00e9mia \u00e9vi 35 milli\u00f3 forintot jelent\u0151 t\u00e1mogat\u00e1s\u00e1t a dr. Kellermayer Mikl\u00f3s (SE Biofizikai \u00e9s Sug\u00e1rbiol\u00f3giai Int\u00e9zet, igazgat\u00f3) vezette kutat\u00f3csoport, amely h\u00e1rom kor\u00e1bbi munkacsoport metszet\u00e9b\u0151l j\u00f6tt l\u00e9tre. \u201eA p\u00e1ly\u00e1zatunk munkac\u00edme nagyon t\u00e1g, s ez nem v\u00e9letlen, j\u00f3l kifejezi azt a m\u00f3dszertani arzen\u00e1lt, megk\u00f6zel\u00edt\u00e9st \u00e9s gondolkod\u00e1sm\u00f3dot, amit meg k\u00edv\u00e1nunk &hellip;<\/p>\n","protected":false},"author":13,"featured_media":12169,"comment_status":"closed","ping_status":"open","sticky":false,"template":"","format":"standard","meta":{"_acf_changed":false,"footnotes":""},"categories":[161,168],"tags":[188],"class_list":["post-12168","post","type-post","status-publish","format-standard","has-post-thumbnail","hentry","category-tudomany","category-kiemelt","tag-tudomanyos-hirek-rendezvenyek"],"acf":[],"_links":{"self":[{"href":"https:\/\/semmelweis.hu\/hirek\/wp-json\/wp\/v2\/posts\/12168","targetHints":{"allow":["GET"]}}],"collection":[{"href":"https:\/\/semmelweis.hu\/hirek\/wp-json\/wp\/v2\/posts"}],"about":[{"href":"https:\/\/semmelweis.hu\/hirek\/wp-json\/wp\/v2\/types\/post"}],"author":[{"embeddable":true,"href":"https:\/\/semmelweis.hu\/hirek\/wp-json\/wp\/v2\/users\/13"}],"replies":[{"embeddable":true,"href":"https:\/\/semmelweis.hu\/hirek\/wp-json\/wp\/v2\/comments?post=12168"}],"version-history":[{"count":1,"href":"https:\/\/semmelweis.hu\/hirek\/wp-json\/wp\/v2\/posts\/12168\/revisions"}],"predecessor-version":[{"id":38772,"href":"https:\/\/semmelweis.hu\/hirek\/wp-json\/wp\/v2\/posts\/12168\/revisions\/38772"}],"wp:featuredmedia":[{"embeddable":true,"href":"https:\/\/semmelweis.hu\/hirek\/wp-json\/wp\/v2\/media\/12169"}],"wp:attachment":[{"href":"https:\/\/semmelweis.hu\/hirek\/wp-json\/wp\/v2\/media?parent=12168"}],"wp:term":[{"taxonomy":"category","embeddable":true,"href":"https:\/\/semmelweis.hu\/hirek\/wp-json\/wp\/v2\/categories?post=12168"},{"taxonomy":"post_tag","embeddable":true,"href":"https:\/\/semmelweis.hu\/hirek\/wp-json\/wp\/v2\/tags?post=12168"}],"curies":[{"name":"wp","href":"https:\/\/api.w.org\/{rel}","templated":true}]}}