{"id":1201,"date":"2007-10-20T15:06:30","date_gmt":"2007-10-20T13:06:30","guid":{"rendered":"http:\/\/semmelweis.hu\/?p=1201"},"modified":"2026-01-05T16:12:42","modified_gmt":"2026-01-05T15:12:42","slug":"megemlekezes-az-56-os-forradalom-esemenyeirol","status":"publish","type":"post","link":"https:\/\/semmelweis.hu\/hirek\/2007\/10\/20\/megemlekezes-az-56-os-forradalom-esemenyeirol\/","title":{"rendered":"Megeml\u00e9kez\u00e9s az \u201956-os forradalom esem\u00e9nyeir\u0151l"},"content":{"rendered":"<p>Egyetem\u00fcnk vezet\u0151s\u00e9ge, dolgoz\u00f3i \u00e9s hallgat\u00f3i tegnap megeml\u00e9kez\u00e9st tartottak az 1956-os esem\u00e9nyek 51. \u00e9vfordul\u00f3ja alkalm\u00e1b\u00f3l a Bels\u0151 Klinikai Telep udvar\u00e1n elhelyezett eml\u00e9kt\u00e1bl\u00e1n\u00e1l \u00e9s -k\u0151n\u00e9l, valamint a Nagyv\u00e1rad t\u00e9ren T\u00f3th Ilona m\u00e1rt\u00edr medika szobr\u00e1n\u00e1l. Az \u00fcnneps\u00e9gen eml\u00e9kez\u0151 besz\u00e9det mondott dr. Kapronczay K\u00e1roly, a Semmelweis Orvost\u00f6rt\u00e9neti M\u00fazeum, K\u00f6nyvt\u00e1r \u00e9s Lev\u00e9lt\u00e1r f\u0151igazgat\u00f3ja \u00e9s Prosszer M\u00e1ria IV. \u00e9ves hallgat\u00f3nk.<\/p>\n<p>&nbsp;<\/p>\n<p><figure id=\"attachment_163650\" aria-describedby=\"caption-attachment-163650\" style=\"width: 526px\" class=\"wp-caption aligncenter\"><a href=\"https:\/\/semmelweis.hu\/hirek\/files\/2007\/10\/Fejerdy_Pal_Kapronczay_Karoly.jpg\"><img loading=\"lazy\" decoding=\"async\" class=\"wp-image-163650 size-full\" src=\"https:\/\/semmelweis.hu\/hirek\/files\/2007\/10\/Fejerdy_Pal_Kapronczay_Karoly.jpg\" alt=\"\" width=\"526\" height=\"350\" srcset=\"https:\/\/semmelweis.hu\/hirek\/files\/2007\/10\/Fejerdy_Pal_Kapronczay_Karoly.jpg 526w, https:\/\/semmelweis.hu\/hirek\/files\/2007\/10\/Fejerdy_Pal_Kapronczay_Karoly-400x266.jpg 400w, https:\/\/semmelweis.hu\/hirek\/files\/2007\/10\/Fejerdy_Pal_Kapronczay_Karoly-203x135.jpg 203w\" sizes=\"auto, (max-width: 526px) 100vw, 526px\" \/><\/a><figcaption id=\"caption-attachment-163650\" class=\"wp-caption-text\">Dr. Fej\u00e9rdy P\u00e1l \u00e9s dr. Kapronczay K\u00e1roly elhelyezi az eml\u00e9kez\u00e9s koszor\u00faj\u00e1t<\/figcaption><\/figure> <figure id=\"attachment_163649\" aria-describedby=\"caption-attachment-163649\" style=\"width: 526px\" class=\"wp-caption aligncenter\"><a href=\"https:\/\/semmelweis.hu\/hirek\/files\/2007\/10\/KapronczayKaroly.jpg\"><img loading=\"lazy\" decoding=\"async\" class=\"wp-image-163649 size-full\" src=\"https:\/\/semmelweis.hu\/hirek\/files\/2007\/10\/KapronczayKaroly.jpg\" alt=\"\" width=\"526\" height=\"350\" srcset=\"https:\/\/semmelweis.hu\/hirek\/files\/2007\/10\/KapronczayKaroly.jpg 526w, https:\/\/semmelweis.hu\/hirek\/files\/2007\/10\/KapronczayKaroly-400x266.jpg 400w, https:\/\/semmelweis.hu\/hirek\/files\/2007\/10\/KapronczayKaroly-203x135.jpg 203w\" sizes=\"auto, (max-width: 526px) 100vw, 526px\" \/><\/a><figcaption id=\"caption-attachment-163649\" class=\"wp-caption-text\">Dr. Kapronczay K\u00e1roly tartott besz\u00e9det<\/figcaption><\/figure> <figure id=\"attachment_163651\" aria-describedby=\"caption-attachment-163651\" style=\"width: 350px\" class=\"wp-caption aligncenter\"><a href=\"https:\/\/semmelweis.hu\/hirek\/files\/2007\/10\/Prosszer_Maria.jpg\"><img loading=\"lazy\" decoding=\"async\" class=\"wp-image-163651 size-full\" src=\"https:\/\/semmelweis.hu\/hirek\/files\/2007\/10\/Prosszer_Maria.jpg\" alt=\"\" width=\"350\" height=\"526\" srcset=\"https:\/\/semmelweis.hu\/hirek\/files\/2007\/10\/Prosszer_Maria.jpg 350w, https:\/\/semmelweis.hu\/hirek\/files\/2007\/10\/Prosszer_Maria-266x400.jpg 266w\" sizes=\"auto, (max-width: 350px) 100vw, 350px\" \/><\/a><figcaption id=\"caption-attachment-163651\" class=\"wp-caption-text\">Prosszer M\u00e1ria tartott besz\u00e9det a Nagyv\u00e1rad t\u00e9ri Elm\u00e9leti T\u00f6mbn\u00e9l, T\u00f3th Ilona eml\u00e9km\u0171v\u00e9n\u00e9l<\/figcaption><\/figure> <figure id=\"attachment_163652\" aria-describedby=\"caption-attachment-163652\" style=\"width: 526px\" class=\"wp-caption aligncenter\"><a href=\"https:\/\/semmelweis.hu\/hirek\/files\/2007\/10\/Toth_Ilona_emlekmu.jpg\"><img loading=\"lazy\" decoding=\"async\" class=\"wp-image-163652 size-full\" src=\"https:\/\/semmelweis.hu\/hirek\/files\/2007\/10\/Toth_Ilona_emlekmu.jpg\" alt=\"\" width=\"526\" height=\"350\" srcset=\"https:\/\/semmelweis.hu\/hirek\/files\/2007\/10\/Toth_Ilona_emlekmu.jpg 526w, https:\/\/semmelweis.hu\/hirek\/files\/2007\/10\/Toth_Ilona_emlekmu-400x266.jpg 400w, https:\/\/semmelweis.hu\/hirek\/files\/2007\/10\/Toth_Ilona_emlekmu-203x135.jpg 203w\" sizes=\"auto, (max-width: 526px) 100vw, 526px\" \/><\/a><figcaption id=\"caption-attachment-163652\" class=\"wp-caption-text\">A T\u00f3th Ilona eml\u00e9km\u0171v\u00e9n\u00e9l megjelentek<\/figcaption><\/figure><\/p>\n<p>&nbsp;<\/p>\n","protected":false},"excerpt":{"rendered":"<p>Egyetem\u00fcnk vezet\u0151s\u00e9ge, dolgoz\u00f3i \u00e9s hallgat\u00f3i tegnap megeml\u00e9kez\u00e9st tartottak az 1956-os esem\u00e9nyek 51. \u00e9vfordul\u00f3ja alkalm\u00e1b\u00f3l a Bels\u0151 Klinikai Telep udvar\u00e1n elhelyezett eml\u00e9kt\u00e1bl\u00e1n\u00e1l \u00e9s -k\u0151n\u00e9l, valamint a Nagyv\u00e1rad t\u00e9ren T\u00f3th Ilona m\u00e1rt\u00edr medika szobr\u00e1n\u00e1l. Az \u00fcnneps\u00e9gen eml\u00e9kez\u0151 besz\u00e9det mondott dr. Kapronczay K\u00e1roly, a Semmelweis Orvost\u00f6rt\u00e9neti M\u00fazeum, K\u00f6nyvt\u00e1r \u00e9s Lev\u00e9lt\u00e1r f\u0151igazgat\u00f3ja \u00e9s Prosszer M\u00e1ria IV. \u00e9ves hallgat\u00f3nk. &nbsp; &hellip;<\/p>\n","protected":false},"author":12,"featured_media":0,"comment_status":"closed","ping_status":"closed","sticky":false,"template":"","format":"standard","meta":{"_acf_changed":false,"footnotes":""},"categories":[13],"tags":[4092,345,2135],"class_list":["post-1201","post","type-post","status-publish","format-standard","hentry","category-egyeb","tag-1956-os-forradalom-es-szabadsagharc","tag-esemenyek-es-beszamolok","tag-megemlekezes"],"acf":[],"_links":{"self":[{"href":"https:\/\/semmelweis.hu\/hirek\/wp-json\/wp\/v2\/posts\/1201","targetHints":{"allow":["GET"]}}],"collection":[{"href":"https:\/\/semmelweis.hu\/hirek\/wp-json\/wp\/v2\/posts"}],"about":[{"href":"https:\/\/semmelweis.hu\/hirek\/wp-json\/wp\/v2\/types\/post"}],"author":[{"embeddable":true,"href":"https:\/\/semmelweis.hu\/hirek\/wp-json\/wp\/v2\/users\/12"}],"replies":[{"embeddable":true,"href":"https:\/\/semmelweis.hu\/hirek\/wp-json\/wp\/v2\/comments?post=1201"}],"version-history":[{"count":6,"href":"https:\/\/semmelweis.hu\/hirek\/wp-json\/wp\/v2\/posts\/1201\/revisions"}],"predecessor-version":[{"id":163654,"href":"https:\/\/semmelweis.hu\/hirek\/wp-json\/wp\/v2\/posts\/1201\/revisions\/163654"}],"wp:attachment":[{"href":"https:\/\/semmelweis.hu\/hirek\/wp-json\/wp\/v2\/media?parent=1201"}],"wp:term":[{"taxonomy":"category","embeddable":true,"href":"https:\/\/semmelweis.hu\/hirek\/wp-json\/wp\/v2\/categories?post=1201"},{"taxonomy":"post_tag","embeddable":true,"href":"https:\/\/semmelweis.hu\/hirek\/wp-json\/wp\/v2\/tags?post=1201"}],"curies":[{"name":"wp","href":"https:\/\/api.w.org\/{rel}","templated":true}]}}