{"id":11969,"date":"2012-07-05T13:23:59","date_gmt":"2012-07-05T13:23:59","guid":{"rendered":"http:\/\/semmelweis-egyetem.hu\/hirek\/?p=11969"},"modified":"2026-01-10T13:33:21","modified_gmt":"2026-01-10T12:33:21","slug":"mikroorganizmusok-az-apropenzen-kezmosassal-megelozheto-a-fertozes","status":"publish","type":"post","link":"https:\/\/semmelweis.hu\/hirek\/2012\/07\/05\/mikroorganizmusok-az-apropenzen-kezmosassal-megelozheto-a-fertozes\/","title":{"rendered":"Mikroorganizmusok az apr\u00f3p\u00e9nzen: K\u00e9zmos\u00e1ssal megel\u0151zhet\u0151 a fert\u0151z\u00e9s"},"content":{"rendered":"<p>A p\u00e9nz \u00e9rt\u00e9ket k\u00f6zvet\u00edt, emellett azonban m\u00e1st is \u00e1tadhat: a p\u00e9nzt \u00e1tad\u00f3 ember \u00e9rint\u00e9s\u00e9nek meleg\u00e9t, ujjlenyomat\u00e1t, a b\u0151r\u00f6n l\u00e9v\u0151 szennyez\u0151d\u00e9seket, valamint mikroorganizmusokat is. A Semmelweis Egyetem Laborat\u00f3riumi Medicina Int\u00e9zet munkat\u00e1rsainak egy r\u00f6vid k\u00eds\u00e9rlete alapj\u00e1n r\u00e1ad\u00e1sul nem is elhanyagolhat\u00f3 mennyis\u00e9gben.<\/p>\n<p>Egy \u00e9rdekl\u0151d\u0151 k\u00f6z\u00e9piskol\u00e1s di\u00e1k megkeres\u00e9s\u00e9re az int\u00e9zet munkat\u00e1rsai 50 darab k\u00fcl\u00f6nb\u00f6z\u0151 c\u00edmlet\u0171 p\u00e9nz\u00e9rm\u00e9r\u0151l v\u00e9geztek leolt\u00e1sokat. A Magyar Nemzeti Bank \u00fcgyf\u00e9lszolg\u00e1lat\u00e1n tekercselt (rolnizott) p\u00e9nz\u00e9rm\u00e9ket haszn\u00e1ltak, nehogy a b\u00e1rkinek is a szem\u00e9lyis\u00e9gi jogait s\u00e9rtse az eredm\u00e9ny.<\/p>\n<p>A leolt\u00e1sok k\u00e9tf\u00e9le m\u00f3don t\u00f6rt\u00e9ntek: az \u00e9rm\u00e9k egy r\u00e9sz\u00e9t k\u00f6zvetlen\u00fcl a t\u00e1ptalajra forgatt\u00e1k r\u00e1, m\u00e1sik r\u00e9sz\u00e9t pedig el\u0151sz\u00f6r egy speci\u00e1lis, \u00fan. d\u00fas\u00edt\u00f3 t\u00e1ptalajba tett\u00e9k \u00e9s m\u00e1snap ebb\u0151l t\u00f6rt\u00e9nt a teny\u00e9szt\u00e9s.<\/p>\n<p><a href=\"https:\/\/semmelweis.hu\/hirek\/files\/2012\/06\/p%C3%A9nzj%C3%B3.jpg\"><img loading=\"lazy\" decoding=\"async\" class=\"size-large wp-image-11970 aligncenter\" src=\"https:\/\/semmelweis.hu\/hirek\/files\/2012\/06\/p%C3%A9nzj%C3%B3-600x400.jpg\" alt=\"\" width=\"600\" height=\"400\" \/><\/a>M\u00e1r 24 \u00f3ra ut\u00e1n megjelentek a bakt\u00e9riumtelepek: Escherichia coli \u00e9s egy\u00e9b b\u00e9lbakt\u00e9riumok, Bacillus sp., Staphylococcus spp., Pseudomas sp, illetve Streptococcus viridans csal\u00e1dba tartoz\u00f3 bakt\u00e9riumok. Hosszabb inkub\u00e1ci\u00f3s id\u0151 ut\u00e1n a sarjadz\u00f3 gomb\u00e1k (Candida sp.) is telepeket k\u00e9peztek. \u00c9rdekes m\u00f3don egyetlen olyan p\u00e9nz\u00e9rme sem volt, aminek a fel\u00fclet\u00e9n egy\u00e1ltal\u00e1n nem lehetett bakt\u00e9riumot kimutatni.<\/p>\n<p><a href=\"https:\/\/semmelweis.hu\/hirek\/files\/2012\/06\/p%C3%A9nzj%C3%B32.jpg\"><img loading=\"lazy\" decoding=\"async\" class=\"alignright size-medium wp-image-11971\" src=\"https:\/\/semmelweis.hu\/hirek\/files\/2012\/06\/p%C3%A9nzj%C3%B32-300x200.jpg\" alt=\"\" width=\"300\" height=\"200\" \/><\/a>&#8222;Ezen mikroorganizmusok egy r\u00e9sze az eg\u00e9szs\u00e9ges emberek b\u0151r\u00e9n norm\u00e1lisan is jelen lehet \u00e1tmenetileg vagy folyamatosan, azaz a norm\u00e1l fl\u00f3ra tagjai&#8221; &#8211; magyar\u00e1zta dr. Krist\u00f3f Katalin r\u00e9szlegvezet\u0151 mikrobiol\u00f3gus. &#8222;\u00c9p immunrendszer\u0171 emberek sz\u00e1m\u00e1ra \u00e1rtalmatlanok, azonban a k\u00f6r\u00fclm\u00e9nyek kedvez\u0151tlen \u00f6sszj\u00e1t\u00e9ka eset\u00e9n egy rossz \u00e1ltal\u00e1nos \u00e1llapot\u00fa beteg sz\u00e1m\u00e1ra m\u00e1r vesz\u00e9lyesek lehetnek.<\/p>\n<p>Ha p\u00e9ld\u00e1ul valaki a piacon megveszi a h\u00fast, z\u00f6lds\u00e9get \u00e9s p\u00e9nz\u00e9rm\u00e9vel fizet, majd nem figyel oda \u00e9s k\u00e9zmos\u00e1s n\u00e9lk\u00fcl \u00e1ll neki az \u00e9telk\u00e9sz\u00edt\u00e9snek, t\u00e1lal\u00e1snak, k\u00f6nnyen lehet, hogy a p\u00e9nz\u00e9rme ak\u00e1r s\u00falyos \u00e9telm\u00e9rgez\u00e9st is el\u0151id\u00e9zhet. &#8211; h\u00edvja fel a figyelmet Krist\u00f3f Katalin a mindennapos vesz\u00e9lyre.<\/p>\n<p>Mivel a p\u00e9nzmos\u00e1s gyakorlat\u00e1t a t\u00f6rv\u00e9ny tiltja (\u00e9s egy\u00e9bk\u00e9nt sem kivitelezhet\u0151 egyszer\u0171en), a k\u00e9zmos\u00e1sra kell odafigyelni. Az els\u0151 \u00e9s legfontosabb dolog, hogy mindig alaposan mossunk kezet: erre a meleg v\u00edz \u00e9s a szappan a legalkalmasabb, de ig\u00e9nybe vehet\u00fcnk olyan t\u00f6rl\u0151kend\u0151t is, amelyet alkoholos fert\u0151tlen\u00edt\u0151szerrel vontak be. A k\u00e9z fel\u00fclet\u00e9re ker\u00fclt bakt\u00e9riumok fizikai behat\u00e1sokra, azaz antibakteri\u00e1lis szappan alkalmaz\u00e1s\u00e1val, s\u00farol\u00e1ssal, b\u0151 v\u00edzzel elt\u00e1voznak, \u00edgy a p\u00e9nz\u00e9rm\u00e9k jelentette fert\u0151z\u00e9svesz\u00e9ly is kik\u00fcsz\u00f6b\u00f6lhet\u0151.<\/p>\n<p>Forr\u00e1s: SE Laborat\u00f3riumi Medicina Int\u00e9zet<br \/>\nSzZs<\/p>\n","protected":false},"excerpt":{"rendered":"<p>A p\u00e9nz \u00e9rt\u00e9ket k\u00f6zvet\u00edt, emellett azonban m\u00e1st is \u00e1tadhat: a p\u00e9nzt \u00e1tad\u00f3 ember \u00e9rint\u00e9s\u00e9nek meleg\u00e9t, ujjlenyomat\u00e1t, a b\u0151r\u00f6n l\u00e9v\u0151 szennyez\u0151d\u00e9seket, valamint mikroorganizmusokat is. A Semmelweis Egyetem Laborat\u00f3riumi Medicina Int\u00e9zet munkat\u00e1rsainak egy r\u00f6vid k\u00eds\u00e9rlete alapj\u00e1n r\u00e1ad\u00e1sul nem is elhanyagolhat\u00f3 mennyis\u00e9gben. Egy \u00e9rdekl\u0151d\u0151 k\u00f6z\u00e9piskol\u00e1s di\u00e1k megkeres\u00e9s\u00e9re az int\u00e9zet munkat\u00e1rsai 50 darab k\u00fcl\u00f6nb\u00f6z\u0151 c\u00edmlet\u0171 p\u00e9nz\u00e9rm\u00e9r\u0151l v\u00e9geztek leolt\u00e1sokat. A &hellip;<\/p>\n","protected":false},"author":10,"featured_media":0,"comment_status":"closed","ping_status":"open","sticky":false,"template":"","format":"standard","meta":{"_acf_changed":false,"footnotes":""},"categories":[154,168],"tags":[162],"class_list":["post-11969","post","type-post","status-publish","format-standard","hentry","category-egeszseg","category-kiemelt","tag-eletmod-eletmod"],"acf":[],"_links":{"self":[{"href":"https:\/\/semmelweis.hu\/hirek\/wp-json\/wp\/v2\/posts\/11969","targetHints":{"allow":["GET"]}}],"collection":[{"href":"https:\/\/semmelweis.hu\/hirek\/wp-json\/wp\/v2\/posts"}],"about":[{"href":"https:\/\/semmelweis.hu\/hirek\/wp-json\/wp\/v2\/types\/post"}],"author":[{"embeddable":true,"href":"https:\/\/semmelweis.hu\/hirek\/wp-json\/wp\/v2\/users\/10"}],"replies":[{"embeddable":true,"href":"https:\/\/semmelweis.hu\/hirek\/wp-json\/wp\/v2\/comments?post=11969"}],"version-history":[{"count":3,"href":"https:\/\/semmelweis.hu\/hirek\/wp-json\/wp\/v2\/posts\/11969\/revisions"}],"predecessor-version":[{"id":163956,"href":"https:\/\/semmelweis.hu\/hirek\/wp-json\/wp\/v2\/posts\/11969\/revisions\/163956"}],"wp:attachment":[{"href":"https:\/\/semmelweis.hu\/hirek\/wp-json\/wp\/v2\/media?parent=11969"}],"wp:term":[{"taxonomy":"category","embeddable":true,"href":"https:\/\/semmelweis.hu\/hirek\/wp-json\/wp\/v2\/categories?post=11969"},{"taxonomy":"post_tag","embeddable":true,"href":"https:\/\/semmelweis.hu\/hirek\/wp-json\/wp\/v2\/tags?post=11969"}],"curies":[{"name":"wp","href":"https:\/\/api.w.org\/{rel}","templated":true}]}}