{"id":119295,"date":"2022-09-26T06:00:29","date_gmt":"2022-09-26T04:00:29","guid":{"rendered":"https:\/\/semmelweis.hu\/hirek\/?p=119295"},"modified":"2022-09-26T07:23:20","modified_gmt":"2022-09-26T05:23:20","slug":"a-covid-19-pandemiarol-szolt-a-xxvii-primer-prevencios-forum","status":"publish","type":"post","link":"https:\/\/semmelweis.hu\/hirek\/2022\/09\/26\/a-covid-19-pandemiarol-szolt-a-xxvii-primer-prevencios-forum\/","title":{"rendered":"A COVID-19 pand\u00e9mi\u00e1r\u00f3l sz\u00f3lt a XXVII. Primer Prevenci\u00f3s F\u00f3rum"},"content":{"rendered":"<div class=\"lead\">A COVID\u201319 eredet\u00e9r\u0151l, a fert\u0151z\u00e9s miatt bek\u00f6vetkezett hal\u00e1lesetek okair\u00f3l \u00e9s az orvosegyetemek j\u00e1rv\u00e1nykezel\u00e9si strat\u00e9gi\u00e1ir\u00f3l is \u00e9rtekeztek eg\u00e9szs\u00e9g\u00fcgyi szakemberek \u00e9s v\u00edruskutat\u00f3k a XXVII. Primer Prevenci\u00f3s F\u00f3rumon, a Nemzeti N\u00e9peg\u00e9szs\u00e9g\u00fcgyi K\u00f6zpontban (NNK). A rendezv\u00e9nyen dr. Merkely B\u00e9la rektor, dr. Schaff Zsuzsa, a Patol\u00f3giai, Igazs\u00e1g\u00fcgyi \u00e9s Biztos\u00edt\u00e1si Orvostani Int\u00e9zet professor emerit\u00e1ja \u00e9s dr. Tompa Anna, a N\u00e9peg\u00e9szs\u00e9gtani Int\u00e9zet professor emerit\u00e1ja is el\u0151ad\u00e1st tartott.<\/div>\n<p><a href=\"https:\/\/semmelweis.hu\/hirek\/files\/2022\/09\/160994scr_wm_57060a13b854365.jpg\"><img loading=\"lazy\" decoding=\"async\" class=\"alignright size-medium wp-image-119305\" src=\"https:\/\/semmelweis.hu\/hirek\/files\/2022\/09\/160994scr_wm_57060a13b854365-259x400.jpg\" alt=\"\" width=\"259\" height=\"400\" srcset=\"https:\/\/semmelweis.hu\/hirek\/files\/2022\/09\/160994scr_wm_57060a13b854365-259x400.jpg 259w, https:\/\/semmelweis.hu\/hirek\/files\/2022\/09\/160994scr_wm_57060a13b854365-518x800.jpg 518w, https:\/\/semmelweis.hu\/hirek\/files\/2022\/09\/160994scr_wm_57060a13b854365.jpg 583w\" sizes=\"auto, (max-width: 259px) 100vw, 259px\" \/><\/a>Rusvai Mikl\u00f3s virol\u00f3gus \u201e A COVID-19 v\u00edrus eredete\u201d c\u00edm\u0171 prezent\u00e1ci\u00f3j\u00e1ban felv\u00e1zolta a 2019 v\u00e9g\u00e9n megjelen\u0151 \u00faj koronav\u00edrus, a SARS-CoV-2 eredete k\u00f6r\u00fcli sz\u00e1rmaz\u00e1selm\u00e9letek, azaz a laborat\u00f3riumi \u00e9s az \u00e1llati eredeztet\u00e9s k\u00f6z\u00f6tt kikrist\u00e1lyosodott vit\u00e1kat. Az el\u0151bbi te\u00f3ri\u00e1t er\u0151s\u00edti, hogy a K\u00ednai Tudom\u00e1nyos Akad\u00e9mia Vuhani Virol\u00f3giai Int\u00e9zet\u00e9ben olyan k\u00eds\u00e9rleteket v\u00e9geztek denev\u00e9r eredet\u0171 v\u00edrusokkal, amelyek ezeket a k\u00f3rokoz\u00f3kat alkalmass\u00e1 tett\u00e9k arra, hogy emberi sejteket fert\u0151zzenek meg, \u00e9s \u00edgy potenci\u00e1lis g\u00e9nter\u00e1pi\u00e1s eszk\u00f6zk\u00e9nt haszn\u00e1lhat\u00f3k legyenek. A v\u00edruskutat\u00f3 szerint jelenleg azonban az a domin\u00e1ns n\u00e9zet \u2013 \u00e9s ebben a szakemberek mintegy nyolcvan sz\u00e1zal\u00e9ka egyet\u00e9rt \u2013, hogy a SARS-CoV-2 nem laborat\u00f3riumi, hanem term\u00e9szetes eredet\u0171, \u00e9s \u2013 a kor\u00e1bbi kilenc ismert koronav\u00edrushoz hasonl\u00f3an \u2013 egy k\u00f6zvet\u00edt\u0151 faj r\u00e9v\u00e9n, a denev\u00e9rekr\u0151l terjedt \u00e1t az emberre. A denev\u00e9rr\u0151l a hum\u00e1n popul\u00e1ci\u00f3ra k\u00f6zvet\u00edt\u0151 \u00e1llatfajt ugyanakkor eddig nem siker\u00fclt azonos\u00edtani. Egyes n\u00e9zetek szerint azonban nem volt k\u00f6zvet\u00edt\u0151 faj, teh\u00e1t k\u00f6zvetlen, mesters\u00e9ges beavatkoz\u00e1s n\u00e9lk\u00fcli \u00e1tterjed\u00e9s t\u00f6rt\u00e9nt, amelyre m\u00e1r a kor\u00e1bbi koronav\u00edrusokn\u00e1l is volt p\u00e9lda \u2013 ismertette.<\/p>\n<p><a href=\"https:\/\/semmelweis.hu\/hirek\/files\/2022\/09\/160996scr_wm_06905825d88d852.jpg\"><br \/>\n<\/a><a href=\"https:\/\/semmelweis.hu\/hirek\/files\/2022\/09\/160995scr_wm_23e60db0fa750b3.jpg\"><img loading=\"lazy\" decoding=\"async\" class=\"alignright size-medium wp-image-119312\" src=\"https:\/\/semmelweis.hu\/hirek\/files\/2022\/09\/160995scr_wm_23e60db0fa750b3-400x245.jpg\" alt=\"\" width=\"400\" height=\"245\" srcset=\"https:\/\/semmelweis.hu\/hirek\/files\/2022\/09\/160995scr_wm_23e60db0fa750b3-400x245.jpg 400w, https:\/\/semmelweis.hu\/hirek\/files\/2022\/09\/160995scr_wm_23e60db0fa750b3-900x551.jpg 900w, https:\/\/semmelweis.hu\/hirek\/files\/2022\/09\/160995scr_wm_23e60db0fa750b3-768x470.jpg 768w, https:\/\/semmelweis.hu\/hirek\/files\/2022\/09\/160995scr_wm_23e60db0fa750b3-753x461.jpg 753w, https:\/\/semmelweis.hu\/hirek\/files\/2022\/09\/160995scr_wm_23e60db0fa750b3-620x380.jpg 620w, https:\/\/semmelweis.hu\/hirek\/files\/2022\/09\/160995scr_wm_23e60db0fa750b3.jpg 1200w\" sizes=\"auto, (max-width: 400px) 100vw, 400px\" \/><\/a>Dr. Schaff Zsuzsa, a Patol\u00f3giai, Igazs\u00e1g\u00fcgyi \u00e9s Biztos\u00edt\u00e1si Orvostani Int\u00e9zet professor emerit\u00e1ja \u201eA COVID-19 patol\u00f3gi\u00e1ja, a hal\u00e1lok a fert\u0151z\u00e9sben, a v\u00edrus kimutat\u00e1sa\u201d c\u00edm\u0171 el\u0151ad\u00e1s\u00e1ban bemutatta az els\u0151 k\u00e9t hull\u00e1m sor\u00e1n elv\u00e9gzett sz\u00e1z, majd a k\u00e9s\u0151bbi sz\u00e1z\u00f6tven elhunyt koronav\u00edrusos betegen elv\u00e9gzett boncol\u00e1s eredm\u00e9nyeit.<\/p>\n<p>&nbsp;<\/p>\n<div class=\"fontos_div\">\n<p>Ez alapj\u00e1n a hal\u00e1l okait h\u00e1rom kateg\u00f3ri\u00e1ba sorolt\u00e1k: az els\u0151 a k\u00f6zvetlen\u00fcl a fert\u0151z\u00e9s okozta hal\u00e1loz\u00e1s, a m\u00e1sodik a fert\u0151z\u00e9s \u00e9s id\u00fclt t\u00e1rsbetegs\u00e9gek egy\u00fcttes hat\u00e1sa, a harmadik pedig amikor a fert\u0151z\u00e9s \u00e9s a hal\u00e1l k\u00f6z\u00f6tt nincs k\u00f6zvetlen oki \u00f6sszef\u00fcgg\u00e9s. Hozz\u00e1tette, ez ut\u00f3bbi jelent\u0151sen torz\u00edthatja az egyes orsz\u00e1gok k\u00f6z\u00f6tti epidemiol\u00f3giai elemz\u00e9seket. Megfigyel\u00e9seik szerint a pand\u00e9mia els\u0151 hull\u00e1m\u00e1ban a m\u00e1sodik \u00a0kateg\u00f3ria, m\u00edg a tov\u00e1bbi hull\u00e1mokban az els\u0151 hal\u00e1loki kateg\u00f3ria fordult el\u0151 nagyobb ar\u00e1nyban. Dr. Schaff Zsuzsa arra is felh\u00edvta a figyelmet, hogy m\u00edg az els\u0151 \u00e9s m\u00e1sodik hull\u00e1mban boncolt elhunytak \u00e1tlag\u00e9letkora 75 \u00e9v volt, k\u00e9s\u0151bb m\u00e1r j\u00f3val fiatalabbak is a j\u00e1rv\u00e1ny \u00e1ldozatai lettek.<\/p>\n<\/div>\n<p><a href=\"https:\/\/semmelweis.hu\/hirek\/files\/2022\/09\/160996scr_wm_06905825d88d852.jpg\"><br \/>\n<\/a>Besz\u00e9lt arr\u00f3l is, hogy a vizsg\u00e1lat sor\u00e1n kilenc, koronav\u00edrusban elhunyt oltatlan kismam\u00e1t is boncoltak, akiknek kiv\u00e9tel n\u00e9lk\u00fcl a s\u00falyos v\u00edrusfert\u0151z\u00e9s okozta a hal\u00e1lukat. A fert\u0151z\u00e9s ugyanakkor a magzati erekbe nem ker\u00fclt \u00e1t, \u00edgy bebizonyosodott, hogy a placent\u00e1nak j\u00f3 a v\u00e9d\u0151mechanizmusa \u2013 ismertette. Besz\u00e9lt m\u00e9g arr\u00f3l is, hogy a COVID-19 a t\u00fcd\u0151 mellett v\u00e1ltoz\u00f3 m\u00e9rt\u00e9kben egy\u00e9b szerveket is \u00e9rintett, k\u00f6zte \u00a0a ves\u00e9t, a m\u00e1jat, vagy mag\u00e1t az idegrendszert, ezek k\u00e9s\u0151i k\u00f6vetkezm\u00e9nyeivel sz\u00e1molni kell \u2013 hangs\u00falyozta, kiemelve, hogy a betegs\u00e9g lefoly\u00e1s\u00e1t a k\u00fcl\u00f6nb\u00f6z\u0151 t\u00e1rsbetegs\u00e9gek is jelent\u0151sen s\u00falyosb\u00edthatj\u00e1k.<\/p>\n<p><a href=\"https:\/\/semmelweis.hu\/hirek\/files\/2022\/09\/161001scr_wm_f0c74c83d16d5ee.jpg\"><img loading=\"lazy\" decoding=\"async\" class=\"size-medium wp-image-119308 alignright\" src=\"https:\/\/semmelweis.hu\/hirek\/files\/2022\/09\/161001scr_wm_f0c74c83d16d5ee-267x400.jpg\" alt=\"\" width=\"267\" height=\"400\" srcset=\"https:\/\/semmelweis.hu\/hirek\/files\/2022\/09\/161001scr_wm_f0c74c83d16d5ee-267x400.jpg 267w, https:\/\/semmelweis.hu\/hirek\/files\/2022\/09\/161001scr_wm_f0c74c83d16d5ee-533x800.jpg 533w, https:\/\/semmelweis.hu\/hirek\/files\/2022\/09\/161001scr_wm_f0c74c83d16d5ee.jpg 600w\" sizes=\"auto, (max-width: 267px) 100vw, 267px\" \/><\/a>Dr. Merkely B\u00e9la rektor \u201eCOVID-19 j\u00e1rv\u00e1nykezel\u00e9s a Semmelweis Egyetemen\u201d c\u00edm\u0171 el\u0151ad\u00e1s\u00e1ban r\u00f6vid \u00e1ttekint\u00e9st adott az egyetem j\u00e1rv\u00e1nykezel\u00e9si strat\u00e9gi\u00e1j\u00e1r\u00f3l, kiemelve, hogy nemzetk\u00f6zi szinten is vezet\u0151 szerepet j\u00e1tszott a j\u00e1rv\u00e1ny\u00fcgy kezel\u00e9s\u00e9ben. Felid\u00e9zte, hogy az els\u0151 magyarorsz\u00e1gi eset diagnosztiz\u00e1l\u00e1sa a Semmelweis Egyetemhez k\u00f6thet\u0151, \u00edgy egyetem\u00fcnk m\u00e1r a legelej\u00e9n bekapcsol\u00f3dott a COVID-19 elleni harcba \u2013 fogalmazott. 2020. m\u00e1rcius 11-\u00e9n m\u00e1r PCR-teszteket v\u00e9gezt\u00fcnk, m\u00e1rcius 21-\u00e9n pedig l\u00e9trej\u00f6tt a n\u00e9gy magyar orvosk\u00e9pz\u0151 egyetem r\u00e9szv\u00e9tel\u00e9vel, a Semmelweis Egyetem vezet\u00e9s\u00e9vel egy klinikai j\u00e1rv\u00e1nyelemz\u0151 munkacsoport, majd 2020 m\u00e1jus\u00e1ban vezet\u00e9s\u00fcnkkel lezajlott az orsz\u00e1gos szint\u0171 koronav\u00edrus-sz\u0171r\u0151vizsg\u00e1lat, a H-UNCOVER \u2013 sorolta.<\/p>\n<p><a href=\"https:\/\/semmelweis.hu\/hirek\/files\/2022\/09\/161005scr_wm_6fd8aecdb58d074.jpg\"><img loading=\"lazy\" decoding=\"async\" class=\"aligncenter size-full wp-image-119309\" src=\"https:\/\/semmelweis.hu\/hirek\/files\/2022\/09\/161005scr_wm_6fd8aecdb58d074.jpg\" alt=\"\" width=\"1200\" height=\"800\" srcset=\"https:\/\/semmelweis.hu\/hirek\/files\/2022\/09\/161005scr_wm_6fd8aecdb58d074.jpg 1200w, https:\/\/semmelweis.hu\/hirek\/files\/2022\/09\/161005scr_wm_6fd8aecdb58d074-400x267.jpg 400w, https:\/\/semmelweis.hu\/hirek\/files\/2022\/09\/161005scr_wm_6fd8aecdb58d074-900x600.jpg 900w, https:\/\/semmelweis.hu\/hirek\/files\/2022\/09\/161005scr_wm_6fd8aecdb58d074-768x512.jpg 768w, https:\/\/semmelweis.hu\/hirek\/files\/2022\/09\/161005scr_wm_6fd8aecdb58d074-753x502.jpg 753w, https:\/\/semmelweis.hu\/hirek\/files\/2022\/09\/161005scr_wm_6fd8aecdb58d074-203x135.jpg 203w\" sizes=\"auto, (max-width: 1200px) 100vw, 1200px\" \/><\/a><\/p>\n<p>A korai int\u00e9zked\u00e9sek sor\u00e1n a legfontosabb szempont az volt, hogy biztos\u00edtsuk az egyetem megszokott sz\u00ednvonal\u00fa m\u0171k\u00f6d\u00e9s\u00e9t, \u00e9s magas szint\u0171 betegell\u00e1t\u00e1s mellett akt\u00edv, proakt\u00edv m\u00f3don vegy\u00fcnk r\u00e9szt a koronav\u00edrus elleni harcban az oktat\u00e1s, a betegell\u00e1t\u00e1s \u00e9s a kutat\u00e1s-fejleszt\u00e9s-innov\u00e1ci\u00f3 ter\u00fcletein \u2013 hangs\u00falyozta. Sz\u00f3lt arr\u00f3l is, hogy a Semmelweis Egyetemen t\u00f6rt\u00e9nt a legt\u00f6bb ECMO-kezel\u00e9s, itt v\u00e9gezt\u00e9k el az itthoni t\u00f6bb mint 5 milli\u00f3 PCR-teszt 10 sz\u00e1zal\u00e9k\u00e1t, \u00e9s k\u00f6zel 18 ezer ambul\u00e1ns \u00e9s bentfekv\u0151 koronav\u00edrus-fert\u0151z\u00f6ttet kezeltek. A pand\u00e9mia alatt t\u00f6bb mint 2000 hallgat\u00f3 dolgozott \u00f6nk\u00e9ntesk\u00e9nt beteg\u00e1gy mellett, 300 hallgat\u00f3 a pretri\u00e1zsban \u2013 ismertette az adatokat.<\/p>\n<div class=\"fontos_div\">\n<p>Dr. Merkely B\u00e9la kiemelte, az egyetemen az orsz\u00e1gban az els\u0151k k\u00f6z\u00f6tt 2020. december 26-\u00e1n kezd\u0151d\u00f6tt meg a koronav\u00edrus elleni v\u00e9d\u0151olt\u00e1sok bead\u00e1sa, t\u00f6bb mint 500\u00a0000 vakcin\u00e1t adtunk be, \u00e9s itt indult el el\u0151sz\u00f6r 2021. m\u00e1rcius 27-\u00e9n a v\u00e1rand\u00f3sok \u00e9s szoptat\u00f3s \u00e9desany\u00e1k, valamint 2021. janu\u00e1r 11-\u00e9n a 12-15 \u00e9vesek vakcin\u00e1ci\u00f3ja is. Mindemellett az egyetem 14 nemzetk\u00f6zi sportesem\u00e9ny j\u00e1rv\u00e1ny\u00fcgyi biztos\u00edt\u00e1s\u00e1\u00e9rt felelt az \u00e1ltala megalkotott bubor\u00e9kmodell seg\u00edts\u00e9g\u00e9vel.<\/p>\n<\/div>\n<p>Kit\u00e9rt arra is, hogy a Semmelweis Egyetem a pand\u00e9mia ideje alatt 30-40 sz\u00e1zal\u00e9kkal n\u00f6velni tudta tudom\u00e1nyos teljes\u00edtm\u00e9ny\u00e9t, a nemzetk\u00f6zi publik\u00e1ci\u00f3k sz\u00e1ma is dinamikusan emelkedett 2020 \u00e9s 2021 k\u00f6z\u00f6tt, ennek k\u00f6sz\u00f6nhet\u0151 az is, hogy jelent\u0151sen jav\u00edtott nemzetk\u00f6zi poz\u00edci\u00f3j\u00e1n, 2022-ben felker\u00fclt a vil\u00e1g 300 legjobb egyetem\u00e9nek list\u00e1j\u00e1ra.<\/p>\n<p><a href=\"https:\/\/semmelweis.hu\/hirek\/files\/2022\/09\/160992scr_wm_a59ddfff113e1e5.jpg\"><img loading=\"lazy\" decoding=\"async\" class=\"alignright wp-image-119310 size-medium\" src=\"https:\/\/semmelweis.hu\/hirek\/files\/2022\/09\/160992scr_wm_a59ddfff113e1e5-307x400.jpg\" alt=\"\" width=\"307\" height=\"400\" srcset=\"https:\/\/semmelweis.hu\/hirek\/files\/2022\/09\/160992scr_wm_a59ddfff113e1e5-307x400.jpg 307w, https:\/\/semmelweis.hu\/hirek\/files\/2022\/09\/160992scr_wm_a59ddfff113e1e5-614x800.jpg 614w, https:\/\/semmelweis.hu\/hirek\/files\/2022\/09\/160992scr_wm_a59ddfff113e1e5.jpg 691w\" sizes=\"auto, (max-width: 307px) 100vw, 307px\" \/><\/a>A f\u00f3rum tov\u00e1bbi r\u00e9sz\u00e9ben dr. Tompa Anna, a N\u00e9peg\u00e9szs\u00e9gtani Int\u00e9zet a professor emerit\u00e1ja a COVID-19 fert\u0151z\u00e9s k\u00f6zponti idegrendszerre gyakorolt hat\u00e1s\u00e1r\u00f3l, dr. Falus Andr\u00e1s, a Genetikai, Sejt- \u00e9s Immunbiol\u00f3giai Int\u00e9zet professor emeritusa a j\u00e1rv\u00e1ny immunol\u00f3giai \u00e9s evol\u00faci\u00f3s tanuls\u00e1gair\u00f3l, dr. Tibold Antal pedig a P\u00e9csi Tudom\u00e1nyegyetem j\u00e1rv\u00e1nykezel\u00e9s\u00e9r\u0151l tartott el\u0151ad\u00e1st. Dr. Galg\u00f3czi \u00c1gnes, az NNK j\u00e1rv\u00e1ny\u00fcgyi oszt\u00e1lyvezet\u0151je a 2021\/2022-es \u0151szi-t\u00e9li l\u00e9g\u00fati betegs\u00e9gek szezonj\u00e1r\u00f3l besz\u00e9lt a COVID-19 \u00e1rny\u00e9k\u00e1ban, dr. Sz\u00e9ll M\u00e1rta, a Szegedi Tudom\u00e1nyegyetem Orvosi Genetikai Int\u00e9zet\u00e9nek munkat\u00e1rsa a betegs\u00e9g lefoly\u00e1s\u00e1t meghat\u00e1roz\u00f3 hum\u00e1n genetikai faktorok azonos\u00edt\u00e1s\u00e1t mutatta be. Dr. B\u00edr\u00f3 \u00c9va, a Debreceni Egyetem N\u00e9peg\u00e9szs\u00e9g- \u00e9s J\u00e1rv\u00e1nytani Int\u00e9zet\u00e9nek munkat\u00e1rsa a magyar lakoss\u00e1g koronav\u00edrus-specifikus eg\u00e9szs\u00e9gm\u0171velts\u00e9g\u00e9r\u0151l tartott prezent\u00e1ci\u00f3t, dr. Ors\u00f3s Zsuzsa a P\u00e9csi Tudom\u00e1nyegyetemr\u0151l az oltakoz\u00e1si hajland\u00f3s\u00e1gr\u00f3l besz\u00e9lt a roma \u00e9s nem roma lakoss\u00e1g k\u00f6r\u00e9ben, dr. F\u00fcri P\u00e9ter, az Energiatudom\u00e1nyi Kutat\u00f3k\u00f6zpontt\u00f3l az \u00faj koronav\u00edrus terjed\u00e9se sor\u00e1n szerepet j\u00e1tsz\u00f3 aeroszolr\u00e9csecsk\u00e9k l\u00e9g\u00fati ki\u00fcleped\u00e9s eloszl\u00e1s\u00e1t modellezte.<\/p>\n<p>Fot\u00f3: Kov\u00e1cs Attila &#8211; Semmelweis Egyetem<\/p>\n<p>&nbsp;<\/p>\n","protected":false},"excerpt":{"rendered":"<p>A COVID\u201319 eredet\u00e9r\u0151l, a fert\u0151z\u00e9s miatt bek\u00f6vetkezett hal\u00e1lesetek okair\u00f3l \u00e9s az orvosegyetemek j\u00e1rv\u00e1nykezel\u00e9si strat\u00e9gi\u00e1ir\u00f3l is sz\u00f3 esett.<\/p>\n","protected":false},"author":101282,"featured_media":119311,"comment_status":"closed","ping_status":"closed","sticky":false,"template":"","format":"standard","meta":{"_acf_changed":false,"footnotes":""},"categories":[154,168],"tags":[],"class_list":["post-119295","post","type-post","status-publish","format-standard","has-post-thumbnail","hentry","category-egeszseg","category-kiemelt"],"acf":[],"_links":{"self":[{"href":"https:\/\/semmelweis.hu\/hirek\/wp-json\/wp\/v2\/posts\/119295","targetHints":{"allow":["GET"]}}],"collection":[{"href":"https:\/\/semmelweis.hu\/hirek\/wp-json\/wp\/v2\/posts"}],"about":[{"href":"https:\/\/semmelweis.hu\/hirek\/wp-json\/wp\/v2\/types\/post"}],"author":[{"embeddable":true,"href":"https:\/\/semmelweis.hu\/hirek\/wp-json\/wp\/v2\/users\/101282"}],"replies":[{"embeddable":true,"href":"https:\/\/semmelweis.hu\/hirek\/wp-json\/wp\/v2\/comments?post=119295"}],"version-history":[{"count":4,"href":"https:\/\/semmelweis.hu\/hirek\/wp-json\/wp\/v2\/posts\/119295\/revisions"}],"predecessor-version":[{"id":119313,"href":"https:\/\/semmelweis.hu\/hirek\/wp-json\/wp\/v2\/posts\/119295\/revisions\/119313"}],"wp:featuredmedia":[{"embeddable":true,"href":"https:\/\/semmelweis.hu\/hirek\/wp-json\/wp\/v2\/media\/119311"}],"wp:attachment":[{"href":"https:\/\/semmelweis.hu\/hirek\/wp-json\/wp\/v2\/media?parent=119295"}],"wp:term":[{"taxonomy":"category","embeddable":true,"href":"https:\/\/semmelweis.hu\/hirek\/wp-json\/wp\/v2\/categories?post=119295"},{"taxonomy":"post_tag","embeddable":true,"href":"https:\/\/semmelweis.hu\/hirek\/wp-json\/wp\/v2\/tags?post=119295"}],"curies":[{"name":"wp","href":"https:\/\/api.w.org\/{rel}","templated":true}]}}