{"id":118964,"date":"2022-09-16T06:00:32","date_gmt":"2022-09-16T04:00:32","guid":{"rendered":"https:\/\/semmelweis.hu\/hirek\/?p=118964"},"modified":"2022-09-16T08:27:47","modified_gmt":"2022-09-16T06:27:47","slug":"a-semmelweis-egyetemen-tartjak-az-elso-bariatriai-konferenciat-magyarorszagon","status":"publish","type":"post","link":"https:\/\/semmelweis.hu\/hirek\/2022\/09\/16\/a-semmelweis-egyetemen-tartjak-az-elso-bariatriai-konferenciat-magyarorszagon\/","title":{"rendered":"A Semmelweis Egyetemen tartj\u00e1k az els\u0151 bari\u00e1triai konferenci\u00e1t Magyarorsz\u00e1gon"},"content":{"rendered":"<div class=\"lead\">A Semmelweis Egyetem rendez hazai szinten el\u0151sz\u00f6r a k\u00f3ros k\u00f6v\u00e9rs\u00e9g m\u0171t\u00e9ti kezel\u00e9si lehet\u0151s\u00e9g\u00e9r\u0151l, vagyis a bari\u00e1tri\u00e1r\u00f3l szakmai konferenci\u00e1t. Az okt\u00f3ber 7-i Bari\u00e1triai Seb\u00e9szeti Konferencia helysz\u00edne az Elm\u00e9leti Orvostudom\u00e1nyi K\u00f6zpont, c\u00e9lja, hogy sz\u00e9lesebb k\u00f6rben is megismertesse ezeket a beavatkoz\u00e1sokat az orvost\u00e1rsadalommal \u00e9s mindazokkal a szakemberekkel, akik a k\u00f3ros elh\u00edz\u00e1s k\u00f6vetkezm\u00e9nyeivel szembes\u00fclnek.<\/div>\n<p><a href=\"https:\/\/semmelweis.hu\/hirek\/files\/2022\/09\/RS158884_C19A9090-scr.jpg\"><img loading=\"lazy\" decoding=\"async\" class=\"size-medium wp-image-118973 alignleft\" src=\"https:\/\/semmelweis.hu\/hirek\/files\/2022\/09\/RS158884_C19A9090-scr-267x400.jpg\" alt=\"\" width=\"267\" height=\"400\" srcset=\"https:\/\/semmelweis.hu\/hirek\/files\/2022\/09\/RS158884_C19A9090-scr-267x400.jpg 267w, https:\/\/semmelweis.hu\/hirek\/files\/2022\/09\/RS158884_C19A9090-scr-533x800.jpg 533w, https:\/\/semmelweis.hu\/hirek\/files\/2022\/09\/RS158884_C19A9090-scr.jpg 600w\" sizes=\"auto, (max-width: 267px) 100vw, 267px\" \/><\/a>A bari\u00e1tria a seb\u00e9szet \u00e1gai k\u00f6z\u00fcl a fiatalabbak k\u00f6z\u00e9 tartozik: a vil\u00e1gban 15-20 \u00e9ve indult folyamatos fejl\u0151d\u00e9snek, Magyarorsz\u00e1gon 10 \u00e9ve kezdt\u00e9k el m\u0171velni. A Semmelweis Egyetem Seb\u00e9szeti, Transzplant\u00e1ci\u00f3s \u00e9s Gasztroenterol\u00f3giai Klinik\u00e1n (ST\u00c9G) a Semmelweis Kft. szervez\u00e9s\u00e9ben 2018 \u00f3ta v\u00e9geznek ilyen beavatkoz\u00e1sokat; a hazai szab\u00e1lyoz\u00e1snak megfelel\u0151n szinte minden esetben \u00f6nk\u00f6lts\u00e9gi alapon. Az\u00f3ta t\u00f6bb mint 300 m\u0171t\u00e9tet hajtottak v\u00e9gre a nemzetk\u00f6zi protokolloknak megfelel\u0151 m\u00f3don, a Nemzetk\u00f6zi Bari\u00e1triai T\u00e1rsas\u00e1g (IFSO) ir\u00e1nyelvei szerint. Orsz\u00e1gosan ugyanakkor ak\u00e1r t\u00edzezerre tehet\u0151 azon betegek sz\u00e1ma, akik \u00e1testek valamilyen bari\u00e1triai beavatkoz\u00e1son: emiatt fontos, hogy az orvosok ismerj\u00e9k ezt a szakter\u00fcletet, \u00e9s a m\u0171t\u00e9tek okozta anat\u00f3miai v\u00e1ltoz\u00e1sokat, esetleg sz\u00f6v\u0151dm\u00e9nyeket, hiszen ennek a k\u00e9s\u0151bbi ell\u00e1t\u00e1s sor\u00e1n, p\u00e9ld\u00e1ul egy s\u00fcrg\u0151ss\u00e9gi beavatkoz\u00e1s eset\u00e9n nagy jelent\u0151s\u00e9ge van \u2013 hangs\u00falyozta dr. Szij\u00e1rt\u00f3 Attila, a ST\u00c9G igazgat\u00f3ja. Mint r\u00e1mutatott: \u00e9ppen ez\u00e9rt komoly szakmai ig\u00e9ny volt egy ilyen t\u00e9m\u00e1j\u00fa szakmai konferenci\u00e1ra. A klinika az\u00e9rt v\u00e1llalta fel ennek a megszervez\u00e9s\u00e9t, mert az egyetem falain bel\u00fcl szerte\u00e1gaz\u00f3 tud\u00e1s \u00e1ll rendelkez\u00e9sre a rendk\u00edv\u00fcl komplex bari\u00e1triai ell\u00e1t\u00e1shoz. A h\u00e1romsz\u00e1zn\u00e1l t\u00f6bb eset kell\u0151 tapasztalattal l\u00e1tta el a klinik\u00e1t, \u00e9s az esetleges, orsz\u00e1gos ell\u00e1t\u00e1si k\u00f6telezetts\u00e9gb\u0151l is sz\u00e1rmaz\u00f3 m\u0171t\u00e9ti sz\u00f6v\u0151dm\u00e9nyek kezel\u00e9s\u00e9ben is komoly j\u00e1rtass\u00e1ga van az int\u00e9zm\u00e9nynek \u2013 emelte ki.<\/p>\n\r\n        [slb_exclude]\r\n        <div class=\"row galeria-wrapper mx-0 h-auto\">\r\n            <div class=\"col-9 pl-0 pr-2\">\r\n            <span class=\"gallery-item frame\">\r\n\t\t\t\t<div class=\"galeria-left-img\"><a href=\"https:\/\/semmelweis.hu\/hirek\/files\/2022\/09\/RS160082_C19A3873-scr.jpg\"><img src=https:\/\/semmelweis.hu\/hirek\/files\/2022\/09\/RS160082_C19A3873-scr.jpg  \r\n                            alt=\"\" \r\n                            class=\"attachment-sote-gallery-big size-sote-gallery-big\" \r\n                            srcset=\"https:\/\/semmelweis.hu\/hirek\/files\/2022\/09\/RS160082_C19A3873-scr-400x267.jpg 400w, https:\/\/semmelweis.hu\/hirek\/files\/2022\/09\/RS160082_C19A3873-scr-900x600.jpg 900w, https:\/\/semmelweis.hu\/hirek\/files\/2022\/09\/RS160082_C19A3873-scr-768x512.jpg 768w, https:\/\/semmelweis.hu\/hirek\/files\/2022\/09\/RS160082_C19A3873-scr-753x502.jpg 753w, https:\/\/semmelweis.hu\/hirek\/files\/2022\/09\/RS160082_C19A3873-scr-203x135.jpg 203w, https:\/\/semmelweis.hu\/hirek\/files\/2022\/09\/RS160082_C19A3873-scr.jpg 1200w\" ><\/a><\/div>\r\n            <\/span>\r\n\r\n            <\/div>\r\n\r\n\t\t\t<div class=\"col-3 pl-0 pr-0\">\r\n\t\t\t\t<div class=\"galeria-right-img d-flex justify-content-between flex-column h-100 w-100 px-0 mx-0 \">\r\n                <div class=\"galeria-box\">\r\n\t\t\t\t\t<h3 class=\"galeria-title\">Gal\u00e9ria<\/h3>\r\n\t\t\t\t\t<div class=\"galeria-subtitle\">\r\n\r\n\t\t\t\t\t\t<div class=\"galeria-page-counter\"><span>10<\/span>k\u00e9p<\/div>\r\n                    <\/div> <\/div>\r\n                    <span class=\"gallery-item frame d-none d-md-flex\">\r\n\t\t\t\t\t<div class=\"galeria-small-img mt-0\"><a href=\"https:\/\/semmelweis.hu\/hirek\/files\/2022\/09\/RS160095_C19A3896-scr.jpg\"><img src=https:\/\/semmelweis.hu\/hirek\/files\/2022\/09\/RS160095_C19A3896-scr.jpg \r\n                                alt=\"\"  \r\n                                class=\"attachment-sote-gallery-small size-sote-gallery-small\" \r\n                                srcset=\"https:\/\/semmelweis.hu\/hirek\/files\/2022\/09\/RS160095_C19A3896-scr-400x267.jpg 400w, https:\/\/semmelweis.hu\/hirek\/files\/2022\/09\/RS160095_C19A3896-scr-900x600.jpg 900w, https:\/\/semmelweis.hu\/hirek\/files\/2022\/09\/RS160095_C19A3896-scr-768x512.jpg 768w, https:\/\/semmelweis.hu\/hirek\/files\/2022\/09\/RS160095_C19A3896-scr-753x502.jpg 753w, https:\/\/semmelweis.hu\/hirek\/files\/2022\/09\/RS160095_C19A3896-scr-203x135.jpg 203w, https:\/\/semmelweis.hu\/hirek\/files\/2022\/09\/RS160095_C19A3896-scr.jpg 1200w\" ><\/a><\/div>\r\n                    <\/span>\r\n                    <span class=\"gallery-item frame d-none d-md-flex\">\r\n\t\t\t\t\t<div class=\"galeria-small-img mt-0\"><a href=\"https:\/\/semmelweis.hu\/hirek\/files\/2022\/09\/RS160116_C19A3992-scr.jpg\"><img src=https:\/\/semmelweis.hu\/hirek\/files\/2022\/09\/RS160116_C19A3992-scr.jpg \r\n                                alt=\"\" \r\n                                class=\"attachment-sote-gallery-small size-sote-gallery-small\" \r\n                                srcset=\"https:\/\/semmelweis.hu\/hirek\/files\/2022\/09\/RS160116_C19A3992-scr-400x267.jpg 400w, https:\/\/semmelweis.hu\/hirek\/files\/2022\/09\/RS160116_C19A3992-scr-900x600.jpg 900w, https:\/\/semmelweis.hu\/hirek\/files\/2022\/09\/RS160116_C19A3992-scr-768x512.jpg 768w, https:\/\/semmelweis.hu\/hirek\/files\/2022\/09\/RS160116_C19A3992-scr-753x502.jpg 753w, https:\/\/semmelweis.hu\/hirek\/files\/2022\/09\/RS160116_C19A3992-scr-203x135.jpg 203w, https:\/\/semmelweis.hu\/hirek\/files\/2022\/09\/RS160116_C19A3992-scr.jpg 1200w\" ><\/a><\/div>\r\n                    <\/span>\r\n\r\n                <\/div>\r\n\r\n            <\/div>\r\n\r\n            <span class=\"gallery-item\"><div class=\"hidden\"><a href=\"https:\/\/semmelweis.hu\/hirek\/files\/2022\/09\/RS160101_C19A3935-scr.jpg\">\r\n        <img src=https:\/\/semmelweis.hu\/hirek\/files\/2022\/09\/RS160101_C19A3935-scr.jpg alt=\"\" class=\"attachment-sote-gallery-big size-sote-gallery-big\" srcset=\"https:\/\/semmelweis.hu\/hirek\/files\/2022\/09\/RS160101_C19A3935-scr-400x267.jpg 400w, https:\/\/semmelweis.hu\/hirek\/files\/2022\/09\/RS160101_C19A3935-scr-900x600.jpg 900w, https:\/\/semmelweis.hu\/hirek\/files\/2022\/09\/RS160101_C19A3935-scr-768x512.jpg 768w, https:\/\/semmelweis.hu\/hirek\/files\/2022\/09\/RS160101_C19A3935-scr-753x502.jpg 753w, https:\/\/semmelweis.hu\/hirek\/files\/2022\/09\/RS160101_C19A3935-scr-203x135.jpg 203w, https:\/\/semmelweis.hu\/hirek\/files\/2022\/09\/RS160101_C19A3935-scr.jpg 1200w\" >\r\n        <\/a><\/div><\/span><span class=\"gallery-item\"><div class=\"hidden\"><a href=\"https:\/\/semmelweis.hu\/hirek\/files\/2022\/09\/RS160098_C19A3917-scr.jpg\">\r\n        <img src=https:\/\/semmelweis.hu\/hirek\/files\/2022\/09\/RS160098_C19A3917-scr.jpg alt=\"\" class=\"attachment-sote-gallery-big size-sote-gallery-big\" srcset=\"https:\/\/semmelweis.hu\/hirek\/files\/2022\/09\/RS160098_C19A3917-scr-400x241.jpg 400w, https:\/\/semmelweis.hu\/hirek\/files\/2022\/09\/RS160098_C19A3917-scr-900x542.jpg 900w, https:\/\/semmelweis.hu\/hirek\/files\/2022\/09\/RS160098_C19A3917-scr-768x463.jpg 768w, https:\/\/semmelweis.hu\/hirek\/files\/2022\/09\/RS160098_C19A3917-scr-753x454.jpg 753w, https:\/\/semmelweis.hu\/hirek\/files\/2022\/09\/RS160098_C19A3917-scr.jpg 1200w\" >\r\n        <\/a><\/div><\/span><span class=\"gallery-item\"><div class=\"hidden\"><a href=\"https:\/\/semmelweis.hu\/hirek\/files\/2022\/09\/RS160114_C19A3984-scr.jpg\">\r\n        <img src=https:\/\/semmelweis.hu\/hirek\/files\/2022\/09\/RS160114_C19A3984-scr.jpg alt=\"\" class=\"attachment-sote-gallery-big size-sote-gallery-big\" srcset=\"https:\/\/semmelweis.hu\/hirek\/files\/2022\/09\/RS160114_C19A3984-scr-400x267.jpg 400w, https:\/\/semmelweis.hu\/hirek\/files\/2022\/09\/RS160114_C19A3984-scr-900x600.jpg 900w, https:\/\/semmelweis.hu\/hirek\/files\/2022\/09\/RS160114_C19A3984-scr-768x512.jpg 768w, https:\/\/semmelweis.hu\/hirek\/files\/2022\/09\/RS160114_C19A3984-scr-753x502.jpg 753w, https:\/\/semmelweis.hu\/hirek\/files\/2022\/09\/RS160114_C19A3984-scr-203x135.jpg 203w, https:\/\/semmelweis.hu\/hirek\/files\/2022\/09\/RS160114_C19A3984-scr.jpg 1200w\" >\r\n        <\/a><\/div><\/span><span class=\"gallery-item\"><div class=\"hidden\"><a href=\"https:\/\/semmelweis.hu\/hirek\/files\/2022\/09\/RS160108_C19A3961-scr.jpg\">\r\n        <img src=https:\/\/semmelweis.hu\/hirek\/files\/2022\/09\/RS160108_C19A3961-scr.jpg alt=\"\" class=\"attachment-sote-gallery-big size-sote-gallery-big\" srcset=\"https:\/\/semmelweis.hu\/hirek\/files\/2022\/09\/RS160108_C19A3961-scr-400x250.jpg 400w, https:\/\/semmelweis.hu\/hirek\/files\/2022\/09\/RS160108_C19A3961-scr-900x563.jpg 900w, https:\/\/semmelweis.hu\/hirek\/files\/2022\/09\/RS160108_C19A3961-scr-768x480.jpg 768w, https:\/\/semmelweis.hu\/hirek\/files\/2022\/09\/RS160108_C19A3961-scr-753x471.jpg 753w, https:\/\/semmelweis.hu\/hirek\/files\/2022\/09\/RS160108_C19A3961-scr.jpg 1200w\" >\r\n        <\/a><\/div><\/span><span class=\"gallery-item\"><div class=\"hidden\"><a href=\"https:\/\/semmelweis.hu\/hirek\/files\/2022\/09\/RS160097_C19A3911-scr.jpg\">\r\n        <img src=https:\/\/semmelweis.hu\/hirek\/files\/2022\/09\/RS160097_C19A3911-scr.jpg alt=\"\" class=\"attachment-sote-gallery-big size-sote-gallery-big\" srcset=\"https:\/\/semmelweis.hu\/hirek\/files\/2022\/09\/RS160097_C19A3911-scr-267x400.jpg 267w, https:\/\/semmelweis.hu\/hirek\/files\/2022\/09\/RS160097_C19A3911-scr-533x800.jpg 533w, https:\/\/semmelweis.hu\/hirek\/files\/2022\/09\/RS160097_C19A3911-scr.jpg 600w\" >\r\n        <\/a><\/div><\/span><span class=\"gallery-item\"><div class=\"hidden\"><a href=\"https:\/\/semmelweis.hu\/hirek\/files\/2022\/09\/RS160118_C19A4024-scr.jpg\">\r\n        <img src=https:\/\/semmelweis.hu\/hirek\/files\/2022\/09\/RS160118_C19A4024-scr.jpg alt=\"\" class=\"attachment-sote-gallery-big size-sote-gallery-big\" srcset=\"https:\/\/semmelweis.hu\/hirek\/files\/2022\/09\/RS160118_C19A4024-scr-400x267.jpg 400w, https:\/\/semmelweis.hu\/hirek\/files\/2022\/09\/RS160118_C19A4024-scr-900x600.jpg 900w, https:\/\/semmelweis.hu\/hirek\/files\/2022\/09\/RS160118_C19A4024-scr-768x512.jpg 768w, https:\/\/semmelweis.hu\/hirek\/files\/2022\/09\/RS160118_C19A4024-scr-753x502.jpg 753w, https:\/\/semmelweis.hu\/hirek\/files\/2022\/09\/RS160118_C19A4024-scr-203x135.jpg 203w, https:\/\/semmelweis.hu\/hirek\/files\/2022\/09\/RS160118_C19A4024-scr.jpg 1200w\" >\r\n        <\/a><\/div><\/span><span class=\"gallery-item\"><div class=\"hidden\"><a href=\"https:\/\/semmelweis.hu\/hirek\/files\/2022\/09\/RS160117_C19A4016-scr.jpg\">\r\n        <img src=https:\/\/semmelweis.hu\/hirek\/files\/2022\/09\/RS160117_C19A4016-scr.jpg alt=\"\" class=\"attachment-sote-gallery-big size-sote-gallery-big\" srcset=\"https:\/\/semmelweis.hu\/hirek\/files\/2022\/09\/RS160117_C19A4016-scr-400x265.jpg 400w, https:\/\/semmelweis.hu\/hirek\/files\/2022\/09\/RS160117_C19A4016-scr-900x597.jpg 900w, https:\/\/semmelweis.hu\/hirek\/files\/2022\/09\/RS160117_C19A4016-scr-768x509.jpg 768w, https:\/\/semmelweis.hu\/hirek\/files\/2022\/09\/RS160117_C19A4016-scr-753x499.jpg 753w, https:\/\/semmelweis.hu\/hirek\/files\/2022\/09\/RS160117_C19A4016-scr-203x135.jpg 203w, https:\/\/semmelweis.hu\/hirek\/files\/2022\/09\/RS160117_C19A4016-scr.jpg 1200w\" >\r\n        <\/a><\/div><\/span>\r\n            <\/div>\r\n\r\n            [\/slb_exclude]\r\n\t\n<p>A konferencia k\u00edn\u00e1lata rendk\u00edv\u00fcl sz\u00e9lesk\u00f6r\u0171, mivel a bari\u00e1triai beavatkoz\u00e1sban is sok szakember dolgozik egy\u00fctt egy munkacsoportban: az aneszteziol\u00f3gus, aki ezeket a nagy rizik\u00f3j\u00fa beteget altatja, a dietetikus, akinek komoly szerepe van a felk\u00e9sz\u00edt\u00e9sben, a plasztikai seb\u00e9sz, aki a m\u0171t\u00e9t ut\u00e1ni beavatkoz\u00e1sokat v\u00e9gzi, a seb\u00e9sz, aki mag\u00e1t a m\u0171t\u00e9tet v\u00e9gzi, a pszichol\u00f3gus, akinek a beteg felk\u00e9sz\u00edt\u00e9s\u00e9ben van kiemelt szerepe \u2013 fogalmazott. \u00cdgy a konferencia egy komplex egys\u00e9get fog mutatni, \u00e9s \u00e9ppen ez\u00e9rt minden olyan szakembert v\u00e1rnak a programra, akik szembes\u00fclnek a k\u00f3ros elh\u00edz\u00e1s k\u00f6vetkezm\u00e9nyeivel. A t\u00e9ma \u00e9rinti a seb\u00e9szeket, gasztroenterol\u00f3gusokat, endokrinol\u00f3gusokat, dietetikusokat, pszichol\u00f3gusokat, de az ortop\u00e9d seb\u00e9szeket vagy a csal\u00e1dorvosokat, \u00e9s term\u00e9szetesen a medikusokat is. Dr. Szij\u00e1rt\u00f3 Attila kiemelte, a konferenci\u00e1n a j\u00f6v\u0151 \u00fajdons\u00e1gait is bemutatj\u00e1k, k\u00f6zt\u00fck endoszk\u00f3ppal v\u00e9gezhet\u0151 m\u0171t\u00e9teket is. A rendezv\u00e9ny lehet\u0151s\u00e9get ad arra is, hogy a szakemberek megismerj\u00e9k egym\u00e1st, \u00e9s a bari\u00e1tria jelenlegi \u00e1llapot\u00e1r\u00f3l, helyzet\u00e9r\u0151l k\u00e9pet alkossanak \u2013 ismertette. A kiemelt el\u0151ad\u00f3 a cseh Martin Fried professzor lesz, az el\u0151ad\u00e1sokat a klinika munkat\u00e1rsai tartj\u00e1k.<\/p>\n<p><a href=\"https:\/\/semmelweis.hu\/hirek\/files\/2022\/09\/160529scr_wm_08199998514315a.jpg\"><img loading=\"lazy\" decoding=\"async\" class=\"alignright wp-image-119023 size-medium\" src=\"https:\/\/semmelweis.hu\/hirek\/files\/2022\/09\/160529scr_wm_08199998514315a-267x400.jpg\" alt=\"\" width=\"267\" height=\"400\" srcset=\"https:\/\/semmelweis.hu\/hirek\/files\/2022\/09\/160529scr_wm_08199998514315a-267x400.jpg 267w, https:\/\/semmelweis.hu\/hirek\/files\/2022\/09\/160529scr_wm_08199998514315a-533x800.jpg 533w, https:\/\/semmelweis.hu\/hirek\/files\/2022\/09\/160529scr_wm_08199998514315a.jpg 600w\" sizes=\"auto, (max-width: 267px) 100vw, 267px\" \/><\/a>Dr. Merkel Kereszt\u00e9ly a ST\u00c9G \u00f6nk\u00e9ntes seg\u00edt\u0151jek\u00e9nt v\u00e9gez bari\u00e1triai m\u0171t\u00e9teket 2018 \u00f3ta. Hangs\u00falyozta, hogy ez nem sz\u00e9p\u00e9szeti beavatkoz\u00e1s: a k\u00f3rosan elh\u00edzott, 35-40-es BMI-feletti (testt\u00f6meg-index) rendelkez\u0151 emberek hossz\u00fa t\u00e1v\u00fa fogy\u00e1s\u00e1hoz jelen tud\u00e1sunk szerint a m\u0171t\u00e9t az egyetlen j\u00e1rhat\u00f3 \u00fat. A nemzetk\u00f6zileg elfogadott sztenderdek szerint t\u00e1rsbetegs\u00e9ggel 35-\u00f6s BMI, t\u00e1rsbetegs\u00e9g n\u00e9lk\u00fcl 40-es BMI f\u00f6l\u00f6tt v\u00e9geznek bari\u00e1triai beavatkoz\u00e1st. Ezek a betegek \u00e1ltal\u00e1ban se obezitol\u00f3gus, se gy\u00f3gyszeres ter\u00e1pia, se testmozg\u00e1s seg\u00edts\u00e9g\u00e9vel nem k\u00e9pesek tart\u00f3san lefogyni, ugyanakkor a legt\u00f6bben az elh\u00edz\u00e1s miatt kettes t\u00edpus\u00fa diab\u00e9teszben, magasv\u00e9rnyom\u00e1s-betegs\u00e9gben, szenvednek, \u00e9s az \u00edz\u00fcleti, kering\u00e9si rendszer\u00fck olyan roml\u00e1sa figyelhet\u0151 meg, ami miatt az \u00e9lettartamuk \u00e1tlagosan mintegy 20 \u00e9vvel cs\u00f6kken. Ez\u00e9rt a beavatkoz\u00e1snak \u00e9s a megfelel\u0151 ut\u00f3gondoz\u00e1snak rendk\u00edv\u00fcli jelent\u0151s\u00e9ge lehet \u2013 emelte ki. A beavatkoz\u00e1sok rendk\u00edv\u00fcl eredm\u00e9nyesek, a m\u0171t\u00e9t ut\u00e1n a betegek a t\u00fals\u00falyuk 70-80%-\u00e1t\u00f3l megszabadulnak egy m\u00e1sf\u00e9l \u00e9v alatt.<\/p>\n<p>Dr. Merkel Kereszt\u00e9ly mag\u00e1r\u00f3l az oper\u00e1ci\u00f3r\u00f3l \u00fagy fogalmazott: seb\u00e9sztechnikailag ez egy ig\u00e9nyes m\u0171t\u00e9t, halad\u00f3 laparoszk\u00f3pos k\u00e9pzetts\u00e9ggel b\u00edr\u00f3 seb\u00e9szek sz\u00e1m\u00e1ra megtanulhat\u00f3, de sok apr\u00f3 tr\u00fckk\u00f6t kell elsaj\u00e1t\u00edtani, ami csak bari\u00e1triai centrumokban, k\u00e9pzett seb\u00e9szek mellett lehets\u00e9ges. Hozz\u00e1tette:<\/p>\n<blockquote>\n<p>nemcsak az esetleges sz\u00f6v\u0151dm\u00e9nyek kezel\u00e9s\u00e9ben j\u00e1tszik \u00fatt\u00f6r\u0151 szerepet a klinika, de abban is egyed\u00fcl\u00e1ll\u00f3, hogy egy teljes bari\u00e1triai munkacsoport (seb\u00e9sz, gasztroenterol\u00f3gus, dietetikus, pszichol\u00f3gus) dolgozik k\u00f6z\u00f6sen azon, hogy a beteg megfelel\u0151 ell\u00e1t\u00e1st kapjon.<\/p>\n<\/blockquote>\n<p>Dr. Merkel Kereszt\u00e9ly is hangs\u00falyozta, a konferenci\u00e1n sz\u00edvesen l\u00e1tj\u00e1k a t\u00e1rsszakm\u00e1kat: mindenkit, aki k\u00f3rosan elh\u00edzott betegekkel tal\u00e1lkozik a csal\u00e1dorvost\u00f3l az endokrinol\u00f3gusokon \u00e1t az ortop\u00e9d seb\u00e9szekig.<\/p>\n<p>A konferencia le\u00edr\u00e1sa <a href=\"https:\/\/semmelweis.hu\/hirek\/events\/bariatriai-sebeszeti-konferencia\/\" target=\"_blank\" rel=\"noopener\">erre a linkre kattintva<\/a> olvashat\u00f3.<\/p>\n<p>A konferenci\u00e1ra <a href=\"https:\/\/if.convention.hu\/Rendezveny\/Regisztracio\/BAR22\" target=\"_blank\" rel=\"noopener\">erre a linkre kattintva<\/a> lehet regisztr\u00e1lni.<\/p>\n<p>Pogr\u00e1nyi P\u00e9ter, Dobozi P\u00e1lma<br \/>\nFot\u00f3: Kov\u00e1cs Attila \u2013 Semmelweis Egyetem<\/p>\n","protected":false},"excerpt":{"rendered":"<p>A k\u00f3ros k\u00f6v\u00e9rs\u00e9g m\u0171t\u00e9ti kezel\u00e9si lehet\u0151s\u00e9g\u00e9r\u0151l sz\u00f3l\u00f3 konferencia okt\u00f3ber 7-\u00e9n lesz az Elm\u00e9leti Orvostudom\u00e1nyi K\u00f6zpontban.<\/p>\n","protected":false},"author":101081,"featured_media":118972,"comment_status":"closed","ping_status":"closed","sticky":false,"template":"","format":"standard","meta":{"_acf_changed":false,"footnotes":""},"categories":[154,168],"tags":[],"class_list":["post-118964","post","type-post","status-publish","format-standard","has-post-thumbnail","hentry","category-egeszseg","category-kiemelt"],"acf":[],"_links":{"self":[{"href":"https:\/\/semmelweis.hu\/hirek\/wp-json\/wp\/v2\/posts\/118964","targetHints":{"allow":["GET"]}}],"collection":[{"href":"https:\/\/semmelweis.hu\/hirek\/wp-json\/wp\/v2\/posts"}],"about":[{"href":"https:\/\/semmelweis.hu\/hirek\/wp-json\/wp\/v2\/types\/post"}],"author":[{"embeddable":true,"href":"https:\/\/semmelweis.hu\/hirek\/wp-json\/wp\/v2\/users\/101081"}],"replies":[{"embeddable":true,"href":"https:\/\/semmelweis.hu\/hirek\/wp-json\/wp\/v2\/comments?post=118964"}],"version-history":[{"count":10,"href":"https:\/\/semmelweis.hu\/hirek\/wp-json\/wp\/v2\/posts\/118964\/revisions"}],"predecessor-version":[{"id":119027,"href":"https:\/\/semmelweis.hu\/hirek\/wp-json\/wp\/v2\/posts\/118964\/revisions\/119027"}],"wp:featuredmedia":[{"embeddable":true,"href":"https:\/\/semmelweis.hu\/hirek\/wp-json\/wp\/v2\/media\/118972"}],"wp:attachment":[{"href":"https:\/\/semmelweis.hu\/hirek\/wp-json\/wp\/v2\/media?parent=118964"}],"wp:term":[{"taxonomy":"category","embeddable":true,"href":"https:\/\/semmelweis.hu\/hirek\/wp-json\/wp\/v2\/categories?post=118964"},{"taxonomy":"post_tag","embeddable":true,"href":"https:\/\/semmelweis.hu\/hirek\/wp-json\/wp\/v2\/tags?post=118964"}],"curies":[{"name":"wp","href":"https:\/\/api.w.org\/{rel}","templated":true}]}}