{"id":117423,"date":"2022-07-18T07:00:08","date_gmt":"2022-07-18T05:00:08","guid":{"rendered":"https:\/\/semmelweis.hu\/hirek\/?p=117423"},"modified":"2022-07-18T06:57:30","modified_gmt":"2022-07-18T04:57:30","slug":"egy-japan-orvos-elmenyei-a-semmelweis-egyetemen","status":"publish","type":"post","link":"https:\/\/semmelweis.hu\/hirek\/2022\/07\/18\/egy-japan-orvos-elmenyei-a-semmelweis-egyetemen\/","title":{"rendered":"Egy jap\u00e1n orvos \u00e9lm\u00e9nyei a Semmelweis Egyetemen"},"content":{"rendered":"<div class=\"lead\">Dr. Yoichi Kumagai, a Saitama Medical University Gasztrointesztin\u00e1lis \u00e9s \u00c1ltal\u00e1nos Seb\u00e9szeti Oszt\u00e1ly\u00e1nak docense h\u00e1rom h\u00f3napot t\u00f6lt\u00f6tt a Semmelweis Egyetem Seb\u00e9szeti Transzplant\u00e1ci\u00f3s \u00e9s Gasztroenterol\u00f3giai Klinik\u00e1j\u00e1n.<\/div>\n<p><a href=\"https:\/\/semmelweis.hu\/hirek\/files\/2022\/07\/yoichi4.jpg\"><img loading=\"lazy\" decoding=\"async\" class=\"alignleft size-medium wp-image-117427\" src=\"https:\/\/semmelweis.hu\/hirek\/files\/2022\/07\/yoichi4-328x400.jpg\" alt=\"\" width=\"328\" height=\"400\" srcset=\"https:\/\/semmelweis.hu\/hirek\/files\/2022\/07\/yoichi4-328x400.jpg 328w, https:\/\/semmelweis.hu\/hirek\/files\/2022\/07\/yoichi4-656x800.jpg 656w, https:\/\/semmelweis.hu\/hirek\/files\/2022\/07\/yoichi4.jpg 750w\" sizes=\"auto, (max-width: 328px) 100vw, 328px\" \/><\/a>A Saitama Medical University \u00e9s a Semmelweis Egyetem 2002-ben \u00edrt al\u00e1 egyezm\u00e9nyt, melynek keret\u00e9ben m\u00e1r sz\u00e1mos hallgat\u00f3 \u00e9s oktat\u00f3 t\u00f6lt\u00f6tte kint gyakorlat\u00e1t Jap\u00e1nban, \u00e9s a Semmelweis Egyetem is fogadott a szigetorsz\u00e1gb\u00f3l \u00e9rkez\u0151 di\u00e1kokat \u00e9s professzorokat. A jap\u00e1n int\u00e9zm\u00e9nnyel fenn\u00e1ll\u00f3 egy\u00fcttm\u0171k\u00f6d\u00e9s a Semmelweis Egyetem legsikeresebb k\u00fclf\u00f6ldi kapcsolatai k\u00f6z\u00e9 tartozik. A gyakorlatra jelentkez\u0151 hallgat\u00f3k \u00e9s oktat\u00f3k sz\u00e1ma minden \u00e9vben kiemelked\u0151en magas, \u00e9s komoly sz\u0171r\u00e9s, v\u00e1logat\u00e1s eredm\u00e9nye, hogy ki lesz az a k\u00e9t hallgat\u00f3 \u00e9s egy oktat\u00f3, aki r\u00e9szt vehet a programban. A gyakorlat els\u0151dleges c\u00e9lja a nemzetk\u00f6zi klinikai tapasztalatszerz\u00e9s mellett az angol szakmai nyelv intenz\u00edv gyakorl\u00e1sa, valamint egy \u00faj kult\u00fara megismer\u00e9se.<\/p>\n<p>A Jap\u00e1nb\u00f3l \u00e9rkez\u0151 dr. Yoichi Kumagai, a Saitama Medical University Gasztrointesztin\u00e1lis \u00e9s \u00c1ltal\u00e1nos Seb\u00e9szeti Oszt\u00e1ly\u00e1nak docense (Digestive Tract and General Surgery) az \u00e9v elej\u00e9n 3 h\u00f3napot t\u00f6lthetett Magyarorsz\u00e1gon. Dr. Yoichi Kumagai a dr. Szij\u00e1rt\u00f3 Attila vezette Seb\u00e9szeti Transzplant\u00e1ci\u00f3s \u00e9s Gasztroenterol\u00f3giai Klinik\u00e1hoz \u00e9rkezett, ahol mentora dr. Vass Tam\u00e1s, a klinika egyetemi tan\u00e1rseg\u00e9dje volt.<\/p>\n<p>A Semmelweis Egyetem Szen\u00e1tusa 2021. szeptemberi \u00fcl\u00e9s\u00e9n d\u00f6nt\u00f6tt a Transzplant\u00e1ci\u00f3s \u00e9s Seb\u00e9szeti Klinika I. Sz. Seb\u00e9szeti \u00e9s Intervenci\u00f3s Gasztroenterol\u00f3giai Klinik\u00e1ba val\u00f3 beolvad\u00e1s\u00e1r\u00f3l. Ezzel l\u00e9trej\u00f6tt a Seb\u00e9szeti, Transzplant\u00e1ci\u00f3s \u00e9s Gasztroenterol\u00f3giai Klinika, amely az egyetem egyik legnagyobb fekv\u0151beteg-int\u00e9zm\u00e9nye lett. <a href=\"https:\/\/semmelweis.hu\/hirek\/2021\/11\/04\/dr-szijarto-attila-egyseges-szemleletu-komplex-ellatast-biztosito-sebeszeti-csucsintezmeny-jott-letre\/\">Err\u0151l ebben a cikk\u00fcnkben \u00edrtunk b\u0151vebben<\/a>.<\/p>\n<p><a href=\"https:\/\/semmelweis.hu\/hirek\/files\/2022\/07\/yoichi1.jpg\"><img loading=\"lazy\" decoding=\"async\" class=\"alignright size-medium wp-image-117424\" src=\"https:\/\/semmelweis.hu\/hirek\/files\/2022\/07\/yoichi1-400x300.jpg\" alt=\"\" width=\"400\" height=\"300\" srcset=\"https:\/\/semmelweis.hu\/hirek\/files\/2022\/07\/yoichi1-400x300.jpg 400w, https:\/\/semmelweis.hu\/hirek\/files\/2022\/07\/yoichi1.jpg 720w\" sizes=\"auto, (max-width: 400px) 100vw, 400px\" \/><\/a>A klinika az \u00e1ltal\u00e1nos seb\u00e9szet teljes spektrum\u00e1t lefedi, amelyben hagyom\u00e1nyosan hangs\u00falyos az em\u00e9szt\u0151rendszer \u00e9s a l\u00e1gyr\u00e9szdaganatok seb\u00e9szete, bele\u00e9rtve az eml\u0151-, valamint az endokrin betegs\u00e9gek seb\u00e9szet\u00e9t. A klinika a gasztroenterol\u00f3gia ter\u00fclet\u00e9n a szakma teljes profilj\u00e1t k\u00e9pviseli, bele\u00e9rtve az intervenci\u00f3s, vagyis eszk\u00f6z\u00f6s beavatkoz\u00e1sokat, a gyullad\u00e1sos b\u00e9lbetegek, v\u00e9rz\u0151 betegek, hasny\u00e1lmirigy \u00e9s m\u00e1jbetegek kezel\u00e9s\u00e9t. T\u00f6bbek k\u00f6z\u00f6tt itt tal\u00e1lhat\u00f3 az otthoni parenter\u00e1lis t\u00e1pl\u00e1l\u00e1s egyik legnagyobb hazai centruma, amely a t\u00e1pl\u00e1lkoz\u00e1sra k\u00e9ptelen betegek otthoni inf\u00fazi\u00f3s kezel\u00e9s\u00e9t biztos\u00edtja.<\/p>\n<p>Amint dr. Yoichi Kumagai elmondta, \u00f3ri\u00e1si lehet\u0151s\u00e9get jelentett sz\u00e1m\u00e1ra, hogy Magyarorsz\u00e1gon, a Semmelweis Egyetemen v\u00e9gezhette 3 h\u00f3napos szakmai gyakorlat\u00e1t. Mint kiemelte, sok tapasztalatot szerzett nemcsak a seb\u00e9szeti \u00e9s endoszk\u00f3pos technik\u00e1k tekintet\u00e9ben, de a gasztrointesztin\u00e1lis megbeteged\u00e9sek ter\u00fclet\u00e9n is. Itteni koll\u00e9g\u00e1i nagy szeretettel \u00e9s figyelemmel vett\u00e9k k\u00f6r\u00fcl, k\u00fcl\u00f6n\u00f6sen mentor\u00e1val, dr. Vass Tam\u00e1ssal alakult ki remek szakmai kapcsolata. Szakmai gyakorlat\u00e1nak c\u00e9lja gasztrointesztin\u00e1lis seb\u00e9szet, valamint a gasztroenterol\u00f3gia eur\u00f3pai \u00e9s magyarorsz\u00e1gi helyzet\u00e9nek tanulm\u00e1nyoz\u00e1sa volt. M\u00e9ly benyom\u00e1st tett r\u00e1 az a gyors \u00e9s prec\u00edz seb\u00e9szeti \u00e9s endoszk\u00f3pos technika, mellyel a klinika\u00a0 orvosai a m\u0171t\u00e9teket v\u00e9gezt\u00e9k.<\/p>\n<p><a href=\"https:\/\/semmelweis.hu\/hirek\/files\/2022\/07\/yoichi5.jpg\"><img loading=\"lazy\" decoding=\"async\" class=\"alignleft size-medium wp-image-117428\" src=\"https:\/\/semmelweis.hu\/hirek\/files\/2022\/07\/yoichi5-368x400.jpg\" alt=\"\" width=\"368\" height=\"400\" srcset=\"https:\/\/semmelweis.hu\/hirek\/files\/2022\/07\/yoichi5-368x400.jpg 368w, https:\/\/semmelweis.hu\/hirek\/files\/2022\/07\/yoichi5-736x800.jpg 736w, https:\/\/semmelweis.hu\/hirek\/files\/2022\/07\/yoichi5-768x835.jpg 768w, https:\/\/semmelweis.hu\/hirek\/files\/2022\/07\/yoichi5-753x819.jpg 753w, https:\/\/semmelweis.hu\/hirek\/files\/2022\/07\/yoichi5.jpg 788w\" sizes=\"auto, (max-width: 368px) 100vw, 368px\" \/><\/a>Dr. Yoichi Kumagai nagy figyelemmel tanulm\u00e1nyozta az eur\u00f3pai \u00e9s jap\u00e1n eg\u00e9szs\u00e9g\u00fcgyi ell\u00e1t\u00e1s k\u00f6zti k\u00fcl\u00f6nbs\u00e9geket. Elmond\u00e1sa szerint Eur\u00f3p\u00e1ban, valamint a nyugati orsz\u00e1gokban sokkal r\u00e9gebb \u00f3ta haszn\u00e1lj\u00e1k a perioperat\u00edv kemoter\u00e1pi\u00e1t \u00e9s kemoradioter\u00e1pi\u00e1t mint Jap\u00e1nban. Jap\u00e1n klinikai onkol\u00f3gusok csoportja nemr\u00e9g sz\u00e1molt be az adjuv\u00e1ns (m\u0171t\u00e9t ut\u00e1ni), illetve a neoadjuv\u00e1ns (m\u0171t\u00e9t el\u0151tti) gy\u00f3gyszeres ter\u00e1pia hasznoss\u00e1g\u00e1r\u00f3l, valamint a nyel\u0151cs\u0151r\u00e1k gy\u00f3gy\u00edt\u00e1si lehet\u0151s\u00e9geir\u0151l, amely Jap\u00e1nban komoly v\u00e1ltoz\u00e1son ment kereszt\u00fcl az elm\u00falt k\u00e9t \u00e9vtizedben. Besz\u00e9lt a r\u00e1k korai felismer\u00e9s\u00e9nek jelent\u0151s\u00e9g\u00e9r\u0151l, \u00e9s besz\u00e1molt arr\u00f3l, hogy Jap\u00e1nban orsz\u00e1gos sz\u0171r\u0151program m\u0171k\u00f6dik az em\u00e9szt\u0151rendszeri daganatok kisz\u0171r\u00e9se \u00e9rdek\u00e9ben. A sz\u0171r\u0151programnak k\u00f6sz\u00f6nhet\u0151en a gyomor \u00e9s nyel\u0151cs\u0151 daganatos megbeteged\u00e9seinek jelent\u0151s r\u00e9sze m\u00e1r a betegs\u00e9g korai szakasz\u00e1ban felismerhet\u0151.<\/p>\n<blockquote>\n<p>Az endoszk\u00f3pos reszekci\u00f3s technik\u00e1k seg\u00edts\u00e9g\u00e9vel korai malignus (rosszindulat\u00fa) elv\u00e1ltoz\u00e1sokat tudunk a seb\u00e9szi reszekci\u00f3val szemben \u00a0&#8211; minim\u00e1lis invazivit\u00e1ssal, a szerv megk\u00edm\u00e9l\u00e9s\u00e9vel &#8211; elt\u00e1vol\u00edtani a gasztrointesztin\u00e1lis traktus ter\u00fclet\u00e9r\u0151l<\/p>\n<\/blockquote>\n<p>\u2013 mutatott r\u00e1.<\/p>\n<p><a href=\"https:\/\/semmelweis.hu\/hirek\/files\/2022\/07\/yoichi2.jpg\"><img loading=\"lazy\" decoding=\"async\" class=\"alignright wp-image-117425 size-medium\" src=\"https:\/\/semmelweis.hu\/hirek\/files\/2022\/07\/yoichi2-400x300.jpg\" alt=\"\" width=\"400\" height=\"300\" srcset=\"https:\/\/semmelweis.hu\/hirek\/files\/2022\/07\/yoichi2-400x300.jpg 400w, https:\/\/semmelweis.hu\/hirek\/files\/2022\/07\/yoichi2.jpg 750w\" sizes=\"auto, (max-width: 400px) 100vw, 400px\" \/><\/a>B\u00edzom abban, hogy ez a program \u00e9s a korai diagn\u00f3zis hozz\u00e1j\u00e1rul a fels\u0151 t\u00e1pcsatornai daganatok sikeres kezel\u00e9s\u00e9hez. \u00d6r\u00f6m\u00f6mre szolg\u00e1l, hogy a t\u00e9m\u00e1r\u00f3l a magyar koll\u00e9g\u00e1kkal is hosszas besz\u00e9lget\u00e9seket tudtunk folytatni \u2013 emelte ki dr. Yoichi Kumagai.<\/p>\n<p>\u201eEz egy csod\u00e1latos 3 h\u00f3nap volt sz\u00e1momra. Feles\u00e9gemmel v\u00e9gig j\u00e1rtuk Magyarorsz\u00e1g term\u00e9szeti sz\u00e9ps\u00e9geit, kultur\u00e1lis helyeit, mindent megn\u00e9zt\u00fcnk, amit csak tudtunk. J\u00e1rtunk a Balatonn\u00e1l, voltunk koncerteken, az Oper\u00e1ban, \u00e9s tal\u00e1lkozhattunk Lengyelorsz\u00e1gban tanul\u00f3 l\u00e1nyunkkal is. Az itteni koll\u00e9g\u00e1kkal elt\u00f6lt\u00f6tt k\u00f6z\u00f6s vacsor\u00e1k, egy\u00fcttl\u00e9tek szint\u00e9n felejthetetlen \u00e9lm\u00e9nyt jelentettek sz\u00e1momra. \u00dagy gondolom, hogy ez a gyakorlat, valamint a Saitama Medical University \u00e9s a Semmelweis Egyetem k\u00f6z\u00f6tti csereprogram mindannyiunk sz\u00e1m\u00e1ra nagyon hasznos volt. A k\u00f6z\u00f6s munka elkezd\u0151d\u00f6tt, \u00e9s ezt mindenk\u00e9ppen folytatni szeretn\u00e9nk. J\u00f6v\u0151re mi l\u00e1tjuk vend\u00e9g\u00fcl Jap\u00e1nban a klinika munkat\u00e1rs\u00e1t, dr. Vass Tam\u00e1st, ami nagy megtiszteltet\u00e9s sz\u00e1momra\u201d \u2013 fogalmazott.<\/p>\n<p><a href=\"https:\/\/semmelweis.hu\/hirek\/files\/2022\/07\/yoichi3.jpg\"><img loading=\"lazy\" decoding=\"async\" class=\"alignleft size-medium wp-image-117426\" src=\"https:\/\/semmelweis.hu\/hirek\/files\/2022\/07\/yoichi3-300x400.jpg\" alt=\"\" width=\"300\" height=\"400\" srcset=\"https:\/\/semmelweis.hu\/hirek\/files\/2022\/07\/yoichi3-300x400.jpg 300w, https:\/\/semmelweis.hu\/hirek\/files\/2022\/07\/yoichi3-601x800.jpg 601w, https:\/\/semmelweis.hu\/hirek\/files\/2022\/07\/yoichi3-768x1023.jpg 768w, https:\/\/semmelweis.hu\/hirek\/files\/2022\/07\/yoichi3-1154x1536.jpg 1154w, https:\/\/semmelweis.hu\/hirek\/files\/2022\/07\/yoichi3-753x1003.jpg 753w, https:\/\/semmelweis.hu\/hirek\/files\/2022\/07\/yoichi3.jpg 1538w\" sizes=\"auto, (max-width: 300px) 100vw, 300px\" \/><\/a>Dr. Yoichi Kumagai k\u00fcl\u00f6n k\u00f6sz\u00f6netet mondott dr. Szij\u00e1rt\u00f3 Attil\u00e1nak, a Seb\u00e9szeti, Transzplant\u00e1ci\u00f3s \u00e9s Gasztroenterol\u00f3giai Klinika igazgat\u00f3j\u00e1nak, dr. Vass Tam\u00e1s egyetemi tan\u00e1rseg\u00e9dnek Szlov\u00e1k Juditnak, a Nemzetk\u00f6zi Kapcsolatok Igazgat\u00f3s\u00e1ga nemzetk\u00f6zi szak\u00e9rt\u0151j\u00e9nek, \u00a0tov\u00e1bb\u00e1 a Semmelweis Egyetem valamennyi munkat\u00e1rs\u00e1nak, akik t\u00e1mogatt\u00e1k a program sor\u00e1n a COVID-j\u00e1rv\u00e1ny \u00e9s az ukrajnai konfliktus ideje alatt is.<\/p>\n<p>A Semmelweis Egyetemen egyebek mellett a Nemzetk\u00f6zi Kapcsolatok Igazgat\u00f3s\u00e1ga \u00e1ltal fel\u00fcgyelt \u00e9s koordin\u00e1lt k\u00e9toldal\u00fa csereegyezm\u00e9nyek teszik lehet\u0151v\u00e9, hogy a legtehets\u00e9gesebb di\u00e1kok \u00e9s oktat\u00f3k p\u00e1ly\u00e1zat \u00fatj\u00e1n k\u00fclf\u00f6ldi t\u00e1rsegyetemeken folytassanak gyakorlatot vagy kieg\u00e9sz\u00edt\u0151 tanulm\u00e1nyokat, illetve k\u00fclf\u00f6ldi hallgat\u00f3k \u00e9s oktat\u00f3k sz\u00e1m\u00e1ra is lehet\u0151s\u00e9g ny\u00edlik, hogy szakmai gyakorlatukat a Semmelweis Egyetem valamely int\u00e9zet\u00e9ben, klinik\u00e1j\u00e1n t\u00f6lts\u00e9k el.<\/p>\n<p>Nemzetk\u00f6zi Kapcsolatok Igazgat\u00f3s\u00e1ga<br \/>\nFot\u00f3: dr. Yoichi Kumagai<\/p>\n","protected":false},"excerpt":{"rendered":"<p>Dr. Yoichi Kumagai, a Saitama Medical University Gasztrointesztin\u00e1lis \u00e9s \u00c1ltal\u00e1nos Seb\u00e9szeti Oszt\u00e1ly\u00e1nak docense.<\/p>\n","protected":false},"author":101751,"featured_media":117437,"comment_status":"closed","ping_status":"closed","sticky":false,"template":"","format":"standard","meta":{"_acf_changed":false,"footnotes":""},"categories":[157,168],"tags":[2836],"class_list":["post-117423","post","type-post","status-publish","format-standard","has-post-thumbnail","hentry","category-semmelweis-vilag","category-kiemelt","tag-nemzetkozi-kapcsolatok"],"acf":[],"_links":{"self":[{"href":"https:\/\/semmelweis.hu\/hirek\/wp-json\/wp\/v2\/posts\/117423","targetHints":{"allow":["GET"]}}],"collection":[{"href":"https:\/\/semmelweis.hu\/hirek\/wp-json\/wp\/v2\/posts"}],"about":[{"href":"https:\/\/semmelweis.hu\/hirek\/wp-json\/wp\/v2\/types\/post"}],"author":[{"embeddable":true,"href":"https:\/\/semmelweis.hu\/hirek\/wp-json\/wp\/v2\/users\/101751"}],"replies":[{"embeddable":true,"href":"https:\/\/semmelweis.hu\/hirek\/wp-json\/wp\/v2\/comments?post=117423"}],"version-history":[{"count":6,"href":"https:\/\/semmelweis.hu\/hirek\/wp-json\/wp\/v2\/posts\/117423\/revisions"}],"predecessor-version":[{"id":117545,"href":"https:\/\/semmelweis.hu\/hirek\/wp-json\/wp\/v2\/posts\/117423\/revisions\/117545"}],"wp:featuredmedia":[{"embeddable":true,"href":"https:\/\/semmelweis.hu\/hirek\/wp-json\/wp\/v2\/media\/117437"}],"wp:attachment":[{"href":"https:\/\/semmelweis.hu\/hirek\/wp-json\/wp\/v2\/media?parent=117423"}],"wp:term":[{"taxonomy":"category","embeddable":true,"href":"https:\/\/semmelweis.hu\/hirek\/wp-json\/wp\/v2\/categories?post=117423"},{"taxonomy":"post_tag","embeddable":true,"href":"https:\/\/semmelweis.hu\/hirek\/wp-json\/wp\/v2\/tags?post=117423"}],"curies":[{"name":"wp","href":"https:\/\/api.w.org\/{rel}","templated":true}]}}