{"id":116534,"date":"2022-06-30T22:32:54","date_gmt":"2022-06-30T20:32:54","guid":{"rendered":"https:\/\/semmelweis.hu\/hirek\/?p=116534"},"modified":"2022-07-04T10:00:14","modified_gmt":"2022-07-04T08:00:14","slug":"kituntetesek-kinevezesek-2022-semmelweis-nap","status":"publish","type":"post","link":"https:\/\/semmelweis.hu\/hirek\/2022\/06\/30\/kituntetesek-kinevezesek-2022-semmelweis-nap\/","title":{"rendered":"Kit\u00fcntet\u00e9sek, kinevez\u00e9sek &#8211; 2022 Semmelweis-nap"},"content":{"rendered":"<h4><strong>Egyetemi docensi kinevez\u00e9sben r\u00e9szes\u00fclt:<\/strong><\/h4>\n<ul style=\"list-style-type: disc\">\n<li><strong>Dr. B\u00e1nky Bal\u00e1zs<\/strong><br \/>\nSeb\u00e9szeti, Transzplant\u00e1ci\u00f3s \u00e9s Gasztroenterol\u00f3giai Klinika<strong><br \/>\n<\/strong><\/li>\n<li><strong>Dr. Fogarasi Andr\u00e1s<\/strong><br \/>\nKondukt\u00edv Pedag\u00f3giai Int\u00e9zet<\/li>\n<li><strong>Dr. Hizoh Istv\u00e1n<\/strong><br \/>\nV\u00e1rosmajori Sz\u00edv- \u00e9s \u00c9rgy\u00f3gy\u00e1szati Klinika, Kardiol\u00f3giai Tansz\u00e9k<\/li>\n<li><strong>Dr. Nagy Anik\u00f3 Ilona<\/strong><br \/>\nV\u00e1rosmajori Sz\u00edv- \u00e9s \u00c9rgy\u00f3gy\u00e1szati Klinika, Kardiol\u00f3giai Tansz\u00e9k<\/li>\n<li><strong>Dr. Simonn\u00e9 Dr. Nagy Krisztina<\/strong><br \/>\nBiofizikai \u00e9s Sug\u00e1rbiol\u00f3giai Int\u00e9zet<\/li>\n<li><strong>Dr. Sirokm\u00e1ny G\u00e1bor<\/strong><br \/>\n\u00c9lettani Int\u00e9zet<\/li>\n<\/ul>\n<h4><strong>Kutat\u00f3professzori kinevez\u00e9sben r\u00e9szes\u00fclt:<\/strong><\/h4>\n<ul>\n<li><strong>Hunyadyn\u00e9 Dr. Sebesty\u00e9n <\/strong><strong>Anna<br \/>\n<\/strong>Patol\u00f3giai \u00e9s K\u00eds\u00e9rleti R\u00e1kkutat\u00f3 Int\u00e9zet<\/li>\n<\/ul>\n<h4><strong>Int\u00e9zm\u00e9nyegys\u00e9g-vezet\u0151i kinevez\u00e9sben r\u00e9szes\u00fcl:<\/strong><\/h4>\n<ul>\n<li><strong>Gruber <\/strong><strong>M\u00f3nika<br \/>\n<\/strong>Pet\u0151 Andr\u00e1s Gyakorl\u00f3 \u00c1ltal\u00e1nos Iskol\u00e1ja, Szakiskol\u00e1ja, Egys\u00e9ges Kondukt\u00edv <br \/>\nPedag\u00f3giai M\u00f3dszertani Int\u00e9zm\u00e9nye \u00e9s Koll\u00e9giuma (EKPMIK), Pedag\u00f3giai Szakszolg\u00e1lat<\/li>\n<li><strong>Perge <\/strong><strong>Krisztina<br \/>\n<\/strong>Pet\u0151 Andr\u00e1s Gyakorl\u00f3 \u00c1ltal\u00e1nos Iskol\u00e1ja, Szakiskol\u00e1ja, Egys\u00e9ges Kondukt\u00edv Pedag\u00f3giai <br \/>\nM\u00f3dszertani Int\u00e9zm\u00e9nye \u00e9s Koll\u00e9gium, Utaz\u00f3 Konduktori Szolg\u00e1lat<\/li>\n<li><strong>Siposn\u00e9 Birk\u00e1s <\/strong><strong>Melinda \u00c9va<br \/>\n<\/strong>Pet\u0151 Andr\u00e1s Gyakorl\u00f3 \u00c1ltal\u00e1nos Iskol\u00e1ja, Szakiskol\u00e1ja, Egys\u00e9ges Kondukt\u00edv <br \/>\nPedag\u00f3giai M\u00f3dszertani Int\u00e9zm\u00e9nye \u00e9s Koll\u00e9giuma, Kondukt\u00edv Gyakorl\u00f3 Szakiskola<\/li>\n<\/ul>\n<h4><strong>Tudom\u00e1nyos F\u0151munkat\u00e1rs kinevez\u00e9sben r\u00e9szes\u00fcl:<\/strong><\/h4>\n<ul>\n<li><strong>Dr. Gyerty\u00e1n Istv\u00e1n<br \/>\n<\/strong>Farmakol\u00f3giai \u00e9s Farmakoter\u00e1pi\u00e1s Int\u00e9zet<\/li>\n<li><strong>Dr. Kis <\/strong><strong>Judit<br \/>\n<\/strong>I. Sz. Gyermekgy\u00f3gy\u00e1szati Klinika<\/li>\n<li><strong>Nzha <\/strong><strong>Hamdani PhD<br \/>\n<\/strong>Farmakol\u00f3giai \u00e9s Farmakoter\u00e1pi\u00e1s Int\u00e9zet<\/li>\n<\/ul>\n<h4><strong>A 2021\/2022-es tan\u00e9vben habilit\u00e1ci\u00f3s k\u00e9pes\u00edt\u00e9st szereztek:<\/strong><\/h4>\n<ul>\n<li><strong>Dr.<\/strong> <strong>Ambrus <\/strong><strong>Attila<br \/>\n<\/strong>Biok\u00e9miai \u00e9s Molekul\u00e1ris Biol\u00f3giai Int\u00e9zet, Biok\u00e9miai Tansz\u00e9k<\/li>\n<li><strong>Dr. Balla <\/strong><strong>Andr\u00e1s<br \/>\n<\/strong>\u00c9lettani Int\u00e9zet<\/li>\n<li><strong>Dr. Dezs\u0151 <\/strong><strong>Katalin<br \/>\n<\/strong>Patol\u00f3giai \u00e9s K\u00eds\u00e9rleti R\u00e1kkutat\u00f3 Int\u00e9zet<\/li>\n<li><strong>Dr. Fancsovits P\u00e9ter<br \/>\n<\/strong>Sz\u00fcl\u00e9szeti \u00e9s N\u0151gy\u00f3gy\u00e1szati Klinika<\/li>\n<li><strong>Dr. Fekete <\/strong><strong>Tam\u00e1s F\u00fcl\u00f6p<br \/>\n<\/strong>Schulthess Klinika, Gerincseb\u00e9szeti Oszt\u00e1ly (Z\u00fcrich, Sv\u00e1jc)<\/li>\n<li><strong>Dr. F\u00f6ldes <\/strong><strong>G\u00e1bor<br \/>\n<\/strong>V\u00e1rosmajori Sz\u00edv- \u00e9s \u00c9rgy\u00f3gy\u00e1szati Klinika<strong><br \/>\n<\/strong><\/li>\n<li><strong>Dr. Hank\u00f3 <\/strong><strong>Bal\u00e1zs<br \/>\n<\/strong>Egyetemi Gy\u00f3gyszert\u00e1r Gy\u00f3gyszer\u00fcgyi Szervez\u00e9si Int\u00e9zet<strong><br \/>\n<\/strong><\/li>\n<li><strong>Dr.<\/strong> <strong>K\u00e1ldi <\/strong><strong>Krisztina<br \/>\n<\/strong>\u00c9lettani Int\u00e9zet<strong><br \/>\n<\/strong><\/li>\n<li><strong>Dr.<\/strong> <strong>Kov\u00e1cs <\/strong><strong>Ill\u00e9s<br \/>\n<\/strong>Szem\u00e9szeti Klinika<\/li>\n<li><strong>Dr.<\/strong> <strong>Koz\u00e1k <\/strong><strong>Lajos Rudolf<br \/>\n<\/strong>Orvosi K\u00e9palkot\u00f3 Klinika<strong><br \/>\n<\/strong><\/li>\n<li><strong>Dr.<\/strong> <strong>K\u00f6k\u00e9ny <\/strong><strong>G\u00e1bor\u00a0<br \/>\n<\/strong>Transzl\u00e1ci\u00f3s Medicina Int\u00e9zet<strong><br \/>\n<\/strong><\/li>\n<li><strong>Dr. <\/strong><strong>Lotz <\/strong><strong>G\u00e1bor Istv\u00e1n<br \/>\n<\/strong>Patol\u00f3giai, Igazs\u00e1g\u00fcgyi \u00e9s Biztos\u00edt\u00e1si Orvostani Int\u00e9zet<\/li>\n<li><strong>Dr. <\/strong><strong>Nagy <\/strong><strong>Kriszti\u00e1n<br \/>\n<\/strong>I. Sz. Gyermekgy\u00f3gy\u00e1szati Klinika<strong><br \/>\n<\/strong><\/li>\n<li><strong>Dr. <\/strong><strong>Reismann <\/strong><strong>P\u00e9ter<br \/>\n<\/strong>Belgy\u00f3gy\u00e1szati \u00e9s Onkol\u00f3giai Klinika<\/li>\n<li><strong>Dr. <\/strong><strong>S\u0151ti <\/strong><strong>Csaba J\u00e1nos<br \/>\n<\/strong>Biok\u00e9miai \u00e9s Molekul\u00e1ris Biol\u00f3giai Int\u00e9zet, Molekul\u00e1ris Biol\u00f3giai Tansz\u00e9k<strong><br \/>\n<\/strong><\/li>\n<li><strong>Dr. <\/strong><strong>Szirmai <\/strong><strong>\u00c1gnes<br \/>\n<\/strong>F\u00fcl-Orr-G\u00e9g\u00e9szeti \u00e9s Fej-Nyakseb\u00e9szeti Klinika<\/li>\n<li><strong>Dr. <\/strong><strong>V\u00e1g\u00f3 <\/strong><strong>Hajnalka<br \/>\n<\/strong>V\u00e1rosmajori Sz\u00edv- \u00e9s \u00c9rgy\u00f3gy\u00e1szati Klinika<\/li>\n<li><strong>Dr. <\/strong><strong>Varga <\/strong><strong>Zolt\u00e1n<br \/>\n<\/strong>Farmakol\u00f3giai \u00e9s Farmakoter\u00e1pi\u00e1s Int\u00e9zet<\/li>\n<li><strong>Dr. <\/strong><strong>Vastagh <\/strong><strong>Ildik\u00f3<br \/>\n<\/strong>Neurol\u00f3giai Klinika<\/li>\n<li><strong>Dr. <\/strong><strong>Ors\u00f3 <\/strong><strong>Evelin Katalin<br \/>\n<\/strong>Universit\u00e4t Regensburg<\/li>\n<li><strong>Dr. <\/strong><strong>Silke <\/strong><strong>Tribius<br \/>\n<\/strong>Universit\u00e4t Hamburg<\/li>\n<\/ul>\n<h4><strong>2021. \u00e9vi Rektori dics\u00e9retben r\u00e9szes\u00fclt:<\/strong><\/h4>\n<ul>\n<li><strong>Kiss <\/strong><strong>\u00c1gnes<br \/>\n<\/strong>Seb\u00e9szeti, Transzplant\u00e1ci\u00f3s \u00e9s Gasztroenterol\u00f3giai Klinika<strong><br \/>\n<\/strong><\/li>\n<li><strong>Dr. Kriv\u00e1csy <\/strong><strong>P\u00e9ter Zolt\u00e1n<br \/>\n<\/strong>I. Sz. Gyermekgy\u00f3gy\u00e1szati Klinika<\/li>\n<li><strong>Dr. P\u00f3s <\/strong><strong>Zolt\u00e1n<br \/>\n<\/strong>Genetikai, Sejt- \u00e9s Immunbiol\u00f3giai Int\u00e9zet<strong><br \/>\n<\/strong><\/li>\n<li><strong>Seb\u00f3n\u00e9 T\u00f3th <\/strong><strong>Jol\u00e1n<br \/>\n<\/strong>Seb\u00e9szeti, Transzplant\u00e1ci\u00f3s \u00e9s Gasztroenterol\u00f3giai Klinika<\/li>\n<li><strong>T\u00f3th <\/strong><strong>Katalin<br \/>\n<\/strong>Pszichi\u00e1triai \u00e9s Pszichoter\u00e1pi\u00e1s Klinika<\/li>\n<\/ul>\n<h4><strong>M\u00e1rcius 15-e alkalm\u00e1b\u00f3l Rektori Dics\u00e9retben r\u00e9szes\u00fclt:<\/strong><\/h4>\n<ul>\n<li><strong>Bart\u00f3k <\/strong><strong>M\u00e1ria<br \/>\n<\/strong>Propedeutikai Tansz\u00e9k<\/li>\n<li><strong>Bereczky <\/strong><strong>Orsolya<br \/>\n<\/strong>Szem\u00e9szeti Klinika<\/li>\n<li><strong>Gergely <\/strong><strong>L\u00e1szl\u00f3<br \/>\n<\/strong>Sz\u00fcl\u00e9szeti \u00e9s N\u0151gy\u00f3gy\u00e1szati Klinika<strong><br \/>\n<\/strong><\/li>\n<li><strong>Dr. <\/strong><strong>Horv\u00e1th <\/strong><strong>Hajnalka<br \/>\n<\/strong>Szem\u00e9szeti Klinika<\/li>\n<li><strong>Dr. <\/strong><strong>Horv\u00e1th <\/strong><strong>M\u00f3nika<br \/>\n<\/strong>Fizioter\u00e1piai Tansz\u00e9k<strong><br \/>\n<\/strong><\/li>\n<li><strong>Horv\u00e1thn\u00e9 Gr\u00e1czer <\/strong><strong>Zsuzsanna<br \/>\n<\/strong>Seb\u00e9szeti Transzplant\u00e1ci\u00f3s \u00e9s Gasztroenterol\u00f3giai Klinika<\/li>\n<li><strong>M\u00e1t\u00e9 <\/strong><strong>Marianna<br \/>\n<\/strong>Seb\u00e9szeti Transzplant\u00e1ci\u00f3s \u00e9s Gasztroenterol\u00f3giai Klinika<\/li>\n<li><strong>Moln\u00e1r <\/strong><strong>S\u00e1ndorn\u00e9<br \/>\n<\/strong>Napk\u00f6ziotthonos \u00d3voda<\/li>\n<li><strong>Pallagin\u00e9 Balla <\/strong><strong>Krisztina<br \/>\n<\/strong>Gyermekfog\u00e1szati \u00e9s Fogszab\u00e1lyoz\u00e1si Klinika<strong><br \/>\n<\/strong><\/li>\n<li><strong>Dr. Papp <\/strong><strong>Petra Ir\u00e9n<br \/>\n<\/strong>Helyre\u00e1ll\u00edt\u00f3 Fog\u00e1szati \u00e9s Endodonciai Klinika<\/li>\n<li><strong>Dr. <\/strong><strong>P\u00e9ter <\/strong><strong>Orsolya M\u00e1rta<br \/>\n<\/strong>Magatart\u00e1studom\u00e1nyi Int\u00e9zet<\/li>\n<li><strong>Dr. <\/strong><strong>Polony <\/strong><strong>G\u00e1bor<br \/>\n<\/strong>F\u00fcl-Orr-G\u00e9g\u00e9szeti \u00e9s Fej-Nyakseb\u00e9szeti Klinika<strong><br \/>\n<\/strong><\/li>\n<li><strong>Dr. <\/strong><strong>Remportn\u00e9 <\/strong><strong>Sz\u0171cs \u00c9va<br \/>\n<\/strong>Belgy\u00f3gy\u00e1szati \u00e9s Hematol\u00f3giai Klinika<\/li>\n<li><strong>T\u00f6reki <\/strong><strong>No\u00e9mi<br \/>\n<\/strong>Genomikai Medicina \u00e9s Ritka Betegs\u00e9gek Int\u00e9zete<\/li>\n<li><strong>Tok\u00e1r <\/strong><strong>Anik\u00f3 Sarolta<br \/>\n<\/strong>Or\u00e1lis Diagnosztikai Tansz\u00e9k<\/li>\n<\/ul>\n<h4><strong>A Semmelweis Napon Rektori Dics\u00e9retben r\u00e9szes\u00fclt:<\/strong><\/h4>\n<ul>\n<li><strong>Frigyesn\u00e9 H\u0151be Nikoletta<br \/>\n<\/strong>V\u00e1rosmajori Sz\u00edv- \u00e9s \u00c9rgy\u00f3gy\u00e1szati Klinika<strong><br \/>\n<\/strong><\/li>\n<li><strong>Hal\u00e1szi T\u00fcnde<br \/>\n<\/strong>Pulmonol\u00f3giai Klinika<strong><br \/>\n<\/strong><\/li>\n<li><strong>Dr. H\u00e1rsing <\/strong><strong>Judit<br \/>\n<\/strong>B\u0151r-, Nemik\u00f3rtani \u00e9s B\u0151ronkol\u00f3giai Klinika<\/li>\n<li><strong>Hegyi <\/strong><strong>Hanna<br \/>\n<\/strong>A n\u0151i kos\u00e1rlabda csapat edz\u0151je<strong><br \/>\n<\/strong><\/li>\n<li><strong>Holesn\u00e9 Juh\u00e1sz <\/strong><strong>Csilla<br \/>\n<\/strong>V\u00e1rosmajori Sz\u00edv- \u00e9s \u00c9rgy\u00f3gy\u00e1szati Klinika<\/li>\n<li><strong>Dr. <\/strong><strong>Kalina <\/strong><strong>Ildik\u00f3<br \/>\n<\/strong>Orvosi K\u00e9palkot\u00f3 Klinika<strong><br \/>\n<\/strong><\/li>\n<li><strong>Kiss <\/strong><strong>Csaba<br \/>\n<\/strong>A n\u0151i \u00e9s f\u00e9rfi r\u00f6plabda csapatok edz\u0151je<\/li>\n<li><strong>Mogyor\u00f3si <\/strong><strong>Katalin<br \/>\n<\/strong>V\u00e1rosmajori Sz\u00edv- \u00e9s \u00c9rgy\u00f3gy\u00e1szati Klinika<\/li>\n<li><strong>Dr.<\/strong> <strong>Paulovich <\/strong><strong>Erzs\u00e9bet<br \/>\n<\/strong>Aneszteziol\u00f3giai \u00e9s Intenz\u00edv Ter\u00e1pi\u00e1s Klinika<\/li>\n<li><strong>Surny\u00e1k\u00a0 <\/strong><strong>G\u00e1born\u00e9<br \/>\n<\/strong>II. Sz. Gyermekgy\u00f3gy\u00e1szati Klinika<strong><br \/>\n<\/strong><\/li>\n<li><strong>T\u00f6r\u00f6k <\/strong><strong>P\u00e9tern\u00e9<br \/>\n<\/strong>Belgy\u00f3gy\u00e1szati \u00e9s Hematol\u00f3giai Klinika<strong><br \/>\n<\/strong><\/li>\n<li><strong>Tuza <\/strong><strong>S\u00e1ndorn\u00e9<br \/>\n<\/strong>Ortop\u00e9diai Klinika<strong><br \/>\n<\/strong><\/li>\n<li><strong>Dr. <\/strong><strong>Varga <\/strong><strong>Zsolt<br \/>\n<\/strong>Orvosi K\u00e9palkot\u00f3 Klinika<strong><br \/>\n<\/strong><\/li>\n<li><strong>V\u00e1rnagy <\/strong><strong>Anna<br \/>\n<\/strong>Ortop\u00e9diai Klinika<strong><br \/>\n<\/strong><\/li>\n<li><strong>Vit\u00e9z <\/strong><strong>Andrea<br \/>\n<\/strong>Seb\u00e9szeti Transzplant\u00e1ci\u00f3s \u00e9s Gasztroenterol\u00f3giai Klinika <strong><br \/>\n<\/strong><\/li>\n<li><strong>Dr. Wiener <\/strong><strong>Zolt\u00e1n<br \/>\n<\/strong>Genetikai, Sejt- \u00e9s Immunbiol\u00f3giai Int\u00e9zet<\/li>\n<li><strong>Weisz <\/strong><strong>Mikl\u00f3s<br \/>\n<\/strong>Testnevel\u00e9si \u00e9s Sportk\u00f6zpont, a f\u00e9rfi kos\u00e1rlabda csapat edz\u0151je<strong style=\"font-size: 1rem\">\u00a0<\/strong><\/li>\n<\/ul>\n<h4><strong>M\u00e1rcius 15-e alkalm\u00e1b\u00f3l Kiv\u00e1l\u00f3 Dolgoz\u00f3 kit\u00fcntet\u00e9sben r\u00e9szes\u00fclt\u00a0\u2013\u00a0 \u00c1tad\u00f3 dr. Merkely B\u00e9la rektor<\/strong><\/h4>\n<ul>\n<li><strong>Dr. Szab\u00f3 Arnold<\/strong><br \/>\nAnat\u00f3miai, Sz\u00f6vet- \u00e9s Fejl\u0151d\u00e9stani Int\u00e9zet<\/li>\n<li><strong>Hegyesi Nikolett<br \/>\n<\/strong>Patol\u00f3giai, Igazs\u00e1g\u00fcgyi \u00e9s Biztos\u00edt\u00e1si Orvostani Int\u00e9zet<strong><br \/>\n<\/strong><\/li>\n<li><strong>Kraft Ildik\u00f3\u00a0<\/strong><br \/>\nFarmakol\u00f3giai \u00e9s Farmakoter\u00e1pi\u00e1s Int\u00e9zet<\/li>\n<li><strong>Dr. Moln\u00e1r Eszter<\/strong><br \/>\nHelyre\u00e1ll\u00edt\u00f3 Fog\u00e1szati \u00e9s Endodonciai Klinika<\/li>\n<li><strong>Niedermayer P\u00e9ter Ferencn\u00e9<br \/>\n<\/strong>Belgy\u00f3gy\u00e1szati \u00e9s Hematol\u00f3giai Klinika<strong><br \/>\n<\/strong><\/li>\n<li><strong>Pusztai Gy\u00f6ngyike<br \/>\n<\/strong>\u00c9lettani Int\u00e9zet<strong><br \/>\n<\/strong><\/li>\n<li><strong>Schmidtn\u00e9 Farkas Gabriella<br \/>\n<\/strong>Gy\u00f3gyszer\u00e9szi K\u00e9miai Int\u00e9zet<strong><br \/>\n<\/strong><\/li>\n<li><strong>Dr. Ruisanchez \u00c9va<br \/>\n<\/strong>Transzl\u00e1ci\u00f3s Medicina Int\u00e9zet<\/li>\n<\/ul>\n<h4><strong>2022. \u00e9vben Kiv\u00e1l\u00f3 Dolgoz\u00f3 kit\u00fcntet\u00e9sben r\u00e9szes\u00fclt \u2013 \u00e1tad\u00f3 dr. Merkely B\u00e9la rektor:<\/strong><\/h4>\n<ul>\n<li><strong>Neubrandtn\u00e9 Dobos<\/strong> <strong>\u00c1gnes<br \/>\n<\/strong>Aneszteziol\u00f3giai \u00e9s Intenz\u00edv Ter\u00e1pi\u00e1s Klinika<strong><br \/>\n<\/strong><\/li>\n<li><strong>Cs\u00edkos \u00c1gnes<br \/>\n<\/strong>Belgy\u00f3gy\u00e1szati \u00e9s Hematol\u00f3giai Klinika<strong><br \/>\n<\/strong><\/li>\n<li><strong>Major Gy\u00f6ngyv\u00e9r<br \/>\n<\/strong>Belgy\u00f3gy\u00e1szati \u00e9s Onkol\u00f3giai Klinika<strong><br \/>\n<\/strong><\/li>\n<li><strong>Piroska Ildik\u00f3<\/strong><br \/>\nBelgy\u00f3gy\u00e1szati \u00e9s Onkol\u00f3giai Klinika<\/li>\n<li><strong>Dr. Tisl\u00e9rAndr\u00e1s<\/strong><br \/>\nBelgy\u00f3gy\u00e1szati \u00e9s Onkol\u00f3giai Klinika<\/li>\n<li><strong>Dr. Horv\u00e1th Eszter M\u00e1ria<br \/>\n<\/strong>\u00c9lettani Int\u00e9zet<strong><br \/>\n<\/strong><\/li>\n<li><strong>Dr. Kivovics P\u00e9ter<br \/>\n<\/strong>Fog\u00e1szati \u00e9s Sz\u00e1jseb\u00e9szeti Oktat\u00f3 Int\u00e9zet<strong><br \/>\n<\/strong><\/li>\n<li><strong>Dr. Kisn\u00e9 Cseh \u00c9va<br \/>\n<\/strong>I. Sz. Gyermekgy\u00f3gy\u00e1szati Klinika<strong><br \/>\n<\/strong><\/li>\n<li><strong>Persina B\u00e9l\u00e1n\u00e9<\/strong><br \/>\nI. Sz. Gyermekgy\u00f3gy\u00e1szati Klinika<\/li>\n<li><strong>Kov\u00e1cs-Cs\u00e1sz\u00e1r Melinda Magdolna<\/strong><br \/>\nII. Sz. Gyermekgy\u00f3gy\u00e1szati Klinika<\/li>\n<li><strong>Dr. T\u00fari Ibolya<\/strong><br \/>\nKondukt\u00edv Pedag\u00f3giai Int\u00e9zet<\/li>\n<li><strong>Dr. Holnapy Gergely\u00a0<br \/>\n<\/strong>Ortop\u00e9diai Klinika<strong><br \/>\n<\/strong><\/li>\n<li><strong>Wentzel Tam\u00e1s<br \/>\n<\/strong>Orvosi K\u00e9palkot\u00f3 Klinika<strong><br \/>\n<\/strong><\/li>\n<li><strong>Vincze Erika<br \/>\n<\/strong>Orvosi K\u00e9palkot\u00f3 Klinika, Transzplant\u00e1ci\u00f3s \u00e9s Seb\u00e9szeti Klinika\u00a0<strong><br \/>\n<\/strong><\/li>\n<li><strong>Dr. Fullajt\u00e1r M\u00e1t\u00e9<br \/>\n<\/strong>Pszichi\u00e1triai \u00e9s Pszichoter\u00e1pi\u00e1s Klinika<strong><br \/>\n<\/strong><\/li>\n<li><strong>Dr. Seregi Krisztina<br \/>\n<\/strong>Pszichi\u00e1triai \u00e9s Pszichoter\u00e1pi\u00e1s Klinika<strong><br \/>\n<\/strong><\/li>\n<li><strong>Kov\u00e1cs Judit<br \/>\n<\/strong>Seb\u00e9szeti Transzplant\u00e1ci\u00f3s \u00e9s Gasztroenterol\u00f3giai Klinika\u00a0<strong><br \/>\n<\/strong><\/li>\n<li><strong>Varga L\u00e1szl\u00f3 S\u00e1ndorn\u00e9<br \/>\n<\/strong>Urol\u00f3giai Klinika<strong><br \/>\n<\/strong><\/li>\n<li><strong>Varg\u00e1n\u00e9 Budai Erika<br \/>\n<\/strong>V\u00e1rosmajori Sz\u00edv- \u00e9s \u00c9rgy\u00f3gy\u00e1szati Klinika<strong><br \/>\n<\/strong><\/li>\n<li><strong>T\u00f3th-Moln\u00e1r Erika<br \/>\n<\/strong>Pszichi\u00e1triai \u00e9s Pszichoter\u00e1pi\u00e1s Klinika<em style=\"font-size: 1rem\">\u00a0<\/em><\/li>\n<\/ul>\n<h4><strong>A Semmelweis Egyetem Kiv\u00e1l\u00f3 Konduktora kit\u00fcntet\u00e9sben r\u00e9szes\u00fclt:<\/strong><\/h4>\n<ul>\n<li><strong>G\u00e1cs Andr\u00e1sn\u00e9<br \/>\n<\/strong>Kondukt\u00edv Gyakorl\u00f3 \u00c1ltal\u00e1nos Iskola \u00e9s Koll\u00e9gium<strong><br \/>\n<\/strong><\/li>\n<li><strong>Isp\u00e1nki \u00c1gnes Zita<br \/>\n<\/strong>Semmelweis Egyetem Pet\u0151 Andr\u00e1s Gyakorl\u00f3 \u00d3vod\u00e1ja<strong><br \/>\n<\/strong><\/li>\n<\/ul>\n<h4><strong>2021. \u00e9vben Kiv\u00e1l\u00f3 szakdolgoz\u00f3 d\u00edjra jel\u00f6ltek:<\/strong><\/h4>\n<ul>\n<li><strong>Asb\u00f3th Mih\u00e1ly Imre<br \/>\n<\/strong>Or\u00e1lis Diagnosztikai Tansz\u00e9k<strong><br \/>\n<\/strong><\/li>\n<li><strong>Erd\u0151dy D\u00f3ra Etelka<br \/>\n<\/strong>Ortop\u00e9diai Klinika<strong><br \/>\n<\/strong><\/li>\n<li><strong>Kisp\u00e1l Zsuzsanna<br \/>\n<\/strong>Sz\u00fcl\u00e9szeti \u00e9s N\u0151gy\u00f3gy\u00e1szati Klinika<strong style=\"font-size: 1rem\">\u00a0<\/strong><\/li>\n<\/ul>\n<h4><strong>Semmelweis Egyetem Kiv\u00e1l\u00f3 Szakdolgoz\u00f3ja kit\u00fcntet\u00e9sben r\u00e9szes\u00fclt:<\/strong><\/h4>\n<ul>\n<li><strong>Kiss Andrea<br \/>\n<\/strong>B\u0151r-, Nemik\u00f3rtani \u00e9s B\u0151ronkol\u00f3giai Klinika<strong><br \/>\n<\/strong><\/li>\n<li><strong>K\u00e1llai Eleon\u00f3ra<br \/>\n<\/strong>Szem\u00e9szeti Klinika<strong><br \/>\n<\/strong><\/li>\n<li><strong>Jeney Hajnalka<br \/>\n<\/strong>F\u00fcl-Orr-G\u00e9g\u00e9szeti \u00e9s Fej-Nyakseb\u00e9szeti Klinika<strong><br \/>\n<\/strong><\/li>\n<li><strong>Pusk\u00e1s K\u00e1roly J\u00f3zsefn\u00e9<br \/>\n<\/strong>II. sz. Gyermekgy\u00f3gy\u00e1szati Klinika<strong><br \/>\n<\/strong><\/li>\n<li><strong>Kov\u00e1cs Enik\u0151<\/strong><br \/>\nII. sz. Gyermekgy\u00f3gy\u00e1szati Klinika<\/li>\n<li><strong>Kiss M\u00e1rta<br \/>\n<\/strong>Fogp\u00f3tl\u00e1stani Klinika<strong><br \/>\n<\/strong><\/li>\n<li><strong>Tam\u00e1s Csilla<br \/>\n<\/strong>V\u00e1rosmajori Sz\u00edv- \u00e9s \u00c9rgy\u00f3gy\u00e1szati Klinika<strong><br \/>\n<\/strong><\/li>\n<li><strong>Libis Katalin<br \/>\n<\/strong>Belgy\u00f3gy\u00e1szati \u00e9s Onkol\u00f3giai Klinika<strong><br \/>\n<\/strong><\/li>\n<li><strong>M\u00e9sz\u00e1ros Tibor<br \/>\n<\/strong>Ortop\u00e9diai Klinika<strong><br \/>\n<\/strong><\/li>\n<li><strong>Sz\u00f3ka Zolt\u00e1nn\u00e9<br \/>\n<\/strong>I.sz. Gyermekgy\u00f3gy\u00e1szati Klinika<strong><br \/>\n<\/strong><\/li>\n<li><strong>Zelen\u00e1k L\u00e1szl\u00f3<br \/>\n<\/strong>Seb\u00e9szeti, Transzplant\u00e1ci\u00f3s \u00e9s Gasztroenterol\u00f3giai Klinika<strong><br \/>\n<\/strong><\/li>\n<li><strong>So\u00f3s Gy\u00f6rgyi<br \/>\n<\/strong>Arc- \u00c1llcsont- Sz\u00e1jseb\u00e9szeti \u00e9s Fog\u00e1szati Klinika<strong><br \/>\n<\/strong><\/li>\n<li><strong>S\u00e1gi Ildik\u00f3<br \/>\n<\/strong>Belgy\u00f3gy\u00e1szati \u00e9s Hematol\u00f3giai Klinika<strong><br \/>\n<\/strong><\/li>\n<li><strong>Buday No\u00e9mi<br \/>\n<\/strong>Urol\u00f3giai Klinika<strong><br \/>\n<\/strong><\/li>\n<li><strong>Czanik M\u00f3nika<br \/>\n<\/strong>Geri\u00e1triai Klinika \u00e9s \u00c1pol\u00e1studom\u00e1nyi K\u00f6zpont<strong><br \/>\n<\/strong><\/li>\n<li><strong>Veszteg Erzs\u00e9bet<br \/>\n<\/strong>Geri\u00e1triai Klinika \u00e9s \u00c1pol\u00e1studom\u00e1nyi K\u00f6zpont<strong><br \/>\n<\/strong><\/li>\n<li><strong>Nagy Judit<br \/>\n<\/strong>Pszichi\u00e1triai \u00e9s Pszichoter\u00e1pi\u00e1s Klinika<strong><br \/>\n<\/strong><\/li>\n<li><strong>Fentorn\u00e9 Reiszki Erika<br \/>\n<\/strong>Neurol\u00f3giai Klinika<strong><br \/>\n<\/strong><\/li>\n<li><strong>Dar\u00e1nyin\u00e9 M\u00e1rkus Judit<br \/>\n<\/strong>Neurol\u00f3giai Klinika<strong><br \/>\n<\/strong><\/li>\n<li><strong>Magyar Zsolt B\u00e9la<br \/>\n<\/strong>Pulmonol\u00f3giai Klinika<\/li>\n<\/ul>\n<h4><strong>M\u00e1rcius 15-e alkalm\u00e1b\u00f3l Kancell\u00e1ri Dics\u00e9retben r\u00e9szes\u00fclt:<\/strong><\/h4>\n<ul>\n<li><strong>Hemmert Tam\u00e1s<br \/>\n<\/strong>L\u00e9tes\u00edtm\u00e9nyfejleszt\u00e9si \u00e9s -\u00fczemeltet\u00e9si Igazgat\u00f3s\u00e1g<strong><br \/>\n<\/strong><\/li>\n<\/ul>\n<h4><strong>Semmelweis-nap alkalm\u00e1b\u00f3l Kancell\u00e1ri Dics\u00e9retben r\u00e9szes\u00fclt:<\/strong><\/h4>\n<ul>\n<li><strong>Nagy M\u00e1ria<br \/>\n<\/strong>Corvin-negyedi T\u00f6mbigazgat\u00f3s\u00e1g<strong><br \/>\n<\/strong><\/li>\n<li><strong>Pat\u00f3csn\u00e9 Zank\u00f3 Szilvia<br \/>\n<\/strong>V\u00e1rosmajori Klinikai T\u00f6mb \u2013 T\u00f6mbigazgat\u00f3s\u00e1g<strong><br \/>\n<\/strong><\/li>\n<li><strong>Sz\u00e1riosz Andrea<br \/>\n<\/strong>Emberier\u0151forr\u00e1s-gazd\u00e1lkod\u00e1si F\u0151igazgat\u00f3s\u00e1g<strong><br \/>\n<\/strong><\/li>\n<\/ul>\n<h4><strong>M\u00e1rcius 15-e alkalm\u00e1b\u00f3l Kiv\u00e1l\u00f3 Dolgoz\u00f3 kit\u00fcntet\u00e9sben r\u00e9szes\u00fclt \u2013 \u00e1tad\u00f3: dr. Pavlik L\u00edvia kancell\u00e1r:<\/strong><\/h4>\n<ul>\n<li><strong>Szula Istv\u00e1n<br \/>\n<\/strong>Beszerz\u00e9si Igazgat\u00f3s\u00e1g<strong><br \/>\n<\/strong><\/li>\n<li><strong>Kocsis Zsuzsanna Csilla<br \/>\n<\/strong>Beszerz\u00e9si Igazgat\u00f3s\u00e1g<strong><br \/>\n<\/strong><\/li>\n<li><strong>Hubay Henriett<br \/>\n<\/strong>Fogorvostudom\u00e1nyi Kar, Gazdas\u00e1gi Igazgat\u00f3s\u00e1g<strong><br \/>\n<\/strong><\/li>\n<li><strong>W\u00e9ber G\u00e1bor<br \/>\n<\/strong>Emberier\u0151forr\u00e1s-gazd\u00e1lkod\u00e1si F\u0151igazgat\u00f3s\u00e1g<strong><br \/>\n<\/strong><\/li>\n<li><strong>Dr. Szmodis Jen\u0151 L\u00f3r\u00e1ntn\u00e9<br \/>\n<\/strong>M\u0171szaki-Informatikai Gazdas\u00e1gi Hivatal<strong><br \/>\n<\/strong><\/li>\n<li><strong>Pethe Gy\u00f6ngyi L\u00edvia<br \/>\n<\/strong>P\u00e9nz\u00fcgyi Igazgat\u00f3s\u00e1g, Sz\u00e1mviteli Oszt\u00e1ly<\/li>\n<\/ul>\n<h4><strong>A Semmelweis Egyetem Kiv\u00e1l\u00f3 Dolgoz\u00f3ja kit\u00fcntet\u00e9sben r\u00e9szes\u00fclt tov\u00e1bb\u00e1 \u2013 \u00e1tad\u00f3: dr. Pavlik L\u00edvia kancell\u00e1r:<\/strong><\/h4>\n<ul>\n<li><strong>Dr. Th\u00fcrmer Andrea<br \/>\n<\/strong>Emberier\u0151forr\u00e1s-gazd\u00e1lkod\u00e1si F\u0151igazgat\u00f3s\u00e1g<strong><br \/>\n<\/strong><\/li>\n<li><strong>Papp L\u00e1szl\u00f3 Bal\u00e1zsn\u00e9\u00a0<br \/>\n<\/strong>Emberier\u0151forr\u00e1s-gazd\u00e1lkod\u00e1si F\u0151igazgat\u00f3s\u00e1g<strong><br \/>\n<\/strong><\/li>\n<\/ul>\n<h4><strong>D\u00e9k\u00e1ni dics\u00e9ret<\/strong><strong>ben r\u00e9szes\u00fclt az \u00c1ltal\u00e1nos Orvostudom\u00e1nyi Karon:<\/strong><\/h4>\n<ul>\n<li><strong>Bodor-Kis Barbara<br \/>\n<\/strong>\u00c9lettani Int\u00e9zet<strong><br \/>\n<\/strong><\/li>\n<li><strong>\u00c1d\u00e1m Adrienn<br \/>\n<\/strong>Genetikai- Sejt \u00e9s Immunbiol\u00f3giai Int\u00e9zet<\/li>\n<li><strong><strong>Dr. Luczay Andrea<br \/>\n<\/strong><\/strong>I.sz. Gyermekgy\u00f3gy\u00e1szati Klinika<\/li>\n<li><strong style=\"font-size: 1rem\">\u00d3nodi Al\u00edz Katalin<br \/>\n<\/strong>Ortop\u00e9diai Klinika<strong><br \/>\n<\/strong><\/li>\n<li><strong>Vincze Zsoltn\u00e9<br \/>\n<\/strong>Ortop\u00e9diai Klinika<strong><br \/>\n<\/strong><\/li>\n<li><strong>Dr. F\u00f6ldes-L\u00e9n\u00e1rd Zsuzsanna M\u00e1ria<br \/>\n<\/strong>Orvosi K\u00e9palkot\u00f3 Klinika, Transzplant\u00e1ci\u00f3s \u00e9s Seb\u00e9szeti Klinika<strong><br \/>\n<\/strong><\/li>\n<li><strong>Moksony S\u00e1ndorn\u00e9<br \/>\n<\/strong>V\u00e1rosmajori Sz\u00edv- \u00e9s \u00c9rgy\u00f3gy\u00e1szati Klinika<strong><br \/>\n<\/strong><\/li>\n<\/ul>\n<h4><strong>D\u00e9k\u00e1ni Dics\u00e9ret<\/strong><strong>ben r\u00e9szes\u00fclt a Fogorvostudom\u00e1nyi Karon:<\/strong><\/h4>\n<ul>\n<li><strong>Dr. Mikolicz \u00c1kos<br \/>\n<\/strong>Helyre\u00e1ll\u00edt\u00f3 Fog\u00e1szati \u00e9s Endodonciai Klinika<strong><br \/>\n<\/strong><\/li>\n<li><strong>Kissn\u00e9 Moln\u00e1r Krisztina Ildik\u00f3<br \/>\n<\/strong>Helyre\u00e1ll\u00edt\u00f3 Fog\u00e1szati \u00e9s Endodonciai Klinika<\/li>\n<\/ul>\n<h4><strong>D\u00e9k\u00e1ni dics\u00e9retben <\/strong><strong>r\u00e9szes\u00fclt a<\/strong> <strong>Pet\u0151 Andr\u00e1s Karon:<\/strong><\/h4>\n<ul>\n<li><strong>H\u00e9vizin\u00e9 Moln\u00e1r Csilla<br \/>\n<\/strong>Kondukt\u00edv Gyakorl\u00f3 \u00c1ltal\u00e1nos Iskola \u00e9s Koll\u00e9gium<strong><br \/>\n<\/strong><\/li>\n<li><strong>Lipt\u00e1kn\u00e9 Papp Judit\u00a0<br \/>\n<\/strong>Kondukt\u00edv Gyakorl\u00f3 \u00c1ltal\u00e1nos Iskola \u00e9s Koll\u00e9gium<strong><br \/>\n<\/strong><\/li>\n<li><strong>Papp Eleon\u00f3ra Ter\u00e9zia<br \/>\n<\/strong>Kondukt\u00edv Gyakorl\u00f3 \u00c1ltal\u00e1nos Iskola \u00e9s Koll\u00e9gium<strong><br \/>\n<\/strong><\/li>\n<li><strong>Prenker T\u00edmea<br \/>\n<\/strong>Kondukt\u00edv Gyakorl\u00f3 \u00c1ltal\u00e1nos Iskola \u00e9s Koll\u00e9gium<strong><br \/>\n<\/strong><\/li>\n<li><strong>D\u00f6br\u00f6ssyn\u00e9 D\u00e1niel Gabriella<br \/>\n<\/strong>Semmelweis Egyetem Pet\u0151 Andr\u00e1s Gyakorl\u00f3 \u00c1ltal\u00e1nos Iskol\u00e1ja, Egys\u00e9ges Kondukt\u00edv Pedag\u00f3giai M\u00f3dszertani Int\u00e9zm\u00e9nye \u00e9s Koll\u00e9giuma<\/li>\n<\/ul>\n<h4><strong>Forg\u00e1cs Iv\u00e1n-d\u00edjban r\u00e9szes\u00fclt:<\/strong><\/h4>\n<ul>\n<li><strong>Dr. Domj\u00e1n Gyula<br \/>\n<\/strong>Eg\u00e9szs\u00e9gtudom\u00e1nyi Kar<strong><br \/>\n<\/strong><\/li>\n<li><strong>Kem\u00e9nyn\u00e9 Feh\u00e9r Izabella<br \/>\n<\/strong>Eg\u00e9szs\u00e9gtudom\u00e1nyi Kar, Morfol\u00f3giai \u00e9s Fiziol\u00f3giai Tansz\u00e9k<\/li>\n<\/ul>\n<h4><strong>Romics L\u00e1szl\u00f3 d\u00edjban r\u00e9szes\u00fclt:<\/strong><\/h4>\n<ul>\n<li><strong>Dr. Berczeli M\u00e1rton Tibor<\/strong><br \/>\nSE \u00c9rseb\u00e9szeti \u00e9s Endovaszkul\u00e1ris Tansz\u00e9k<\/li>\n<li><strong>Dr. Herold Zolt\u00e1n<\/strong><br \/>\nSE Belgy\u00f3gy\u00e1szati \u00e9s Onkol\u00f3giai Klinika<\/li>\n<li><strong>Dr. Nagy Zs\u00f3fia<\/strong><br \/>\nMagyar Tudom\u00e1nyos Akad\u00e9mia, Kering\u00e9sfarmakol\u00f3giai Kutat\u00f3csoport<\/li>\n<li><strong>Dr. Ill\u00e9s D\u00f3ra<\/strong><br \/>\nSzent-Gy\u00f6rgyi Albert Tudom\u00e1nyos Egyetem Belgy\u00f3gy\u00e1szati Klinika<\/li>\n<li><strong>Dr. Boussoussou Melinda<\/strong><br \/>\nSE V\u00e1rosmajori Sz\u00edv-\u00e9s \u00c9rgy\u00f3gy\u00e1szati Klinika<\/li>\n<\/ul>\n<p><a href=\"https:\/\/semmelweis.hu\/hirek\/2022\/07\/01\/koszoruzasokkal-kituntetesekkel-es-filmbemutatoval-unnepelt-a-semmelweis-egyetem\/\">Tov\u00e1bbi d\u00edjazottak a cikkben.\u00a0<\/a><\/p>\n","protected":false},"excerpt":{"rendered":"<p>Egyetemi docensi kinevez\u00e9sben r\u00e9szes\u00fclt: Dr. B\u00e1nky Bal\u00e1zs Seb\u00e9szeti, Transzplant\u00e1ci\u00f3s \u00e9s Gasztroenterol\u00f3giai Klinika Dr. Fogarasi Andr\u00e1s Kondukt\u00edv Pedag\u00f3giai Int\u00e9zet Dr. Hizoh Istv\u00e1n V\u00e1rosmajori Sz\u00edv- \u00e9s \u00c9rgy\u00f3gy\u00e1szati Klinika, Kardiol\u00f3giai Tansz\u00e9k Dr. Nagy Anik\u00f3 Ilona V\u00e1rosmajori Sz\u00edv- \u00e9s \u00c9rgy\u00f3gy\u00e1szati Klinika, Kardiol\u00f3giai Tansz\u00e9k Dr. Simonn\u00e9 Dr. Nagy Krisztina Biofizikai \u00e9s Sug\u00e1rbiol\u00f3giai Int\u00e9zet Dr. Sirokm\u00e1ny G\u00e1bor \u00c9lettani Int\u00e9zet Kutat\u00f3professzori kinevez\u00e9sben &hellip;<\/p>\n","protected":false},"author":13,"featured_media":0,"comment_status":"closed","ping_status":"closed","sticky":false,"template":"","format":"standard","meta":{"_acf_changed":false,"footnotes":""},"categories":[13],"tags":[],"class_list":["post-116534","post","type-post","status-publish","format-standard","hentry","category-egyeb"],"acf":[],"_links":{"self":[{"href":"https:\/\/semmelweis.hu\/hirek\/wp-json\/wp\/v2\/posts\/116534","targetHints":{"allow":["GET"]}}],"collection":[{"href":"https:\/\/semmelweis.hu\/hirek\/wp-json\/wp\/v2\/posts"}],"about":[{"href":"https:\/\/semmelweis.hu\/hirek\/wp-json\/wp\/v2\/types\/post"}],"author":[{"embeddable":true,"href":"https:\/\/semmelweis.hu\/hirek\/wp-json\/wp\/v2\/users\/13"}],"replies":[{"embeddable":true,"href":"https:\/\/semmelweis.hu\/hirek\/wp-json\/wp\/v2\/comments?post=116534"}],"version-history":[{"count":10,"href":"https:\/\/semmelweis.hu\/hirek\/wp-json\/wp\/v2\/posts\/116534\/revisions"}],"predecessor-version":[{"id":116802,"href":"https:\/\/semmelweis.hu\/hirek\/wp-json\/wp\/v2\/posts\/116534\/revisions\/116802"}],"wp:attachment":[{"href":"https:\/\/semmelweis.hu\/hirek\/wp-json\/wp\/v2\/media?parent=116534"}],"wp:term":[{"taxonomy":"category","embeddable":true,"href":"https:\/\/semmelweis.hu\/hirek\/wp-json\/wp\/v2\/categories?post=116534"},{"taxonomy":"post_tag","embeddable":true,"href":"https:\/\/semmelweis.hu\/hirek\/wp-json\/wp\/v2\/tags?post=116534"}],"curies":[{"name":"wp","href":"https:\/\/api.w.org\/{rel}","templated":true}]}}