{"id":115298,"date":"2022-06-03T08:31:11","date_gmt":"2022-06-03T06:31:11","guid":{"rendered":"https:\/\/semmelweis.hu\/hirek\/?p=115298"},"modified":"2022-07-13T08:50:51","modified_gmt":"2022-07-13T06:50:51","slug":"egyuttmukodesi-megallapodas-a-semmelweis-egyetem-es-a-heidelbergi-egyetem-kozott","status":"publish","type":"post","link":"https:\/\/semmelweis.hu\/hirek\/2022\/06\/03\/egyuttmukodesi-megallapodas-a-semmelweis-egyetem-es-a-heidelbergi-egyetem-kozott\/","title":{"rendered":"Egy\u00fcttm\u0171k\u00f6d\u00e9si meg\u00e1llapod\u00e1s a Semmelweis Egyetem \u00e9s a Heidelbergi Egyetem k\u00f6z\u00f6tt"},"content":{"rendered":"<div class=\"lead\">A 2022 \u00e9s 2026 k\u00f6z\u00f6tti munka- \u00e9s csereprogramr\u00f3l \u00edrtak al\u00e1 meg\u00e1llapod\u00e1st a Semmelweis Egyetem \u00e9s a Heidelbergi Ruprecht-Karl Egyetem vezet\u0151i a k\u00e9t int\u00e9zm\u00e9ny, valamint a freiburgi Albert Ludwig Egyetem k\u00f6z\u00f6s tudom\u00e1nyos szimp\u00f3zium\u00e1n Budapesten. Az egyetemek k\u00f6zel 40 \u00e9ve \u00e1llnak partneri kapcsolatban egym\u00e1ssal, a mostani meg\u00e1llapod\u00e1ssal az egy\u00fcttm\u0171k\u00f6d\u00e9s \u00faj ter\u00fcletei ny\u00edlhatnak meg.<\/div>\n<p><img loading=\"lazy\" decoding=\"async\" class=\"alignright size-medium wp-image-115322\" src=\"https:\/\/semmelweis.hu\/hirek\/files\/2022\/06\/RS150715_C19A2944-scr-273x400.jpg\" alt=\"\" width=\"273\" height=\"400\" srcset=\"https:\/\/semmelweis.hu\/hirek\/files\/2022\/06\/RS150715_C19A2944-scr-273x400.jpg 273w, https:\/\/semmelweis.hu\/hirek\/files\/2022\/06\/RS150715_C19A2944-scr-547x800.jpg 547w, https:\/\/semmelweis.hu\/hirek\/files\/2022\/06\/RS150715_C19A2944-scr.jpg 615w\" sizes=\"auto, (max-width: 273px) 100vw, 273px\" \/><\/p>\n<p>\u201eA munkaterv, amelyet a k\u00f6vetkez\u0151 \u00f6t \u00e9vre sz\u00f3l\u00f3 keretmeg\u00e1llapod\u00e1sra hivatkozva most al\u00e1\u00edrunk a Heidelbergi Egyetemmel, \u00f6sszhangban van azzal a c\u00e9lunkkal, hogy az egy\u00fcttm\u0171k\u00f6d\u00e9s r\u00e9gi form\u00e1it meg\u0151rizve \u00faj ter\u00fcleteket hat\u00e1rozzunk meg, ahol tov\u00e1bb fejl\u0151dhet\u00fcnk. B\u00fcszk\u00e9k lehet\u00fcnk r\u00e1, hogy a kor megv\u00e1ltozott k\u00f6r\u00fclm\u00e9nyeinek \u00e9s trendjeinek megfelel\u0151en siker\u00fclt meghat\u00e1rozni egy\u00fcttm\u0171k\u00f6d\u00e9s\u00fcnk ter\u00fcleteit, olyan javaslatokat megfogalmazni, amelyek er\u0151s alapot k\u00e9pezhetnek az elk\u00f6vetkez\u0151 \u00e9vekre\u201c &#8211; fogalmazott dr. Merkely B\u00e9la.<\/p>\n<blockquote>\n<p>A Semmelweis Egyetem rektorak\u00e9nt szeretn\u00e9m biztos\u00edtani, hogy a folyamatos meg\u00fajul\u00e1s, a tov\u00e1bbfejl\u0151d\u00e9s \u00fatj\u00e1n haladjunk. Ez mag\u00e1ban foglalja a teljes hazai orvosk\u00e9pz\u00e9s meg\u00faj\u00edt\u00e1s\u00e1t \u00e9s korszer\u0171s\u00edt\u00e9s\u00e9t, ami egy\u00fattal el\u0151seg\u00edti k\u00fcldet\u00e9s\u00fcnket, hogy a legkiv\u00e1l\u00f3bb orvosokat \u00e9s eg\u00e9szs\u00e9g\u00fcgyi szakembereket k\u00e9pezhess\u00fck. Akt\u00edv partnerkapcsolataink nagyban hozz\u00e1j\u00e1rulnak k\u00fcldet\u00e9s\u00fcnk teljes\u00edt\u00e9s\u00e9hez \u00e9s strat\u00e9giai c\u00e9ljaink el\u00e9r\u00e9s\u00e9hez<\/p>\n<\/blockquote>\n<p>&#8211; tette hozz\u00e1.<\/p>\n<p>A Semmelweis Egyetemen a n\u00e9met nyelv\u0171 oktat\u00e1s k\u00f6zel 40 \u00e9vvel ezel\u0151tt, 1983-ban kezd\u0151d\u00f6tt, ugyanabban az \u00e9vben, amikor az egyetem k\u00e9t legfontosabb n\u00e9met partner\u00e9vel, a Heidelbergi Egyetemmel \u00e9s a Freiburgi Egyetemmel partners\u00e9gi meg\u00e1llapod\u00e1st \u00edrt al\u00e1.<\/p>\n<p>Dr. Merkely B\u00e9la kiemelte, hogy az egy\u00fcttm\u0171k\u00f6d\u00e9s kezdete \u00f3ta minden \u00e9vben n\u00e9gy \u00f6szt\u00f6nd\u00edjas Semmelweis-hallgat\u00f3 \u00e9rkezik Heidelbergbe egy teljes tan\u00e9vre, valamint k\u00e9t \u00f6szt\u00f6nd\u00edjas Freiburgba. \u201eA Harry Jellinek-\u00f6szt\u00f6nd\u00edjat a Semmelweis Egyetem Tehets\u00e9ggondoz\u00f3 Tan\u00e1csa \u00edt\u00e9li oda \u00f6t\u00f6d\u00e9ves orvostanhallgat\u00f3knak, 2019-t\u0151l pedig PhD-hallgat\u00f3knak is. Az \u00f6szt\u00f6nd\u00edjasok t\u00edz h\u00f3napos k\u00fclf\u00f6ldi tart\u00f3zkod\u00e1suk alatt k\u00f6z\u00f6s kutat\u00e1sokban vesznek r\u00e9szt a partneregyetemeken, \u00e9s ezt az id\u0151t doktori \u00e9rtekez\u00e9s\u00fck vagy disszert\u00e1ci\u00f3juk elk\u00e9sz\u00edt\u00e9s\u00e9re haszn\u00e1lj\u00e1k fel. Ugyanakkor \u00e9l\u00e9nk tudom\u00e1nyos csere folyik a Heidelbergi Orvosi Kar, a Freiburgi Orvosi Kar \u00e9s magyarorsz\u00e1gi k\u00f6z\u00f6tt\u201c &#8211; hangs\u00falyozta.<\/p>\n<p><img loading=\"lazy\" decoding=\"async\" class=\"aligncenter size-full wp-image-115317\" src=\"https:\/\/semmelweis.hu\/hirek\/files\/2022\/06\/RS150737_C19A3067-scr.jpg\" alt=\"\" width=\"1200\" height=\"800\" srcset=\"https:\/\/semmelweis.hu\/hirek\/files\/2022\/06\/RS150737_C19A3067-scr.jpg 1200w, https:\/\/semmelweis.hu\/hirek\/files\/2022\/06\/RS150737_C19A3067-scr-400x267.jpg 400w, https:\/\/semmelweis.hu\/hirek\/files\/2022\/06\/RS150737_C19A3067-scr-900x600.jpg 900w, https:\/\/semmelweis.hu\/hirek\/files\/2022\/06\/RS150737_C19A3067-scr-768x512.jpg 768w, https:\/\/semmelweis.hu\/hirek\/files\/2022\/06\/RS150737_C19A3067-scr-753x502.jpg 753w, https:\/\/semmelweis.hu\/hirek\/files\/2022\/06\/RS150737_C19A3067-scr-203x135.jpg 203w\" sizes=\"auto, (max-width: 1200px) 100vw, 1200px\" \/><\/p>\n<div class=\"fontos_div\">\n<p>A Trilater\u00e1lis Tudom\u00e1nyos Szimp\u00f3ziumot 1988 \u00f3ta k\u00e9t\u00e9vente rendezik meg a Semmelweis Egyetem, a Heidelbergi Egyetem \u00e9s a Freiburgi Egyetem egy\u00fcttm\u0171k\u00f6d\u00e9s\u00e9ben, a h\u00e1rom v\u00e1ros valamelyik\u00e9ben. A rendezv\u00e9nyt eredetileg az egyes munkacsoportok k\u00f6z\u00f6tti tudom\u00e1nyos eszmecsere platformjak\u00e9nt hozt\u00e1k l\u00e9tre, az\u00f3ta pedig fontos f\u00f3rumm\u00e1 fejl\u0151d\u00f6tt, k\u00fcl\u00f6n\u00f6sen ami a h\u00e1rom partneregyetem fiatal kutat\u00f3i \u00e1ltal el\u00e9rt kutat\u00e1si eredm\u00e9nyek bemutat\u00e1s\u00e1t illeti.<\/p>\n<\/div>\n<p>Dr. Merkely B\u00e9la kiemelte: az elm\u00falt csaknem n\u00e9gy \u00e9vtizedben a tudom\u00e1nyos egy\u00fcttm\u0171k\u00f6d\u00e9s legk\u00fcl\u00f6nb\u00f6z\u0151bb form\u00e1it siker\u00fclt megval\u00f3s\u00edtani a k\u00f6vetkez\u0151 ter\u00fcleteken:<\/p>\n<ul style=\"list-style-type: square\">\n<li>projektalap\u00fa csere a k\u00f6z\u00f6s kutat\u00e1si projektekben<\/li>\n<li>szakhoz k\u00f6t\u00f6tt csere bizonyos tudom\u00e1ny\u00e1gak k\u00f6z\u00f6tt<\/li>\n<li>inform\u00e1ci\u00f3csere az int\u00e9zetek \u00e9s klinik\u00e1k k\u00f6z\u00f6tt<\/li>\n<li>doktorandusz hallgat\u00f3i csereprogram a hosszabb t\u00e1v\u00fa tudom\u00e1nyos munka lehet\u0151s\u00e9g\u00e9vel.<\/li>\n<\/ul>\n<p><img loading=\"lazy\" decoding=\"async\" class=\"alignright size-medium wp-image-115319\" src=\"https:\/\/semmelweis.hu\/hirek\/files\/2022\/06\/RS150727_C19A2992-scr-267x400.jpg\" alt=\"\" width=\"267\" height=\"400\" srcset=\"https:\/\/semmelweis.hu\/hirek\/files\/2022\/06\/RS150727_C19A2992-scr-267x400.jpg 267w, https:\/\/semmelweis.hu\/hirek\/files\/2022\/06\/RS150727_C19A2992-scr-533x800.jpg 533w, https:\/\/semmelweis.hu\/hirek\/files\/2022\/06\/RS150727_C19A2992-scr.jpg 600w\" sizes=\"auto, (max-width: 267px) 100vw, 267px\" \/><\/p>\n<p>Dr. Bernhard Eitel, a Heidelbergi Egyetem rektora felid\u00e9zte a k\u00e9t egyetem k\u00f6z\u00f6tti t\u00f6rt\u00e9nelmi gy\u00f6kereket, \u00e9s \u00f6r\u00f6m\u00e9t fejezte ki, hogy a pand\u00e9mia miatti hossz\u00fa k\u00e9nyszersz\u00fcnet ut\u00e1n ism\u00e9t szem\u00e9lyesen tal\u00e1lkozhatnak a magyar \u00e9s a k\u00e9t n\u00e9met egyetem tan\u00e1rai, kutat\u00f3i. K\u00fcl\u00f6n\u00f6sen fontosnak nevezte, hogy a fiatalok m\u00e9g szorosabbra f\u0171zhetik szakmai kapcsolataikat, hangs\u00falyozva, hogy a k\u00e9s\u0151bbi szakmai karrier szempontj\u00e1b\u00f3l kulcsfontoss\u00e1g\u00faak az egyetemi \u00e9vek, a 18 \u00e9s 28 \u00e9ves kor k\u00f6z\u00f6tti esztend\u0151k.<\/p>\n<p>Dr. Bernhard Eitel szerint a k\u00e9tnapos budapesti szimp\u00f3zium annak a jele, hogy a tudom\u00e1nyos \u00e9let \u00f6sszegy\u0171lt neves k\u00e9pvisel\u0151i akad\u00e9miai k\u00f6z\u00f6ss\u00e9get, akad\u00e9miai egys\u00e9get alkotnak, \u00e9s hisznek a j\u00f6v\u0151ben.<\/p>\n<p>Mint mondta, a bor\u00fal\u00e1t\u00e1s mindenkit betemetett az elm\u00falt k\u00e9t \u00e9vben, de most az optimizmusnak van itt az ideje, mert az egyfajta erny\u0151k\u00e9nt form\u00e1lja a j\u00f6v\u0151t 2026-ig Budapesten, Heidelbergben \u00e9s Freiburgban egyar\u00e1nt. Azt k\u00edv\u00e1nta, hogy legyen m\u00e9g szorosabb k\u00f6tel\u00e9k a h\u00e1rom v\u00e1ros k\u00f6z\u00f6tt, ny\u00edljanak \u00faj perspekt\u00edv\u00e1k a tapasztalatok \u00e9s \u00f6tletek cser\u00e9je r\u00e9v\u00e9n.<\/p>\n<p>K\u00f3nya Rita<\/p>\n<p>Fot\u00f3k: Kov\u00e1cs Attila &#8211; Semmelweis Egyetem<\/p>\n","protected":false},"excerpt":{"rendered":"<p>A k\u00e9t int\u00e9zm\u00e9ny rektora 2022 \u00e9s 2026 k\u00f6z\u00f6tti munka- \u00e9s csereprogramr\u00f3l \u00edrt al\u00e1 meg\u00e1llapod\u00e1st.<\/p>\n","protected":false},"author":102051,"featured_media":115318,"comment_status":"closed","ping_status":"closed","sticky":false,"template":"","format":"standard","meta":{"_acf_changed":false,"footnotes":""},"categories":[3533,168],"tags":[2836,3439,188],"class_list":["post-115298","post","type-post","status-publish","format-standard","has-post-thumbnail","hentry","category-hallgatok-oktatas","category-kiemelt","tag-nemzetkozi-kapcsolatok","tag-partnerseg","tag-tudomanyos-hirek-rendezvenyek"],"acf":[],"_links":{"self":[{"href":"https:\/\/semmelweis.hu\/hirek\/wp-json\/wp\/v2\/posts\/115298","targetHints":{"allow":["GET"]}}],"collection":[{"href":"https:\/\/semmelweis.hu\/hirek\/wp-json\/wp\/v2\/posts"}],"about":[{"href":"https:\/\/semmelweis.hu\/hirek\/wp-json\/wp\/v2\/types\/post"}],"author":[{"embeddable":true,"href":"https:\/\/semmelweis.hu\/hirek\/wp-json\/wp\/v2\/users\/102051"}],"replies":[{"embeddable":true,"href":"https:\/\/semmelweis.hu\/hirek\/wp-json\/wp\/v2\/comments?post=115298"}],"version-history":[{"count":10,"href":"https:\/\/semmelweis.hu\/hirek\/wp-json\/wp\/v2\/posts\/115298\/revisions"}],"predecessor-version":[{"id":117469,"href":"https:\/\/semmelweis.hu\/hirek\/wp-json\/wp\/v2\/posts\/115298\/revisions\/117469"}],"wp:featuredmedia":[{"embeddable":true,"href":"https:\/\/semmelweis.hu\/hirek\/wp-json\/wp\/v2\/media\/115318"}],"wp:attachment":[{"href":"https:\/\/semmelweis.hu\/hirek\/wp-json\/wp\/v2\/media?parent=115298"}],"wp:term":[{"taxonomy":"category","embeddable":true,"href":"https:\/\/semmelweis.hu\/hirek\/wp-json\/wp\/v2\/categories?post=115298"},{"taxonomy":"post_tag","embeddable":true,"href":"https:\/\/semmelweis.hu\/hirek\/wp-json\/wp\/v2\/tags?post=115298"}],"curies":[{"name":"wp","href":"https:\/\/api.w.org\/{rel}","templated":true}]}}