{"id":115291,"date":"2022-07-27T06:00:25","date_gmt":"2022-07-27T04:00:25","guid":{"rendered":"https:\/\/semmelweis.hu\/hirek\/?p=115291"},"modified":"2026-04-15T12:33:41","modified_gmt":"2026-04-15T10:33:41","slug":"a-kozos-ertekrend-a-munkank-alapja-bemutatjuk-az-i-sz-gyermekgyogyaszati-klinika-innovacio-dijas-kutatocsoportjat","status":"publish","type":"post","link":"https:\/\/semmelweis.hu\/hirek\/2022\/07\/27\/a-kozos-ertekrend-a-munkank-alapja-bemutatjuk-az-i-sz-gyermekgyogyaszati-klinika-innovacio-dijas-kutatocsoportjat\/","title":{"rendered":"\u201eA k\u00f6z\u00f6s \u00e9rt\u00e9krend a munk\u00e1nk alapja\u201d \u2013 az I. Sz. Gyermekgy\u00f3gy\u00e1szati Klinika innov\u00e1ci\u00f3 d\u00edjas kutat\u00f3csoportja"},"content":{"rendered":"<div class=\"lead\"><strong>\u00daj t\u00edpus\u00fa gyullad\u00e1scs\u00f6kkent\u0151 \u00e9s sz\u00f6veti hegesed\u00e9st g\u00e1tl\u00f3 gy\u00f3gyszer kifejleszt\u00e9s\u00e9hez j\u00e1rulhat hozz\u00e1 a Semmelweis Egyetem I. Sz. Gyermekgy\u00f3gy\u00e1szati Klinik\u00e1j\u00e1n m\u0171k\u00f6d\u0151 ELKH-SE Gyermekgy\u00f3gy\u00e1szati \u00e9s Nephrol\u00f3giai Kutat\u00f3csoport, amely a <\/strong><a href=\"https:\/\/semmelweis.hu\/hirek\/2021\/10\/25\/innovacios-nap-a-semmelweis-egyetemen\/\" target=\"_blank\" rel=\"noopener\"><strong>leginnovat\u00edvabb kutat\u00f3munka kateg\u00f3ri\u00e1ban nyerte el az egyetemi innov\u00e1ci\u00f3s d\u00edjat<\/strong><\/a><strong>. Az innov\u00e1ci\u00f3s d\u00edjasokat bemutat\u00f3 cikksorozatunk keret\u00e9ben a kutat\u00f3csoport n\u00e9gy tagja, dr. Szebeni Be\u00e1ta, dr. Pap Domonkos, dr. Veres-Sz\u00e9kely Apor \u00e9s dr. Vannay \u00c1d\u00e1m a d\u00edj m\u00f6g\u00f6tt \u00e1ll\u00f3 munk\u00e1r\u00f3l, kutat\u00e1saikr\u00f3l \u00e9s szem\u00e9lyes motiv\u00e1ci\u00f3jukr\u00f3l is besz\u00e9l. Kiemelt t\u00f6rekv\u00e9s\u00fck, hogy munk\u00e1juk sor\u00e1n kapott eredm\u00e9nyek, v\u00e9ghezvitt fejleszt\u00e9sek min\u00e9l hamarabb hasznosuljanak \u00e9s eljussanak a beteg\u00e1gyakig.<\/strong><\/div>\n<p>A 2021-es Innov\u00e1ci\u00f3s Napon a leginnovat\u00edvabb kutat\u00f3munka kateg\u00f3ri\u00e1ban d\u00edjazott kutat\u00f3csoport egy preklinikai fejleszt\u00e9si f\u00e1zisban l\u00e9v\u0151, PARK7 molekula m\u0171k\u00f6d\u00e9s\u00e9t befoly\u00e1sol\u00f3 hat\u00f3anyagot azonos\u00edtott, amelynek gyullad\u00e1sg\u00e1tl\u00f3, illetve hegesed\u00e9scs\u00f6kkent\u0151 hat\u00e1s\u00e1t els\u0151k\u00e9nt \u0151k ismert\u00e9k fel. \u00c1tfog\u00f3 sejtes \u00e9s \u00e1llatmodelleken v\u00e9gzett k\u00eds\u00e9rletekkel igazolt\u00e1k, hogy a hat\u00f3anyag g\u00e1tolja a gyullad\u00e1sos folyamatokat a gyullad\u00e1sos b\u00e9lbetegs\u00e9gben, valamint k\u00e9pes cs\u00f6kkenteni a t\u00fcd\u0151hegesed\u00e9s m\u00e9rt\u00e9k\u00e9t is. A d\u00edjazott kutat\u00e1s c\u00e9lja a fejleszt\u00e9s klinikai vizsg\u00e1latokig val\u00f3 elvitele, hogy v\u00e9g\u00fcl hegesed\u00e9st g\u00e1tl\u00f3 gy\u00f3gyszerk\u00e9nt eljuthasson a betegekhez, hangs\u00falyozt\u00e1k honlapunknak a kutat\u00f3csoport tagjai. A csapat k\u00fcl\u00f6nb\u00f6z\u0151 ter\u00fcletek szakembereib\u0151l (biom\u00e9rn\u00f6k, orvos, biol\u00f3gus) \u00e1ll, ez\u00e9rt a megk\u00f6zel\u00edt\u00e9s sokf\u00e9les\u00e9ge adott.<\/p>\n<p><a href=\"https:\/\/semmelweis.hu\/hirek\/files\/2022\/05\/RS150688_KSZ_220890_HN-20220303_018-scr.jpg\"><img loading=\"lazy\" decoding=\"async\" class=\"size-medium wp-image-115493 alignleft\" src=\"https:\/\/semmelweis.hu\/hirek\/files\/2022\/05\/RS150688_KSZ_220890_HN-20220303_018-scr-400x267.jpg\" alt=\"\" width=\"400\" height=\"267\" srcset=\"https:\/\/semmelweis.hu\/hirek\/files\/2022\/05\/RS150688_KSZ_220890_HN-20220303_018-scr-400x267.jpg 400w, https:\/\/semmelweis.hu\/hirek\/files\/2022\/05\/RS150688_KSZ_220890_HN-20220303_018-scr-900x600.jpg 900w, https:\/\/semmelweis.hu\/hirek\/files\/2022\/05\/RS150688_KSZ_220890_HN-20220303_018-scr-768x512.jpg 768w, https:\/\/semmelweis.hu\/hirek\/files\/2022\/05\/RS150688_KSZ_220890_HN-20220303_018-scr-753x502.jpg 753w, https:\/\/semmelweis.hu\/hirek\/files\/2022\/05\/RS150688_KSZ_220890_HN-20220303_018-scr-203x135.jpg 203w, https:\/\/semmelweis.hu\/hirek\/files\/2022\/05\/RS150688_KSZ_220890_HN-20220303_018-scr.jpg 1200w\" sizes=\"auto, (max-width: 400px) 100vw, 400px\" \/><\/a>\u201eK\u00f6zel 10 \u00e9ve csiszol\u00f3dunk egym\u00e1shoz, \u00e9s m\u00e1ra a csapat tagjai nagyon j\u00f3l kieg\u00e9sz\u00edtik egym\u00e1st\u201d \u2013 fogalmazott dr. Vannay \u00c1d\u00e1m, az I. Sz. Gyermekgy\u00f3gy\u00e1szati Klinik\u00e1n m\u0171k\u00f6d\u0151 E\u00f6tv\u00f6s Lor\u00e1nd Kutat\u00e1si H\u00e1l\u00f3zat \u2013 Semmelweis Egyetem (ELKH-SE) Gyermekgy\u00f3gy\u00e1szati \u00e9s Nephrol\u00f3giai Kutat\u00f3csoport tudom\u00e1nyos f\u0151munkat\u00e1rsa. A csapat tagjai mind \u00fagy v\u00e9lik: siker\u00fck titka az egym\u00e1s \u00e9s m\u00e1sok ir\u00e1nti k\u00f6lcs\u00f6n\u00f6s tisztelet, illetve az, hogy nagyon hasonl\u00f3k\u00e9ppen gondolkoznak a vil\u00e1gr\u00f3l, erk\u00f6lcsr\u0151l, tudom\u00e1nyr\u00f3l, munk\u00e1r\u00f3l. \u201eK\u00f6z\u00f6s \u00e9rt\u00e9krend n\u00e9lk\u00fcl nem lehetne egy\u00fctt dolgozni\u201d \u2013 mutatott r\u00e1 dr. Vannay \u00c1d\u00e1m, aki szerint a kutat\u00e1s ugyan exhibicionista m\u0171faj, de ha ezeket a v\u00e1gyakat kord\u00e1ban tartj\u00e1k, megsz\u00fcletik a csapat.<\/p>\n<p>V\u00e9lem\u00e9ny\u00fck szerint fontos aspektusa a hat\u00e9konys\u00e1gnak a f\u00f3kusz\u00e1lt t\u00e9mav\u00e1laszt\u00e1s, mely eset\u00fckben a hegesed\u00e9ssel j\u00e1r\u00f3 k\u00f3rk\u00e9pek ter\u00e1pi\u00e1ja. Ehhez pedig fel\u00e9p\u00edtettek egy probl\u00e9maorient\u00e1lt kutat\u00e1si infrastrukt\u00far\u00e1t, etikai enged\u00e9lyekkel, molekul\u00e1ris biol\u00f3giai m\u00f3dszerekkel, saj\u00e1t fejleszt\u00e9s\u0171 <em>in vitro<\/em> assay-kel, ez\u00e1ltal lehet\u0151v\u00e9 t\u00e9ve, hogy rendk\u00edv\u00fcl hat\u00e9konyan tudj\u00e1k tesztelni egy molekula\/hat\u00f3anyag szerep\u00e9t a hegesed\u00e9s folyamat\u00e1ban.<\/p>\n<p><a href=\"https:\/\/semmelweis.hu\/hirek\/files\/2022\/05\/RS150704_KSZ_220874_HN-20220303_002-scr.jpg\"><img loading=\"lazy\" decoding=\"async\" class=\"size-medium wp-image-115491 alignright\" src=\"https:\/\/semmelweis.hu\/hirek\/files\/2022\/05\/RS150704_KSZ_220874_HN-20220303_002-scr-400x267.jpg\" alt=\"\" width=\"400\" height=\"267\" srcset=\"https:\/\/semmelweis.hu\/hirek\/files\/2022\/05\/RS150704_KSZ_220874_HN-20220303_002-scr-400x267.jpg 400w, https:\/\/semmelweis.hu\/hirek\/files\/2022\/05\/RS150704_KSZ_220874_HN-20220303_002-scr-900x600.jpg 900w, https:\/\/semmelweis.hu\/hirek\/files\/2022\/05\/RS150704_KSZ_220874_HN-20220303_002-scr-768x512.jpg 768w, https:\/\/semmelweis.hu\/hirek\/files\/2022\/05\/RS150704_KSZ_220874_HN-20220303_002-scr-753x502.jpg 753w, https:\/\/semmelweis.hu\/hirek\/files\/2022\/05\/RS150704_KSZ_220874_HN-20220303_002-scr-203x135.jpg 203w, https:\/\/semmelweis.hu\/hirek\/files\/2022\/05\/RS150704_KSZ_220874_HN-20220303_002-scr.jpg 1200w\" sizes=\"auto, (max-width: 400px) 100vw, 400px\" \/><\/a>Dr. Szebeni Be\u00e1ta 2007-ben kezdett a kutat\u00f3laborban dolgozni, akkor PhD-hallgat\u00f3k\u00e9nt, jelenleg pedig tudom\u00e1nyos f\u0151munkat\u00e1rs. Mint fogalmazott, olyan kutat\u00e1sban szeretett volna r\u00e9szt venni, amelyben beteg gyerekeken seg\u00edthet: el\u0151sz\u00f6r gyullad\u00e1sos b\u00e9lbetegs\u00e9gekkel foglalkozott, ebb\u0151l k\u00e9sz\u00edtette a PhD-munk\u00e1j\u00e1t, azt\u00e1n a nefrol\u00f3gia fel\u00e9 terel\u0151d\u00f6tt az \u00e9rdekl\u0151d\u00e9se. Jelenleg a periton\u00e1lis dial\u00edzis, azaz a hash\u00e1rty\u00e1n kereszt\u00fcl t\u00f6rt\u00e9n\u0151, a vese funkci\u00f3j\u00e1t helyettes\u00edt\u0151 kezel\u00e9s sz\u00f6v\u0151dm\u00e9nyek\u00e9nt kialakul\u00f3 hegesed\u00e9s patomechanizmus\u00e1t \u00e9s lehets\u00e9ges ter\u00e1pi\u00e1j\u00e1t vizsg\u00e1lja. A k\u00f6z\u00f6sen el\u00e9rt eredm\u00e9nyekr\u0151l \u00fagy fogalmazott: a projektekben mindenkinek fontos szerepe van, a d\u00edjazott kutat\u00e1shoz vezet\u0151 k\u00eds\u00e9rleteket is egy\u00fctt v\u00e9gezt\u00e9k el, \u00e9s az egy\u00e9ni teljes\u00edtm\u00e9nyt nem lehet teljesen sz\u00e9tv\u00e1lasztani, mindenkinek m\u00e1s az er\u0151ss\u00e9ge a csoporton bel\u00fcl.<\/p>\n<p><a href=\"https:\/\/semmelweis.hu\/hirek\/files\/2022\/05\/RS150697_KSZ_220881_HN-20220303_009-scr.jpg\"><img loading=\"lazy\" decoding=\"async\" class=\"size-medium wp-image-115492 alignleft\" src=\"https:\/\/semmelweis.hu\/hirek\/files\/2022\/05\/RS150697_KSZ_220881_HN-20220303_009-scr-400x267.jpg\" alt=\"\" width=\"400\" height=\"267\" srcset=\"https:\/\/semmelweis.hu\/hirek\/files\/2022\/05\/RS150697_KSZ_220881_HN-20220303_009-scr-400x267.jpg 400w, https:\/\/semmelweis.hu\/hirek\/files\/2022\/05\/RS150697_KSZ_220881_HN-20220303_009-scr-900x600.jpg 900w, https:\/\/semmelweis.hu\/hirek\/files\/2022\/05\/RS150697_KSZ_220881_HN-20220303_009-scr-768x512.jpg 768w, https:\/\/semmelweis.hu\/hirek\/files\/2022\/05\/RS150697_KSZ_220881_HN-20220303_009-scr-753x502.jpg 753w, https:\/\/semmelweis.hu\/hirek\/files\/2022\/05\/RS150697_KSZ_220881_HN-20220303_009-scr-203x135.jpg 203w, https:\/\/semmelweis.hu\/hirek\/files\/2022\/05\/RS150697_KSZ_220881_HN-20220303_009-scr.jpg 1200w\" sizes=\"auto, (max-width: 400px) 100vw, 400px\" \/><\/a>Dr. Pap Domonkos biol\u00f3gusk\u00e9nt v\u00e9gzett, majd PhD-hallgat\u00f3k\u00e9nt ker\u00fclt a kutat\u00f3csoportba, jelenleg tudom\u00e1nyos f\u0151munkat\u00e1rsk\u00e9nt dolgozik. Mint elmondta, a sz\u00f6veti hegesed\u00e9s, azaz a fibr\u00f3zis vizsg\u00e1lat\u00e1hoz az ut\u00f3bbi \u00e9vekben sz\u00e1mos m\u00f3dszert fejlesztettek ki vagy honos\u00edtottak meg a kutat\u00f3csoportban, melyek seg\u00edts\u00e9g\u00e9vel hat\u00e9konyan lehet vizsg\u00e1lni a vese, a b\u00e9l, a peritoneum \u00e9s a t\u00fcd\u0151 hegesed\u00e9ssel j\u00e1r\u00f3 folyamatait. A kutat\u00f3csoportban az egyes k\u00eds\u00e9rleti projektn\u00e9l k\u00f6z\u00f6sen hoznak d\u00f6nt\u00e9seket a k\u00eds\u00e9rleti tervr\u0151l \u00e9s alkalmazott m\u00f3dszerr\u0151l, ami az\u00e9rt is fontos, mert az elt\u00e9r\u0151 szeml\u00e9let m\u00f3dok kieg\u00e9sz\u00edtik egym\u00e1st, ami elengedhetetlen a hat\u00e9kony fejleszt\u00e9sek megval\u00f3sul\u00e1s\u00e1hoz \u2013 mondta.<\/p>\n<p><a href=\"https:\/\/semmelweis.hu\/hirek\/files\/2022\/05\/RS150687_KSZ_220891_HN-20220303_019-scr.jpg\"><img loading=\"lazy\" decoding=\"async\" class=\"size-medium wp-image-115494 alignleft\" src=\"https:\/\/semmelweis.hu\/hirek\/files\/2022\/05\/RS150687_KSZ_220891_HN-20220303_019-scr-400x267.jpg\" alt=\"\" width=\"400\" height=\"267\" srcset=\"https:\/\/semmelweis.hu\/hirek\/files\/2022\/05\/RS150687_KSZ_220891_HN-20220303_019-scr-400x267.jpg 400w, https:\/\/semmelweis.hu\/hirek\/files\/2022\/05\/RS150687_KSZ_220891_HN-20220303_019-scr-900x600.jpg 900w, https:\/\/semmelweis.hu\/hirek\/files\/2022\/05\/RS150687_KSZ_220891_HN-20220303_019-scr-768x512.jpg 768w, https:\/\/semmelweis.hu\/hirek\/files\/2022\/05\/RS150687_KSZ_220891_HN-20220303_019-scr-753x502.jpg 753w, https:\/\/semmelweis.hu\/hirek\/files\/2022\/05\/RS150687_KSZ_220891_HN-20220303_019-scr-203x135.jpg 203w, https:\/\/semmelweis.hu\/hirek\/files\/2022\/05\/RS150687_KSZ_220891_HN-20220303_019-scr.jpg 1200w\" sizes=\"auto, (max-width: 400px) 100vw, 400px\" \/><\/a>Dr. Veres-Sz\u00e9kely Apor tudom\u00e1nyos munkat\u00e1rs, biom\u00e9rn\u00f6k m\u00e9g TDK-hallgat\u00f3k\u00e9nt csatlakozott a kutat\u00f3csoporthoz 2010-ben. Metodikai fejleszt\u00e9sekkel szeret legink\u00e1bb foglalkozni, mint elmondta, jelenleg f\u0151k\u00e9nt a belet \u00e9rint\u0151 hegesed\u00e9st \u00e9s gyullad\u00e1sos folyamatokat vizsg\u00e1lja. Kiemelte, hogy j\u00f3l felszerelt laborat\u00f3riumukban dolgoznak. Mivel a sz\u00f6veti hegesed\u00e9s mechanizmusa univerz\u00e1lis, melyben a hegsz\u00f6vet termel\u0151 fibroblasztok kulcsszerepet j\u00e1tszanak, vizsg\u00e1latukon kereszt\u00fcl sz\u00e9les k\u00f6rben hat\u00e9kony antifibrotikus ter\u00e1pi\u00e1kat lehet kifejleszteni \u2013 tette hozz\u00e1.<\/p>\n<p>Dr. Vannay \u00c1d\u00e1m a kutat\u00e1saik \u201ef\u0151szerepl\u0151j\u00e9t\u201d, a hegesed\u00e9st r\u00e9szletezve elmondta: ez egy \u00e1ltal\u00e1nos biol\u00f3giai folyamat, amely sor\u00e1n az adott sz\u00f6vet reag\u00e1l az \u0151t \u00e9rt k\u00e1rosod\u00e1sra. A v\u00e1laszreakci\u00f3 c\u00e9lja, hogy a sz\u00f6vet integrit\u00e1sa megmaradjon. Bizonyos betegs\u00e9gek eset\u00e9n a k\u00e1ros\u00edt\u00f3 hat\u00e1s hossz\u00fa id\u0151n kereszt\u00fcl fenn\u00e1ll, ilyen p\u00e9ld\u00e1ul a cukorbetegs\u00e9g, vagy a kr\u00f3nikus veseel\u00e9gtelens\u00e9g. Ezekben az esetekben a fibroblasztok folyamatosan akt\u00edvak maradnak, t\u00falzott mennyis\u00e9g\u0171 hegsz\u00f6vetet termelnek, ami lerak\u00f3dva egy id\u0151 ut\u00e1n megbontja a szerv strukt\u00far\u00e1j\u00e1t, mely v\u00e9g\u00fcl az adott szerv funkci\u00f3j\u00e1nak cs\u00f6kken\u00e9s\u00e9hez, \u00e9s v\u00e9gs\u0151 soron ak\u00e1r elveszt\u00e9s\u00e9hez is vezethet. A sz\u00f6veti hegesed\u00e9s egy rendk\u00edv\u00fcl komoly eg\u00e9szs\u00e9g\u00fcgyi probl\u00e9ma, felt\u00e9telez\u00e9sek szerint minden m\u00e1sodik hal\u00e1leset m\u00f6g\u00f6tt megtal\u00e1lhat\u00f3 valamilyen form\u00e1ban. 20 \u00e9vvel ezel\u0151tt m\u00e9g \u00fagy gondolt\u00e1k a tud\u00f3sok, hogy a hegesed\u00e9s visszaford\u00edthatatlan, de ma m\u00e1r mer\u0151ben m\u00e1s az \u00e1ll\u00e1spont. \u201eVan m\u00e9g ugyanakkor mit tenni, hiszen p\u00e9ld\u00e1ul az idiop\u00e1ti\u00e1s t\u00fcd\u0151hegesed\u00e9s kezel\u00e9s\u00e9re k\u00e9t enged\u00e9lyeztetett hat\u00f3anyag is van, de ezek nem v\u00e1ltak csodaszerr\u00e9\u201d \u2013 fogalmazott.<\/p>\n<p>Dr. Vannay \u00c1d\u00e1m \u00fagy fogalmazott: munk\u00e1juk \u00e9s az eredm\u00e9nyeik vil\u00e1gsz\u00ednvonal\u00fanak mondhat\u00f3ak, a fibr\u00f3zis t\u00e9m\u00e1j\u00e1ban v\u00e9gzett kutat\u00e1sok \u00e9lmez\u0151ny\u00e9be tartoznak. T\u00f6bb rangos d\u00edjban r\u00e9szes\u00fcltek: egyebek mellett imm\u00e1r k\u00e9t alkalommal is elnyert\u00e9k a Semmelweis Innov\u00e1ci\u00f3s D\u00edjat, valamint a Junior Prima D\u00edjat.<\/p>\n<div class=\"fontos_div\">\n<p>Az Innov\u00e1ci\u00f3s D\u00edjban r\u00e9szes\u00edtett munk\u00e1juk egy nemzetk\u00f6zi szabadalmi beadv\u00e1ny volt, melyben a PARK7 molekula m\u0171k\u00f6d\u00e9s\u00e9t befoly\u00e1sol\u00f3, sz\u00e9lesk\u00f6r\u0171 gyullad\u00e1s \u00e9s sz\u00f6veti hegesed\u00e9st g\u00e1tl\u00f3 hat\u00f3anyag szabadalmi oltalm\u00e1t k\u00e9rik. A szabadalmi beadv\u00e1ny, valamint a hozz\u00e1 kapcsol\u00f3d\u00f3, ipari hasznos\u00edt\u00e1st lehet\u0151v\u00e9 tev\u0151 \u00fczleti terv elk\u00e9sz\u00edt\u00e9s\u00e9ben jelent\u0151s seg\u00edts\u00e9get ny\u00fajtott a Semmelweis Egyetem Innov\u00e1ci\u00f3s K\u00f6zpontja \u2013 emelt\u00e9k ki a kutat\u00f3k.<\/p>\n<\/div>\n<p><a href=\"https:\/\/semmelweis.hu\/hirek\/files\/2022\/05\/RS150679_KSZ_220899_HN-20220303_027-scr.jpg\"><img loading=\"lazy\" decoding=\"async\" class=\"alignnone size-full wp-image-115495\" src=\"https:\/\/semmelweis.hu\/hirek\/files\/2022\/05\/RS150679_KSZ_220899_HN-20220303_027-scr.jpg\" alt=\"\" width=\"1200\" height=\"800\" srcset=\"https:\/\/semmelweis.hu\/hirek\/files\/2022\/05\/RS150679_KSZ_220899_HN-20220303_027-scr.jpg 1200w, https:\/\/semmelweis.hu\/hirek\/files\/2022\/05\/RS150679_KSZ_220899_HN-20220303_027-scr-400x267.jpg 400w, https:\/\/semmelweis.hu\/hirek\/files\/2022\/05\/RS150679_KSZ_220899_HN-20220303_027-scr-900x600.jpg 900w, https:\/\/semmelweis.hu\/hirek\/files\/2022\/05\/RS150679_KSZ_220899_HN-20220303_027-scr-768x512.jpg 768w, https:\/\/semmelweis.hu\/hirek\/files\/2022\/05\/RS150679_KSZ_220899_HN-20220303_027-scr-753x502.jpg 753w, https:\/\/semmelweis.hu\/hirek\/files\/2022\/05\/RS150679_KSZ_220899_HN-20220303_027-scr-203x135.jpg 203w\" sizes=\"auto, (max-width: 1200px) 100vw, 1200px\" \/><\/a><\/p>\n<p>A csoport munk\u00e1j\u00e1b\u00f3l emellett t\u00f6bb rangos nemzetk\u00f6zi publik\u00e1ci\u00f3 is sz\u00fcletett az ut\u00f3bbi p\u00e1r \u00e9vben, melyekben a PARK7 gyullad\u00e1sos betegs\u00e9gekben bet\u00f6lt\u00f6tt szerep\u00e9t, valamint az \u00e1ltaluk fejlesztett <em>in vitro<\/em> metodik\u00e1kat \u00edrt\u00e1k le. A d\u00edjazottak hangs\u00falyozt\u00e1k, hogy a fejleszt\u00e9sek \u00e9s publik\u00e1ci\u00f3k nem val\u00f3sulhattak volna meg ebben a form\u00e1ban a kutat\u00f3csoport munk\u00e1j\u00e1t seg\u00edt\u0151 a szakasszisztens, PhD-hallgat\u00f3k \u00e9s TDK-hallgat\u00f3k seg\u00edts\u00e9ge n\u00e9lk\u00fcl. C\u00e9ljuk a j\u00f6v\u0151ben is az, hogy az \u00e1ltaluk fejlesztett \u00e9s haszn\u00e1lt metodik\u00e1kkal, \u00f6sszetett kutat\u00e1si \u00f6kosziszt\u00e9m\u00e1val ilyen \u00e9s ehhez hasonl\u00f3 fejleszt\u00e9sekkel egyre k\u00f6zelebb ker\u00fclj\u00fcnk a hat\u00e9kony antifibrotikus szerek kifejleszt\u00e9s\u00e9hez.<\/p>\n<p><em>Cikk\u00fcnk a 2021-ben Innov\u00e1ci\u00f3s D\u00edjban r\u00e9szes\u00fcl\u0151ket bemutat\u00f3 cikksorozatunk keret\u00e9ben k\u00e9sz\u00fclt.\u00a0<a href=\"https:\/\/semmelweis.hu\/hirek\/tag\/innovacios-dij-2021\/\" target=\"_blank\" rel=\"noopener\">A tov\u00e1bbi d\u00edjazottakr\u00f3l sz\u00f3l\u00f3 cikkeinket ezen a linken olvashatja.<\/a>\u00a0<\/em><\/p>\n<p><a href=\"https:\/\/semmelweis.hu\/hirek\/files\/2022\/04\/NKFIA_infoblokk_projekt_fekvo_2019_HU-400x94-1.jpg\"><img loading=\"lazy\" decoding=\"async\" class=\"alignright size-full wp-image-152214\" src=\"https:\/\/semmelweis.hu\/hirek\/files\/2022\/04\/NKFIA_infoblokk_projekt_fekvo_2019_HU-400x94-1.jpg\" alt=\"\" width=\"400\" height=\"94\" \/><\/a>Dobozi P\u00e1lma, Pogr\u00e1nyi P\u00e9ter<br \/>\nFot\u00f3: K\u00e9pszerkeszt\u0151s\u00e9g<\/p>\n","protected":false},"excerpt":{"rendered":"<p>A csapat munk\u00e1ja \u00faj t\u00edpus\u00fa gyullad\u00e1scs\u00f6kkent\u0151 \u00e9s sz\u00f6veti hegesed\u00e9st g\u00e1tl\u00f3 gy\u00f3gyszer kifejleszt\u00e9s\u00e9hez j\u00e1rulhat hozz\u00e1.<\/p>\n","protected":false},"author":101081,"featured_media":115495,"comment_status":"closed","ping_status":"closed","sticky":false,"template":"","format":"standard","meta":{"_acf_changed":false,"footnotes":""},"categories":[161,168],"tags":[4365,189],"class_list":["post-115291","post","type-post","status-publish","format-standard","has-post-thumbnail","hentry","category-tudomany","category-kiemelt","tag-innovacios-dij","tag-innovacio"],"acf":[],"_links":{"self":[{"href":"https:\/\/semmelweis.hu\/hirek\/wp-json\/wp\/v2\/posts\/115291","targetHints":{"allow":["GET"]}}],"collection":[{"href":"https:\/\/semmelweis.hu\/hirek\/wp-json\/wp\/v2\/posts"}],"about":[{"href":"https:\/\/semmelweis.hu\/hirek\/wp-json\/wp\/v2\/types\/post"}],"author":[{"embeddable":true,"href":"https:\/\/semmelweis.hu\/hirek\/wp-json\/wp\/v2\/users\/101081"}],"replies":[{"embeddable":true,"href":"https:\/\/semmelweis.hu\/hirek\/wp-json\/wp\/v2\/comments?post=115291"}],"version-history":[{"count":10,"href":"https:\/\/semmelweis.hu\/hirek\/wp-json\/wp\/v2\/posts\/115291\/revisions"}],"predecessor-version":[{"id":152217,"href":"https:\/\/semmelweis.hu\/hirek\/wp-json\/wp\/v2\/posts\/115291\/revisions\/152217"}],"wp:featuredmedia":[{"embeddable":true,"href":"https:\/\/semmelweis.hu\/hirek\/wp-json\/wp\/v2\/media\/115495"}],"wp:attachment":[{"href":"https:\/\/semmelweis.hu\/hirek\/wp-json\/wp\/v2\/media?parent=115291"}],"wp:term":[{"taxonomy":"category","embeddable":true,"href":"https:\/\/semmelweis.hu\/hirek\/wp-json\/wp\/v2\/categories?post=115291"},{"taxonomy":"post_tag","embeddable":true,"href":"https:\/\/semmelweis.hu\/hirek\/wp-json\/wp\/v2\/tags?post=115291"}],"curies":[{"name":"wp","href":"https:\/\/api.w.org\/{rel}","templated":true}]}}