{"id":115229,"date":"2022-05-27T14:00:33","date_gmt":"2022-05-27T12:00:33","guid":{"rendered":"https:\/\/semmelweis.hu\/hirek\/?p=115229"},"modified":"2022-07-13T10:06:23","modified_gmt":"2022-07-13T08:06:23","slug":"dr-fekete-andrea-a-sikeres-kutatoi-munkahoz-elengedhetetlen-egy-jo-csapat","status":"publish","type":"post","link":"https:\/\/semmelweis.hu\/hirek\/2022\/05\/27\/dr-fekete-andrea-a-sikeres-kutatoi-munkahoz-elengedhetetlen-egy-jo-csapat\/","title":{"rendered":"Dr. Fekete Andrea: A sikeres kutat\u00f3i munk\u00e1hoz elengedhetetlen egy j\u00f3 csapat"},"content":{"rendered":"<div class=\"lead\"><strong>Mik\u00e9nt \u00e1llnak helyt a 21. sz\u00e1zad eg\u00e9szs\u00e9g\u00fcgyi dolgoz\u00f3i a csal\u00e1dban \u00e9s a munkahelyen egyar\u00e1nt \u2013 a Semmelweis Egyetem portr\u00e9-sorozata, Hugonnai Vilma nyom\u00e1ban c\u00edmmel az egyetemhez k\u00f6t\u0151d\u0151, szakter\u00fclet\u00fck\u00f6n kimagasl\u00f3 eredm\u00e9nyeket el\u00e9rt n\u0151ket mutat be.<\/strong><\/div>\n<p>Az I. Sz. Gyermekgy\u00f3gy\u00e1szati Klinika egyetemi docense, a SigmaDrugs gy\u00f3gyszerfejleszt\u0151 startup t\u00e1rsalap\u00edt\u00f3ja \u00e9s vezet\u0151je, az SE-MTA Lend\u00fclet Diab\u00e9tesz Kutat\u00f3csoport vezet\u0151je, emellett h\u00e1rom gyermek \u00e9desanyja, aki eg\u00e9szs\u00e9g\u00e9re is odafigyel, rendszeresen sportol. Dr. Fekete Andrea az egyetemhez k\u00f6t\u0151d\u0151, szakter\u00fclet\u00fck\u00f6n kimagasl\u00f3 eredm\u00e9nyeket el\u00e9rt n\u0151ket bemutat\u00f3 Hugonnai Vilma nyom\u00e1ban portr\u00e9sorozat k\u00f6vetkez\u0151 epiz\u00f3dj\u00e1nak f\u0151szerepl\u0151je. A vele k\u00e9sz\u00fclt besz\u00e9lget\u00e9sb\u0151l kider\u00fcl, mennyire fontos sz\u00e1m\u00e1ra a kikapcsol\u00f3d\u00e1s \u00e9s az &#8222;\u00e9nid\u0151&#8221;, ahhoz, hogy kiemelked\u0151en teljes\u00edtsen hivat\u00e1s\u00e1ban. Besz\u00e9lt jelenleg is foly\u00f3 tudom\u00e1nyos vizsg\u00e1latair\u00f3l \u00e9s arr\u00f3l is, hogyan, milyen elvek ment\u00e9n vezeti kutat\u00f3csoportj\u00e1t \u00e9s dolgozik egy\u00fctt munkat\u00e1rsaival. Emellett azt is elmondta, hogyan osztja meg idej\u00e9t, energi\u00e1j\u00e1t k\u00fcl\u00f6nb\u00f6z\u0151 projektjei k\u00f6z\u00f6tt.<\/p>\n<p><iframe loading=\"lazy\" title=\"Hugonnai Vilma nyom\u00e1ban \u2212 Sikeres n\u0151k az eg\u00e9szs\u00e9g\u00e9rt: Dr. Fekete Andrea\" width=\"753\" height=\"424\" src=\"https:\/\/www.youtube.com\/embed\/A-r9uh9m8GA?feature=oembed\" frameborder=\"0\" allow=\"accelerometer; autoplay; clipboard-write; encrypted-media; gyroscope; picture-in-picture\" allowfullscreen><\/iframe><\/p>\n<p>Szab\u00f3 \u00c1d\u00e1m<\/p>\n","protected":false},"excerpt":{"rendered":"<p>Szakter\u00fclet\u00fck\u00f6n kimagasl\u00f3 eredm\u00e9nyeket el\u00e9rt n\u0151ket mutat be a Hugonnai Vilma nyom\u00e1ban portr\u00e9sorozat. <\/p>\n","protected":false},"author":101751,"featured_media":115230,"comment_status":"closed","ping_status":"closed","sticky":false,"template":"","format":"standard","meta":{"_acf_changed":false,"footnotes":""},"categories":[157,168],"tags":[4304,4246],"class_list":["post-115229","post","type-post","status-publish","format-standard","has-post-thumbnail","hentry","category-semmelweis-vilag","category-kiemelt","tag-hugonnai-nyomaban","tag-video"],"acf":[],"_links":{"self":[{"href":"https:\/\/semmelweis.hu\/hirek\/wp-json\/wp\/v2\/posts\/115229","targetHints":{"allow":["GET"]}}],"collection":[{"href":"https:\/\/semmelweis.hu\/hirek\/wp-json\/wp\/v2\/posts"}],"about":[{"href":"https:\/\/semmelweis.hu\/hirek\/wp-json\/wp\/v2\/types\/post"}],"author":[{"embeddable":true,"href":"https:\/\/semmelweis.hu\/hirek\/wp-json\/wp\/v2\/users\/101751"}],"replies":[{"embeddable":true,"href":"https:\/\/semmelweis.hu\/hirek\/wp-json\/wp\/v2\/comments?post=115229"}],"version-history":[{"count":4,"href":"https:\/\/semmelweis.hu\/hirek\/wp-json\/wp\/v2\/posts\/115229\/revisions"}],"predecessor-version":[{"id":115290,"href":"https:\/\/semmelweis.hu\/hirek\/wp-json\/wp\/v2\/posts\/115229\/revisions\/115290"}],"wp:featuredmedia":[{"embeddable":true,"href":"https:\/\/semmelweis.hu\/hirek\/wp-json\/wp\/v2\/media\/115230"}],"wp:attachment":[{"href":"https:\/\/semmelweis.hu\/hirek\/wp-json\/wp\/v2\/media?parent=115229"}],"wp:term":[{"taxonomy":"category","embeddable":true,"href":"https:\/\/semmelweis.hu\/hirek\/wp-json\/wp\/v2\/categories?post=115229"},{"taxonomy":"post_tag","embeddable":true,"href":"https:\/\/semmelweis.hu\/hirek\/wp-json\/wp\/v2\/tags?post=115229"}],"curies":[{"name":"wp","href":"https:\/\/api.w.org\/{rel}","templated":true}]}}