{"id":11492,"date":"2012-05-23T07:04:31","date_gmt":"2012-05-23T05:04:31","guid":{"rendered":"http:\/\/semmelweis-egyetem.hu\/hirek\/?p=11492"},"modified":"2018-02-14T09:56:42","modified_gmt":"2018-02-14T08:56:42","slug":"korhazi-fertozesek-elorejelzesere-fejlesztettek-ki-uj-modszert-a-semmelweis-egyetem-kutatoi","status":"publish","type":"post","link":"https:\/\/semmelweis.hu\/hirek\/2012\/05\/23\/korhazi-fertozesek-elorejelzesere-fejlesztettek-ki-uj-modszert-a-semmelweis-egyetem-kutatoi\/","title":{"rendered":"K\u00f3rh\u00e1zi fert\u0151z\u00e9sek el\u0151rejelz\u00e9s\u00e9re fejlesztettek ki \u00faj m\u00f3dszert a Semmelweis Egyetem kutat\u00f3i"},"content":{"rendered":"<p>Becsl\u00e9sek szerint \u00e9vente nagys\u00e1grendileg sz\u00e1zezer k\u00f3rh\u00e1zi fert\u0151z\u00e9s fordulhat el\u0151 Magyarorsz\u00e1gon. Az \u00fagynevezett nozokomi\u00e1lis, vagyis csak k\u00f3rh\u00e1zi k\u00f6r\u00fclm\u00e9nyek k\u00f6z\u00f6tt terjed\u0151 k\u00f3rokoz\u00f3k a legyeng\u00fclt szervezet\u0171 betegek sz\u00e1m\u00e1ra ak\u00e1r v\u00e9gzetesek is lehetnek.<\/p>\n<p><a href=\"https:\/\/semmelweis.hu\/hirek\/files\/2012\/05\/web-4282-nk.jpg\"><img loading=\"lazy\" decoding=\"async\" class=\"alignleft size-medium wp-image-11493\" src=\"https:\/\/semmelweis.hu\/hirek\/files\/2012\/05\/web-4282-nk-300x199.jpg\" alt=\"\" width=\"300\" height=\"199\" srcset=\"https:\/\/semmelweis.hu\/hirek\/files\/2012\/05\/web-4282-nk-300x199.jpg 300w, https:\/\/semmelweis.hu\/hirek\/files\/2012\/05\/web-4282-nk-600x400.jpg 600w, https:\/\/semmelweis.hu\/hirek\/files\/2012\/05\/web-4282-nk.jpg 800w\" sizes=\"auto, (max-width: 300px) 100vw, 300px\" \/><\/a>A Semmelweis Egyetem Orvosi Mikrobiol\u00f3giai Int\u00e9zet\u00e9nek kutat\u00f3i, az Orsz\u00e1gos Epidemiol\u00f3giai K\u00f6zponttal (OEK) egy\u00fcttm\u0171k\u00f6dve, most egy \u00faj elj\u00e1r\u00e1st fejlesztettek ki, amely seg\u00edts\u00e9g\u00e9vel el\u0151re jelezhet\u0151 egy-egy nagyobb k\u00f3rh\u00e1zi j\u00e1rv\u00e1ny kialakul\u00e1sa \u00e9s v\u00e1rhat\u00f3 elterjed\u00e9se. Mint azt dr. Nagy K\u00e1roly, az Orvosi Mikrobiol\u00f3giai Int\u00e9zet igazgat\u00f3ja elmondta: eddig h\u00e1rom nagy bakt\u00e9riumt\u00f6rzs viselked\u00e9s\u00e9t tanulm\u00e1nyozt\u00e1k laborat\u00f3riumi k\u00f6r\u00fclm\u00e9nyek k\u00f6z\u00f6tt. Speci\u00e1lis elj\u00e1r\u00e1ssal vizsg\u00e1lt\u00e1k \u00e9s \u201elekicsiny\u00edtve\u201d modellezt\u00e9k, hogy ezek mik\u00e9nt reag\u00e1lnak a k\u00f3rh\u00e1zi fert\u0151z\u00e9sek ellen leggyakrabban haszn\u00e1lt, fluorokinolon nev\u0171 hat\u00f3anyagra.<\/p>\n<p>El\u0151sz\u00f6r a legfontosabbnak sz\u00e1m\u00edt\u00f3 k\u00f3rh\u00e1zi bakteri\u00e1lis k\u00f3rokoz\u00f3t vizsg\u00e1lt\u00e1k, a methicillin-rezisztens Staphylococcus aureust (MRSA); a sz\u00fcks\u00e9ges, k\u00f3rh\u00e1zi fert\u0151z\u00e9sben szenved\u0151 betegekb\u0151l izol\u00e1lt bakt\u00e9riumt\u00f6rzseket az OEK biztos\u00edtotta.\u00a0 \u201eA t\u00e1ptalajba antibiotikumot tesz\u00fcnk \u00e9s r\u00e1oltjuk a bakt\u00e9riumot, ami elkezd szaporodni \u00e9s olyan biok\u00e9miai mechanizmusokat alak\u00edt ki, amelyekkel adapt\u00e1l\u00f3dik az adott antibiotikum-szinthez. Ezt k\u00f6vet\u0151en folyamatosan emelj\u00fck az antibiotikum koncentr\u00e1ci\u00f3j\u00e1t\u201d \u2013 magyar\u00e1zza a vizsg\u00e1lat menet\u00e9t az igazgat\u00f3. Ahhoz, hogy a v\u00e1ltoz\u00f3 k\u00f6r\u00fclm\u00e9nyek k\u00f6z\u00f6tt is t\u00fal\u00e9ljenek, a bakt\u00e9riumoknak m\u00f3dos\u00edtaniuk kell a genetikai fel\u00e9p\u00edt\u00e9s\u00fcket, vagyis mut\u00e1l\u00f3dniuk kell, ami viszont nagym\u00e9rt\u00e9kben megterheli szaporod\u00e1si k\u00e9pess\u00e9g\u00fcket.<\/p>\n<p><a href=\"https:\/\/semmelweis.hu\/hirek\/files\/2012\/05\/nk1.jpg\"><img loading=\"lazy\" decoding=\"async\" class=\"alignright size-medium wp-image-11494\" src=\"https:\/\/semmelweis.hu\/hirek\/files\/2012\/05\/nk1-199x300.jpg\" alt=\"\" width=\"199\" height=\"300\" srcset=\"https:\/\/semmelweis.hu\/hirek\/files\/2012\/05\/nk1-199x300.jpg 199w, https:\/\/semmelweis.hu\/hirek\/files\/2012\/05\/nk1-266x400.jpg 266w, https:\/\/semmelweis.hu\/hirek\/files\/2012\/05\/nk1.jpg 355w\" sizes=\"auto, (max-width: 199px) 100vw, 199px\" \/><\/a>Ebb\u0151l k\u00f6vetkezik, hogy az \u00edgy viselked\u0151 bakt\u00e9riumok nem lesznek k\u00e9pesek sz\u00e9les k\u00f6rben elterjedni \u00e9s magas el\u0151fordul\u00e1si ar\u00e1nyt el\u00e9rni. Az MRSA k\u00f3rokoz\u00f3k 10-12 nagy t\u00edpusa, vagyis kl\u00f3nja k\u00f6z\u00fcl a legt\u00f6bb ebbe a csoportba tartozik. Vannak azonban olyan kl\u00f3nok, amelyek szaporod\u00e1si k\u00e9pess\u00e9ge csak kism\u00e9rt\u00e9kben cs\u00f6kken a flourokinolon rezisztencia kialakul\u00e1sa sor\u00e1n. Ezek k\u00f6nnyen k\u00e9pesek terjedni, \u00edgy magasabb el\u0151fordul\u00e1si ar\u00e1nyra kell sz\u00e1m\u00edtani, s ki tudnak szor\u00edtani m\u00e1s kl\u00f3nokat is.<\/p>\n<p>\u201eA k\u00eds\u00e9rletsorozat alapj\u00e1n kifejlesztett el\u0151rejelz\u0151 rendszer seg\u00edts\u00e9g\u00e9vel a betegekb\u0151l izol\u00e1lt bakt\u00e9riumr\u00f3l meg tudjuk mondani, hogy az esetleg egy \u00fajabb nagy kl\u00f3n cs\u00edr\u00e1ja, ami nagy f\u00f6ldrajzi ter\u00fcleten, nagy popul\u00e1ci\u00f3ban fog tudni elterjedni, vagy egy olyan t\u00edpus, amely eset\u00e9ben a jelenlegi kezel\u00e9si s\u00e9m\u00e1k \u00e9s protokollok betart\u00e1sa mellett nem kell nagyobb j\u00e1rv\u00e1nyra sz\u00e1m\u00edtani\u201d \u2013 hangs\u00falyozta dr. Nagy K\u00e1roly. Mint hozz\u00e1tette: \u00faj t\u00f6rzs megjelen\u00e9se eset\u00e9n m\u00f3dszer\u00fckkel el\u0151re jelezhet\u0151 az is, hogy az adott t\u00edpus mennyire lesz vesz\u00e9lyes \u00e9s agressz\u00edven terjed\u0151.<\/p>\n<figure id=\"attachment_11495\" aria-describedby=\"caption-attachment-11495\" style=\"width: 300px\" class=\"wp-caption alignleft\"><a href=\"https:\/\/semmelweis.hu\/hirek\/files\/2012\/05\/nk-2.jpg\"><img loading=\"lazy\" decoding=\"async\" class=\"size-medium wp-image-11495\" src=\"https:\/\/semmelweis.hu\/hirek\/files\/2012\/05\/nk-2-300x199.jpg\" alt=\"\" width=\"300\" height=\"199\" srcset=\"https:\/\/semmelweis.hu\/hirek\/files\/2012\/05\/nk-2-300x199.jpg 300w, https:\/\/semmelweis.hu\/hirek\/files\/2012\/05\/nk-2-600x400.jpg 600w, https:\/\/semmelweis.hu\/hirek\/files\/2012\/05\/nk-2.jpg 800w\" sizes=\"auto, (max-width: 300px) 100vw, 300px\" \/><\/a><figcaption id=\"caption-attachment-11495\" class=\"wp-caption-text\">Dr. Nagy K\u00e1roly \u00e9s dr. F\u00fczi Mikl\u00f3s<\/figcaption><\/figure>\n<p>Jelenleg Magyarorsz\u00e1gon a k\u00fcl\u00f6nb\u00f6z\u0151 MRSA kl\u00f3nok k\u00f6z\u00fcl az \u00fagynevezett New York-Jap\u00e1n \u00e9s D\u00e9l-N\u00e9met t\u00f6rzsek vannak jelen. Ezek a 2000-es \u00e9vek elej\u00e9t\u0151l kezdve szor\u00edtott\u00e1k ki a kor\u00e1bban jelen l\u00e9v\u0151 \u00fan. magyar kl\u00f3nt, amely csak alacsony fert\u0151z\u00e9ssz\u00e1mot produk\u00e1lt. Az incidencia a nemzetk\u00f6zi MRSA kl\u00f3nok megjelen\u00e9s\u00e9vel kezdett emelkedni.<\/p>\n<p>A k\u00f3rh\u00e1zi fert\u0151z\u00e9sek gyakoris\u00e1ga szempontj\u00e1b\u00f3l teh\u00e1t \u2013 a higi\u00e9n\u00e9s, k\u00e9zmos\u00e1si, gy\u00f3gyszerel\u00e9si \u00e9s egy\u00e9b szab\u00e1lyok betart\u00e1s\u00e1n t\u00fal \u2013 az is fontos, hogy \u00e9ppen milyen bakt\u00e9riumkl\u00f3n az uralkod\u00f3 az adott f\u00f6ldrajzi ter\u00fcleten.<\/p>\n<p>Az Orvosi Mikrobiol\u00f3giai Int\u00e9zetben az MRSA-\u00e1n k\u00edv\u00fcl k\u00e9t m\u00e1sik k\u00f3rh\u00e1zi bakt\u00e9riumot is vizsg\u00e1ltak. A Klebsiella t\u00f6rzsek \u00e9s egy anaerob bakt\u00e9riumt\u00f6rzs eset\u00e9n is hasonl\u00f3 viselked\u00e9sform\u00e1t figyeltek meg.<\/p>\n<p>Az Int\u00e9zet m\u00e1jus 31-\u00e9re tudom\u00e1nyos \u00fcl\u00e9st szervez az orsz\u00e1gos helyettes tisztif\u0151orvos \u00e9s a szakter\u00fclet minden szerepl\u0151j\u00e9nek a r\u00e9szv\u00e9tel\u00e9vel. A rendezv\u00e9nyen egyebek mellett azt vitatj\u00e1k meg, hogy a gyakorlatban milyen tov\u00e1bbi hasznos\u00edt\u00e1sai lehet\u0151s\u00e9gei vannak a most kifejlesztett, modern molekul\u00e1ris elj\u00e1r\u00e1snak. DP<\/p>\n","protected":false},"excerpt":{"rendered":"<p>Becsl\u00e9sek szerint \u00e9vente nagys\u00e1grendileg sz\u00e1zezer k\u00f3rh\u00e1zi fert\u0151z\u00e9s fordulhat el\u0151 Magyarorsz\u00e1gon. Az \u00fagynevezett nozokomi\u00e1lis, vagyis csak k\u00f3rh\u00e1zi k\u00f6r\u00fclm\u00e9nyek k\u00f6z\u00f6tt terjed\u0151 k\u00f3rokoz\u00f3k a legyeng\u00fclt szervezet\u0171 betegek sz\u00e1m\u00e1ra ak\u00e1r v\u00e9gzetesek is lehetnek. <a href=\"https:\/\/semmelweis.hu\/hirek\/files\/2012\/05\/web-4282-nk.jpg\"><\/a> A Semmelweis Egyetem Orvosi Mikrobiol\u00f3giai Int\u00e9zet\u00e9nek kutat\u00f3i, az Orsz\u00e1gos Epidemiol\u00f3giai K\u00f6zponttal (OEK) egy\u00fcttm\u0171k\u00f6dve, most egy \u00faj elj\u00e1r\u00e1st fejlesztettek ki, amely seg\u00edts\u00e9g\u00e9vel el\u0151re jelezhet\u0151 egy-egy nagyobb k\u00f3rh\u00e1zi &hellip;<\/p>\n","protected":false},"author":13,"featured_media":11493,"comment_status":"closed","ping_status":"open","sticky":false,"template":"","format":"standard","meta":{"_acf_changed":false,"footnotes":""},"categories":[161,168],"tags":[4157,189],"class_list":["post-11492","post","type-post","status-publish","format-standard","has-post-thumbnail","hentry","category-tudomany","category-kiemelt","tag-innovacio"],"acf":[],"_links":{"self":[{"href":"https:\/\/semmelweis.hu\/hirek\/wp-json\/wp\/v2\/posts\/11492","targetHints":{"allow":["GET"]}}],"collection":[{"href":"https:\/\/semmelweis.hu\/hirek\/wp-json\/wp\/v2\/posts"}],"about":[{"href":"https:\/\/semmelweis.hu\/hirek\/wp-json\/wp\/v2\/types\/post"}],"author":[{"embeddable":true,"href":"https:\/\/semmelweis.hu\/hirek\/wp-json\/wp\/v2\/users\/13"}],"replies":[{"embeddable":true,"href":"https:\/\/semmelweis.hu\/hirek\/wp-json\/wp\/v2\/comments?post=11492"}],"version-history":[{"count":2,"href":"https:\/\/semmelweis.hu\/hirek\/wp-json\/wp\/v2\/posts\/11492\/revisions"}],"predecessor-version":[{"id":71242,"href":"https:\/\/semmelweis.hu\/hirek\/wp-json\/wp\/v2\/posts\/11492\/revisions\/71242"}],"wp:featuredmedia":[{"embeddable":true,"href":"https:\/\/semmelweis.hu\/hirek\/wp-json\/wp\/v2\/media\/11493"}],"wp:attachment":[{"href":"https:\/\/semmelweis.hu\/hirek\/wp-json\/wp\/v2\/media?parent=11492"}],"wp:term":[{"taxonomy":"category","embeddable":true,"href":"https:\/\/semmelweis.hu\/hirek\/wp-json\/wp\/v2\/categories?post=11492"},{"taxonomy":"post_tag","embeddable":true,"href":"https:\/\/semmelweis.hu\/hirek\/wp-json\/wp\/v2\/tags?post=11492"}],"curies":[{"name":"wp","href":"https:\/\/api.w.org\/{rel}","templated":true}]}}