{"id":114486,"date":"2022-05-26T14:00:20","date_gmt":"2022-05-26T12:00:20","guid":{"rendered":"https:\/\/semmelweis.hu\/hirek\/?p=114486"},"modified":"2022-05-26T13:42:05","modified_gmt":"2022-05-26T11:42:05","slug":"dr-hollo-peter-fontos-a-szaktudas-atadasa-mellett-a-szakma-iranti-tisztelet-tanitasa-is","status":"publish","type":"post","link":"https:\/\/semmelweis.hu\/hirek\/2022\/05\/26\/dr-hollo-peter-fontos-a-szaktudas-atadasa-mellett-a-szakma-iranti-tisztelet-tanitasa-is\/","title":{"rendered":"Dr. Holl\u00f3 P\u00e9ter: \u201eFontos a szaktud\u00e1s \u00e1tad\u00e1sa mellett a szakma ir\u00e1nti tisztelet tan\u00edt\u00e1sa is\u201d"},"content":{"rendered":"<div class=\"lead\">Dr. Holl\u00f3 P\u00e9ter hat\u00e1rozott tervekkel foglalta el a vezet\u0151i sz\u00e9ket \u2013 28 \u00e9vvel azut\u00e1n, hogy friss diplom\u00e1sk\u00e9nt elkezdett az egyetemen dolgozni. C\u00e9ljai k\u00f6z\u00f6tt szerepel a B\u0151r-, Nemik\u00f3rtani \u00e9s B\u0151ronkol\u00f3giai Klinika tudom\u00e1nyos tev\u00e9kenys\u00e9g\u00e9nek b\u0151v\u00edt\u00e9se, \u00faj kutat\u00e1si ter\u00fcletek kiakn\u00e1z\u00e1sa, de innovat\u00edv elj\u00e1r\u00e1sok bevezet\u00e9se a b\u0151rgy\u00f3gy\u00e1szati betegell\u00e1t\u00e1s\u00e1ban is priorit\u00e1st \u00e9lvez a 2021 okt\u00f3ber\u00e9ben kinevezett igazgat\u00f3 tervei k\u00f6z\u00f6tt. Nagyon fontosnak tartja a b\u0151rgy\u00f3gy\u00e1szati onkol\u00f3giai, ezen bel\u00fcl is a melanom\u00e1val kapcsolatos kutat\u00e1sok kiterjeszt\u00e9s\u00e9t.<\/div>\n<p>Dr. Holl\u00f3 P\u00e9ter t\u00f6bbgener\u00e1ci\u00f3s orvoscsal\u00e1db\u00f3l sz\u00e1rmazik, \u00edgy nem is volt sz\u00e1m\u00e1ra k\u00e9rd\u00e9s, hogy tov\u00e1bb viszi a hagyom\u00e1nyt, \u00e1m \u0151 a belgy\u00f3gy\u00e1szat-kardiol\u00f3gia helyett az \u00e1ltala egyik leginterdiszciplin\u00e1risabbnak tartott szakma, a b\u0151rgy\u00f3gy\u00e1szat fel\u00e9 fordult. V\u00e1laszt\u00e1s\u00e1nak legf\u0151bb oka, hogy olyan hivat\u00e1st szeretett volna gyakorolni, ahol szintetiz\u00e1lni kell sz\u00e1mos m\u00e1s szakm\u00e1b\u00f3l szerzett ismeretet.<\/p>\n<blockquote>\n<p>Ez a hivat\u00e1s a b\u0151rgy\u00f3gy\u00e1szattal b\u0151v\u00edtett belgy\u00f3gy\u00e1szat, ahol az immunol\u00f3gi\u00e1t\u00f3l a n\u0151gy\u00f3gy\u00e1szatig minden ter\u00fcletre r\u00e1l\u00e1t\u00e1s sz\u00fcks\u00e9ges, \u00e9s mely az elm\u00falt k\u00e9t \u00e9vtizedben robban\u00e1sszer\u0171 fejl\u0151d\u00e9s\u00e9vel hatalmas kih\u00edv\u00e1st jelent a benne dolgoz\u00f3knak<\/p>\n<\/blockquote>\n<p>\u2013 fogalmazott. Azt vallja: ezt a szakm\u00e1t csak annak minden szegmens\u00e9nek alapos ismerete r\u00e9v\u00e9n lehet megfelel\u0151 \u00e1ttekint\u00e9ssel \u00e9s felel\u0151ss\u00e9ggel m\u0171velni, ez\u00e9rt, hogy \u00a0ismereteit m\u00e9g szerte\u00e1gaz\u00f3bb\u00e1 tegye, b\u0151rgy\u00f3gy\u00e1szati szakvizsg\u00e1ja mell\u00e9 klinikai onkol\u00f3gi\u00e1b\u00f3l is k\u00e9pes\u00edt\u00e9st szerzett.<\/p>\n<p><a href=\"https:\/\/semmelweis.hu\/hirek\/files\/2022\/05\/RS149285_C19A2135-scr.jpg\"><img loading=\"lazy\" decoding=\"async\" class=\"alignright size-medium wp-image-115225\" src=\"https:\/\/semmelweis.hu\/hirek\/files\/2022\/05\/RS149285_C19A2135-scr-267x400.jpg\" alt=\"\" width=\"267\" height=\"400\" srcset=\"https:\/\/semmelweis.hu\/hirek\/files\/2022\/05\/RS149285_C19A2135-scr-267x400.jpg 267w, https:\/\/semmelweis.hu\/hirek\/files\/2022\/05\/RS149285_C19A2135-scr-533x800.jpg 533w, https:\/\/semmelweis.hu\/hirek\/files\/2022\/05\/RS149285_C19A2135-scr.jpg 600w\" sizes=\"auto, (max-width: 267px) 100vw, 267px\" \/><\/a>\u201e\u00d6t\u00f6d\u00e9vben alkalmam ny\u00edlt egy szemesztert a b\u00e9csi egyetemen elv\u00e9gezni, ahol betekint\u00e9st nyertem az ottani betegell\u00e1t\u00e1sba \u00e9s az oktat\u00e1sba egyar\u00e1nt, ezen ismereteimet hazat\u00e9rve a B\u0151r-, Nemik\u00f3rtani \u00e9s B\u0151ronkol\u00f3giai Klinik\u00e1n j\u00f3l tudtam kamatoztatni\u201d \u2013 mes\u00e9lte, hozz\u00e1t\u00e9ve, hogy 1993 \u00f3ta, imm\u00e1r 28 \u00e9ve dolgozik a klinik\u00e1n. A kezdetekt\u0151l fogva kivettem a r\u00e9szem az oktat\u00e1s mellett a tudom\u00e1nyos munk\u00e1b\u00f3l is \u2013 id\u00e9zte fel. Mint mondta, mindig is a klinikai ir\u00e1ny\u00fa, gyakorlati relevanci\u00e1j\u00fa kutat\u00e1sok \u00e9rdekelt\u00e9k: els\u0151sorban a gyullad\u00e1sos betegs\u00e9gek, mint p\u00e9ld\u00e1ul a pikkelys\u00f6m\u00f6r (pszori\u00e1zis) prognosztikai t\u00e9nyez\u0151i, a doktori disszert\u00e1ci\u00f3j\u00e1t is e t\u00e9mak\u00f6rb\u0151l \u00edrta. Ezen k\u00edv\u00fcl a melan\u00f3ma \u00e9s a b\u0151rdaganatok is az \u00e9rdekl\u0151d\u00e9si k\u00f6r\u00e9nek f\u00f3kusz\u00e1ban \u00e1llnak, \u00e9vek \u00a0\u00f3ta \u0151 vezeti a klinika onkodermatol\u00f3giai munkacsoportj\u00e1t.<\/p>\n<p>Dr. Holl\u00f3 P\u00e9ter igazgat\u00f3i kinevez\u00e9se el\u0151tt hat \u00e9vig igazgat\u00f3helyettesk\u00e9nt vett r\u00e9szt a klinika \u00e9let\u00e9ben, \u00edgy volt alkalma megismerkedni a vezet\u0151i ter\u00fclettel is. M\u00e1r a p\u00e1lyav\u00e1laszt\u00e1somban is alapvet\u0151 szerepet j\u00e1tszott a b\u0151rgy\u00f3gy\u00e1szat interdiszciplin\u00e1ris jellege, ma ez m\u00e9g ink\u00e1bb fel\u00e9rt\u00e9kel\u0151dik, nagyon fontosnak tartom a t\u00e1rsszakm\u00e1kkal val\u00f3 m\u00e9g szorosabb egy\u00fcttm\u0171k\u00f6d\u00e9st. Ezen kereszt\u00fcl jelent\u0151sen jav\u00edthat\u00f3 a klinika \u00e9s a b\u0151rgy\u00f3gy\u00e1sz szakma reput\u00e1ci\u00f3ja is \u2013 v\u00e9lekedett.<\/p>\n<p><a href=\"https:\/\/semmelweis.hu\/hirek\/files\/2022\/05\/RS149278_C19A2084-scr.jpg\"><img loading=\"lazy\" decoding=\"async\" class=\"aligncenter size-full wp-image-115224\" src=\"https:\/\/semmelweis.hu\/hirek\/files\/2022\/05\/RS149278_C19A2084-scr.jpg\" alt=\"\" width=\"1200\" height=\"775\" srcset=\"https:\/\/semmelweis.hu\/hirek\/files\/2022\/05\/RS149278_C19A2084-scr.jpg 1200w, https:\/\/semmelweis.hu\/hirek\/files\/2022\/05\/RS149278_C19A2084-scr-400x258.jpg 400w, https:\/\/semmelweis.hu\/hirek\/files\/2022\/05\/RS149278_C19A2084-scr-900x581.jpg 900w, https:\/\/semmelweis.hu\/hirek\/files\/2022\/05\/RS149278_C19A2084-scr-768x496.jpg 768w, https:\/\/semmelweis.hu\/hirek\/files\/2022\/05\/RS149278_C19A2084-scr-753x486.jpg 753w\" sizes=\"auto, (max-width: 1200px) 100vw, 1200px\" \/><\/a>\u201eAz oktat\u00e1s ter\u00e9n sikeresen \u00e1tt\u00e9rt\u00fcnk a blokkos\u00edtott k\u00e9pz\u00e9sre, az elk\u00f6vetkezend\u0151 id\u0151szakban ennek a tov\u00e1bbi jav\u00edt\u00e1sa, a tananyag aktualiz\u00e1l\u00e1sa lesz a feladatunk\u201d \u2013 r\u00e9szletezte. Az egyetemi strukt\u00farav\u00e1lt\u00e1shoz val\u00f3 alkalmazkod\u00e1s \u00e9s ezen v\u00e1ltoz\u00e1sok adta lehet\u0151s\u00e9gek kiakn\u00e1z\u00e1sa nagyon fontos, ennek r\u00e9szek\u00e9nt napirenden van a klinika \u00faj \u00e9p\u00fcletbe val\u00f3 \u00e1tk\u00f6lt\u00f6ztet\u00e9se, ami az oktat\u00e1s, a betegell\u00e1t\u00e1s \u00e9s a tudom\u00e1nyos munka sz\u00ednvonal\u00e1nak emel\u00e9s\u00e9t biztos\u00edtja majd. C\u00e9lk\u00e9nt emelte ki a klinika orvos- \u00e9s szakdolgoz\u00f3 g\u00e1rd\u00e1j\u00e1nak egy\u00fctt tart\u00e1s\u00e1t, az egy\u00e9ni teljes\u00edtm\u00e9nyek t\u00e1mogat\u00e1s\u00e1t, a szak\u00e9rtelem \u00e9s a tud\u00e1s folyamatos b\u0151v\u00edt\u00e9s\u00e9nek garant\u00e1l\u00e1s\u00e1t.<\/p>\n<blockquote>\n<p>Egyik legfontosabb feladatomnak tekintem a szaktud\u00e1s \u00e1tad\u00e1sa mellett a szakma ir\u00e1nti tisztelet \u00e9s hozz\u00e1\u00e1ll\u00e1s tan\u00edt\u00e1s\u00e1t, a szakma megbecs\u00fclts\u00e9g\u00e9nek jav\u00edt\u00e1s\u00e1t. Az itt elt\u00f6lt\u00f6tt 28 \u00e9v mutatja nemcsak az egyetem, de a klinika ir\u00e1nti elk\u00f6telezetts\u00e9gemet. A k\u00f6vetkez\u0151 \u00a0\u00e9vekben, ebben a poz\u00edci\u00f3ban szeretn\u00e9m mindk\u00e9t int\u00e9zm\u00e9ny jav\u00e1t szolg\u00e1lni<\/p>\n<\/blockquote>\n<p>\u2013 fogalmazott.<\/p>\n<p>Az igazgat\u00f3 felid\u00e9zte: a b\u0151rgy\u00f3gy\u00e1szat szeml\u00e9letm\u00f3dja az elm\u00falt 25 \u00e9vben nagyon sokat v\u00e1ltozott, m\u00edg kor\u00e1bban a legt\u00f6bb betegs\u00e9gnek nem tudt\u00e1k a pontos eredet\u00e9t, m\u00e1ra m\u00e1r gyakorlatilag ezek patomechanizmusa j\u00f3l ismert. \u201eTudjuk, hogy az immunrendszer szerepe a b\u0151rbetegs\u00e9gekben \u2013 kezdve a gyullad\u00e1sos betegs\u00e9gekt\u0151l eg\u00e9szen a daganatos betegs\u00e9gekig \u2013 l\u00e9nyegesen nagyobb, mint az kor\u00e1bban gondolt\u00e1k, ez a felismer\u00e9s alapvet\u0151en megv\u00e1ltoztatta a b\u0151rgy\u00f3gy\u00e1szati szeml\u00e9letm\u00f3dot\u201d \u2013 mutatott r\u00e1. Az \u00faj gy\u00f3gyszergy\u00e1rt\u00e1sok r\u00e9v\u00e9n \u00faj kezel\u00e9si lehet\u0151s\u00e9gek v\u00e1ltak el\u00e9rhet\u0151v\u00e9; a b\u0151rgy\u00f3gy\u00e1szat \u00fatt\u00f6r\u0151 szerepet v\u00e1llalt a biol\u00f3giai v\u00e1laszm\u00f3dos\u00edt\u00f3 kezel\u00e9sek meghonos\u00edt\u00e1s\u00e1ban. Kiemelte a pikkelys\u00f6m\u00f6rt, mint a biol\u00f3giai \u00faton kezelhet\u0151 betegs\u00e9gek protot\u00edpus\u00e1t, amely kezel\u00e9s\u00e9ben K\u00f6z\u00e9p-Magyarorsz\u00e1gi centrumk\u00e9nt nagy tapasztalattal rendelkeznek.<\/p>\n<div class=\"fontos_div\">\n<p>Dr. Holl\u00f3 P\u00e9ter hozz\u00e1tette: a modern, 21. sz\u00e1zadi b\u0151rgy\u00f3gy\u00e1szat m\u00e1r olyan digit\u00e1lis megold\u00e1sokat is alkalmaz \u2013 melyeket itt a klinik\u00e1n is bevezettek \u2013 mint a teledermatol\u00f3giai ell\u00e1t\u00e1s, vagy a mesters\u00e9ges intelligencia alap\u00fa digit\u00e1lis klinika, mely a p\u00e1ciens \u00e1ltal bek\u00fcld\u00f6tt k\u00e9p, valamint a mell\u00e9kelt klinikai adatok alapj\u00e1n az ismert b\u0151rgy\u00f3gy\u00e1szati probl\u00e9m\u00e1k jelent\u0151s r\u00e9sz\u00e9t k\u00e9pes azonos\u00edtani. Az ilyen d\u00f6nt\u00e9st\u00e1mogat\u00f3 rendszer alkalmaz\u00e1s\u00e1nak hatalmas el\u0151nye, hogy seg\u00edts\u00e9g\u00e9vel id\u0151ben kisz\u0171rhet\u0151ek azok a betegek, akiknek s\u00fcrg\u0151s vagy emelt szint\u0171 ell\u00e1t\u00e1sra van sz\u00fcks\u00e9g\u00fck. Kiemelte a k\u00fcl\u00f6nb\u00f6z\u0151 k\u00e9palkot\u00f3 elj\u00e1r\u00e1sok szerep\u00e9t a b\u0151rgy\u00f3gy\u00e1szatban, melyeknek ma m\u00e1r egyre nagyobb jelent\u0151s\u00e9ge van a k\u00fcl\u00f6nb\u00f6z\u0151 b\u0151rdaganatok ell\u00e1t\u00e1s\u00e1ban. Ezek meghonos\u00edt\u00e1sa is szerepel az \u00faj igazgat\u00f3 tervei k\u00f6z\u00f6tt.<\/p>\n<\/div>\n<p>Dr. Holl\u00f3 P\u00e9ter nagy hangs\u00falyt fektet a lakoss\u00e1g eduk\u00e1l\u00e1s\u00e1ra is, ez\u00e9rt a k\u00fcl\u00f6nf\u00e9le sajt\u00f3org\u00e1numokban gyakran nyilatkozik felh\u00edvva a lakoss\u00e1g figyelm\u00e9t a sz\u0171r\u0151vizsg\u00e1latokon val\u00f3 r\u00e9szv\u00e9tel fontoss\u00e1g\u00e1ra. \u201eA daganatok korai felismer\u00e9s\u00e9nek egyik kulcsmomentuma, hogy a lakoss\u00e1got kell\u0151en felvil\u00e1gos\u00edtsuk, hogy mire kell odafigyelni, fontos hogy sz\u00e9les k\u00f6rben is min\u00e9l t\u00f6bbet besz\u00e9lj\u00fcnk a k\u00fcl\u00f6nb\u00f6z\u0151 b\u0151rdaganatokr\u00f3l, lehets\u00e9ges rosszindulat\u00fa elv\u00e1ltoz\u00e1sokr\u00f3l\u201d \u2013 v\u00e9li.<\/p>\n<p>B\u00f3di Bernadett<br \/>\nFot\u00f3: Kov\u00e1cs Attila &#8211; Semmelweis Egyetem<\/p>\n","protected":false},"excerpt":{"rendered":"<p>A B\u0151r-, Nemik\u00f3rtani \u00e9s B\u0151ronkol\u00f3giai Klinika \u00faj igazgat\u00f3ja hat\u00e1rozott tervekkel foglalta el a vezet\u0151i sz\u00e9ket.<\/p>\n","protected":false},"author":101282,"featured_media":115224,"comment_status":"closed","ping_status":"closed","sticky":false,"template":"","format":"standard","meta":{"_acf_changed":false,"footnotes":""},"categories":[157,168],"tags":[3996],"class_list":["post-114486","post","type-post","status-publish","format-standard","has-post-thumbnail","hentry","category-semmelweis-vilag","category-kiemelt","tag-interju"],"acf":[],"_links":{"self":[{"href":"https:\/\/semmelweis.hu\/hirek\/wp-json\/wp\/v2\/posts\/114486","targetHints":{"allow":["GET"]}}],"collection":[{"href":"https:\/\/semmelweis.hu\/hirek\/wp-json\/wp\/v2\/posts"}],"about":[{"href":"https:\/\/semmelweis.hu\/hirek\/wp-json\/wp\/v2\/types\/post"}],"author":[{"embeddable":true,"href":"https:\/\/semmelweis.hu\/hirek\/wp-json\/wp\/v2\/users\/101282"}],"replies":[{"embeddable":true,"href":"https:\/\/semmelweis.hu\/hirek\/wp-json\/wp\/v2\/comments?post=114486"}],"version-history":[{"count":6,"href":"https:\/\/semmelweis.hu\/hirek\/wp-json\/wp\/v2\/posts\/114486\/revisions"}],"predecessor-version":[{"id":115228,"href":"https:\/\/semmelweis.hu\/hirek\/wp-json\/wp\/v2\/posts\/114486\/revisions\/115228"}],"wp:featuredmedia":[{"embeddable":true,"href":"https:\/\/semmelweis.hu\/hirek\/wp-json\/wp\/v2\/media\/115224"}],"wp:attachment":[{"href":"https:\/\/semmelweis.hu\/hirek\/wp-json\/wp\/v2\/media?parent=114486"}],"wp:term":[{"taxonomy":"category","embeddable":true,"href":"https:\/\/semmelweis.hu\/hirek\/wp-json\/wp\/v2\/categories?post=114486"},{"taxonomy":"post_tag","embeddable":true,"href":"https:\/\/semmelweis.hu\/hirek\/wp-json\/wp\/v2\/tags?post=114486"}],"curies":[{"name":"wp","href":"https:\/\/api.w.org\/{rel}","templated":true}]}}