{"id":11432,"date":"2012-05-17T12:45:11","date_gmt":"2012-05-17T12:45:11","guid":{"rendered":"http:\/\/semmelweis-egyetem.hu\/hirek\/?p=11432"},"modified":"2012-05-17T12:49:48","modified_gmt":"2012-05-17T12:49:48","slug":"etikai-dilemmak-es-mikrovezikulak-%e2%80%93-barati-kor","status":"publish","type":"post","link":"https:\/\/semmelweis.hu\/hirek\/2012\/05\/17\/etikai-dilemmak-es-mikrovezikulak-%e2%80%93-barati-kor\/","title":{"rendered":"Etikai dilemm\u00e1k \u00e9s mikrovezikul\u00e1k \u2013 Bar\u00e1ti K\u00f6r"},"content":{"rendered":"<p><strong>K\u00e9t katartikus t\u00e9m\u00e1j\u00fa, egym\u00e1st\u00f3l rendk\u00edv\u00fcl k\u00fcl\u00f6nb\u00f6z\u0151 el\u0151ad\u00e1st hallhattak a Semmelweis Egyetem Bar\u00e1ti K\u00f6r m\u00e1jusi tal\u00e1lkoz\u00f3j\u00e1nak r\u00e9sztvev\u0151i. M\u00e9gis az etikai-eszmei k\u00e9rd\u00e9sek feszeget\u00e9se m\u00e9lyen \u00f6sszef\u00fcgg a fiatal kutat\u00e1s megh\u00f6kkent\u0151 eredm\u00e9nyeivel. Ami \u00f6sszekapcsolja \u0151ket, az az \u00e9let \u00e9s hal\u00e1l autentikus emberi-szakmai szeml\u00e9let\u00e9nek m\u00f3dja.<\/strong><\/p>\n<figure id=\"attachment_11433\" aria-describedby=\"caption-attachment-11433\" style=\"width: 301px\" class=\"wp-caption alignright\"><a href=\"https:\/\/semmelweis.hu\/hirek\/files\/2012\/05\/javor.jpg\"><img loading=\"lazy\" decoding=\"async\" class=\"size-large wp-image-11433\" src=\"https:\/\/semmelweis.hu\/hirek\/files\/2012\/05\/javor-301x400.jpg\" alt=\"Dr. J\u00e1vor Andr\u00e1s\" width=\"301\" height=\"400\" srcset=\"https:\/\/semmelweis.hu\/hirek\/files\/2012\/05\/javor-301x400.jpg 301w, https:\/\/semmelweis.hu\/hirek\/files\/2012\/05\/javor-226x300.jpg 226w, https:\/\/semmelweis.hu\/hirek\/files\/2012\/05\/javor.jpg 1608w\" sizes=\"auto, (max-width: 301px) 100vw, 301px\" \/><\/a><figcaption id=\"caption-attachment-11433\" class=\"wp-caption-text\">Dr. J\u00e1vor Andr\u00e1s<\/figcaption><\/figure>\n<p><em>Orvosetika a globaliz\u00e1ci\u00f3 \u00e9r\u00e1j\u00e1ban<\/em> c\u00edmmel dr. J\u00e1vor Andr\u00e1s k\u00f6zigazgat\u00e1si \u00e1llamtitk\u00e1r a globaliz\u00e1ci\u00f3 etikai vonzatair\u00f3l besz\u00e9lt. El\u0151ad\u00e1s\u00e1t informatikailag t\u00falfejlett vil\u00e1gunk szakmai-emberi etikai kih\u00edv\u00e1sai k\u00f6r\u00e9 \u00e9p\u00edtette fel.<\/p>\n<p>Sz\u00e1mtalanszor felteszem azt a k\u00e9rd\u00e9st \u2013 vetette fel a politikus \u2013, hogy az a d\u00f6nt\u00e9s, amit naponta meghozunk, vagy amelyeknek az el\u0151k\u00e9sz\u00edt\u00e9s\u00e9ben k\u00f6zrem\u0171k\u00f6d\u00f6k, hogyan \u00e9rinti az egyes embert, \u00e9s hogyan a t\u00e1rsadalmat?! Mi, akik a k\u00f6zigazgat\u00e1sban dolgozunk, olyan d\u00f6nt\u00e9seket k\u00e9sz\u00edt\u00fcnk el\u0151, vagy n\u00e9ha a saj\u00e1t szint\u00fcnk\u00f6n olyan d\u00f6nt\u00e9seket kell meghoznunk, ami az emberek mindennapi \u00e9let\u00e9t alapvet\u0151en befoly\u00e1solj\u00e1k. Hihetetlen\u00fcl nagy a felel\u0151ss\u00e9g \u2013 mondta \u2013, s aki an\u00e9lk\u00fcl d\u00f6nt, hogy nem tudja elk\u00e9pzelni, mi t\u00f6rt\u00e9nik a d\u00f6nt\u00e9se k\u00f6vetkezt\u00e9ben a beteg\u00e1gyn\u00e1l, a beteg sors\u00e1val, az el van veszve.<\/p>\n<p>A profit-szeml\u00e9let \u00e1tj\u00e1rja vil\u00e1gunkat. M\u00edg nemr\u00e9g term\u00e9szetes volt a sz\u00fclet\u00e9s vagy hal\u00e1l l\u00e1tv\u00e1nya, ma a t\u00e1rsadalom nincs hozz\u00e1szokva a szenved\u0151 ember problematik\u00e1j\u00e1hoz, elutas\u00edtja azt. Kommunik\u00e1ci\u00f3s v\u00e1kuum van gyakran ell\u00e1t\u00f3 \u00e9s ell\u00e1tott k\u00f6z\u00f6tt m\u00e9g rokoni kapcsolatokban is. Sok fiatal ett\u0151l elborzad, \u00e9s elhagyja az eg\u00e9szs\u00e9g\u00fcgyi p\u00e1ly\u00e1t.<\/p>\n<p><a href=\"https:\/\/semmelweis.hu\/hirek\/files\/2012\/05\/medical-ethics9744.jpeg\"><img loading=\"lazy\" decoding=\"async\" class=\"aligncenter size-full wp-image-11434\" src=\"https:\/\/semmelweis.hu\/hirek\/files\/2012\/05\/medical-ethics9744.jpeg\" alt=\"\" width=\"840\" height=\"672\" srcset=\"https:\/\/semmelweis.hu\/hirek\/files\/2012\/05\/medical-ethics9744.jpeg 840w, https:\/\/semmelweis.hu\/hirek\/files\/2012\/05\/medical-ethics9744-300x240.jpg 300w, https:\/\/semmelweis.hu\/hirek\/files\/2012\/05\/medical-ethics9744-500x400.jpg 500w\" sizes=\"auto, (max-width: 840px) 100vw, 840px\" \/><\/a>Az orvosoknak, a f\u0151 d\u00f6nt\u00e9shoz\u00f3knak hatalmas kih\u00edv\u00e1st jelent az, hogy a vil\u00e1g medicin\u00e1ja rohaml\u00e9ptekben fejl\u0151dik, de a forr\u00e1sok limit\u00e1ltak. A gy\u00f3gy\u00edt\u00f3 munka sor\u00e1n etikai dilemm\u00e1k sorozat\u00e1val kell szembes\u00fclni: az orvos szakmai, fizikai, ment\u00e1lis, erk\u00f6lcsi alkalmass\u00e1ga, az orvos-orvos k\u00f6zti kapcsolat, az orvos \u00e9s term\u00e9szetgy\u00f3gy\u00e1szat kapcsolata, a h\u00e1lap\u00e9nz k\u00e9rd\u00e9se, a fogyaszt\u00e1s-\u00f6szt\u00f6nz\u00e9s megjelen\u00e9se, az eutan\u00e1zia, az abortusz, a fogamz\u00e1sg\u00e1tl\u00e1s, mesters\u00e9ges megterm\u00e9keny\u00edt\u00e9s k\u00e9rd\u00e9sei megnyugtat\u00f3 v\u00e1laszra v\u00e1rnak. Senki nem v\u00e1llalja \u00e1t a felel\u0151ss\u00e9g\u00fcnket, azt kell megtanulni, hogy a felel\u0151ss\u00e9get v\u00e1llalni tudjuk! A gy\u00f3gy\u00edt\u00e1s nem szakma, hanem m\u0171v\u00e9szet.<\/p>\n<figure id=\"attachment_11435\" aria-describedby=\"caption-attachment-11435\" style=\"width: 320px\" class=\"wp-caption alignright\"><a href=\"https:\/\/semmelweis.hu\/hirek\/files\/2012\/05\/gyorgybence.jpg\"><img loading=\"lazy\" decoding=\"async\" class=\"size-large wp-image-11435\" src=\"https:\/\/semmelweis.hu\/hirek\/files\/2012\/05\/gyorgybence-320x400.jpg\" alt=\"Dr. Gy\u00f6rgy Bence\" width=\"320\" height=\"400\" srcset=\"https:\/\/semmelweis.hu\/hirek\/files\/2012\/05\/gyorgybence-320x400.jpg 320w, https:\/\/semmelweis.hu\/hirek\/files\/2012\/05\/gyorgybence-240x300.jpg 240w, https:\/\/semmelweis.hu\/hirek\/files\/2012\/05\/gyorgybence.jpg 583w\" sizes=\"auto, (max-width: 320px) 100vw, 320px\" \/><\/a><figcaption id=\"caption-attachment-11435\" class=\"wp-caption-text\">Dr. Gy\u00f6rgy Bence<\/figcaption><\/figure>\n<p>Dr. Gy\u00f6rgy Bence, a Bar\u00e1ti K\u00f6r dr. Bal\u00e1zs Dezs\u0151 \u00e9s Walter Julianna p\u00e1ly\u00e1zat\u00e1nak 2011. \u00e9vi d\u00edjazottja Buz\u00e1s Edit professzorral dolgozik 2005 \u00f3ta a Genetikai \u00e9s Immunbiol\u00f3giai Int\u00e9zetben, jelenleg PhD-hallgat\u00f3k\u00e9nt, de a Szem\u00e9szeti Klinik\u00e1n is v\u00e9gez klinikai orvosi munk\u00e1t. A p\u00e1ly\u00e1zat seg\u00edts\u00e9g\u00e9vel utazhatott el az \u00f6t napos CYTO 2011. \u00c1raml\u00e1si Konferenci\u00e1ra Baltimore-ba (USA), ahol el\u0151sz\u00f6r t\u0171zt\u00e9k ki, hogy a mirovezikul\u00e1k m\u00e9r\u00e9s\u00e9re workshopot szerveznek, melyen a kutat\u00f3 poszterrel vett r\u00e9szt. Mikrovezikul\u00e1k: \u00faj h\u00edrviv\u0151k a sejtek k\u00f6z\u00f6tti kommunik\u00e1ci\u00f3ban c\u00edm\u0171 el\u0151ad\u00e1s\u00e1b\u00f3l a szervezet m\u0171k\u00f6d\u00e9s\u00e9nek \u00faj \u00f6sszef\u00fcgg\u00e9seire der\u00fclt f\u00e9ny.<\/p>\n<p>H\u00fasz \u00e9ve der\u00fclt ki, hogy a sejtek k\u00f6z\u00f6tt vannak felfoghat\u00f3 strukt\u00far\u00e1k, minisejtek, membr\u00e1nnal k\u00f6r\u00fclvett vezikulumok: a mikrovezikul\u00e1k. \u00dagy kell tekinteni r\u00e1juk, mint a sejtekre, csak sokkal kisebb strukt\u00far\u00e1kra. Eleinte nem tulajdon\u00edtottak fontoss\u00e1got ezeknek, az angol irodalom szem\u00e9tnek\/pornak nevezte \u0151ket. Az ut\u00f3bbi t\u00edz \u00e9vben der\u00fclt ki, hogy nagyon sok biol\u00f3giai funkci\u00f3t hordoznak, az orvostudom\u00e1nynak pedig k\u00fcl\u00f6n\u00f6sen \u00e9rdekesek mind a diagnosztika, mind a ter\u00e1pia szempontj\u00e1b\u00f3l. Dr. Gy\u00f6rgy Bence elmondta, hogy els\u0151k\u00e9nt hat\u00e1rozta meg munkacsoportjuk a v\u00e9r \u00e9s vizeleti mikrovezikul\u00e1k m\u00e9reteloszl\u00e1s\u00e1t sz\u00e1mos m\u00f3dszer egyidej\u0171 alkalmaz\u00e1s\u00e1val. Kimutatt\u00e1k, hogy sz\u00e1mos t\u00e9nyez\u0151 nehez\u00edti az anal\u00edzis\u00fcket. \u00cdz\u00fcleti folyad\u00e9kban vizsg\u00e1lt\u00e1k a mikrovezikul\u00e1k feh\u00e9rje-\u00f6sszet\u00e9tel\u00e9t: pl. CD8 pozit\u00edv T-sejt eredet\u0171 vezikul\u00e1kat tal\u00e1ltak a rheumatoid arthritis biomarkerek\u00e9nt. Ennek bizony\u00edt\u00e1sa prospekt\u00edv vizsg\u00e1latokat ig\u00e9nyel.<\/p>\n<p>Urb\u00e1n Beatrice<\/p>\n","protected":false},"excerpt":{"rendered":"<p>K\u00e9t katartikus t\u00e9m\u00e1j\u00fa, egym\u00e1st\u00f3l rendk\u00edv\u00fcl k\u00fcl\u00f6nb\u00f6z\u0151 el\u0151ad\u00e1st hallhattak a Semmelweis Egyetem Bar\u00e1ti K\u00f6r m\u00e1jusi tal\u00e1lkoz\u00f3j\u00e1nak r\u00e9sztvev\u0151i. M\u00e9gis az etikai-eszmei k\u00e9rd\u00e9sek feszeget\u00e9se m\u00e9lyen \u00f6sszef\u00fcgg a fiatal kutat\u00e1s megh\u00f6kkent\u0151 eredm\u00e9nyeivel. Ami \u00f6sszekapcsolja \u0151ket, az az \u00e9let \u00e9s hal\u00e1l autentikus emberi-szakmai szeml\u00e9let\u00e9nek m\u00f3dja. Orvosetika a globaliz\u00e1ci\u00f3 \u00e9r\u00e1j\u00e1ban c\u00edmmel dr. J\u00e1vor Andr\u00e1s k\u00f6zigazgat\u00e1si \u00e1llamtitk\u00e1r a globaliz\u00e1ci\u00f3 etikai vonzatair\u00f3l besz\u00e9lt. &hellip;<\/p>\n","protected":false},"author":12,"featured_media":11434,"comment_status":"closed","ping_status":"open","sticky":false,"template":"","format":"standard","meta":{"_acf_changed":false,"footnotes":""},"categories":[157],"tags":[235,345],"class_list":["post-11432","post","type-post","status-publish","format-standard","has-post-thumbnail","hentry","category-semmelweis-vilag","tag-barati-kor","tag-esemenyek-es-beszamolok"],"acf":[],"_links":{"self":[{"href":"https:\/\/semmelweis.hu\/hirek\/wp-json\/wp\/v2\/posts\/11432","targetHints":{"allow":["GET"]}}],"collection":[{"href":"https:\/\/semmelweis.hu\/hirek\/wp-json\/wp\/v2\/posts"}],"about":[{"href":"https:\/\/semmelweis.hu\/hirek\/wp-json\/wp\/v2\/types\/post"}],"author":[{"embeddable":true,"href":"https:\/\/semmelweis.hu\/hirek\/wp-json\/wp\/v2\/users\/12"}],"replies":[{"embeddable":true,"href":"https:\/\/semmelweis.hu\/hirek\/wp-json\/wp\/v2\/comments?post=11432"}],"version-history":[{"count":1,"href":"https:\/\/semmelweis.hu\/hirek\/wp-json\/wp\/v2\/posts\/11432\/revisions"}],"predecessor-version":[{"id":11436,"href":"https:\/\/semmelweis.hu\/hirek\/wp-json\/wp\/v2\/posts\/11432\/revisions\/11436"}],"wp:featuredmedia":[{"embeddable":true,"href":"https:\/\/semmelweis.hu\/hirek\/wp-json\/wp\/v2\/media\/11434"}],"wp:attachment":[{"href":"https:\/\/semmelweis.hu\/hirek\/wp-json\/wp\/v2\/media?parent=11432"}],"wp:term":[{"taxonomy":"category","embeddable":true,"href":"https:\/\/semmelweis.hu\/hirek\/wp-json\/wp\/v2\/categories?post=11432"},{"taxonomy":"post_tag","embeddable":true,"href":"https:\/\/semmelweis.hu\/hirek\/wp-json\/wp\/v2\/tags?post=11432"}],"curies":[{"name":"wp","href":"https:\/\/api.w.org\/{rel}","templated":true}]}}