{"id":114024,"date":"2022-04-28T06:00:47","date_gmt":"2022-04-28T04:00:47","guid":{"rendered":"https:\/\/semmelweis.hu\/hirek\/?p=114024"},"modified":"2022-07-13T10:07:08","modified_gmt":"2022-07-13T08:07:08","slug":"dr-vago-hajnalka-soha-fel-sem-merult-hogy-mas-hivatast-valasszak","status":"publish","type":"post","link":"https:\/\/semmelweis.hu\/hirek\/2022\/04\/28\/dr-vago-hajnalka-soha-fel-sem-merult-hogy-mas-hivatast-valasszak\/","title":{"rendered":"Dr. V\u00e1g\u00f3 Hajnalka: \u201eSoha fel sem mer\u00fclt, hogy m\u00e1s hivat\u00e1st v\u00e1lasszak\u201d"},"content":{"rendered":"<div class=\"lead\">Mik\u00e9nt \u00e1llnak helyt a 21. sz\u00e1zad eg\u00e9szs\u00e9g\u00fcgyi dolgoz\u00f3i a csal\u00e1dban \u00e9s a munkahelyen egyar\u00e1nt &#8211; a Semmelweis Egyetem portr\u00e9-sorozata,\u00a0 Hugonnai Vilma nyom\u00e1ban c\u00edmmel az egyetemhez k\u00f6t\u0151d\u0151, szakter\u00fclet\u00fck\u00f6n kimagasl\u00f3 eredm\u00e9nyeket el\u00e9rt n\u0151ket mutat be.<\/div>\n<p><strong>\u00a0<\/strong>N\u00e9gy gyermek \u00e9desanyja, &#8216;civil&#8217; hivat\u00e1sa mellett pedig egyetemi docens, kardiol\u00f3gus, sportorvostan szakorvos, a Semmelweis Egyetem V\u00e1rosmajori Sz\u00edv-\u00e9s \u00c9rgy\u00f3gy\u00e1szati Klinika MR munkacsoportj\u00e1nak vezet\u0151je, a Sportorvostani Tansz\u00e9k angol \u00e9s magyar tanulm\u00e1nyi felel\u0151se. Dr. V\u00e1g\u00f3 Hajnalka az egyetemhez k\u00f6t\u0151d\u0151, szakter\u00fclet\u00fck\u00f6n kimagasl\u00f3 eredm\u00e9nyeket el\u00e9rt n\u0151ket bemutat\u00f3 Hugonnai Vilma nyom\u00e1ban portr\u00e9-sorozat k\u00f6vetkez\u0151 epiz\u00f3dj\u00e1nak f\u0151szerepl\u0151je. A besz\u00e9lget\u00e9sben mes\u00e9l arr\u00f3l, kik ihlett\u00e9k p\u00e1lyav\u00e1laszt\u00e1s\u00e1t, kit tekint p\u00e9ldak\u00e9p\u00e9nek, kik \u00e9s hogyan seg\u00edtik hivat\u00e1sa meg\u00e9l\u00e9s\u00e9ben. Megosztja, hogyan t\u00f6lt\u0151dik egy hossz\u00fa munkanap ut\u00e1n \u00e9s \u0151szint\u00e9n besz\u00e9l szakm\u00e1ja neh\u00e9zs\u00e9geir\u0151l, p\u00e9ld\u00e1ul arr\u00f3l is, hogyan \u00e9lt\u00e9k meg koll\u00e9g\u00e1ival \u00e9s szint\u00e9n orvos f\u00e9rj\u00e9vel a pand\u00e9mia id\u0151szak\u00e1t. Emellett bemutatja szakmai csapat\u00e1t \u00e9s megtudhatjuk, mi\u00e9rt tartja kiemelked\u0151en fontosnak az iskolateremt\u0151 szem\u00e9letet \u00e9s term\u00e9szetesen sz\u00f3 esik arr\u00f3l is, mi seg\u00edti \u0151t abban, hogy mind a csal\u00e1dj\u00e1nak, mind pedig a munk\u00e1j\u00e1ban a legt\u00f6bbet adja.<\/p>\n<p><iframe loading=\"lazy\" title=\"Hugonnai Vilma nyom\u00e1ban \u2212 Sikeres n\u0151k az eg\u00e9szs\u00e9g\u00e9rt: Dr. V\u00e1g\u00f3 Hajnalka\" width=\"753\" height=\"424\" src=\"https:\/\/www.youtube.com\/embed\/Sq2GZ2xygPk?feature=oembed\" frameborder=\"0\" allow=\"accelerometer; autoplay; clipboard-write; encrypted-media; gyroscope; picture-in-picture\" allowfullscreen><\/iframe><\/p>\n<p>Fekete-Obrecz\u00e1ny \u00c9va<\/p>\n","protected":false},"excerpt":{"rendered":"<p>Szakter\u00fclet\u00fck\u00f6n kimagasl\u00f3 eredm\u00e9nyeket el\u00e9rt n\u0151ket mutat be a Hugonnai Vilma nyom\u00e1ban portr\u00e9-sorozat. <\/p>\n","protected":false},"author":102015,"featured_media":114026,"comment_status":"closed","ping_status":"closed","sticky":false,"template":"","format":"standard","meta":{"_acf_changed":false,"footnotes":""},"categories":[157,168],"tags":[4304,4246],"class_list":["post-114024","post","type-post","status-publish","format-standard","has-post-thumbnail","hentry","category-semmelweis-vilag","category-kiemelt","tag-hugonnai-nyomaban","tag-video"],"acf":[],"_links":{"self":[{"href":"https:\/\/semmelweis.hu\/hirek\/wp-json\/wp\/v2\/posts\/114024","targetHints":{"allow":["GET"]}}],"collection":[{"href":"https:\/\/semmelweis.hu\/hirek\/wp-json\/wp\/v2\/posts"}],"about":[{"href":"https:\/\/semmelweis.hu\/hirek\/wp-json\/wp\/v2\/types\/post"}],"author":[{"embeddable":true,"href":"https:\/\/semmelweis.hu\/hirek\/wp-json\/wp\/v2\/users\/102015"}],"replies":[{"embeddable":true,"href":"https:\/\/semmelweis.hu\/hirek\/wp-json\/wp\/v2\/comments?post=114024"}],"version-history":[{"count":4,"href":"https:\/\/semmelweis.hu\/hirek\/wp-json\/wp\/v2\/posts\/114024\/revisions"}],"predecessor-version":[{"id":114090,"href":"https:\/\/semmelweis.hu\/hirek\/wp-json\/wp\/v2\/posts\/114024\/revisions\/114090"}],"wp:featuredmedia":[{"embeddable":true,"href":"https:\/\/semmelweis.hu\/hirek\/wp-json\/wp\/v2\/media\/114026"}],"wp:attachment":[{"href":"https:\/\/semmelweis.hu\/hirek\/wp-json\/wp\/v2\/media?parent=114024"}],"wp:term":[{"taxonomy":"category","embeddable":true,"href":"https:\/\/semmelweis.hu\/hirek\/wp-json\/wp\/v2\/categories?post=114024"},{"taxonomy":"post_tag","embeddable":true,"href":"https:\/\/semmelweis.hu\/hirek\/wp-json\/wp\/v2\/tags?post=114024"}],"curies":[{"name":"wp","href":"https:\/\/api.w.org\/{rel}","templated":true}]}}