{"id":11378,"date":"2012-05-13T15:00:18","date_gmt":"2012-05-13T15:00:18","guid":{"rendered":"http:\/\/semmelweis-egyetem.hu\/hirek\/?p=11378"},"modified":"2020-02-26T09:53:21","modified_gmt":"2020-02-26T08:53:21","slug":"tul-az-utolso-muteten-arccsontrekonstrukcio-3d-ben-video","status":"publish","type":"post","link":"https:\/\/semmelweis.hu\/hirek\/2012\/05\/13\/tul-az-utolso-muteten-arccsontrekonstrukcio-3d-ben-video\/","title":{"rendered":"T\u00fal az utols\u00f3 m\u0171t\u00e9ten: Arccsontrekonstrukci\u00f3 3D-ben \/VIDE\u00d3\/"},"content":{"rendered":"<p><iframe loading=\"lazy\" title=\"T\u00fal az utols\u00f3 m\u0171t\u00e9ten: Arccsontrekonstrukci\u00f3 3D-ben\" width=\"753\" height=\"565\" src=\"https:\/\/www.youtube.com\/embed\/ee9OwBFBUkc?feature=oembed\" frameborder=\"0\" allow=\"accelerometer; autoplay; encrypted-media; gyroscope; picture-in-picture\" allowfullscreen><\/iframe><\/p>\n<p>Az els\u0151 beteg utols\u00f3 m\u0171t\u00e9te kapcs\u00e1n sz\u00e1molt be dr. Barab\u00e1s J\u00f3zsef, az Arc-\u00c1llcsont-Sz\u00e1jseb\u00e9szeti Klinika igazgat\u00f3ja \u00e9s dr. V\u00edzkelety Tam\u00e1s fogszab\u00e1lyoz\u00f3 szakorvos \u00e9s \u00e1llcsont-orthop\u00e9dus a T\u00c1MOP p\u00e1ly\u00e1zat seg\u00edts\u00e9g\u00e9vel l\u00e9trehozott, a klinik\u00e1n el\u00e9rhet\u0151, egyed\u00fcl\u00e1ll\u00f3 h\u00e1rom dimenzi\u00f3s sz\u00e1m\u00edt\u00f3g\u00e9pes arccsontrekonstrukci\u00f3s rendszerr\u0151l.<\/p>\n<p>SzZs<a href=\"https:\/\/semmelweis.hu\/hirek\/files\/2012\/05\/kutatoegyetemi-logosor.jpg\"><img loading=\"lazy\" decoding=\"async\" class=\"alignright size-large wp-image-11307\" src=\"https:\/\/semmelweis.hu\/hirek\/files\/2012\/05\/kutatoegyetemi-logosor-600x101.jpg\" alt=\"\" width=\"600\" height=\"101\" srcset=\"https:\/\/semmelweis.hu\/hirek\/files\/2012\/05\/kutatoegyetemi-logosor-600x101.jpg 600w, https:\/\/semmelweis.hu\/hirek\/files\/2012\/05\/kutatoegyetemi-logosor-300x50.jpg 300w\" sizes=\"auto, (max-width: 600px) 100vw, 600px\" \/><\/a><\/p>\n","protected":false},"excerpt":{"rendered":"<p>Az els\u0151 beteg utols\u00f3 m\u0171t\u00e9te kapcs\u00e1n sz\u00e1molt be dr. Barab\u00e1s J\u00f3zsef, az Arc-\u00c1llcsont-Sz\u00e1jseb\u00e9szeti Klinika igazgat\u00f3ja \u00e9s dr. V\u00edzkelety Tam\u00e1s fogszab\u00e1lyoz\u00f3 szakorvos \u00e9s \u00e1llcsont-orthop\u00e9dus a T\u00c1MOP p\u00e1ly\u00e1zat seg\u00edts\u00e9g\u00e9vel l\u00e9trehozott, a klinik\u00e1n el\u00e9rhet\u0151, egyed\u00fcl\u00e1ll\u00f3 h\u00e1rom dimenzi\u00f3s sz\u00e1m\u00edt\u00f3g\u00e9pes arccsontrekonstrukci\u00f3s rendszerr\u0151l.<br \/>\nSzZs<a href=\"https:\/\/semmelweis.hu\/hirek\/files\/2012\/05\/kutatoegyetemi-logosor.jpg\"><\/a><\/p>\n","protected":false},"author":10,"featured_media":11310,"comment_status":"closed","ping_status":"open","sticky":false,"template":"","format":"standard","meta":{"_acf_changed":false,"footnotes":""},"categories":[161,168],"tags":[160,246],"class_list":["post-11378","post","type-post","status-publish","format-standard","has-post-thumbnail","hentry","category-tudomany","category-kiemelt","tag-ske","tag-tamop"],"acf":[],"_links":{"self":[{"href":"https:\/\/semmelweis.hu\/hirek\/wp-json\/wp\/v2\/posts\/11378","targetHints":{"allow":["GET"]}}],"collection":[{"href":"https:\/\/semmelweis.hu\/hirek\/wp-json\/wp\/v2\/posts"}],"about":[{"href":"https:\/\/semmelweis.hu\/hirek\/wp-json\/wp\/v2\/types\/post"}],"author":[{"embeddable":true,"href":"https:\/\/semmelweis.hu\/hirek\/wp-json\/wp\/v2\/users\/10"}],"replies":[{"embeddable":true,"href":"https:\/\/semmelweis.hu\/hirek\/wp-json\/wp\/v2\/comments?post=11378"}],"version-history":[{"count":1,"href":"https:\/\/semmelweis.hu\/hirek\/wp-json\/wp\/v2\/posts\/11378\/revisions"}],"predecessor-version":[{"id":94682,"href":"https:\/\/semmelweis.hu\/hirek\/wp-json\/wp\/v2\/posts\/11378\/revisions\/94682"}],"wp:featuredmedia":[{"embeddable":true,"href":"https:\/\/semmelweis.hu\/hirek\/wp-json\/wp\/v2\/media\/11310"}],"wp:attachment":[{"href":"https:\/\/semmelweis.hu\/hirek\/wp-json\/wp\/v2\/media?parent=11378"}],"wp:term":[{"taxonomy":"category","embeddable":true,"href":"https:\/\/semmelweis.hu\/hirek\/wp-json\/wp\/v2\/categories?post=11378"},{"taxonomy":"post_tag","embeddable":true,"href":"https:\/\/semmelweis.hu\/hirek\/wp-json\/wp\/v2\/tags?post=11378"}],"curies":[{"name":"wp","href":"https:\/\/api.w.org\/{rel}","templated":true}]}}