{"id":11374,"date":"2012-05-10T07:19:15","date_gmt":"2012-05-10T07:19:15","guid":{"rendered":"http:\/\/semmelweis-egyetem.hu\/hirek\/?p=11374"},"modified":"2012-05-10T07:19:53","modified_gmt":"2012-05-10T07:19:53","slug":"legzesfunkcios-eszkoz-az-i-sz-gyermekklinikanak","status":"publish","type":"post","link":"https:\/\/semmelweis.hu\/hirek\/2012\/05\/10\/legzesfunkcios-eszkoz-az-i-sz-gyermekklinikanak\/","title":{"rendered":"L\u00e9gz\u00e9sfunkci\u00f3s eszk\u00f6z az I. Sz. Gyermekklinik\u00e1nak"},"content":{"rendered":"<p><a href=\"https:\/\/semmelweis.hu\/hirek\/files\/2012\/05\/gyermekrak.jpg\"><img loading=\"lazy\" decoding=\"async\" class=\"alignleft size-medium wp-image-11375\" src=\"https:\/\/semmelweis.hu\/hirek\/files\/2012\/05\/gyermekrak-300x200.jpg\" alt=\"\" width=\"300\" height=\"200\" srcset=\"https:\/\/semmelweis.hu\/hirek\/files\/2012\/05\/gyermekrak-300x200.jpg 300w, https:\/\/semmelweis.hu\/hirek\/files\/2012\/05\/gyermekrak-598x400.jpg 598w, https:\/\/semmelweis.hu\/hirek\/files\/2012\/05\/gyermekrak-600x400.jpg 600w, https:\/\/semmelweis.hu\/hirek\/files\/2012\/05\/gyermekrak.jpg 640w\" sizes=\"auto, (max-width: 300px) 100vw, 300px\" \/><\/a>A Gyermekr\u00e1k Alap\u00edtv\u00e1ny 7,2 milli\u00f3 forint \u00e9rt\u00e9k\u0171, korszer\u0171 l\u00e9gz\u00e9sfunkci\u00f3s k\u00e9sz\u00fcl\u00e9ket adom\u00e1nyozott a Semmelweis Egyetem I. sz. Gyermekklinik\u00e1nak. A mai kor elv\u00e1r\u00e1sainak mindenben megfelel\u0151 \u00faj diagnosztikus k\u00e9sz\u00fcl\u00e9ket az alap\u00edtv\u00e1ny eln\u00f6ke adta \u00e1t a klinika vezet\u0151inek.<\/p>\n<p>Dr. Arat\u00f3 Andr\u00e1s igazgat\u00f3-helyettes a k\u00e9sz\u00fcl\u00e9k bemutat\u00e1sakor elmondta, a gyermekkori daganatos betegs\u00e9gek kezel\u00e9s\u00e9nek mell\u00e9khat\u00e1saik\u00e9nt fell\u00e9p\u0151 k\u00e9s\u0151i sz\u00f6v\u0151dm\u00e9nyek gyakran k\u00e1ros\u00edtj\u00e1k a l\u00e9gz\u0151rendszert. Az \u00faj m\u0171szer a korai elv\u00e1ltoz\u00e1sok felismer\u00e9s\u00e9t seg\u00edti. A pulmonol\u00f3giai oszt\u00e1lyon eddig haszn\u00e1lt l\u00e9gz\u00e9sfunkci\u00f3s k\u00e9sz\u00fcl\u00e9k m\u00e1ra el\u00f6regedett, t\u00f6bbsz\u00f6r meghib\u00e1sodott, v\u00e9g\u00fcl teljesen jav\u00edthatatlann\u00e1 v\u00e1lt, ez\u00e9rt a beteg gyermekeknek az ut\u00f3bbi id\u0151ben a feln\u0151ttek vizsg\u00e1lat\u00e1ra szakosodott int\u00e9zm\u00e9nyekbe kellett menni\u00fck a sz\u00fcks\u00e9ges ellen\u0151rz\u00e9sekre. Az adom\u00e1nynak k\u00f6sz\u00f6nhet\u0151en, a klinik\u00e1n \u00fajb\u00f3l lehet\u0151v\u00e9 v\u00e1lik a gyermekek teljes k\u00f6r\u0171 l\u00e9gz\u00e9sfunkci\u00f3s vizsg\u00e1lata.<\/p>\n<p>T-Sz.Sz.<\/p>\n","protected":false},"excerpt":{"rendered":"<p><a href=\"https:\/\/semmelweis.hu\/hirek\/files\/2012\/05\/gyermekrak.jpg\"><\/a> A Gyermekr\u00e1k Alap\u00edtv\u00e1ny 7,2 milli\u00f3 forint \u00e9rt\u00e9k\u0171, korszer\u0171 l\u00e9gz\u00e9sfunkci\u00f3s k\u00e9sz\u00fcl\u00e9ket adom\u00e1nyozott a Semmelweis Egyetem I. sz. Gyermekklinik\u00e1nak. A mai kor elv\u00e1r\u00e1sainak mindenben megfelel\u0151 \u00faj diagnosztikus k\u00e9sz\u00fcl\u00e9ket az alap\u00edtv\u00e1ny eln\u00f6ke adta \u00e1t a klinika vezet\u0151inek. Dr. Arat\u00f3 Andr\u00e1s igazgat\u00f3-helyettes a k\u00e9sz\u00fcl\u00e9k bemutat\u00e1sakor elmondta, a gyermekkori daganatos betegs\u00e9gek kezel\u00e9s\u00e9nek mell\u00e9khat\u00e1saik\u00e9nt fell\u00e9p\u0151 k\u00e9s\u0151i sz\u00f6v\u0151dm\u00e9nyek gyakran k\u00e1ros\u00edtj\u00e1k a l\u00e9gz\u0151rendszert. &hellip;<\/p>\n","protected":false},"author":11,"featured_media":11375,"comment_status":"closed","ping_status":"open","sticky":false,"template":"","format":"standard","meta":{"_acf_changed":false,"footnotes":""},"categories":[154],"tags":[156],"class_list":["post-11374","post","type-post","status-publish","format-standard","has-post-thumbnail","hentry","category-egeszseg","tag-gyogyitas"],"acf":[],"_links":{"self":[{"href":"https:\/\/semmelweis.hu\/hirek\/wp-json\/wp\/v2\/posts\/11374","targetHints":{"allow":["GET"]}}],"collection":[{"href":"https:\/\/semmelweis.hu\/hirek\/wp-json\/wp\/v2\/posts"}],"about":[{"href":"https:\/\/semmelweis.hu\/hirek\/wp-json\/wp\/v2\/types\/post"}],"author":[{"embeddable":true,"href":"https:\/\/semmelweis.hu\/hirek\/wp-json\/wp\/v2\/users\/11"}],"replies":[{"embeddable":true,"href":"https:\/\/semmelweis.hu\/hirek\/wp-json\/wp\/v2\/comments?post=11374"}],"version-history":[{"count":0,"href":"https:\/\/semmelweis.hu\/hirek\/wp-json\/wp\/v2\/posts\/11374\/revisions"}],"wp:featuredmedia":[{"embeddable":true,"href":"https:\/\/semmelweis.hu\/hirek\/wp-json\/wp\/v2\/media\/11375"}],"wp:attachment":[{"href":"https:\/\/semmelweis.hu\/hirek\/wp-json\/wp\/v2\/media?parent=11374"}],"wp:term":[{"taxonomy":"category","embeddable":true,"href":"https:\/\/semmelweis.hu\/hirek\/wp-json\/wp\/v2\/categories?post=11374"},{"taxonomy":"post_tag","embeddable":true,"href":"https:\/\/semmelweis.hu\/hirek\/wp-json\/wp\/v2\/tags?post=11374"}],"curies":[{"name":"wp","href":"https:\/\/api.w.org\/{rel}","templated":true}]}}