{"id":11373,"date":"2012-05-10T07:48:14","date_gmt":"2012-05-10T07:48:14","guid":{"rendered":"http:\/\/semmelweis-egyetem.hu\/hirek\/?p=11373"},"modified":"2020-02-26T13:23:33","modified_gmt":"2020-02-26T12:23:33","slug":"sajtobeszelgetes-a-fogeredetu-ossejtekrol-video","status":"publish","type":"post","link":"https:\/\/semmelweis.hu\/hirek\/2012\/05\/10\/sajtobeszelgetes-a-fogeredetu-ossejtekrol-video\/","title":{"rendered":"Sajt\u00f3besz\u00e9lget\u00e9s a fogeredet\u0171 \u0151ssejtekr\u0151l \/VIDE\u00d3\/"},"content":{"rendered":"<p><iframe loading=\"lazy\" title=\"Fogeredet\u0171 \u0151ssejtekkel a gerincs\u00e9r\u00fcl\u00e9sek gy\u00f3gy\u00edt\u00e1s\u00e1\u00e9rt\" width=\"753\" height=\"424\" src=\"https:\/\/www.youtube.com\/embed\/AWjcAGwDVZg?feature=oembed\" frameborder=\"0\" allow=\"accelerometer; autoplay; encrypted-media; gyroscope; picture-in-picture\" allowfullscreen><\/iframe><\/p>\n<p>A fogeredet\u0171 \u0151ssejtekkel kapcsolatos kutat\u00e1sokkal ismerkedhettek az \u00fajs\u00e1g\u00edr\u00f3k a Semmelweis Egyetem Or\u00e1lbiol\u00f3giai Tansz\u00e9k\u00e9n szervezett sajt\u00f3besz\u00e9lget\u00e9sen. Dr. Varga G\u00e1bor tansz\u00e9kvezet\u0151 a kutat\u00f3egyetemi T\u00c1MOP p\u00e1ly\u00e1zat keret\u00e9ben foly\u00f3 vizsg\u00e1latok eddigi eredm\u00e9nyeir\u0151l sz\u00e1molt be.<\/p>\n<p>SzZs<a href=\"https:\/\/semmelweis.hu\/hirek\/files\/2012\/05\/kutatoegyetemi-logosor.jpg\"><img loading=\"lazy\" decoding=\"async\" class=\"alignright size-large wp-image-11307\" src=\"https:\/\/semmelweis.hu\/hirek\/files\/2012\/05\/kutatoegyetemi-logosor-600x101.jpg\" alt=\"\" width=\"600\" height=\"101\" srcset=\"https:\/\/semmelweis.hu\/hirek\/files\/2012\/05\/kutatoegyetemi-logosor-600x101.jpg 600w, https:\/\/semmelweis.hu\/hirek\/files\/2012\/05\/kutatoegyetemi-logosor-300x50.jpg 300w\" sizes=\"auto, (max-width: 600px) 100vw, 600px\" \/><\/a><\/p>\n","protected":false},"excerpt":{"rendered":"<p>A fogeredet\u0171 \u0151ssejtekkel kapcsolatos kutat\u00e1sokkal ismerkedhettek az \u00fajs\u00e1g\u00edr\u00f3k a Semmelweis Egyetem Or\u00e1lbiol\u00f3giai Tansz\u00e9k\u00e9n szervezett sajt\u00f3besz\u00e9lget\u00e9sen. Dr. Varga G\u00e1bor tansz\u00e9kvezet\u0151 a kutat\u00f3egyetemi T\u00c1MOP p\u00e1ly\u00e1zat keret\u00e9ben foly\u00f3 vizsg\u00e1latok eddigi eredm\u00e9nyeir\u0151l sz\u00e1molt be.<br \/>\nSzZs<a href=\"https:\/\/semmelweis.hu\/hirek\/files\/2012\/05\/kutatoegyetemi-logosor.jpg\"><\/a><\/p>\n","protected":false},"author":10,"featured_media":11379,"comment_status":"closed","ping_status":"open","sticky":false,"template":"","format":"standard","meta":{"_acf_changed":false,"footnotes":""},"categories":[161,168],"tags":[160,246],"class_list":["post-11373","post","type-post","status-publish","format-standard","has-post-thumbnail","hentry","category-tudomany","category-kiemelt","tag-ske","tag-tamop"],"acf":[],"_links":{"self":[{"href":"https:\/\/semmelweis.hu\/hirek\/wp-json\/wp\/v2\/posts\/11373","targetHints":{"allow":["GET"]}}],"collection":[{"href":"https:\/\/semmelweis.hu\/hirek\/wp-json\/wp\/v2\/posts"}],"about":[{"href":"https:\/\/semmelweis.hu\/hirek\/wp-json\/wp\/v2\/types\/post"}],"author":[{"embeddable":true,"href":"https:\/\/semmelweis.hu\/hirek\/wp-json\/wp\/v2\/users\/10"}],"replies":[{"embeddable":true,"href":"https:\/\/semmelweis.hu\/hirek\/wp-json\/wp\/v2\/comments?post=11373"}],"version-history":[{"count":2,"href":"https:\/\/semmelweis.hu\/hirek\/wp-json\/wp\/v2\/posts\/11373\/revisions"}],"predecessor-version":[{"id":94756,"href":"https:\/\/semmelweis.hu\/hirek\/wp-json\/wp\/v2\/posts\/11373\/revisions\/94756"}],"wp:featuredmedia":[{"embeddable":true,"href":"https:\/\/semmelweis.hu\/hirek\/wp-json\/wp\/v2\/media\/11379"}],"wp:attachment":[{"href":"https:\/\/semmelweis.hu\/hirek\/wp-json\/wp\/v2\/media?parent=11373"}],"wp:term":[{"taxonomy":"category","embeddable":true,"href":"https:\/\/semmelweis.hu\/hirek\/wp-json\/wp\/v2\/categories?post=11373"},{"taxonomy":"post_tag","embeddable":true,"href":"https:\/\/semmelweis.hu\/hirek\/wp-json\/wp\/v2\/tags?post=11373"}],"curies":[{"name":"wp","href":"https:\/\/api.w.org\/{rel}","templated":true}]}}