{"id":113559,"date":"2022-04-23T06:00:40","date_gmt":"2022-04-23T04:00:40","guid":{"rendered":"https:\/\/semmelweis.hu\/hirek\/?p=113559"},"modified":"2022-10-26T11:56:28","modified_gmt":"2022-10-26T09:56:28","slug":"szenior-akademia-korszeru-minimalisan-invaziv-modszerek-a-stroke-kezeleseben","status":"publish","type":"post","link":"https:\/\/semmelweis.hu\/hirek\/2022\/04\/23\/szenior-akademia-korszeru-minimalisan-invaziv-modszerek-a-stroke-kezeleseben\/","title":{"rendered":"Szenior Akad\u00e9mia \u2013 Korszer\u0171 minim\u00e1lisan invaz\u00edv m\u00f3dszerek a stroke kezel\u00e9s\u00e9ben"},"content":{"rendered":"<div class=\"lead\">A Szenior Akad\u00e9mia 2022-es tavaszi f\u00e9l\u00e9v\u00e9nek hetedik alkalm\u00e1n dr. Szikora Istv\u00e1n, az Orsz\u00e1gos Ment\u00e1lis, Ideggy\u00f3gy\u00e1szati \u00e9s Idegseb\u00e9szeti Int\u00e9zet Neurointervenci\u00f3s Oszt\u00e1ly\u00e1nak vezet\u0151je a stroke-ell\u00e1t\u00e1s \u00faj m\u00f3dszereit mutatta be, els\u0151sorban az intervenci\u00f3s radiol\u00f3giai eszk\u00f6zt\u00e1rra koncentr\u00e1lva. Az el\u0151ad\u00e1s sor\u00e1n felv\u00e1zolta az alapvet\u0151 fogalmakat, majd ismertette azokat a k\u00e9palkot\u00f3 m\u00f3dszereket, amelyek haszn\u00e1lata elengedhetetlen a diagn\u00f3zis fel\u00e1ll\u00edt\u00e1s\u00e1hoz. Kit\u00e9rt tov\u00e1bb\u00e1 a minim\u00e1lisan invaz\u00edv m\u00f3dszerekre \u00e9s az azokt\u00f3l v\u00e1rhat\u00f3 eredm\u00e9nyekre.<\/div>\n<p>\u201eNagy \u00e1ltal\u00e1noss\u00e1gban azt lehet mondani, hogy a stroke \u2013 vagy ahogyan a k\u00f6znyelvben eml\u00edteni szokt\u00e1k, a sz\u00e9l\u00fct\u00e9s, guta\u00fct\u00e9s \u2013 nem egy\u00e9b, mint egy hirtelen kialakul\u00f3 idegrendszeri k\u00e1rosod\u00e1s\u201d \u2013 kezdte el\u0151ad\u00e1s\u00e1t dr. Szikora Istv\u00e1n, az Orsz\u00e1gos Ment\u00e1lis, Ideggy\u00f3gy\u00e1szati \u00e9s Idegseb\u00e9szeti Int\u00e9zet Neurointervenci\u00f3s Oszt\u00e1ly\u00e1nak vezet\u0151je. Hozz\u00e1tette: a mai sz\u00f3haszn\u00e1latban \u00e1ltal\u00e1ban az agyi \u00e9rkatasztr\u00f3f\u00e1kat \u00e9rtj\u00fck stroke alatt, amelyeknek val\u00f3j\u00e1ban mintegy 10-12 sz\u00e1zal\u00e9ka v\u00e9rz\u00e9ses eredet\u0171. Ez a v\u00e9rz\u00e9s l\u00e9trej\u00f6het az agy\u00e1llom\u00e1nyban, az agyh\u00e1rtya \u00e9s az agyfelsz\u00edn k\u00f6z\u00f6tt, az agyh\u00e1rtya \u00e9s a csontos felsz\u00edn k\u00f6z\u00f6tt, illetve a l\u00e1gy agyh\u00e1rtya \u00e9s az alatta fut\u00f3 erek k\u00f6z\u00f6tti \u00fcregben. A szakember kiemelte, mindezekt\u0151l f\u00fcggetlen\u00fcl az ilyen esem\u00e9nyek t\u00falnyom\u00f3 t\u00f6bbs\u00e9ge v\u00e9rhi\u00e1nyos \u00e1llapotb\u00f3l, azaz \u00e9relz\u00e1r\u00f3d\u00e1sb\u00f3l sz\u00e1rmazik.<\/p>\n<div class=\"fontos_div\">\n<p>Ma Magyarorsz\u00e1gon \u00e9vente k\u00f6r\u00fclbel\u00fcl 27 ezer \u00faj eset fordul el\u0151, ezzel pedig a stroke-betegs\u00e9g a harmadik leggyakoribb hal\u00e1lok a hazai n\u00e9pess\u00e9g k\u00f6r\u00e9ben, mindemellett pedig a tart\u00f3s \u00e1pol\u00e1st ig\u00e9nyl\u0151 \u00e1llapotok leggyakoribb oka is.<\/p>\n<\/div>\n<p>A koponya-CT a legt\u00f6bbsz\u00f6r alkalmazott diagnosztikus m\u00f3dszer. \u201eAmennyiben a vizsg\u00e1lat sor\u00e1n intrav\u00e9n\u00e1san kontraszt anyagot juttatunk a beteg szervezet\u00e9be, k\u00e9pesek lehet\u00fcnk az agyi ereket is \u00e1br\u00e1zolni\u201d \u2013 r\u00e9szletezte a szakember. Hozz\u00e1tette, hogy a m\u00e1gneses rezonancia elj\u00e1r\u00e1s (MR) finomabb diagnosztik\u00e1ra alkalmas, j\u00f3val r\u00e9szletgazdagabban \u00e1br\u00e1zolja p\u00e9ld\u00e1ul az agyi tekerv\u00e9nyeket, illetve a k\u00f6zt\u00fck h\u00faz\u00f3d\u00f3 bar\u00e1zd\u00e1kat is. Rendelkez\u00e9sre \u00e1ll tov\u00e1bb\u00e1 az angiogr\u00e1fia, azaz az \u00e9rfest\u00e9s elj\u00e1r\u00e1s, amely k\u00e9pes az agyi \u00e9rk\u00e9pletek pontos \u00e1br\u00e1zol\u00e1s\u00e1ra, valamint ezen t\u00falmen\u0151en az \u00e9rbetegs\u00e9gek kezel\u00e9s\u00e9re is.<\/p>\n<p>A k\u00e9palkot\u00f3 m\u00f3dszerek \u00e1ttekint\u00e9s\u00e9t k\u00f6vet\u0151en dr. Szikora Istv\u00e1n r\u00e1t\u00e9rt arra, hogy mi is az a neurointervenci\u00f3. Mint fogalmazott, ez egy multidiszciplin\u00e1ris ter\u00fclet, amely k\u00fcl\u00f6nb\u00f6z\u0151 szakm\u00e1k (neuroradiol\u00f3gia, neurol\u00f3gia, idegseb\u00e9szet) egy\u00fcttm\u0171k\u00f6d\u00e9s\u00e9vel m\u0171velhet\u0151 eredm\u00e9nyesen.<\/p>\n<blockquote>\n<p>A munk\u00e1nk c\u00e9lja, hogy a k\u00f6zponti idegrendszer els\u0151sorban \u00e9rrendszeri k\u00f3rk\u00e9peit minim\u00e1lisan invaz\u00edv \u00faton tudjuk megk\u00f6zel\u00edteni, m\u00e9gpedig valamilyen biol\u00f3giailag preform\u00e1lt csatorn\u00e1n, p\u00e9ld\u00e1ul az \u00e9rrendszeren kereszt\u00fcl<\/p>\n<\/blockquote>\n<p>\u2013 magyar\u00e1zta. Miut\u00e1n siker\u00fclt az \u00e9rrendszeren kereszt\u00fcl megk\u00f6zel\u00edteni a probl\u00e9m\u00e1s ter\u00fcletet, a k\u00f6vetkez\u0151 l\u00e9p\u00e9s a k\u00f3ros k\u00e9plet morphol\u00f3giai hib\u00e1j\u00e1nak korrig\u00e1l\u00e1sa valamilyen mechanikus eszk\u00f6zzel.<\/p>\n<p><iframe loading=\"lazy\" title=\"Dr. Szikora Istv\u00e1n: Korszer\u0171 minim\u00e1lisan invaz\u00edv m\u00f3dszerek a stroke kezel\u00e9s\u00e9ben\" width=\"753\" height=\"424\" src=\"https:\/\/www.youtube.com\/embed\/S8N8p9u0ws8?feature=oembed\" frameborder=\"0\" allow=\"accelerometer; autoplay; clipboard-write; encrypted-media; gyroscope; picture-in-picture\" allowfullscreen><\/iframe><\/p>\n<p>Dr. Szikora Istv\u00e1n elmondta: a koponya\u0171ri aneurysm\u00e1k, azaz \u00e9rt\u00e1gulatok az eg\u00e9szs\u00e9ges lakoss\u00e1g mintegy 2-10 sz\u00e1zal\u00e9k\u00e1n\u00e1l b\u00e1rmilyen jel n\u00e9lk\u00fcl fordulnak el\u0151. \u201eNem mindegyik \u00e9rt\u00e1gulat okoz v\u00e9rz\u00e9st, Magyarorsz\u00e1gon kb. 1000-1500 ilyen esem\u00e9nnyel sz\u00e1molunk \u00e9vente\u201d \u2013 \u00f6sszegezte. Ez a sz\u00e1m nem t\u0171nik soknak, n\u00e9peg\u00e9szs\u00e9g\u00fcgyi jelent\u0151s\u00e9g\u00e9t azonban nem az el\u0151fordul\u00e1si gyakoris\u00e1ga adja, hanem az, hogy az akt\u00edv \u00e9vekben (40-60 \u00e9ves kor k\u00f6r\u00fcl) jelentkezik, \u00e9s az esetek 50 sz\u00e1zal\u00e9k\u00e1n\u00e1l tart\u00f3s fogyat\u00e9koss\u00e1ggal vagy \u00e9ppen hal\u00e1llal j\u00e1r. A szakember besz\u00e9lt arr\u00f3l is, hogy az \u00e9rt\u00e1gulatok pulz\u00e1l\u00f3 \u00e1raml\u00e1s hat\u00e1s\u00e1ra alakulhatnak ki.<\/p>\n<div class=\"fontos_div\">\n<p>Az \u00e9rt\u00e1gulatok kezel\u00e9se els\u0151dlegesen az\u00e9rt indokolt, hogy megel\u0151zhess\u00fck a m\u00e1r lezajlott v\u00e9rz\u00e9s ism\u00e9tl\u0151d\u00e9s\u00e9t. Abban az esetben, ha m\u00e9g nem alakult ki v\u00e9rz\u00e9s, nagyon fontos a kock\u00e1zatelemz\u00e9s, azaz felm\u00e9rni, hogy mi jelenti a nagyobb vesz\u00e9lyt: maga a betegs\u00e9g vagy az annak megel\u0151z\u00e9s\u00e9t c\u00e9lz\u00f3 m\u0171t\u00e9t.<\/p>\n<\/div>\n<p>\u201eEz f\u00fcgg az \u00e9rt\u00e1gulat hely\u00e9t\u0151l, m\u00e9ret\u00e9t\u0151l, egy\u00e9b betegs\u00e9gekt\u0151l, illetve az \u00e1ltal\u00e1nos kock\u00e1zati t\u00e9nyez\u0151kt\u0151l is. Fontos, hogy mindezeket szak\u00e9rt\u0151 analiz\u00e1lja, ugyanis egy\u00e1ltal\u00e1n nem biztos, hogy minden \u00e9rt\u00e1gulatot kezelni kell\u201d \u2013 h\u00edvta fel a figyelmet a szakember. Hangs\u00falyozta, amennyiben sz\u00fcks\u00e9g van a kezel\u00e9sre, kiemelt szerepe van az id\u0151ablaknak, ugyanis a v\u00e9rz\u00e9s megism\u00e9tl\u0151d\u00e9se leggyakrabban a v\u00e9rz\u00e9st k\u00f6vet\u0151 napokban t\u00f6rt\u00e9nik meg. A kezel\u00e9s m\u00f3dszere az \u00fan. hemodinamikai stressz kiiktat\u00e1sa, ami az esetek kb. 80-85 sz\u00e1zal\u00e9k\u00e1ban \u00e9rrendszeren bel\u00fcli m\u00f3dszerekkel t\u00f6rt\u00e9nik.<\/p>\n<div class=\"fontos_div\">\n<p>A szakember kiemelte, az \u00e9rt\u00e1gulaton k\u00edv\u00fcl vannak olyan \u00e9rbetegs\u00e9gek, amelyek k\u00f3ros \u00f6sszek\u00f6ttet\u00e9st hoznak l\u00e9tre az \u00fct\u0151erek \u00e9s visszerek k\u00f6z\u00f6tt. Ezek kezel\u00e9se bonyolultabb, ugyanis nincs r\u00e1 konkr\u00e9t kezel\u00e9si m\u00f3d. Minden esetben multidiszciplin\u00e1ris team egy\u00e9nre szabott d\u00f6nt\u00e9se sz\u00fcks\u00e9ges az optim\u00e1lis ter\u00e1pia megv\u00e1laszt\u00e1s\u00e1hoz, amely lehet hagyom\u00e1nyos seb\u00e9szi, intervenci\u00f3s \u00e9s c\u00e9lzott besug\u00e1rz\u00e1s is.<\/p>\n<\/div>\n<figure id=\"attachment_113641\" aria-describedby=\"caption-attachment-113641\" style=\"width: 400px\" class=\"wp-caption alignright\"><a href=\"https:\/\/semmelweis.hu\/hirek\/files\/2022\/04\/278622910_1666426387076747_6571987161325624076_n-scaled.jpg\"><img loading=\"lazy\" decoding=\"async\" class=\"wp-image-113641 size-medium\" src=\"https:\/\/semmelweis.hu\/hirek\/files\/2022\/04\/278622910_1666426387076747_6571987161325624076_n-400x202.jpg\" alt=\"\" width=\"400\" height=\"202\" srcset=\"https:\/\/semmelweis.hu\/hirek\/files\/2022\/04\/278622910_1666426387076747_6571987161325624076_n-400x202.jpg 400w, https:\/\/semmelweis.hu\/hirek\/files\/2022\/04\/278622910_1666426387076747_6571987161325624076_n-900x455.jpg 900w, https:\/\/semmelweis.hu\/hirek\/files\/2022\/04\/278622910_1666426387076747_6571987161325624076_n-768x388.jpg 768w, https:\/\/semmelweis.hu\/hirek\/files\/2022\/04\/278622910_1666426387076747_6571987161325624076_n-1536x777.jpg 1536w, https:\/\/semmelweis.hu\/hirek\/files\/2022\/04\/278622910_1666426387076747_6571987161325624076_n-2048x1036.jpg 2048w, https:\/\/semmelweis.hu\/hirek\/files\/2022\/04\/278622910_1666426387076747_6571987161325624076_n-753x381.jpg 753w\" sizes=\"auto, (max-width: 400px) 100vw, 400px\" \/><\/a><figcaption id=\"caption-attachment-113641\" class=\"wp-caption-text\">Nem v\u00e9rz\u00e9ses (ischaemi\u00e1s) stroke est\u00e9ben akad\u00e1lyozott az agy egy r\u00e9sz\u00e9nek v\u00e9rell\u00e1t\u00e1sa.<\/figcaption><\/figure>\n<p>Az intervenci\u00f3s kezel\u00e9s kapcs\u00e1n ismertette, hogy az elj\u00e1r\u00e1s sor\u00e1n \u00e9rfest\u00e9s ir\u00e1ny\u00edt\u00e1s\u00e1val kat\u00e9tert vezetnek fel az \u00e9rgomolyagba, megfestik kontrasztanyaggal, ezt k\u00f6vet\u0151en pedig egy speci\u00e1lis anyaggal kit\u00f6ltik az \u00e9rgomolyag keresztmetszeteit. Ez az anyag foly\u00e9kony, de a v\u00e9rrel \u00e9rintkezve megszil\u00e1rdul \u00e9s mint egy \u00f6ntv\u00e9ny, elz\u00e1rja a k\u00f3ros v\u00e9r\u00e1raml\u00e1s \u00fatj\u00e1t \u2013 magyar\u00e1zta.<\/p>\n<p><span style=\"font-size: 1rem\">Ezt k\u00f6vet\u0151en \u00e1tt\u00e9rt a n\u00e9peg\u00e9szs\u00e9g\u00fcgyi szempontb\u00f3l fontos ter\u00fcletre, az akut ischaemi\u00e1s (v\u00e9rhi\u00e1nyos) stroke kezel\u00e9s\u00e9re. \u201eFontos tudni, hogy ezeknek a t\u00falnyom\u00f3 t\u00f6bbs\u00e9g\u00e9t egy sz\u00edvhez k\u00f6zeli lokaliz\u00e1ci\u00f3ban l\u00e9trej\u00f6tt v\u00e9rr\u00f6g okozza, ami emb\u00f3liak\u00e9nt eljut a v\u00e9kony \u00e9rkeresztmetszetbe, \u00e9s elz\u00e1r\u00f3d\u00e1st okoz. A c\u00e9lunk az, hogy az ebb\u0151l ered\u0151 \u00e1llom\u00e1nypusztul\u00e1st, vagyis infarktust megel\u0151zz\u00fck\u201d \u2013 h\u00fazta al\u00e1. Mindez t\u00f6rt\u00e9nhet az agy oxig\u00e9nhi\u00e1nnyal szemben tan\u00fas\u00edtott t\u0171r\u0151k\u00e9pess\u00e9g\u00e9nek fokoz\u00e1s\u00e1val, \u00e9s a kering\u00e9s helyre\u00e1ll\u00edt\u00e1s\u00e1val.<\/span><\/p>\n<blockquote>\n<p>A legfontosabb \u00e9s legl\u00e9nyegesebb tennival\u00f3nk, hogy a megszakadt kering\u00e9st min\u00e9l gyorsabban helyre\u00e1ll\u00edtsuk, mert en\u00e9lk\u00fcl csak az infarktus m\u00e9ret\u00e9nek a cs\u00f6kkent\u00e9se \u00e9s a k\u00f6vetkezm\u00e9nyek enyh\u00edt\u00e9se lehets\u00e9ges<\/p>\n<\/blockquote>\n<p>\u2013 \u00f6sszegezte.<\/p>\n<p>A probl\u00e9m\u00e1t okoz\u00f3 elz\u00e1r\u00f3dott eret CT-angiogr\u00e1fi\u00e1s elj\u00e1r\u00e1ssal keresik meg \u00e9s kat\u00e9teres \u00e9rfest\u00e9ssel igazolj\u00e1k \u2013 r\u00e9szletezte. A kontrasztanyag az \u00e9relz\u00e1r\u00f3d\u00e1st okoz\u00f3 v\u00e9rr\u00f6g\u00f6n nem jut \u00e1t, \u00edgy az art\u00e9ria az angiogr\u00e1fi\u00e1s k\u00e9pen hirtelen v\u00e9get \u00e9r. Az elz\u00e1r\u00f3d\u00e1st okoz\u00f3 v\u00e9rr\u00f6g ezt k\u00f6vet\u0151en k\u00e9t f\u0151 m\u00f3dszerrel t\u00e1vol\u00edthat\u00f3 el: stent thrombectomi\u00e1val vagy thrombaspir\u00e1ci\u00f3val.<\/p>\n<p>Dr. Szikora Istv\u00e1n el\u0151ad\u00e1s\u00e1ban sz\u00f3lt m\u00e9g az elz\u00e1r\u00f3dott \u00e9r megnyit\u00e1s\u00e1nak jelent\u0151s\u00e9g\u00e9r\u0151l \u00e9s eredm\u00e9nyess\u00e9g\u00e9r\u0151l is.<\/p>\n<div class=\"fontos_div\">\n<p>Az agyi v\u00e9rell\u00e1t\u00e1si hi\u00e1ny k\u00f6vetkezm\u00e9nyek\u00e9ppen egy perc alatt ak\u00e1r 2 milli\u00f3 idegsejt \u00e9s 14 milli\u00e1rd sejtk\u00f6zi kapcsolat pusztulhat el, valamint k\u00f6zel 14 km hossz\u00fa \u00fan. vel\u0151h\u00fcvelyes rost mehet t\u00f6nkre. Egy \u00f3ra leforg\u00e1sa alatt \u00edgy mintegy 3,5 \u00e9vnek megfelel\u0151 \u00f6reged\u00e9s zajlik le.<\/p>\n<\/div>\n<p>Amennyiben siker\u00fcl megsz\u00fcntetni az \u00e9relz\u00e1r\u00f3d\u00e1st, vagyis az agy megfelel\u0151 \u00e1raml\u00e1s\u00e1t helyre\u00e1ll\u00edtani, \u00fagy az \u00f6n\u00e1ll\u00f3 \u00e9letvezet\u00e9sre alkalmas t\u00fal\u00e9l\u00e9s es\u00e9lye k\u00f6r\u00fclbel\u00fcl a n\u00e9gyszeres\u00e9re n\u0151, m\u00edg a hal\u00e1loz\u00e1s kock\u00e1zata k\u00f6r\u00fclbel\u00fcl ugyanilyen m\u00e9rt\u00e9kben cs\u00f6kken.<\/p>\n<p>A minim\u00e1lisan invaz\u00edv neurointervenci\u00f3s elj\u00e1r\u00e1sok az elm\u00falt 30 \u00e9vben rendk\u00edv\u00fcl gyorsan fejl\u0151dtek, jelenleg a k\u00f6zponti idegrendszer sz\u00e1mos \u00e9rrendszeri betegs\u00e9ge eredm\u00e9nyesen kezelhet\u0151. K\u00fcl\u00f6n\u00f6sen nagy jelent\u0151s\u00e9g\u0171 az agyalapi nagyerek emb\u00f3li\u00e1s elz\u00e1r\u00f3d\u00e1sa \u00e1ltal okozott akut stroke sikeres kezel\u00e9se, amely \u2013 mint dr. Szikora Istv\u00e1n fogalmazott \u2013 a XXI. sz\u00e1zad eddigi legnagyobb ter\u00e1pi\u00e1s eredm\u00e9nye.<\/p>\n<p>Az el\u0151ad\u00e1s diasora <a href=\"https:\/\/semmelweis.hu\/hirek\/files\/2022\/04\/Stroke-intervencio\u0301.pdf\">ide kattintva<\/a>\u00a0tekinthet\u0151 meg.<\/p>\n<div class=\"w-100 keretes\">Dr. Szikora Istv\u00e1n 1977 \u00f3ta dolgozik az Orsz\u00e1gos Ment\u00e1lis, Ideggy\u00f3gy\u00e1szati \u00e9s Idegseb\u00e9szeti Int\u00e9zetben (OMII), 1984 \u00f3ta neuroradiol\u00f3gusk\u00e9nt. A legels\u0151 l\u00e9p\u00e9sekt\u0151l kezdve r\u00e9szese lehetett egy \u00e9pp akkoriban sz\u00fclet\u0151 \u00faj szakter\u00fclet, az agyi \u00e9rbetegs\u00e9gek minim\u00e1lisan invaz\u00edv kezel\u00e9s\u00e9vel foglalkoz\u00f3 intervenci\u00f3s neuroradiol\u00f3gia kialakul\u00e1s\u00e1nak. Ebben seg\u00edts\u00e9g\u00e9re volt a 90-es \u00e9vek elej\u00e9n h\u00e1rom \u00e9v \u00f6szt\u00f6nd\u00edjas kutat\u00f3munka is az Egyes\u00fclt \u00c1llamokban. Hazat\u00e9rve klinikai munk\u00e1ja mellett sz\u00e1mos kutat\u00e1sban vett r\u00e9szt az OTKA illetve a Nemzeti Agykutat\u00e1si Program t\u00e1mogat\u00e1s\u00e1val. A Semmelweis Egyetemen szerzett PhD-fokozatot, majd habilit\u00e1lt. 2019-2022 k\u00f6z\u00f6tt vezette az Idegseb\u00e9szeti Tansz\u00e9ken m\u0171k\u00f6d\u0151 Neurointervenci\u00f3s Tansz\u00e9ki Csoportot. Az Europai Neurointervenci\u00f3s T\u00e1rsas\u00e1g (ESMINT) alap\u00edt\u00f3 tagja, 2015-16 k\u00f6z\u00f6tt pedig eln\u00f6ke volt, 2017-ben Budapesten vezette a Vil\u00e1g Intervenci\u00f3s Neuroradiol\u00f3giai T\u00e1rsas\u00e1g (WFITN) vil\u00e1gkongresszus\u00e1t. Jelenleg az OMII Neurointervenci\u00f3s Oszt\u00e1ly\u00e1t vezeti \u00e9s az Eur\u00f3pai Neurointervenci\u00f3s Koll\u00e9gium (EBNI) eln\u00f6ke.<\/div>\n<p>Horv\u00e1th D\u00f3ra<br \/>\nKiemelt k\u00e9p: Kov\u00e1cs Attila \u2013 Semmelweis Egyetem, illusztr\u00e1ci\u00f3: Freepik<\/p>\n","protected":false},"excerpt":{"rendered":"<p>Dr. Szikora Istv\u00e1n a stroke-ell\u00e1t\u00e1s \u00faj m\u00f3dszereit mutatta be els\u0151sorban az intervenci\u00f3s radiol\u00f3giai eszk\u00f6zt\u00e1rra koncentr\u00e1lva.<\/p>\n","protected":false},"author":101905,"featured_media":113560,"comment_status":"closed","ping_status":"closed","sticky":false,"template":"","format":"standard","meta":{"_acf_changed":false,"footnotes":""},"categories":[154,168],"tags":[4249],"class_list":["post-113559","post","type-post","status-publish","format-standard","has-post-thumbnail","hentry","category-egeszseg","category-kiemelt","tag-szenior-akademia"],"acf":[],"_links":{"self":[{"href":"https:\/\/semmelweis.hu\/hirek\/wp-json\/wp\/v2\/posts\/113559","targetHints":{"allow":["GET"]}}],"collection":[{"href":"https:\/\/semmelweis.hu\/hirek\/wp-json\/wp\/v2\/posts"}],"about":[{"href":"https:\/\/semmelweis.hu\/hirek\/wp-json\/wp\/v2\/types\/post"}],"author":[{"embeddable":true,"href":"https:\/\/semmelweis.hu\/hirek\/wp-json\/wp\/v2\/users\/101905"}],"replies":[{"embeddable":true,"href":"https:\/\/semmelweis.hu\/hirek\/wp-json\/wp\/v2\/comments?post=113559"}],"version-history":[{"count":11,"href":"https:\/\/semmelweis.hu\/hirek\/wp-json\/wp\/v2\/posts\/113559\/revisions"}],"predecessor-version":[{"id":121374,"href":"https:\/\/semmelweis.hu\/hirek\/wp-json\/wp\/v2\/posts\/113559\/revisions\/121374"}],"wp:featuredmedia":[{"embeddable":true,"href":"https:\/\/semmelweis.hu\/hirek\/wp-json\/wp\/v2\/media\/113560"}],"wp:attachment":[{"href":"https:\/\/semmelweis.hu\/hirek\/wp-json\/wp\/v2\/media?parent=113559"}],"wp:term":[{"taxonomy":"category","embeddable":true,"href":"https:\/\/semmelweis.hu\/hirek\/wp-json\/wp\/v2\/categories?post=113559"},{"taxonomy":"post_tag","embeddable":true,"href":"https:\/\/semmelweis.hu\/hirek\/wp-json\/wp\/v2\/tags?post=113559"}],"curies":[{"name":"wp","href":"https:\/\/api.w.org\/{rel}","templated":true}]}}