{"id":113207,"date":"2022-04-04T14:15:11","date_gmt":"2022-04-04T12:15:11","guid":{"rendered":"https:\/\/semmelweis.hu\/hirek\/?p=113207"},"modified":"2022-04-06T12:26:16","modified_gmt":"2022-04-06T10:26:16","slug":"uj-europai-iranyelveket-dolgoztak-ki-az-endometriozis-kezelesere-a-semmelweis-egyetem-reszvetelevel","status":"publish","type":"post","link":"https:\/\/semmelweis.hu\/hirek\/2022\/04\/04\/uj-europai-iranyelveket-dolgoztak-ki-az-endometriozis-kezelesere-a-semmelweis-egyetem-reszvetelevel\/","title":{"rendered":"\u00daj eur\u00f3pai ir\u00e1nyelveket dolgoztak ki az endometri\u00f3zis kezel\u00e9s\u00e9re a Semmelweis Egyetem r\u00e9szv\u00e9tel\u00e9vel"},"content":{"rendered":"<div class=\"lead\">Az endometri\u00f3zis gyorsabb diagn\u00f3zisa, hat\u00e9konyabb kezel\u00e9se \u00e9s a betegs\u00e9gb\u0151l fakad\u00f3 term\u00e9kenys\u00e9gi probl\u00e9m\u00e1k megel\u0151z\u00e9se \u00e9rdek\u00e9ben a k\u00f6zelm\u00faltban meg\u00faj\u00edtotta a ter\u00fcletre vonatkoz\u00f3 szakmai aj\u00e1nl\u00e1s\u00e1t az Eur\u00f3pai Hum\u00e1n Reprodukci\u00f3s \u00e9s Embriol\u00f3giai T\u00e1rsas\u00e1g. A 109 pontb\u00f3l \u00e1ll\u00f3 \u201eguideline\u201d kialak\u00edt\u00e1s\u00e1ban akt\u00edv szerepet j\u00e1tszott \u2013 egyed\u00fcli hazai r\u00e9sztvev\u0151k\u00e9nt \u2013 dr. Bokor Attila, a Semmelweis Egyetem Sz\u00fcl\u00e9szeti \u00e9s N\u0151gy\u00f3gy\u00e1szati Klinik\u00e1j\u00e1nak docense.<\/div>\n<p><a href=\"https:\/\/semmelweis.hu\/hirek\/files\/2022\/04\/RS64165_IMG_7914-scr.jpg\"><img loading=\"lazy\" decoding=\"async\" class=\"alignleft size-medium wp-image-113209\" src=\"https:\/\/semmelweis.hu\/hirek\/files\/2022\/04\/RS64165_IMG_7914-scr-267x400.jpg\" alt=\"\" width=\"267\" height=\"400\" srcset=\"https:\/\/semmelweis.hu\/hirek\/files\/2022\/04\/RS64165_IMG_7914-scr-267x400.jpg 267w, https:\/\/semmelweis.hu\/hirek\/files\/2022\/04\/RS64165_IMG_7914-scr.jpg 500w\" sizes=\"auto, (max-width: 267px) 100vw, 267px\" \/><\/a>Ma haz\u00e1nkban mintegy 200 ezer n\u0151 szenved endometri\u00f3zisban. Egy kor\u00e1bbi, 8 eur\u00f3pai \u00e9s 2 amerikai endometri\u00f3zis centrum \u2013 k\u00f6zt\u00fck a Semmelweis Egyetem Sz\u00fcl\u00e9szeti \u00e9s N\u0151gy\u00f3gy\u00e1szati Klinik\u00e1ja \u2013 r\u00e9szv\u00e9tel\u00e9vel k\u00e9sz\u00edtett felm\u00e9r\u00e9s szerint az USA-ban \u00e1tlagosan 9, N\u00e9metorsz\u00e1gban \u00e9s az Egyes\u00fclt Kir\u00e1lys\u00e1gban 7, m\u00edg Magyarorsz\u00e1gon 3,9 \u00e9v kell a betegs\u00e9g diagn\u00f3zis\u00e1nak fel\u00e1ll\u00edt\u00e1s\u00e1hoz. \u201eAz \u00faj szakmai aj\u00e1nl\u00e1s egyik c\u00e9lja, hogy ez az id\u0151tartam cs\u00f6kkenjen&#8221; \u2013 hangs\u00falyozta dr. Bokor Attila, a Semmelweis Egyetem Sz\u00fcl\u00e9szeti \u00e9s N\u0151gy\u00f3gy\u00e1szati Klinika egyetemi docense, az \u00faj eur\u00f3pai aj\u00e1nl\u00e1sokat kidolgoz\u00f3 szak\u00e9rt\u0151csapat tagja.<\/p>\n<p>Az Eur\u00f3pai Hum\u00e1n Reprodukci\u00f3s \u00e9s Embriol\u00f3giai T\u00e1rsas\u00e1g (ESHRE) \u00e1ltal febru\u00e1r elej\u00e9n kiadott \u00faj guideline betegell\u00e1t\u00e1sra gyakorolt egyik legfontosabb pontja, hogy az endometri\u00f3zist eddig csak m\u0171t\u00e9ttel lehetett megfelel\u0151en diagnosztiz\u00e1lni, az ultrahang-diagnosztika rohamos fejl\u0151d\u00e9se azonban lehet\u0151v\u00e9 teszi, hogy a modern h\u00fcvelyi ultrahang is megb\u00edzhat\u00f3 eredm\u00e9nyt adjon bizonyos esetekben, klinikai diagn\u00f3zis fel\u00e1ll\u00edt\u00e1s\u00e1hoz \u2013 emelte ki dr. Bokor Attila, hozz\u00e1t\u00e9ve, hogy a v\u00e9gleges diagn\u00f3zishoz tov\u00e1bbra is laparoszk\u00f3pos beavatkoz\u00e1s sz\u00fcks\u00e9ges. A betegek \u00e9letmin\u0151s\u00e9g\u00e9nek jav\u00edt\u00e1s\u00e1ban sokat seg\u00edthet egy \u00faj gy\u00f3gyszercsoport: az \u00fan. GNRH antagonist\u00e1kat a k\u00f6zelm\u00faltban t\u00f6rzsk\u00f6nyvezt\u00e9k az endometri\u00f3zis kezel\u00e9s\u00e9re \u00e9s eddig biztat\u00f3 eredm\u00e9nyeket mutatnak.<\/p>\n<div class=\"fontos_div\">\n<p>Az endometri\u00f3zis gyakran \u00e1ll a medd\u0151s\u00e9g h\u00e1tter\u00e9ben. \u00c9ppen ez\u00e9rt az \u00faj aj\u00e1nl\u00e1sba az is beker\u00fclt, hogy a m\u0171t\u00e9t el\u0151tt lehet\u0151s\u00e9g legyen a petesejt- \u00e9s petef\u00e9szek-sz\u00f6vet fagyaszt\u00e1s\u00e1ra azokn\u00e1l a n\u0151kn\u00e9l, akikn\u00e9l az oper\u00e1ci\u00f3 k\u00f6vetkezt\u00e9ben cs\u00f6kkenne a teherbees\u00e9s es\u00e9lye.<\/p>\n<\/div>\n<p>Erre jelenleg haz\u00e1nkban csak a Sz\u00fcl\u00e9szeti \u00e9s N\u0151gy\u00f3gy\u00e1szati Klinik\u00e1n van lehet\u0151s\u00e9g daganatos n\u0151k eset\u00e9ben, ahol folyamatban van annak megteremt\u00e9se, hogy ez megval\u00f3s\u00edthat\u00f3 legyen szakmailag indokolt esetekben az endometri\u00f3zisos betegekn\u00e9l is.\u00a0 \u00a0<\/p>\n<p>A guideline-ban \u00faj fejezetk\u00e9nt szerepel az endometri\u00f3zis v\u00e1ltoz\u00f3korban, megd\u0151lt ugyanis az az elm\u00e9let, hogy menopauza ut\u00e1n nem alakulhat ki a betegs\u00e9g. Az aj\u00e1nl\u00e1s emellett a serd\u00fcl\u0151kor\u00fa l\u00e1nyok endometri\u00f3zis \u00e9rintetts\u00e9g\u00e9re is kit\u00e9r. Ezen a ter\u00fcleten els\u0151sorban az \u00faj gy\u00f3gyszeres kezel\u00e9si lehet\u0151s\u00e9gek bevezet\u00e9s\u00e9t\u0151l v\u00e1rnak megold\u00e1st a szakemberek.<\/p>\n<div class=\"fontos_div\">\n<p>Dr. Bokor Attila kiemelte: a guideline eg\u00e9sz Eur\u00f3p\u00e1ban egy referenci\u00e1t teremt az endometri\u00f3zis diagnosztiz\u00e1l\u00e1s\u00e1ban \u00e9s ell\u00e1t\u00e1s\u00e1ban, ugyanakkor ennek bevezet\u00e9se nem k\u00f6telez\u0151 \u00e9rv\u00e9ny\u0171, minden tagorsz\u00e1g maga d\u00f6nti el, hogy azt teljesen vagy r\u00e9szben veszik \u00e1t \u00e9s \u00e9p\u00edti be a gyakorlatba. A magyar aj\u00e1nl\u00e1s kidolgoz\u00e1sa jelenleg folyamatban van, amelyet dr. Bokor Attila v\u00e9gez a szakmai koll\u00e9gium felk\u00e9r\u00e9s\u00e9re.<\/p>\n<\/div>\n<p>Az els\u0151 endometri\u00f3zissal kapcsolatos guideline-t 2008-ban, a k\u00f6vetkez\u0151t 2014-ben dolgozt\u00e1k ki az eur\u00f3pai szervezetn\u00e9l. Az \u00faj aj\u00e1nl\u00e1s l\u00e9trej\u00f6tt\u00e9hez a szakemberek 3 \u00e9ven kereszt\u00fcl mintegy 100 szakmai megbesz\u00e9l\u00e9sen vettek r\u00e9szt, \u00e9s 4 ezer tudom\u00e1nyos k\u00f6zlem\u00e9ny vizsg\u00e1ltak meg. Magyarorsz\u00e1got az aj\u00e1nl\u00e1sokat kidolgoz\u00f3 csoportban dr. Bokor Attila k\u00e9pviselte.<\/p>\n<p>D\u00e1vid Orsolya, Dobozi P\u00e1lma<br \/>\nFot\u00f3: Kov\u00e1cs Attila \u2013 Semmelweis Egyetem<br \/>\nKiemelt k\u00e9p: envatoelements<\/p>\n","protected":false},"excerpt":{"rendered":"<p>A 109 pontb\u00f3l \u00e1ll\u00f3 guideline kialak\u00edt\u00e1s\u00e1ban akt\u00edv szerepet j\u00e1tszott dr. Bokor Attila egyetemi docens.<\/p>\n","protected":false},"author":13,"featured_media":113208,"comment_status":"closed","ping_status":"closed","sticky":false,"template":"","format":"standard","meta":{"_acf_changed":false,"footnotes":""},"categories":[154,168],"tags":[],"class_list":["post-113207","post","type-post","status-publish","format-standard","has-post-thumbnail","hentry","category-egeszseg","category-kiemelt"],"acf":[],"_links":{"self":[{"href":"https:\/\/semmelweis.hu\/hirek\/wp-json\/wp\/v2\/posts\/113207","targetHints":{"allow":["GET"]}}],"collection":[{"href":"https:\/\/semmelweis.hu\/hirek\/wp-json\/wp\/v2\/posts"}],"about":[{"href":"https:\/\/semmelweis.hu\/hirek\/wp-json\/wp\/v2\/types\/post"}],"author":[{"embeddable":true,"href":"https:\/\/semmelweis.hu\/hirek\/wp-json\/wp\/v2\/users\/13"}],"replies":[{"embeddable":true,"href":"https:\/\/semmelweis.hu\/hirek\/wp-json\/wp\/v2\/comments?post=113207"}],"version-history":[{"count":4,"href":"https:\/\/semmelweis.hu\/hirek\/wp-json\/wp\/v2\/posts\/113207\/revisions"}],"predecessor-version":[{"id":113259,"href":"https:\/\/semmelweis.hu\/hirek\/wp-json\/wp\/v2\/posts\/113207\/revisions\/113259"}],"wp:featuredmedia":[{"embeddable":true,"href":"https:\/\/semmelweis.hu\/hirek\/wp-json\/wp\/v2\/media\/113208"}],"wp:attachment":[{"href":"https:\/\/semmelweis.hu\/hirek\/wp-json\/wp\/v2\/media?parent=113207"}],"wp:term":[{"taxonomy":"category","embeddable":true,"href":"https:\/\/semmelweis.hu\/hirek\/wp-json\/wp\/v2\/categories?post=113207"},{"taxonomy":"post_tag","embeddable":true,"href":"https:\/\/semmelweis.hu\/hirek\/wp-json\/wp\/v2\/tags?post=113207"}],"curies":[{"name":"wp","href":"https:\/\/api.w.org\/{rel}","templated":true}]}}