{"id":113162,"date":"2022-04-01T09:42:13","date_gmt":"2022-04-01T07:42:13","guid":{"rendered":"https:\/\/semmelweis.hu\/hirek\/?p=113162"},"modified":"2022-04-01T09:42:13","modified_gmt":"2022-04-01T07:42:13","slug":"european-student-assembly-talalkozon-vettek-reszt-a-semmelweis-egyetem-hallgatoi","status":"publish","type":"post","link":"https:\/\/semmelweis.hu\/hirek\/2022\/04\/01\/european-student-assembly-talalkozon-vettek-reszt-a-semmelweis-egyetem-hallgatoi\/","title":{"rendered":"European Student Assembly tal\u00e1lkoz\u00f3n vettek r\u00e9szt a Semmelweis Egyetem hallgat\u00f3i"},"content":{"rendered":"<p><strong>M\u00e1rciusban, Strasbourgban rendezt\u00e9k meg az els\u0151 European Student Assembly-t (ESA), amelyen 38 Eur\u00f3pai Egyetemi Sz\u00f6vets\u00e9g 275 hallgat\u00f3ja vett r\u00e9szt. A European University for Well-being (EUniWell) egyetemi sz\u00f6vets\u00e9get a Semmelweis Egyetem h\u00e1rom hallgat\u00f3ja k\u00e9pviselte a tal\u00e1lkoz\u00f3n. Az esem\u00e9ny a programsorozat els\u0151 olyan rendezv\u00e9nye volt, amelynek alapvet\u0151 c\u00e9lkit\u0171z\u00e9se az Eur\u00f3pai Egyetemi Sz\u00f6vets\u00e9gekben r\u00e9sztvev\u0151 hallgat\u00f3k egy\u00fcttm\u0171k\u00f6d\u00e9s\u00e9nek el\u0151seg\u00edt\u00e9se volt.<\/strong><\/p>\n<p>2021. v\u00e9g\u00e9n t\u00f6bb mint 800, Eur\u00f3pa k\u00fcl\u00f6nb\u00f6z\u0151 ter\u00fclet\u00e9r\u0151l \u00e9rkez\u0151 hallgat\u00f3 jelentkezett, hogy ott lehessen az European Student Assembly (ESA) alakul\u00f3 \u00fcl\u00e9s\u00e9n. A jelentkez\u00e9si id\u0151szakot k\u00f6vet\u0151en, 2022. m\u00e1rcius 3-4. k\u00f6z\u00f6tt 275 eur\u00f3pai hallgat\u00f3 \u00e9rkezett az eur\u00f3pai parlament jelenlegi sz\u00e9khely\u00e9re, Strasbourgba, hogy r\u00e9szt vegyenek az ESA els\u0151 \u00fcl\u00e9s\u00e9n. A konferencia legf\u0151bb t\u00f6rekv\u00e9se, hogy az eur\u00f3pai egyetemek sz\u00f6vets\u00e9g\u00e9n bel\u00fcl el\u0151seg\u00edtse a tagok k\u00f6z\u00f6tti egy\u00fcttm\u0171k\u00f6d\u00e9st. A \u201eConference on the Future of Europe (Konferencia Eur\u00f3pa j\u00f6v\u0151j\u00e9r\u0151l) projekt lehet\u0151s\u00e9get ny\u00fajtott a hallgat\u00f3knak arra, hogy kinyilv\u00e1n\u00edts\u00e1k v\u00e9lem\u00e9ny\u00fcket prezent\u00e1ci\u00f3k \u00e9s \u00edr\u00e1sos aj\u00e1nl\u00e1sok form\u00e1j\u00e1ban.<\/p>\n<p><img loading=\"lazy\" decoding=\"async\" class=\"alignright wp-image-113165 size-medium\" src=\"https:\/\/semmelweis.hu\/hirek\/files\/2022\/04\/EUA_02-400x301.jpg\" alt=\"\" width=\"400\" height=\"301\" srcset=\"https:\/\/semmelweis.hu\/hirek\/files\/2022\/04\/EUA_02-400x301.jpg 400w, https:\/\/semmelweis.hu\/hirek\/files\/2022\/04\/EUA_02-900x676.jpg 900w, https:\/\/semmelweis.hu\/hirek\/files\/2022\/04\/EUA_02-768x577.jpg 768w, https:\/\/semmelweis.hu\/hirek\/files\/2022\/04\/EUA_02-1536x1154.jpg 1536w, https:\/\/semmelweis.hu\/hirek\/files\/2022\/04\/EUA_02-2048x1539.jpg 2048w, https:\/\/semmelweis.hu\/hirek\/files\/2022\/04\/EUA_02-753x566.jpg 753w\" sizes=\"auto, (max-width: 400px) 100vw, 400px\" \/>Az European Student Assembly rendezv\u00e9ny\u00e9re 38 hallgat\u00f3i sz\u00f6vets\u00e9g kapott megh\u00edv\u00e1st, k\u00f6zt\u00fck a EUniWell is. A EUniWellt Amel Anane (a EUniWell hallgat\u00f3i tan\u00e1cs volt eln\u00f6ke, a birminghami test\u00fclet eln\u00f6ke), Sloan Kudrinko (EUniWell hallgat\u00f3i vezet\u0151 test\u00fclet\u00e9nek tagja), Tak\u00e1cs F\u00e9lix (EUniWell hallgat\u00f3i test\u00fclet\u00e9nek tagja, a Semmelweis Egyetem Hallgat\u00f3i \u00d6nkorm\u00e1nyzat\u00e1nak aleln\u00f6ke) \u00e9s Tripolszky B\u00e1lint (a Semmelweis Egyetem Hallgat\u00f3 \u00d6nkorm\u00e1nyzat\u00e1nak eln\u00f6ke) k\u00e9pviselte.<\/p>\n<div class=\"fontos_div\">\n<p>A rendezv\u00e9ny el\u0151tti felk\u00e9sz\u00fcl\u00e9si id\u0151szakban a r\u00e9sztvev\u0151 hallgat\u00f3kat a kl\u00edmav\u00e1ltoz\u00e1s, a kiberbiztons\u00e1g, a k\u00f6zgazdas\u00e1g \u00e9s az eg\u00e9szs\u00e9g\u00fcgy k\u00e9rd\u00e9seivel foglalkoz\u00f3 t\u00edz munkacsoportba osztott\u00e1k be, melyben a munkacsoport tagjai k\u00fcl\u00f6nb\u00f6z\u0151 Eur\u00f3pai Uni\u00f3s t\u00e9m\u00e1kat \u00e9rint\u0151 k\u00e9rd\u00e9sekre kerest\u00e9k a v\u00e1laszt.<\/p>\n<\/div>\n<p>Az ESA \u00fcl\u00e9s\u00e9t megel\u0151z\u0151 k\u00e9t h\u00f3napban minden csoport legal\u00e1bb k\u00e9t olyan tal\u00e1lkoz\u00f3t szervezett, amelyen a r\u00e9sztvev\u0151k a panel t\u00e9m\u00e1j\u00e1nak ter\u00fclet\u00e9r\u0151l \u00e9rkez\u0151 szak\u00e9rt\u0151nek tehettek fel k\u00e9rd\u00e9seket. Az el\u0151ad\u00e1sok ut\u00e1n a hallgat\u00f3k r\u00e9szletesen megvitathatt\u00e1k a t\u00e9m\u00e1t az adott ter\u00fclet szak\u00e9rt\u0151j\u00e9vel. Amel Anane, a k\u00fclpolitikai munkacsoportban vett r\u00e9szt, hiszen \u0151 kor\u00e1bban eg\u00e9szs\u00e9g\u00fcgyi gazdas\u00e1gtan \u00e9s nyelv\u00e9szet szakon v\u00e9gezte tanulm\u00e1nyait. Sloan Kudrinko, Tak\u00e1cs F\u00e9lix \u00e9s Tripolszky B\u00e1lint, a Semmelweis Egyetem \u00c1ltal\u00e1nos Orvostudom\u00e1nyi Kar \u00e9s a Fogorvostudom\u00e1nyi Kar hallgat\u00f3i az eg\u00e9szs\u00e9g\u00fcggyel foglalkoz\u00f3 csoportban dolgoztak. A munkacsoportok c\u00e9lja az volt, hogy t\u00edz megold\u00e1si javaslatot tegyenek a megfogalmazott probl\u00e9m\u00e1kra. Az \u00edgy \u00f6sszegy\u0171jt\u00f6tt javaslatokat az Eur\u00f3pa j\u00f6v\u0151j\u00e9r\u0151l sz\u00f3l\u00f3 konferencia platformj\u00e1ra is beny\u00fajtj\u00e1k a szervez\u0151k.<\/p>\n<p>Az ESA rendezv\u00e9ny els\u0151 napj\u00e1n az Eur\u00f3pai Parlamentben gy\u0171ltek \u00f6ssze a hallgat\u00f3k, ahol betekint\u00e9st nyertek a szervezet fel\u00e9p\u00edt\u00e9s\u00e9be, valamint abba, hogy az Eur\u00f3pai Parlamenten bel\u00fcl a tagok hogyan m\u0171k\u00f6dnek egy\u00fctt a bizotts\u00e1gok \u00e9s politikai p\u00e1rtok seg\u00edts\u00e9g\u00e9vel.<\/p>\n<p>Sloan Kudrinko, Tak\u00e1cs F\u00e9lix \u00e9s Tripolszky B\u00e1lint az eg\u00e9szs\u00e9g\u00fcgyi munkacsoportban t\u00f6bbek k\u00f6z\u00f6tt arr\u00f3l is t\u00e1rgyaltak, hogy hogyan lehetne az eur\u00f3pai eg\u00e9szs\u00e9g\u00fcgyi rendszert jobb\u00e1 tenni, valamint megvitatt\u00e1k, hogy sz\u00fcks\u00e9ges lenne-e az Eur\u00f3pai Eg\u00e9szs\u00e9g\u00fcgyi Uni\u00f3 l\u00e9trehoz\u00e1sa. A tal\u00e1lkoz\u00f3k sor\u00e1n sz\u00f3 volt egy olyan egys\u00e9ges megk\u00f6zel\u00edt\u00e9s kidolgoz\u00e1s\u00e1r\u00f3l, amely a tagorsz\u00e1gok k\u00f6z\u00f6s probl\u00e9m\u00e1it k\u00fcsz\u00f6b\u00f6lhetn\u00e9 ki. Az eredm\u00e9nyes megbesz\u00e9l\u00e9seknek k\u00f6sz\u00f6nhet\u0151en az eg\u00e9szs\u00e9g\u00fcgyi panelnek siker\u00fclt t\u00edz javaslatot tennie az ESA konferenci\u00e1j\u00e1n. A javaslatok l\u00e9trehoz\u00e1s\u00e1ban az al\u00e1bbi ter\u00fcletek j\u00e1tszottak d\u00f6nt\u0151 szerepet: digit\u00e1lis eg\u00e9szs\u00e9g\u00fcgy, eg\u00e9szs\u00e9gpolitika\/szab\u00e1lyoz\u00e1sok, szuverenit\u00e1s vs. szolidarit\u00e1s, a tudom\u00e1nyos kutat\u00e1s \u00e9s az eg\u00e9szs\u00e9g\u00fcgy kapcsolata, eg\u00e9szs\u00e9g\u00fcgyi dolgoz\u00f3k, orsz\u00e1gk\u00f6zi eg\u00e9szs\u00e9g\u00fcgy k\u00f6lts\u00e9gei, hat\u00e1rokon \u00e1tny\u00fal\u00f3 eg\u00e9szs\u00e9g\u00fcgyi ell\u00e1t\u00e1s, ment\u00e1lis eg\u00e9szs\u00e9g, kl\u00edmav\u00e1ltoz\u00e1s \u00e9s az \u201eEgy az eg\u00e9szs\u00e9g\u201d program.<\/p>\n<p><img loading=\"lazy\" decoding=\"async\" class=\"aligncenter size-full wp-image-113167\" src=\"https:\/\/semmelweis.hu\/hirek\/files\/2022\/04\/ESA_01.jpg\" alt=\"\" width=\"1939\" height=\"1451\" srcset=\"https:\/\/semmelweis.hu\/hirek\/files\/2022\/04\/ESA_01.jpg 1939w, https:\/\/semmelweis.hu\/hirek\/files\/2022\/04\/ESA_01-400x299.jpg 400w, https:\/\/semmelweis.hu\/hirek\/files\/2022\/04\/ESA_01-900x673.jpg 900w, https:\/\/semmelweis.hu\/hirek\/files\/2022\/04\/ESA_01-768x575.jpg 768w, https:\/\/semmelweis.hu\/hirek\/files\/2022\/04\/ESA_01-1536x1149.jpg 1536w, https:\/\/semmelweis.hu\/hirek\/files\/2022\/04\/ESA_01-753x563.jpg 753w\" sizes=\"auto, (max-width: 1939px) 100vw, 1939px\" \/><\/p>\n<p>A plen\u00e1ris \u00fcl\u00e9s sor\u00e1n az eg\u00e9szs\u00e9g\u00fcgyi panel megbesz\u00e9l\u00e9s\u00e9nek eredm\u00e9nyeit a European Student Assembly r\u00e9sztvev\u0151inek is bemutatt\u00e1k. A hallgat\u00f3k a konferenci\u00e1n t\u00f6bb eur\u00f3pai parlamenti k\u00e9pvisel\u0151vel \u00e9s eur\u00f3pai hallgat\u00f3i szervezettel is tal\u00e1lkoztak, valamint betekint\u00e9st nyertek az eur\u00f3pai fels\u0151oktat\u00e1si rendszerbe. A rendezv\u00e9nynek k\u00f6sz\u00f6nhet\u0151en t\u00f6bb mint 30 eur\u00f3pai orsz\u00e1g egyetemi hallgat\u00f3i ismerhett\u00e9k meg egym\u00e1s gondolatait \u00e9s priorit\u00e1sait.<\/p>\n<p>Tov\u00e1bbi inform\u00e1ci\u00f3 a EUniWell az al\u00e1bbi weboldalakon tal\u00e1lhat\u00f3:\u00a0<\/p>\n<p><a href=\"http:\/\/www.euniwell.eu\">www.euniwell.eu<\/a> \u00e9s <a href=\"https:\/\/semmelweis.hu\/nki\/en\/euniwell\/\">https:\/\/semmelweis.hu\/nki\/en\/euniwell\/<\/a><\/p>\n<p>Feliratkoz\u00e1s a EUniWell h\u00edrlev\u00e9lre:\u00a0<a href=\"http:\/\/www.euniwell.eu\/participate\/newsletter-subscription\">www.euniwell.eu\/participate\/newsletter-subscription<\/a><\/p>\n<p>Turopoli Eszter (Nemzetk\u00f6zi Kapcsolatok Igazgat\u00f3s\u00e1ga)<\/p>\n<p>Fot\u00f3k: Nemzetk\u00f6zi Kapcsolatok Igazgat\u00f3s\u00e1ga<\/p>\n","protected":false},"excerpt":{"rendered":"<p>A rendezv\u00e9ny c\u00e9lja az Eur\u00f3pai Egyetemi Sz\u00f6vets\u00e9gi tagok egy\u00fcttm\u0171k\u00f6d\u00e9s\u00e9nek el\u0151seg\u00edt\u00e9se volt.<\/p>\n","protected":false},"author":102015,"featured_media":113167,"comment_status":"closed","ping_status":"closed","sticky":false,"template":"","format":"standard","meta":{"_acf_changed":false,"footnotes":""},"categories":[3533],"tags":[2836],"class_list":["post-113162","post","type-post","status-publish","format-standard","has-post-thumbnail","hentry","category-hallgatok-oktatas","tag-nemzetkozi-kapcsolatok"],"acf":[],"_links":{"self":[{"href":"https:\/\/semmelweis.hu\/hirek\/wp-json\/wp\/v2\/posts\/113162","targetHints":{"allow":["GET"]}}],"collection":[{"href":"https:\/\/semmelweis.hu\/hirek\/wp-json\/wp\/v2\/posts"}],"about":[{"href":"https:\/\/semmelweis.hu\/hirek\/wp-json\/wp\/v2\/types\/post"}],"author":[{"embeddable":true,"href":"https:\/\/semmelweis.hu\/hirek\/wp-json\/wp\/v2\/users\/102015"}],"replies":[{"embeddable":true,"href":"https:\/\/semmelweis.hu\/hirek\/wp-json\/wp\/v2\/comments?post=113162"}],"version-history":[{"count":10,"href":"https:\/\/semmelweis.hu\/hirek\/wp-json\/wp\/v2\/posts\/113162\/revisions"}],"predecessor-version":[{"id":113176,"href":"https:\/\/semmelweis.hu\/hirek\/wp-json\/wp\/v2\/posts\/113162\/revisions\/113176"}],"wp:featuredmedia":[{"embeddable":true,"href":"https:\/\/semmelweis.hu\/hirek\/wp-json\/wp\/v2\/media\/113167"}],"wp:attachment":[{"href":"https:\/\/semmelweis.hu\/hirek\/wp-json\/wp\/v2\/media?parent=113162"}],"wp:term":[{"taxonomy":"category","embeddable":true,"href":"https:\/\/semmelweis.hu\/hirek\/wp-json\/wp\/v2\/categories?post=113162"},{"taxonomy":"post_tag","embeddable":true,"href":"https:\/\/semmelweis.hu\/hirek\/wp-json\/wp\/v2\/tags?post=113162"}],"curies":[{"name":"wp","href":"https:\/\/api.w.org\/{rel}","templated":true}]}}