{"id":113112,"date":"2022-04-01T06:00:46","date_gmt":"2022-04-01T04:00:46","guid":{"rendered":"https:\/\/semmelweis.hu\/hirek\/?p=113112"},"modified":"2022-03-31T15:40:12","modified_gmt":"2022-03-31T13:40:12","slug":"tanfolyam-indul-az-ukrajnabol-menekultek-egeszsegugyi-ellatasarol","status":"publish","type":"post","link":"https:\/\/semmelweis.hu\/hirek\/2022\/04\/01\/tanfolyam-indul-az-ukrajnabol-menekultek-egeszsegugyi-ellatasarol\/","title":{"rendered":"Tanfolyam indul az Ukrajn\u00e1b\u00f3l menek\u00fcltek eg\u00e9szs\u00e9g\u00fcgyi ell\u00e1t\u00e1s\u00e1r\u00f3l"},"content":{"rendered":"<div class=\"lead\">Online tanfolyamot szervez az I. Sz. Gyermekgy\u00f3gy\u00e1szati Klinika A menek\u00fcltek eg\u00e9szs\u00e9g\u00fcgyi ell\u00e1t\u00e1s\u00e1nak kih\u00edv\u00e1sai c\u00edmmel, melynek c\u00e9lja, hogy a hazai orvosok felk\u00e9sz\u00fclten tudjanak seg\u00edteni az Ukrajn\u00e1b\u00f3l \u00e9rkez\u0151, bajba jutott embert\u00e1rsaikon.<\/div>\n<p><a href=\"https:\/\/semmelweis.hu\/hirek\/files\/2022\/03\/RS127055_C19A3654-scr.jpg\"><img loading=\"lazy\" decoding=\"async\" class=\"alignleft size-medium wp-image-113142\" src=\"https:\/\/semmelweis.hu\/hirek\/files\/2022\/03\/RS127055_C19A3654-scr-400x267.jpg\" alt=\"\" width=\"400\" height=\"267\" srcset=\"https:\/\/semmelweis.hu\/hirek\/files\/2022\/03\/RS127055_C19A3654-scr-400x267.jpg 400w, https:\/\/semmelweis.hu\/hirek\/files\/2022\/03\/RS127055_C19A3654-scr-900x600.jpg 900w, https:\/\/semmelweis.hu\/hirek\/files\/2022\/03\/RS127055_C19A3654-scr-768x512.jpg 768w, https:\/\/semmelweis.hu\/hirek\/files\/2022\/03\/RS127055_C19A3654-scr-753x502.jpg 753w, https:\/\/semmelweis.hu\/hirek\/files\/2022\/03\/RS127055_C19A3654-scr-203x135.jpg 203w, https:\/\/semmelweis.hu\/hirek\/files\/2022\/03\/RS127055_C19A3654-scr.jpg 1200w\" sizes=\"auto, (max-width: 400px) 100vw, 400px\" \/><\/a>\u201eAz orosz-ukr\u00e1n h\u00e1bor\u00fa miatt az elm\u00falt id\u0151szakban sz\u00e1zezres nagys\u00e1grendben \u00e9rkeztek haz\u00e1nkba menek\u00fcltek, d\u00f6nt\u0151 t\u00f6bbs\u00e9g\u00e9ben n\u0151k \u00e9s gyermekek. A Semmelweis Egyetem I. Sz. Gyermekgy\u00f3gy\u00e1szati Klinik\u00e1j\u00e1nak szervez\u00e9s\u00e9ben tanfolyamot hirdett\u00fcnk, melynek c\u00e9lja hogy a hazai orvosok m\u00e9g felk\u00e9sz\u00fcltebb\u00e9 v\u00e1ljanak a bajba jutott embert\u00e1rsaink seg\u00edt\u00e9s\u00e9re, a menek\u00fcltek ell\u00e1t\u00e1s\u00e1ra\u201d \u2013 emelte ki dr. Szab\u00f3 Attila klinikai rektorhelyettes, az I. Sz. Gyermekgy\u00f3gy\u00e1szati Klinika igazgat\u00f3ja. Mint elmondta, azt tapasztalt\u00e1k, hogy az orvosok \u00e9s eg\u00e9szs\u00e9g\u00fcgyi szakemberek eddigi ismeretei friss\u00edt\u00e9sre szorulnak, hiszen Ukrajn\u00e1ban m\u00e1s az eg\u00e9szs\u00e9g\u00fcgyi helyzet, m\u00e1s betegs\u00e9gek okoznak kih\u00edv\u00e1sokat: az elm\u00falt \u00e9vekben t\u00f6bbsz\u00f6r fordult el\u0151 kanyar\u00f3j\u00e1rv\u00e1ny, amely itthon nem jellemz\u0151; nagyobb az AIDS-es \u00e9s tuberkul\u00f3zisban szenved\u0151 betegek sz\u00e1ma, kevesebb k\u00f6telez\u0151 gyermekkori v\u00e9d\u0151olt\u00e1st kaptak \u00e9s a COVID-\u00e1toltotts\u00e1g is alacsonyabb. \u201eA tanfolyamon a klinika munkat\u00e1rsai \u00e9s megh\u00edvott szakemberek seg\u00edts\u00e9g\u00e9vel \u00f6sszefoglaljuk az ukr\u00e1n eg\u00e9szs\u00e9g\u00fcgyi rendszer jellemz\u0151it, k\u00fcl\u00f6n f\u00f3kusz\u00e1lva a legjellemz\u0151bb betegs\u00e9gekre \u00e9s fert\u0151z\u00e9sekre, valamint \u00e1ttekintj\u00fck a menek\u00fcltek ell\u00e1t\u00e1s\u00e1nak \u00e1ltal\u00e1nos szab\u00e1lyait is\u201d \u2013 mutatott r\u00e1 dr. Szab\u00f3 Attila. Hozz\u00e1tette: a beteg test gy\u00f3gy\u00edt\u00e1sa mellett pedig kiemelten fontos hogy otthonukat, haz\u00e1jukat elhagy\u00f3 szem\u00e9lyekr\u0151l, sokszor sz\u00e9tszakadt csal\u00e1dokr\u00f3l van sz\u00f3, amely a l\u00e9lek gy\u00f3gy\u00edt\u00e1s\u00e1t is megk\u00f6veteli.<\/p>\n<p>Az online tanfolyam \u00e1prilis 1. \u00e9s m\u00e1jus 31. k\u00f6z\u00f6tt v\u00e9gezhet\u0151 el, d\u00edja 10\u00a0000 forint, melynek egy r\u00e9sz\u00e9t a klinika az Ukrajn\u00e1b\u00f3l menek\u00fcl\u0151 gyermekek megseg\u00edt\u00e9s\u00e9re aj\u00e1nlja fel. \u201eA tov\u00e1bbk\u00e9pz\u00e9sre b\u00e1rki jelentkezhet, els\u0151sorban azonban azoknak a h\u00e1ziorvosoknak, h\u00e1zi-gyermekorvosoknak, gyermekorvosoknak, s\u00fcrg\u0151ss\u00e9gi ell\u00e1t\u00e1st v\u00e9gz\u0151 szakembereknek, belgy\u00f3gy\u00e1szoknak aj\u00e1nljuk, akik v\u00e1rhat\u00f3an tal\u00e1lkozni fognak h\u00e1bor\u00fas ter\u00fcletr\u0151l \u00e9rkez\u0151kkel \u00e9s \u00fagy \u00e9rzik, feladatuk lesz az \u0151 ell\u00e1t\u00e1suk ter\u00e9n\u201d \u2013 h\u00edvta fel a figyelmet a rektorhelyettes.<\/p>\n<p>A tanfolyam az al\u00e1bbi linkre kattintva \u00e9rhet\u0151 el:<\/p>\n<p><a href=\"https:\/\/ementinplus.hu\/course\/view\/a-menekultek-egeszsegugyi-ellatasanak-kihivasai\">https:\/\/ementinplus.hu\/course\/view\/a-menekultek-egeszsegugyi-ellatasanak-kihivasai<\/a><\/p>\n<p>Szab\u00f3 \u00c1d\u00e1m<br \/>\nFot\u00f3: Kov\u00e1cs Attila &#8211; Semmelweis Egyetem<\/p>\n","protected":false},"excerpt":{"rendered":"<p>A tov\u00e1bbk\u00e9pz\u00e9s c\u00e9lja, hogy a hazai orvosok felk\u00e9sz\u00fclten tudjanak seg\u00edteni az Ukrajn\u00e1b\u00f3l \u00e9rkez\u0151, bajba jutott embert\u00e1rsaikon.<\/p>\n","protected":false},"author":101751,"featured_media":113146,"comment_status":"closed","ping_status":"closed","sticky":false,"template":"","format":"standard","meta":{"_acf_changed":false,"footnotes":""},"categories":[157,168],"tags":[],"class_list":["post-113112","post","type-post","status-publish","format-standard","has-post-thumbnail","hentry","category-semmelweis-vilag","category-kiemelt"],"acf":[],"_links":{"self":[{"href":"https:\/\/semmelweis.hu\/hirek\/wp-json\/wp\/v2\/posts\/113112","targetHints":{"allow":["GET"]}}],"collection":[{"href":"https:\/\/semmelweis.hu\/hirek\/wp-json\/wp\/v2\/posts"}],"about":[{"href":"https:\/\/semmelweis.hu\/hirek\/wp-json\/wp\/v2\/types\/post"}],"author":[{"embeddable":true,"href":"https:\/\/semmelweis.hu\/hirek\/wp-json\/wp\/v2\/users\/101751"}],"replies":[{"embeddable":true,"href":"https:\/\/semmelweis.hu\/hirek\/wp-json\/wp\/v2\/comments?post=113112"}],"version-history":[{"count":2,"href":"https:\/\/semmelweis.hu\/hirek\/wp-json\/wp\/v2\/posts\/113112\/revisions"}],"predecessor-version":[{"id":113144,"href":"https:\/\/semmelweis.hu\/hirek\/wp-json\/wp\/v2\/posts\/113112\/revisions\/113144"}],"wp:featuredmedia":[{"embeddable":true,"href":"https:\/\/semmelweis.hu\/hirek\/wp-json\/wp\/v2\/media\/113146"}],"wp:attachment":[{"href":"https:\/\/semmelweis.hu\/hirek\/wp-json\/wp\/v2\/media?parent=113112"}],"wp:term":[{"taxonomy":"category","embeddable":true,"href":"https:\/\/semmelweis.hu\/hirek\/wp-json\/wp\/v2\/categories?post=113112"},{"taxonomy":"post_tag","embeddable":true,"href":"https:\/\/semmelweis.hu\/hirek\/wp-json\/wp\/v2\/tags?post=113112"}],"curies":[{"name":"wp","href":"https:\/\/api.w.org\/{rel}","templated":true}]}}