{"id":112978,"date":"2022-04-16T06:00:01","date_gmt":"2022-04-16T04:00:01","guid":{"rendered":"https:\/\/semmelweis.hu\/hirek\/?p=112978"},"modified":"2022-04-15T01:01:31","modified_gmt":"2022-04-14T23:01:31","slug":"szenior-akademia-a-fuggosegekrol","status":"publish","type":"post","link":"https:\/\/semmelweis.hu\/hirek\/2022\/04\/16\/szenior-akademia-a-fuggosegekrol\/","title":{"rendered":"Szenior Akad\u00e9mia \u2013 a f\u00fcgg\u0151s\u00e9gekr\u0151l"},"content":{"rendered":"<div class=\"lead\">A Szenior Akad\u00e9mia 2022-es tavaszi online szemeszter\u00e9nek hatodik alkalm\u00e1n dr. Szily Erika, a Semmelweis Egyetem Pszichi\u00e1triai \u00e9s Pszichoter\u00e1pi\u00e1s Klinik\u00e1j\u00e1nak oszt\u00e1lyvezet\u0151je a f\u00fcgg\u0151s\u00e9gek t\u00e9mak\u00f6r\u00e9t j\u00e1rta k\u00f6rbe. El\u0151ad\u00e1sa sor\u00e1n besz\u00e9lt t\u00f6bbek k\u00f6z\u00f6tt az addiktol\u00f3giai k\u00f3rk\u00e9pekr\u0151l, a szenved\u00e9lybetegs\u00e9gekr\u0151l, az alkohol haszn\u00e1lat\u00e1val kapcsolatos zavarokr\u00f3l, de kit\u00e9rt arra is, hogyan alakul ki a f\u00fcgg\u0151s\u00e9g, illetve milyen m\u00f3dszerekkel kezelhet\u0151.<\/div>\n<p>\u201eAddikci\u00f3, alkoholizmus\u201d c\u00edm\u0171 el\u0151ad\u00e1s\u00e1ban dr. Szily Erika egyetemi adjunktus, a Pszichi\u00e1triai \u00e9s Pszichoter\u00e1pi\u00e1s Klinika oszt\u00e1lyvezet\u0151je ismertette a t\u00e9m\u00e1val kapcsolatos fontosabb fogalmakat: a szenved\u00e9ly valamilyen k\u00e9miai szer fogyaszt\u00e1s\u00e1ra ir\u00e1nyul\u00f3 ellen\u00e1llhatatlan k\u00e9sztet\u00e9st jelent. A szenved\u00e9lybetegs\u00e9gek azok a k\u00f3rk\u00e9pek, melyek az agy \u00e1llapot\u00e1t befoly\u00e1sol\u00f3, szenved\u00e9lykelt\u0151 anyagok t\u00falzott haszn\u00e1lat\u00e1val kapcsolatosak. A s\u00f3v\u00e1rg\u00e1s a fogyaszt\u00e1sra \u00f6szt\u00f6k\u00e9l\u0151 bels\u0151 hi\u00e1ny\u00e1llapot, az addikci\u00f3 pedig a drogok vagy drogfogyaszt\u00e1ssal egyen\u00e9rt\u00e9k\u0171 izgalmi helyzetek keres\u00e9s\u00e9nek \u00e9s a drogok fogyaszt\u00e1s\u00e1nak k\u00e9nyszeres viselked\u00e9smint\u00e1ja, amelyet a drog hat\u00e1s\u00e1hoz kapcsol\u00f3d\u00f3 lek\u00fczdhetetlen v\u00e1gy, valamint a visszaes\u00e9s tekintet\u00e9ben er\u0151s tendencia jellemez. A droghaszn\u00e1lat el\u0151bb-ut\u00f3bb a fogyaszt\u00f3 teljes \u00e9lettev\u00e9kenys\u00e9g\u00e9t uralja \u2013 emelte ki, hozz\u00e1t\u00e9ve, hogy a f\u00fcgg\u0151s\u00e9get okoz\u00f3 szerek v\u00e9gigk\u00eds\u00e9rik az emberis\u00e9g t\u00f6rt\u00e9net\u00e9t, kult\u00far\u00e1j\u00e1t; az irodalomban, a filmm\u0171v\u00e9szetben is megjelenik ez a probl\u00e9mak\u00f6r.<\/p>\n<p><a href=\"https:\/\/semmelweis.hu\/hirek\/files\/2022\/03\/RS148029_Szenior-akade\u0301mia_v4_Szily_Erika-scr.jpg\"><img loading=\"lazy\" decoding=\"async\" class=\"aligncenter size-full wp-image-113525\" src=\"https:\/\/semmelweis.hu\/hirek\/files\/2022\/03\/RS148029_Szenior-akade\u0301mia_v4_Szily_Erika-scr.jpg\" alt=\"\" width=\"1200\" height=\"788\" srcset=\"https:\/\/semmelweis.hu\/hirek\/files\/2022\/03\/RS148029_Szenior-akade\u0301mia_v4_Szily_Erika-scr.jpg 1200w, https:\/\/semmelweis.hu\/hirek\/files\/2022\/03\/RS148029_Szenior-akade\u0301mia_v4_Szily_Erika-scr-400x263.jpg 400w, https:\/\/semmelweis.hu\/hirek\/files\/2022\/03\/RS148029_Szenior-akade\u0301mia_v4_Szily_Erika-scr-900x591.jpg 900w, https:\/\/semmelweis.hu\/hirek\/files\/2022\/03\/RS148029_Szenior-akade\u0301mia_v4_Szily_Erika-scr-768x504.jpg 768w, https:\/\/semmelweis.hu\/hirek\/files\/2022\/03\/RS148029_Szenior-akade\u0301mia_v4_Szily_Erika-scr-753x494.jpg 753w\" sizes=\"auto, (max-width: 1200px) 100vw, 1200px\" \/><\/a>El\u0151ad\u00e1s\u00e1ban sorra vette a f\u00fcgg\u0151s\u00e9gek jellemz\u0151it, \u00fagy mint a kontrollveszt\u00e9s, ingerhez k\u00f6t\u00f6tts\u00e9g \u2013 a kontrollveszt\u00e9s akkor a leger\u0151sebb, ha a droghaszn\u00e1l\u00f3 olyan k\u00f6r\u00fclm\u00e9nyekkel tal\u00e1lkozik, ahol lehet\u0151s\u00e9g van a droghaszn\u00e1latra, vagyis \u201dfelh\u00edv\u00f3\u201d ingerek veszik k\u00f6r\u00fcl, amik kiv\u00e1ltj\u00e1k a s\u00f3v\u00e1rg\u00e1st \u00e9s elvezetik a kontrollvesztett \u00e1llapotba. Tov\u00e1bbi jellemz\u0151k\u00e9nt eml\u00edtette a neh\u00e9zs\u00e9get a viselked\u00e9s gyakoris\u00e1g\u00e1nak\/m\u00e9rt\u00e9k\u00e9nek szab\u00e1lyoz\u00e1s\u00e1ban, illetve a haszn\u00e1lat sztereotipiz\u00e1lt mint\u00e1j\u00e1nak kialakul\u00e1s\u00e1t, a viselked\u00e9si reperto\u00e1r besz\u0171k\u00fcl\u00e9s\u00e9t.<\/p>\n<p>Bemutatta a szerf\u00fcgg\u0151s\u00e9g \u00e9s a viselked\u00e9si f\u00fcgg\u0151s\u00e9g k\u00f6z\u00f6s tulajdons\u00e1gait: mindk\u00e9t esetben megfigyelhet\u0151 az ism\u00e9telt k\u00e9sztet\u00e9s egy viselked\u00e9si sztereot\u00edpia v\u00e9ghezvitel\u00e9re. A viselked\u00e9ssor befejez\u00e9s\u00e9\u00e9ig emelkedik az egy\u00e9n bels\u0151 fesz\u00fclts\u00e9ge, majd \u00e1tmeneti, gyors fesz\u00fclts\u00e9gcs\u00f6kken\u00e9s k\u00f6vetkezik, ami pedig k\u00f6zvetlen viselked\u00e9s-meger\u0151s\u00edt\u00e9sk\u00e9nt hat \u2013 magyar\u00e1zta, hozz\u00e1t\u00e9ve, hogy ez az egyik legfontosabb t\u00e9nyez\u0151je a f\u00fcgg\u0151s\u00e9g fennmarad\u00e1s\u00e1nak. A k\u00e9sztet\u00e9s fokozatosan, \u00f3r\u00e1k, napok alatt visszat\u00e9r, mik\u00f6zben az egy\u00e9n negat\u00edv k\u00f6vetkezm\u00e9nyeket \u00e9l \u00e1t (ezek lehetnek fizikai, t\u00e1rsas vagy az \u00f6n\u00e9rt\u00e9kel\u00e9ssel kapcsolatosak), ami pedig ism\u00e9tl\u00e9si k\u00e9nyszerhez vezet, \u00e9s a f\u00fcgg\u0151s\u00e9gi ciklus \u00fajraindul.<\/p>\n<p>Dr. Szily Erika elmagyar\u00e1zta, hogyan is j\u00f6n l\u00e9tre a f\u00fcgg\u0151s\u00e9g: az agyt\u00f6rzsi jutalmaz\u00f3 rendszer felel\u0151s az\u00e9rt, hogy bizonyos pozit\u00edv cselekedeteket meger\u0151s\u00edtsen, motiv\u00e1ljon, a magatart\u00e1sunkat ezzel pozit\u00edvan meger\u0151s\u00edtve. Ilyen term\u00e9szetes jutalmaz\u00f3 lehet p\u00e9ld\u00e1ul a csokol\u00e1d\u00e9, az \u00e9dess\u00e9g, de a p\u00e1rkapcsolat, az intimit\u00e1s is term\u00e9szetes meger\u0151s\u00edt\u0151k\u00e9nt m\u0171k\u00f6dik ebben a jutalmaz\u00f3 rendszerben \u2013 mutatott r\u00e1. A probl\u00e9ma ott kezd\u0151dik, amikor bizonyos pszichoakt\u00edv szerek, vagy viselked\u00e9sform\u00e1k t\u00falzott aktivit\u00e1sra b\u00edrj\u00e1k ezt a jutalmaz\u00f3 rendszert r\u00f6vidt\u00e1von, hossz\u00fa t\u00e1von pedig \u00e1t is tudj\u00e1k \u00e1ll\u00edtani ennek a rendszernek a m\u0171k\u00f6d\u00e9s\u00e9t \u2013 magyar\u00e1zta.<\/p>\n<div class=\"fontos_div\">\n<p>A f\u00fcgg\u0151s\u00e9g kialakul\u00e1s\u00e1ban t\u00f6bb t\u00e9nyez\u0151 is szerepet j\u00e1tszik: az egyik a biol\u00f3giai, genetikai h\u00e1tt\u00e9r. Az aktu\u00e1lis \u00e9letesem\u00e9nyek is meghat\u00e1roz\u00f3ak lehetnek a folyamat kialakul\u00e1s\u00e1ban (pl. mag\u00e1ny, ment\u00e1lis zavarok), illetve kulcsfontoss\u00e1g\u00fa t\u00e9nyez\u0151k az egy\u00e9n gyermekkor\u00e1ban t\u00f6rt\u00e9ntek is (gyermekkori tart\u00f3s stressz, elhanyagol\u00e1s, b\u00e1ntalmaz\u00e1s), de a szoci\u00e1lis mint\u00e1k, valamint a kort\u00e1rsnyom\u00e1s is befoly\u00e1sol\u00f3 lehet \u2013 sorolta.<\/p>\n<\/div>\n<p style=\"text-align: left\">El\u0151ad\u00e1sa tov\u00e1bbi r\u00e9sz\u00e9ben sorra vette a viselked\u00e9ses, illetve a k\u00e9miai addikci\u00f3k jellemz\u0151it. El\u0151bbi egy addikt\u00edv viselked\u00e9si forma pszichoakt\u00edv k\u00e9miai anyag n\u00e9lk\u00fcl, olyan viselked\u00e9sform\u00e1k ism\u00e9tl\u0151d\u00e9s\u00e9t jelenti, amik t\u00f6bbs\u00e9g\u00e9ben az \u00e9let velej\u00e1r\u00f3i. Addikci\u00f3r\u00f3l akkor besz\u00e9l\u00fcnk, ha uralj\u00e1k a viselked\u00e9st, a gondolkod\u00e1st \u00e9s az \u00e9rzelmeket, jelent\u0151sen befoly\u00e1solj\u00e1k az \u00e9letvitelt, testi-lelki eg\u00e9szs\u00e9get \u2013 ismertette. Ilyen viselked\u00e9ses addikci\u00f3 a j\u00e1t\u00e9kszenved\u00e9ly, ami m\u00e1r hivatalos betegs\u00e9g (kaszin\u00f3, sportfogad\u00e1s, l\u00f3verseny), de ide sorolhat\u00f3 az internetf\u00fcgg\u0151s\u00e9g, a t\u00falzott m\u00e9rt\u00e9k\u0171 mobilhaszn\u00e1lat, a k\u00f6z\u00f6ss\u00e9gi oldalak \u00e1lland\u00f3 haszn\u00e1lata \u201emegoszt\u00e1sf\u00fcgg\u0151s\u00e9g\u201d, a munkaf\u00fcgg\u0151s\u00e9g, a v\u00e1s\u00e1rl\u00e1sf\u00fcgg\u0151s\u00e9g, az \u00e9tkez\u00e9szavarok, valamint a t\u00falz\u00e1sba vitt testedz\u00e9s. A k\u00e9miai f\u00fcgg\u0151s\u00e9get okoz\u00f3 leg\u00e1lis szerek k\u00f6z\u00f6tt eml\u00edtette az alkoholt, a nikotint, a koffeint, a k\u00fcl\u00f6nb\u00f6z\u0151 gy\u00f3gyszereket (nyugtat\u00f3k, f\u00e1jdalomcsillap\u00edt\u00f3k, altat\u00f3k). Illeg\u00e1lis szerek pedig a marihu\u00e1na, a heroin, a stimul\u00e1nsok (amphetamin, kokain), a halluciong\u00e9nek \u00e9s a designer drogok.\u00a0<\/p>\n<p><iframe loading=\"lazy\" title=\"Dr. Szily Erika: Addikci\u00f3_alkoholizmus\" width=\"753\" height=\"424\" src=\"https:\/\/www.youtube.com\/embed\/I3S09CkwBu4?feature=oembed\" frameborder=\"0\" allow=\"accelerometer; autoplay; clipboard-write; encrypted-media; gyroscope; picture-in-picture\" allowfullscreen><\/iframe><\/p>\n<div class=\"w-100\">Az alkohol haszn\u00e1lati zavar kapcs\u00e1n kiemelte, \u00e9vente 3 milli\u00f3 ember hal meg ennek k\u00f6vetkezt\u00e9ben, ez az \u00f6sszes hal\u00e1loz\u00e1s 5,3 sz\u00e1zal\u00e9ka. Magyarorsz\u00e1gon 500 ezer &#8211; 1 milli\u00f3 embernek van valamilyen alkoholprobl\u00e9m\u00e1ja \u2013 ismertette az adatokat. Elmondta, megk\u00fcl\u00f6nb\u00f6ztet\u00fcnk alacsony kock\u00e1zat\u00fa \u00e9s nem alacsony kock\u00e1zat\u00fa alkoholfogyaszt\u00e1st \u2013 ezen bel\u00fcl besz\u00e9lhet\u00fcnk \u201emassz\u00edv iv\u00e1sr\u00f3l\u201d, vesz\u00e9lyeztet\u0151 iv\u00e1sr\u00f3l \u00e9s k\u00e1ros iv\u00e1sr\u00f3l, ami m\u00e1r kimutathat\u00f3 eg\u00e9szs\u00e9gk\u00e1rosod\u00e1ssal j\u00e1r. Kit\u00e9rt az alkoholmegvon\u00e1s t\u00fcnetegy\u00fctteseire is, illetve sz\u00f3lt a k\u00e1ros alkoholfogyaszt\u00e1s testi, valamint pszichi\u00e1triai k\u00f6vetkezm\u00e9nyeir\u0151l is, kiemelve, hogy n\u00f6veli sz\u00e1mos daganat el\u0151fordul\u00e1s\u00e1nak gyakoris\u00e1g\u00e1t, tov\u00e1bb\u00e1 jelent\u0151s az \u00f6ngyilkoss\u00e1g vesz\u00e9lye is.<\/div>\n<p>Besz\u00e9lt a f\u00fcgg\u0151s\u00e9gek kezel\u00e9s\u00e9r\u0151l, ami t\u00f6rt\u00e9nhet pszichoeduk\u00e1ci\u00f3val \u00e9s motiv\u00e1ci\u00f3s interj\u00fa technik\u00e1kkal, kognit\u00edv \u00e9s viselked\u00e9ster\u00e1pi\u00e1val, k\u00f6z\u00f6ss\u00e9gi \u00e9s csal\u00e1di programokkal, de hasznosak lehetnek az \u00f6nseg\u00edt\u0151 csoportok is. \u00a0<\/p>\n<div class=\"keretes w-100\">\n<p>Dr. Szily Erika 2000-ben diplom\u00e1zott a Semmelweis Egyetem \u00c1ltal\u00e1nos Orvostudom\u00e1nyi Kar\u00e1n, majd az egyetem Doktori Iskol\u00e1j\u00e1nak hallgat\u00f3ja lett. R\u00e9szt vett a Viselked\u00e9s- \u00e9s Kognit\u00edv Ter\u00e1pi\u00e1s Egyes\u00fclet Pszichoterapeuta k\u00e9pz\u00e9s\u00e9n, majd 2020-ban az Eg\u00e9szs\u00e9g\u00fcgyi Menedzserk\u00e9pz\u0151 K\u00f6zpont McS Eg\u00e9szs\u00e9g\u00fcgyi menedzser k\u00e9pz\u00e9s\u00e9t is elv\u00e9gezte. 2008-ban pszichi\u00e1triai szakvizsg\u00e1t, 2013-ban pedig addiktol\u00f3gia szakvizsg\u00e1t tett. 2003 \u00f3ta dolgozik a Semmelweis Egyetem Pszichi\u00e1triai \u00e9s Pszichoter\u00e1pi\u00e1s Klinik\u00e1j\u00e1n, 2011-t\u0151l adjunktusk\u00e9nt. R\u00e9szt vesz a magyar \u00e9s angol nyelv\u0171 hallgat\u00f3k oktat\u00e1s\u00e1ban, 2000 \u00f3ta tagja a klinik\u00e1n m\u0171k\u00f6d\u0151 Pszichi\u00e1triai Klinika \u201eEm\u00f3ci\u00f3 Munkacsoportnak\u201d. Szakmai \u00e9rdekl\u0151d\u00e9s\u00e9nek k\u00f6z\u00e9ppontj\u00e1ban az alkoholhaszn\u00e1lati zavarok \u00e9s sz\u00f6v\u0151dm\u00e9nyeik (els\u0151sorban oszt\u00e1lyos) kezel\u00e9s\u00e9nek lehet\u0151s\u00e9gei; a droghaszn\u00e1lati zavarok, droghaszn\u00e1lat trendjeinek v\u00e1ltoz\u00e1sai (designer drogok); a pszichi\u00e1triai betegek rehabilit\u00e1ci\u00f3ja; illetve a pszichi\u00e1triai-addiktol\u00f3giai zavarokhoz t\u00e1rsul\u00f3 kr\u00edzis\u00e1llapotok napi ell\u00e1t\u00e1sa a klinikai gyakorlatban \u00e1llnak.<\/p>\n<\/div>\n<p style=\"text-align: center\">B\u00f3di Bernadett<br \/>\nFot\u00f3: Kov\u00e1cs Attila &#8211; Semmelweis Egyetem\u00a0<\/p>\n","protected":false},"excerpt":{"rendered":"<p>Dr. Szily Erika egyetemi adjunktus el\u0151ad\u00e1sa sor\u00e1n besz\u00e9lt t\u00f6bbek k\u00f6z\u00f6tt a addiktol\u00f3giai k\u00f3rk\u00e9pekr\u0151l, illetve a szenved\u00e9lybetegs\u00e9gekr\u0151l.<\/p>\n","protected":false},"author":101282,"featured_media":113525,"comment_status":"closed","ping_status":"closed","sticky":false,"template":"","format":"standard","meta":{"_acf_changed":false,"footnotes":""},"categories":[154,168],"tags":[4249],"class_list":["post-112978","post","type-post","status-publish","format-standard","has-post-thumbnail","hentry","category-egeszseg","category-kiemelt","tag-szenior-akademia"],"acf":[],"_links":{"self":[{"href":"https:\/\/semmelweis.hu\/hirek\/wp-json\/wp\/v2\/posts\/112978","targetHints":{"allow":["GET"]}}],"collection":[{"href":"https:\/\/semmelweis.hu\/hirek\/wp-json\/wp\/v2\/posts"}],"about":[{"href":"https:\/\/semmelweis.hu\/hirek\/wp-json\/wp\/v2\/types\/post"}],"author":[{"embeddable":true,"href":"https:\/\/semmelweis.hu\/hirek\/wp-json\/wp\/v2\/users\/101282"}],"replies":[{"embeddable":true,"href":"https:\/\/semmelweis.hu\/hirek\/wp-json\/wp\/v2\/comments?post=112978"}],"version-history":[{"count":6,"href":"https:\/\/semmelweis.hu\/hirek\/wp-json\/wp\/v2\/posts\/112978\/revisions"}],"predecessor-version":[{"id":113555,"href":"https:\/\/semmelweis.hu\/hirek\/wp-json\/wp\/v2\/posts\/112978\/revisions\/113555"}],"wp:featuredmedia":[{"embeddable":true,"href":"https:\/\/semmelweis.hu\/hirek\/wp-json\/wp\/v2\/media\/113525"}],"wp:attachment":[{"href":"https:\/\/semmelweis.hu\/hirek\/wp-json\/wp\/v2\/media?parent=112978"}],"wp:term":[{"taxonomy":"category","embeddable":true,"href":"https:\/\/semmelweis.hu\/hirek\/wp-json\/wp\/v2\/categories?post=112978"},{"taxonomy":"post_tag","embeddable":true,"href":"https:\/\/semmelweis.hu\/hirek\/wp-json\/wp\/v2\/tags?post=112978"}],"curies":[{"name":"wp","href":"https:\/\/api.w.org\/{rel}","templated":true}]}}