{"id":112918,"date":"2022-03-25T12:30:12","date_gmt":"2022-03-25T11:30:12","guid":{"rendered":"https:\/\/semmelweis.hu\/hirek\/?p=112918"},"modified":"2022-03-25T13:38:13","modified_gmt":"2022-03-25T12:38:13","slug":"az-universidad-de-murcia-csatlakozasaval-bovul-a-euniwell","status":"publish","type":"post","link":"https:\/\/semmelweis.hu\/hirek\/2022\/03\/25\/az-universidad-de-murcia-csatlakozasaval-bovul-a-euniwell\/","title":{"rendered":"Az Universidad de Murcia csatlakoz\u00e1s\u00e1val b\u0151v\u00fcl a EUniWell"},"content":{"rendered":"<div class=\"lead\">A spanyol Murciai Egyetem is csatlakozik az eur\u00f3pai egyetemekb\u0151l \u00e1ll\u00f3 European University for Well-Being sz\u00f6vets\u00e9ghez, melynek a Semmelweis Egyetem is tagja.<\/div>\n<p>A EUniWell nagy \u00f6r\u00f6mmel fogadta a Murciai Egyetem csatlakoz\u00e1s\u00e1t, amellyel a sz\u00f6vets\u00e9g partneregyetemeinek sz\u00e1ma nyolcra n\u0151tt. A Murciai Egyetem tudom\u00e1nyos tev\u00e9kenys\u00e9ge ugyanis jelent\u0151sen hozz\u00e1j\u00e1rulhat a EUniWell hossz\u00fat\u00e1v\u00fa strat\u00e9giai c\u00e9ljainak el\u00e9r\u00e9s\u00e9hez valamint el\u0151seg\u00edtheti, hogy Eur\u00f3p\u00e1ban min\u00e9l sz\u00e9lesebb k\u00f6rben, min\u00e9l t\u00f6bben megismerhess\u00e9k a EUniWell k\u00fcldet\u00e9s\u00e9t.<\/p>\n<p>A Murciai Egyetem k\u00f6zvetlen\u00fcl is hozz\u00e1j\u00e1rul a EUniWell k\u00fcldet\u00e9s\u00e9nek siker\u00e9hez, az\u00e1ltal, hogy t\u00f6bb szempontb\u00f3l is b\u0151v\u00edti \u00e9s sz\u00ednes\u00edti a konzorcium \u00e1ltal meghat\u00e1rozott n\u00e9gy kiemelt oktat\u00e1si \u00e9s kutat\u00e1si ter\u00fcletet, t\u00f6bbek k\u00f6z\u00f6tt a tan\u00e1rk\u00e9pz\u00e9se r\u00e9v\u00e9n, amelyre nagy hangs\u00falyt fektet. A EUniWell kutat\u00e1si tev\u00e9kenys\u00e9geit pedig az egyetem nemzetk\u00f6zileg elismert kutat\u00f3i er\u0151s\u00edtik, k\u00fcl\u00f6n\u00f6sk\u00e9ppen az eur\u00f3pai \u00e9s nemzetk\u00f6zi jog, az urbaniz\u00e1ci\u00f3 \u00e9s az \u00e9ghajlatv\u00e1ltoz\u00e1s, a mesters\u00e9ges intelligencia klinikai alkalmaz\u00e1sa, valamint a ny\u00edlt tudom\u00e1ny (open science) ter\u00fclet\u00e9n.<\/p>\n<blockquote>\n<p>\u201eNagy \u00f6r\u00f6m sz\u00e1munkra, hogy a Murciai Egyetem csatlakozik a EUniWell konzorciumhoz. A Murciai Egyetem t\u00f6rt\u00e9nete sor\u00e1n fontos l\u00e9p\u00e9seket tett a soksz\u00edn\u0171s\u00e9g \u00e9s az elfogad\u00e1s el\u0151mozd\u00edt\u00e1s\u00e1nak \u00e9rdek\u00e9ben. Az egyetem tov\u00e1bb\u00e1 elk\u00f6telezett a nemek k\u00f6z\u00f6tti egyenl\u0151s\u00e9g megtart\u00e1sa \u00e9s az egyenl\u0151tlens\u00e9gek cs\u00f6kkent\u00e9se ir\u00e1nt, amelyet az oktat\u00e1s, kutat\u00e1s \u00e9s egyetemi szolg\u00e1ltat\u00e1sai r\u00e9v\u00e9n igyekszik el\u00e9rni. Ez a szeml\u00e9let teljes m\u00e9rt\u00e9kben \u00f6sszhangban van a EUniWell k\u00fcldet\u00e9s\u00e9vel.<\/p>\n<\/blockquote>\n<p>\u2013 nyilatkozta a EUniWell vezet\u0151s\u00e9ge az \u00faj partner csatlakoz\u00e1s\u00e1r\u00f3l.<\/p>\n<p>A EUniWell \u00fajonnan megv\u00e1lasztott hallgat\u00f3i tan\u00e1cs\u00e1nak eln\u00f6ke, Lotte Nagelhout is meger\u0151s\u00edtette az egyetem csatlakoz\u00e1s\u00e1nak t\u00e1mogat\u00e1s\u00e1t. A Murciai Egyetem a legnemzetk\u00f6zibb fels\u0151oktat\u00e1si int\u00e9zm\u00e9ny Spanyolorsz\u00e1gban, \u00e9s ez\u00e1ltal egy kaput nyithat a EUniWell sz\u00e1m\u00e1ra Latin-Amerik\u00e1ba. A p\u00e1lyakezd\u0151 kutat\u00f3k t\u00e1mogat\u00e1s\u00e1ra ir\u00e1nyul\u00f3 kezdem\u00e9nyez\u00e9sei \u00e9s sz\u00e9les k\u00f6r\u0171 tudom\u00e1nyos t\u00f6rekv\u00e9sei a EUniWell \u00e9rt\u00e9kei ir\u00e1nti elk\u00f6telezetts\u00e9g\u00e9t bizony\u00edtj\u00e1k.<\/p>\n<p>\u201eA Murciai Egyetem sz\u00e1m\u00e1ra az eur\u00f3pai egyetemi kezdem\u00e9nyez\u00e9s m\u00e1r r\u00e9g\u00f3ta kiemelt strat\u00e9giai priorit\u00e1s \u00e9s a j\u00f6v\u0151nk szempontj\u00e1b\u00f3l kulcsfontoss\u00e1g\u00fa jelent\u0151s\u00e9ggel b\u00edr. Hosszas m\u00e9rlegel\u00e9st k\u00f6vet\u0151en, \u00e9s a m\u00e1r megl\u00e9v\u0151 41 eur\u00f3pai egyetemi sz\u00f6vets\u00e9g tev\u00e9kenys\u00e9g\u00e9nek alapos tanulm\u00e1nyoz\u00e1sa ut\u00e1n arra a k\u00f6vetkeztet\u00e9sre jutottunk, hogy sz\u00e1munkra a EUniWell a legmegfelel\u0151bb egyetemi sz\u00f6vets\u00e9g. A j\u00f3ll\u00e9t, amely az egyetemi sz\u00f6vets\u00e9g identit\u00e1st meghat\u00e1rozza, t\u00f6k\u00e9letes \u00f6sszhangban \u00e1ll int\u00e9zm\u00e9nyi strat\u00e9gi\u00e1nkkal. B\u00edzunk benne, hogy jelent\u0151sen hozz\u00e1 tudunk majd j\u00e1rulni ennek a ter\u00fcletnek a fejleszt\u00e9s\u00e9hez.\u201d \u2013 mondta Prof. Dr. Jos\u00e9 Luj\u00e1n Alcaraz, a Murciai Egyetem rektora.<\/p>\n<div class=\"fontos_div\">\n<p>Annak \u00e9rdek\u00e9ben, hogy a Murciai Egyetem hallgat\u00f3i, oktat\u00f3i \u00e9s munkat\u00e1rsai min\u00e9l hamarabb r\u00e9szt vehessenek a EUniWell programjaiban, a Murciai Egyetem m\u00e1r a 2022. m\u00e1rcius 28-\u00e1n indul\u00f3 negyedik EUniWell Seed Funding Call p\u00e1ly\u00e1zatban is r\u00e9szt vesz.<\/p>\n<\/div>\n<h5>Murciai Egyetem<\/h5>\n<p>Az 1915-ben alap\u00edtott Murciai Egyetemen jelenleg 33 000 hallgat\u00f3 tanul 21 szakon. A mozg\u00e1skorl\u00e1tozottaknak \u00e9s fogyat\u00e9kkal \u00e9l\u0151knek ny\u00fajtott szolg\u00e1ltat\u00e1sainak \u00e9s a t\u00e1rsadalmi befogad\u00e1st seg\u00edt\u0151 int\u00e9zked\u00e9seknek k\u00f6sz\u00f6nhet\u0151en az egyetemet a nemzetk\u00f6zi k\u00f6r\u00f6kben is h\u00edrn\u00e9v \u00f6vezi. A fenntarthat\u00f3 fejl\u0151d\u00e9s 4 f\u0151 indik\u00e1tora (THE Impact Rankings 2021) szerint az egyetemet a vil\u00e1g 100 legjobb fels\u0151oktat\u00e1si int\u00e9zm\u00e9nye k\u00f6z\u00f6tt tartj\u00e1k sz\u00e1mon. A n\u00e9gy fenntarthat\u00f3 fejl\u0151d\u00e9si c\u00e9l k\u00f6z\u00fcl h\u00e1rom szorosan \u00f6sszef\u00fcgg a EUniWell kulcsfontoss\u00e1g\u00fa ter\u00fcleteivel. Az ARWU (Academic Ranking of World Universities) 2021. \u00e9vi rangsor\u00e1ban a Murciai Egyetem kiemelked\u0151 helyet foglal el az \u00e1llatorvosi tudom\u00e1nyok kateg\u00f3ri\u00e1j\u00e1ban (32. hely), valamint a mez\u0151gazdas\u00e1g, \u00e9lelmiszertudom\u00e1ny \u00e9s technol\u00f3gia ter\u00fclet\u00e9n az els\u0151 200 int\u00e9zm\u00e9ny k\u00f6z\u00f6tt szerepel. Tov\u00e1bb\u00e1, az egyetem professzorai k\u00f6z\u00fcl negyvenet a Stanford Egyetem rangsora a vil\u00e1g legt\u00f6bbet id\u00e9zett tud\u00f3sai 2%-a k\u00f6z\u00f6tt tart sz\u00e1mon, akik k\u00f6z\u00fcl sokan az EUniWell f\u0151 f\u00f3kusz\u00e1hoz kapcsol\u00f3d\u00f3 ter\u00fcleteken dolgoznak.<\/p>\n<p><img loading=\"lazy\" decoding=\"async\" class=\"aligncenter size-full wp-image-112923\" src=\"https:\/\/semmelweis.hu\/hirek\/files\/2022\/03\/202203_EUniWell_News_University-of-Murcia-new-partner_pic1_3-2.png\" alt=\"\" width=\"1801\" height=\"1200\" srcset=\"https:\/\/semmelweis.hu\/hirek\/files\/2022\/03\/202203_EUniWell_News_University-of-Murcia-new-partner_pic1_3-2.png 1801w, https:\/\/semmelweis.hu\/hirek\/files\/2022\/03\/202203_EUniWell_News_University-of-Murcia-new-partner_pic1_3-2-400x267.png 400w, https:\/\/semmelweis.hu\/hirek\/files\/2022\/03\/202203_EUniWell_News_University-of-Murcia-new-partner_pic1_3-2-900x600.png 900w, https:\/\/semmelweis.hu\/hirek\/files\/2022\/03\/202203_EUniWell_News_University-of-Murcia-new-partner_pic1_3-2-768x512.png 768w, https:\/\/semmelweis.hu\/hirek\/files\/2022\/03\/202203_EUniWell_News_University-of-Murcia-new-partner_pic1_3-2-1536x1023.png 1536w, https:\/\/semmelweis.hu\/hirek\/files\/2022\/03\/202203_EUniWell_News_University-of-Murcia-new-partner_pic1_3-2-753x502.png 753w, https:\/\/semmelweis.hu\/hirek\/files\/2022\/03\/202203_EUniWell_News_University-of-Murcia-new-partner_pic1_3-2-203x135.png 203w\" sizes=\"auto, (max-width: 1801px) 100vw, 1801px\" \/><\/p>\n<p>A h\u00e9t alap\u00edt\u00f3 egyetem, a Birminghami, a K\u00f6lni, a Firenzei, a Leideni, a Nantes-i, a Linnaeus \u00e9s a Semmelweis Egyetem ut\u00e1n a Murciai Egyetem az EUniWell sz\u00f6vets\u00e9g leg\u00fajabb tagja.<\/p>\n<div class=\"fontos_div\">\n<p>A EUniWell 2020-ban, az Eur\u00f3pai Uni\u00f3 Tan\u00e1cs\u00e1nak felh\u00edv\u00e1s\u00e1ra, az Eur\u00f3pai Egyetemek kezdem\u00e9nyez\u00e9s m\u00e1sodik f\u00e1zis\u00e1ban j\u00f6tt l\u00e9tre. A kezdem\u00e9nyez\u00e9s legf\u0151bb c\u00e9lja volt, hogy a tag\u00e1llamok egy horizont\u00e1lis, t\u00f6bb \u00e1gazatra kiterjed\u0151, tud\u00e1salap\u00fa megk\u00f6zel\u00edt\u00e9s seg\u00edts\u00e9g\u00e9vel el\u0151mozd\u00edts\u00e1k az \u00fan. j\u00f3ll\u00e9ti gazdas\u00e1got. A EUniWell legfontosabb feladata az egy\u00e9n, a k\u00f6z\u00f6ss\u00e9gek \u00e9s t\u00e1rsadalom j\u00f3ll\u00e9t\u00e9nek meg\u00e9rt\u00e9se, m\u00e9r\u00e9se, jav\u00edt\u00e1sa \u00e9s egyens\u00falyban tart\u00e1sa. A EUniWell k\u00f6z\u00f6ss\u00e9g t\u00f6bbek k\u00f6z\u00f6tt a demokr\u00e1cia, az inkluzivit\u00e1s, a diverzit\u00e1s, a kutat\u00e1si f\u00f3kusz, az inter- \u00e9s transzdiszciplinarit\u00e1s, a v\u00e1llalkoz\u00f3i szellem \u00e9s a kreativit\u00e1s k\u00f6z\u00f6s \u00e9rt\u00e9kein alapul.<\/p>\n<\/div>\n<p>Tov\u00e1bbi inform\u00e1ci\u00f3 a EUniWell-r\u0151l:<\/p>\n<p><a href=\"http:\/\/www.euniwell.eu\">www.euniwell.eu<\/a> \u00e9s <a href=\"http:\/\/www.semmelweis.hu\/nki\/en\/euniwell\/\">www.semmelweis.hu\/nki\/en\/euniwell\/<\/a><\/p>\n<p>EUniWell h\u00edrlev\u00e9l feliratkoz\u00e1s: <a href=\"http:\/\/www.euniwell.eu\/participate\/newsletter-subscription\">www.euniwell.eu\/participate\/newsletter-subscription<\/a><\/p>\n<p>Turopoli Eszter (Nemzetk\u00f6zi Kapcsolatok Igazgat\u00f3s\u00e1ga)<\/p>\n<p>Fot\u00f3: Nemzetk\u00f6zi Kapcsolatok Igazgat\u00f3s\u00e1ga<\/p>\n","protected":false},"excerpt":{"rendered":"<p>A spanyol Murciai Egyetem is csatlakozik az eur\u00f3pai egyetemekb\u0151l \u00e1ll\u00f3 European University for Well-Being sz\u00f6vets\u00e9ghez, melynek a Semmelweis Egyetem is tagja. A EUniWell nagy \u00f6r\u00f6mmel fogadta a Murciai Egyetem csatlakoz\u00e1s\u00e1t, amellyel a sz\u00f6vets\u00e9g partneregyetemeinek sz\u00e1ma nyolcra n\u0151tt. A Murciai Egyetem tudom\u00e1nyos tev\u00e9kenys\u00e9ge ugyanis jelent\u0151sen hozz\u00e1j\u00e1rulhat a EUniWell hossz\u00fat\u00e1v\u00fa strat\u00e9giai c\u00e9ljainak el\u00e9r\u00e9s\u00e9hez valamint el\u0151seg\u00edtheti, hogy Eur\u00f3p\u00e1ban &hellip;<\/p>\n","protected":false},"author":102015,"featured_media":112923,"comment_status":"closed","ping_status":"closed","sticky":false,"template":"","format":"standard","meta":{"_acf_changed":false,"footnotes":""},"categories":[3533],"tags":[4295,2836],"class_list":["post-112918","post","type-post","status-publish","format-standard","has-post-thumbnail","hentry","category-hallgatok-oktatas","tag-euniwell","tag-nemzetkozi-kapcsolatok"],"acf":[],"_links":{"self":[{"href":"https:\/\/semmelweis.hu\/hirek\/wp-json\/wp\/v2\/posts\/112918","targetHints":{"allow":["GET"]}}],"collection":[{"href":"https:\/\/semmelweis.hu\/hirek\/wp-json\/wp\/v2\/posts"}],"about":[{"href":"https:\/\/semmelweis.hu\/hirek\/wp-json\/wp\/v2\/types\/post"}],"author":[{"embeddable":true,"href":"https:\/\/semmelweis.hu\/hirek\/wp-json\/wp\/v2\/users\/102015"}],"replies":[{"embeddable":true,"href":"https:\/\/semmelweis.hu\/hirek\/wp-json\/wp\/v2\/comments?post=112918"}],"version-history":[{"count":2,"href":"https:\/\/semmelweis.hu\/hirek\/wp-json\/wp\/v2\/posts\/112918\/revisions"}],"predecessor-version":[{"id":112924,"href":"https:\/\/semmelweis.hu\/hirek\/wp-json\/wp\/v2\/posts\/112918\/revisions\/112924"}],"wp:featuredmedia":[{"embeddable":true,"href":"https:\/\/semmelweis.hu\/hirek\/wp-json\/wp\/v2\/media\/112923"}],"wp:attachment":[{"href":"https:\/\/semmelweis.hu\/hirek\/wp-json\/wp\/v2\/media?parent=112918"}],"wp:term":[{"taxonomy":"category","embeddable":true,"href":"https:\/\/semmelweis.hu\/hirek\/wp-json\/wp\/v2\/categories?post=112918"},{"taxonomy":"post_tag","embeddable":true,"href":"https:\/\/semmelweis.hu\/hirek\/wp-json\/wp\/v2\/tags?post=112918"}],"curies":[{"name":"wp","href":"https:\/\/api.w.org\/{rel}","templated":true}]}}